{"id":1028,"date":"2020-03-13T22:42:37","date_gmt":"2020-03-13T21:42:37","guid":{"rendered":"https:\/\/zupasvnikolakc.hr\/?p=1028"},"modified":"2020-03-13T22:46:09","modified_gmt":"2020-03-13T21:46:09","slug":"preporuka-za-postupanje-vezano-uz-pojavu-covid-19-bolesti","status":"publish","type":"post","link":"https:\/\/zupasvnikolakc.hr\/?p=1028","title":{"rendered":"Preporuka za postupanje vezano uz pojavu COVID-19 bolesti"},"content":{"rendered":"\t\t<div data-elementor-type=\"wp-post\" data-elementor-id=\"1028\" class=\"elementor elementor-1028\" data-elementor-post-type=\"post\">\n\t\t\t\t\t\t<section class=\"elementor-section elementor-top-section elementor-element elementor-element-25e4077 elementor-section-boxed elementor-section-height-default elementor-section-height-default\" data-id=\"25e4077\" data-element_type=\"section\" data-e-type=\"section\">\n\t\t\t\t\t\t<div class=\"elementor-container elementor-column-gap-default\">\n\t\t\t\t\t<div class=\"elementor-column elementor-col-100 elementor-top-column elementor-element elementor-element-e18e187\" data-id=\"e18e187\" data-element_type=\"column\" data-e-type=\"column\">\n\t\t\t<div class=\"elementor-widget-wrap elementor-element-populated\">\n\t\t\t\t\t\t<div class=\"elementor-element elementor-element-2d5dd7d elementor-widget elementor-widget-text-editor\" data-id=\"2d5dd7d\" data-element_type=\"widget\" data-e-type=\"widget\" data-widget_type=\"text-editor.default\">\n\t\t\t\t<div class=\"elementor-widget-container\">\n\t\t\t\t\t\t\t\t\t<p><span style=\"color: #000000;\">Vara\u017edinski biskup Bo\u017ee Rado\u0161, u petak 13. o\u017eujka je, sve\u0107enicima i vjernicima Vara\u017edinske biskupije, uputio\u00a0<span style=\"color: #ff0000;\"><a style=\"color: #ff0000;\" href=\"http:\/\/www.biskupija-varazdinska.hr\/UserDocsImages\/dokumenti\/Odredbe_za_korona_virus_13032020\/Preporuka_varadinskog_biskupa_Boze_Radosa_COVID-19.pdf\" target=\"_blank\" rel=\"noopener\" data-fileid=\"127635\">preporuku za postupanje vezano uz pojavu COVID-19 bolesti.<\/a><\/span><\/span><\/p><p>\u00a0<\/p>\t\t\t\t\t\t\t\t<\/div>\n\t\t\t\t<\/div>\n\t\t\t\t\t<\/div>\n\t\t<\/div>\n\t\t\t\t\t<\/div>\n\t\t<\/section>\n\t\t\t\t<section class=\"elementor-section elementor-top-section elementor-element elementor-element-6a38cdc elementor-section-boxed elementor-section-height-default elementor-section-height-default\" data-id=\"6a38cdc\" data-element_type=\"section\" data-e-type=\"section\">\n\t\t\t\t\t\t<div class=\"elementor-container elementor-column-gap-default\">\n\t\t\t\t\t<div class=\"elementor-column elementor-col-100 elementor-top-column elementor-element elementor-element-edce84a\" data-id=\"edce84a\" data-element_type=\"column\" data-e-type=\"column\">\n\t\t\t<div class=\"elementor-widget-wrap elementor-element-populated\">\n\t\t\t\t\t\t<div class=\"elementor-element elementor-element-7b1617f elementor-widget elementor-widget-text-editor\" data-id=\"7b1617f\" data-element_type=\"widget\" data-e-type=\"widget\" data-widget_type=\"text-editor.default\">\n\t\t\t\t<div class=\"elementor-widget-container\">\n\t\t\t\t\t\t\t\t\t<p><span style=\"color: #000000;\"><strong>Draga bra\u0107o sve\u0107enici,<\/strong><\/span><\/p><p><span style=\"color: #000000;\">potaknut pastirskom brigom za povjereno mi stado, osje\u0107am du\u017enost obratiti se vama i povjerenim vam zajednicama, kako bismo i mi sa svoje strane kao vjernici preuzeli odgovornost jedni za druge u ovim trenucima globalne pandemije koronavirusa.<\/span><\/p><p><span style=\"color: #000000;\">Nastavno na zaprimljenu Preporuku za postupanje vezano uz pojavu COVID-19 bolesti uzrokovane novim koronavirusom i vjerska slavlja i druga vjerska okupljanja koju je izdao Hrvatski zavod za javno zdravstvo, do daljnjega za podru\u010dje na\u0161e Vara\u017edinske biskupije odre\u0111ujem sljede\u0107e:<\/span><\/p><p><span style=\"color: #000000;\"><strong>ZA VJERNIKE:<\/strong><\/span><\/p><p><span style=\"color: #000000;\">1. Neka vjernici pravodobno, redovito i ustrajno slijede\u00a0<strong>preporuke civilnih vlasti<\/strong>\u00a0u vezi postupanja za smanjenje rizika zaraze novim koronavirusom (SARS-CoV-2), osobito s obzirom na op\u0107e mjere za\u0161tite od respiratornih bolesti (higijena ruku i nosa).<\/span><\/p><p><span style=\"color: #000000;\">2. Neka sva vjerska okupljanja i slavlja izbjegavaju<strong>\u00a0osobe koje imaju bolest ili samo simptome infekcije di\u0161nih putova<\/strong>\u00a0(povi\u0161ena tjelesna temperatura, ka\u0161alj, pote\u0161ko\u0107e s disanjem, kratak dah).<\/span><\/p><p><span style=\"color: #000000;\">3. Neka vjerska okupljanja i slavlja izbjegavaju\u00a0<strong>osobe koje su bile na zara\u017eenim podru\u010djima ili u bilo kakvom mogu\u0107em kontaktu<\/strong>\u00a0s osobama na koje se sumnja ili kod kojih je potvr\u0111ena prisutnost bolesti.<\/span><\/p><p><span style=\"color: #000000;\">4. Neka vjerska okupljanja i slavlja izbjegavaju<strong>\u00a0osobe starije \u017eivotne dobi i osobe s bilo kojom vrstom kroni\u010dnih bolesti<\/strong>.<\/span><\/p><p><span style=\"color: #000000;\">5. Gore navedene kategorije osoba u takvim situacijama\u00a0<strong>ne ve\u017ee obveza nedjeljom i drugim zapovijedanim blagdanima sudjelovati u misi<\/strong>, koju neka \u2013 sukladno pravnoj odredbi \u2013 zamijene vremenom provedenim u molitvi, osobito sudjeluju\u0107i u misnim slavljima ili pobo\u017enostima putem televizijskog i radijskog prijenosa (usp. kann. 1246-1248, ZKP).<\/span><\/p><p><span style=\"color: #000000;\"><strong>ZA SVE\u0106ENIKE:<\/strong><\/span><\/p><p><span style=\"color: #000000;\">1. Neka se sa svetih mjesta &#8211; osobito \u017eupnih crkava, kapela i svih liturgijskih prostora\u00a0<strong>ukloni blagoslovljena voda<\/strong>\u00a0iz \u0161kropionica koje neka ostanu u potpunosti o\u010di\u0161\u0107ene, prazne i suhe.<\/span><\/p><p><span style=\"color: #000000;\">2. Neka se vjernike u misnom slavlju\u00a0<strong>ne poziva na pru\u017eanje znaka mira<\/strong>, izostaviv\u0161i u potpunosti tu liturgijsku gestu.<\/span><\/p><p><span style=\"color: #000000;\">3. Neka sve\u0107enik, kao i svaki drugi djelitelj svete pri\u010desti, prije i nakon misnog slavlja\u00a0<strong>opere ruke sapunom i vodom<\/strong>, a neposredno prije dijeljenja svete pri\u010desti i nakon toga tako\u0111er i nekim\u00a0<strong>dezinficijensom za ruke<\/strong>\u00a0(antibakterijskim gelom ili medicinskim alkoholom). U tu svrhu prakti\u010dno je staviti posudicu s medicinskim alkoholom uz oltar &#8211; primjerice, mo\u017ee stajati na stoli\u0107u za prinos darova.<\/span><\/p><p><span style=\"color: #000000;\">4. Nu\u017eno je posebno pridr\u017eavati se svih higijenskih mjera i\u00a0<strong>prilikom pripreme svega \u0161to je potrebno za misno slavlje<\/strong>. Neka se na to upozore sakristani i sakristanke odnosno \u017eupni suradnici koje ina\u010de sudjeluju u pripremi svega \u0161to je potrebno za misu.<\/span><\/p><p><span style=\"color: #000000;\">5. Neka se\u00a0<strong>sveta pri\u010dest podjeljuje na ruku<\/strong>, privremeno do daljnjega u potpunosti izostaviv\u0161i na\u010din podjeljivanje svete pri\u010desti u usta, o \u010demu neka se ponovno prije obreda svete pri\u010desti podsjeti i obavijesti prisutne vjernike. Prilikom podjeljivanja svete pri\u010desti na ruku neka se izbjegava fizi\u010dki kontakt.<\/span><\/p><p><span style=\"color: #000000;\"><strong>U CRKVENIM PROSTORIMA:<\/strong><\/span><\/p><p><span style=\"color: #000000;\">1. Neka se posveti posebna pozornost\u00a0<strong>higijeni i dezinfekciji svih crkvenih prostora<\/strong>, na \u0161to osobito upozorite one koji o navedenom vode brigu, i to na na\u010din da se u\u010dinkovitim sredstvima redovito i detaljno \u010diste povr\u0161ine koje ljudi stalno ili \u010de\u0161\u0107e doti\u010du, kao i da se navedeni prostori redovito provjetravaju.<\/span><\/p><p><span style=\"color: #000000;\">2. Molimo da se\u00a0<strong>ne organiziraju velike korizmene ispovijedi<\/strong>, ve\u0107 neka svaki \u017eupnik u svojoj \u017eupi pru\u017ei redovito mogu\u0107nost pojedina\u010dnih ispovijedi \u2013 isklju\u010divo u ispovjedaonici u kojoj su ispovjednik i pokornik fizi\u010dki odijeljeni (re\u0161etka sa za\u0161titnom folijom) ili u prostoru u kojemu je mogu\u0107e izme\u0111u ispovjednika i pokornika osigurati udaljenost od najmanje jednoga do dva metra, izbjegavaju\u0107i bliski kontakt.<\/span><\/p><p><span style=\"color: #000000;\">3. Neka se izbjegavaju liturgijska i vjerska okupljanja prilikom kojih\u00a0<strong>na malom prostoru dolazi do grupiranja velikog broja ljudi<\/strong>, vode\u0107i brigu &#8211; koliko god je mogu\u0107e &#8211; o po\u0161tivanju preporuke sto\u017eera civilne za\u0161tite da broj sudionika ne prelazi stotinjak osoba.<\/span><\/p><p><span style=\"color: #000000;\">4. Neka se na ulasku u crkvene prostore na prikladno i vidljivo mjesto stave\u00a0<strong>plakati o pravilnom pranju ruku i mjerama za\u0161tite<\/strong>\u00a0koji vam se dostavljaju u prilogu, a sukladno preporuci sto\u017eera za civilnu za\u0161titu.<\/span><\/p><p><span style=\"color: #000000;\">5. Neka se na ulasku u crkvene prostore, a osobito sanitarne prostorije, postave &#8211; ukoliko ih je mogu\u0107e nabaviti \u2013\u00a0<strong>sredstva za dezinfekciju ruku<\/strong>.<\/span><\/p><p><span style=\"color: #000000;\">6. Do daljnjega neka se u crkvenim prostorima ne odr\u017eavaju<strong>\u00a0\u017eupni vjeronauk i bilo kakve druge pastoralne aktivnosti<\/strong>\u00a0\u2013 \u017eupnih zborova, udruga, dru\u0161tava, zajednica.<\/span><\/p><p><span style=\"color: #000000;\">Vjernike pozovite na dosljedno pridr\u017eavanje ovih uputa &#8211; u duhu korizmene pokore, osobito ih podsje\u0107aju\u0107i da su \u017eivot i tjelesno zdravlje dragocjeni Bo\u017eji darovi. Treba ih razumno njegovati, obaziru\u0107i se na potrebe drugih i na zajedni\u010dko dobro\u00ab (usp. br. 2288, KKC). Isto tako, s o\u010dinskom ih pa\u017eljivo\u0161\u0107u potaknite da prihvate ove upute jer su kao vjernici\u00a0<strong>obvezni slijediti s kr\u0161\u0107anskom poslu\u0161no\u0161\u0107u<\/strong>\u00a0ono \u0161to posve\u0107eni pastiri, budu\u0107i da predstavljaju Krista, odrede kao upravitelji Crkve (usp. kan. 212 S1, ZKP).<\/span><\/p><p><span style=\"color: #000000;\">S obzirom na stalne promjene epidemiolo\u0161ke situacije i posljednje preporuke pozivam vas da kontinuirano pratite razvoj situacije, a s obzirom i na nove &#8211; mogu\u0107e jo\u0161 stro\u017ee mjere.<\/span><\/p><p><span style=\"color: #000000;\"><strong>U molitvi i brizi jedni za druge, osobito za sve bolesne i potrebite, upu\u0107ujem vam srda\u010dan pozdrav u Gospodinu!<\/strong><\/span><\/p><div style=\"text-align: center;\"><span style=\"color: #000000;\"><strong>Bo\u017ee Rado\u0161<br \/>vara\u017edinski biskup<\/strong><\/span><\/div>\t\t\t\t\t\t\t\t<\/div>\n\t\t\t\t<\/div>\n\t\t\t\t\t<\/div>\n\t\t<\/div>\n\t\t\t\t\t<\/div>\n\t\t<\/section>\n\t\t\t\t<\/div>\n\t\t","protected":false},"excerpt":{"rendered":"<p>Vara\u017edinski biskup Bo\u017ee Rado\u0161, u petak 13. o\u017eujka je, sve\u0107enicima i vjernicima Vara\u017edinske biskupije, uputio&nbsp;preporuku za postupanje vezano uz pojavu COVID-19 bolesti. Draga bra\u0107o sve\u0107enici, potaknut pastirskom brigom za povjereno mi stado, osje\u0107am du\u017enost obratiti se vama i povjerenim vam zajednicama, kako bismo i mi sa svoje strane kao vjernici preuzeli odgovornost jedni za druge [&hellip;]<\/p>\n","protected":false},"author":1,"featured_media":0,"comment_status":"closed","ping_status":"closed","sticky":false,"template":"","format":"standard","meta":{"ocean_post_layout":"","ocean_both_sidebars_style":"","ocean_both_sidebars_content_width":0,"ocean_both_sidebars_sidebars_width":0,"ocean_sidebar":"0","ocean_second_sidebar":"0","ocean_disable_margins":"enable","ocean_add_body_class":"","ocean_shortcode_before_top_bar":"","ocean_shortcode_after_top_bar":"","ocean_shortcode_before_header":"","ocean_shortcode_after_header":"","ocean_has_shortcode":"","ocean_shortcode_after_title":"","ocean_shortcode_before_footer_widgets":"","ocean_shortcode_after_footer_widgets":"","ocean_shortcode_before_footer_bottom":"","ocean_shortcode_after_footer_bottom":"","ocean_display_top_bar":"default","ocean_display_header":"default","ocean_header_style":"","ocean_center_header_left_menu":"0","ocean_custom_header_template":"0","ocean_custom_logo":0,"ocean_custom_retina_logo":0,"ocean_custom_logo_max_width":0,"ocean_custom_logo_tablet_max_width":0,"ocean_custom_logo_mobile_max_width":0,"ocean_custom_logo_max_height":0,"ocean_custom_logo_tablet_max_height":0,"ocean_custom_logo_mobile_max_height":0,"ocean_header_custom_menu":"0","ocean_menu_typo_font_family":"0","ocean_menu_typo_font_subset":"","ocean_menu_typo_font_size":0,"ocean_menu_typo_font_size_tablet":0,"ocean_menu_typo_font_size_mobile":0,"ocean_menu_typo_font_size_unit":"px","ocean_menu_typo_font_weight":"","ocean_menu_typo_font_weight_tablet":"","ocean_menu_typo_font_weight_mobile":"","ocean_menu_typo_transform":"","ocean_menu_typo_transform_tablet":"","ocean_menu_typo_transform_mobile":"","ocean_menu_typo_line_height":0,"ocean_menu_typo_line_height_tablet":0,"ocean_menu_typo_line_height_mobile":0,"ocean_menu_typo_line_height_unit":"","ocean_menu_typo_spacing":0,"ocean_menu_typo_spacing_tablet":0,"ocean_menu_typo_spacing_mobile":0,"ocean_menu_typo_spacing_unit":"","ocean_menu_link_color":"","ocean_menu_link_color_hover":"","ocean_menu_link_color_active":"","ocean_menu_link_background":"","ocean_menu_link_hover_background":"","ocean_menu_link_active_background":"","ocean_menu_social_links_bg":"","ocean_menu_social_hover_links_bg":"","ocean_menu_social_links_color":"","ocean_menu_social_hover_links_color":"","ocean_disable_title":"default","ocean_disable_heading":"default","ocean_post_title":"","ocean_post_subheading":"","ocean_post_title_style":"","ocean_post_title_background_color":"","ocean_post_title_background":0,"ocean_post_title_bg_image_position":"","ocean_post_title_bg_image_attachment":"","ocean_post_title_bg_image_repeat":"","ocean_post_title_bg_image_size":"","ocean_post_title_height":0,"ocean_post_title_bg_overlay":0.5,"ocean_post_title_bg_overlay_color":"","ocean_disable_breadcrumbs":"default","ocean_breadcrumbs_color":"","ocean_breadcrumbs_separator_color":"","ocean_breadcrumbs_links_color":"","ocean_breadcrumbs_links_hover_color":"","ocean_display_footer_widgets":"default","ocean_display_footer_bottom":"default","ocean_custom_footer_template":"0","ocean_post_oembed":"","ocean_post_self_hosted_media":"","ocean_post_video_embed":"","ocean_link_format":"","ocean_link_format_target":"self","ocean_quote_format":"","ocean_quote_format_link":"post","ocean_gallery_link_images":"off","ocean_gallery_id":[],"footnotes":""},"categories":[16],"tags":[],"class_list":["post-1028","post","type-post","status-publish","format-standard","hentry","category-vijesti","entry"],"views":2152,"_links":{"self":[{"href":"https:\/\/zupasvnikolakc.hr\/index.php?rest_route=\/wp\/v2\/posts\/1028","targetHints":{"allow":["GET"]}}],"collection":[{"href":"https:\/\/zupasvnikolakc.hr\/index.php?rest_route=\/wp\/v2\/posts"}],"about":[{"href":"https:\/\/zupasvnikolakc.hr\/index.php?rest_route=\/wp\/v2\/types\/post"}],"author":[{"embeddable":true,"href":"https:\/\/zupasvnikolakc.hr\/index.php?rest_route=\/wp\/v2\/users\/1"}],"replies":[{"embeddable":true,"href":"https:\/\/zupasvnikolakc.hr\/index.php?rest_route=%2Fwp%2Fv2%2Fcomments&post=1028"}],"version-history":[{"count":6,"href":"https:\/\/zupasvnikolakc.hr\/index.php?rest_route=\/wp\/v2\/posts\/1028\/revisions"}],"predecessor-version":[{"id":1035,"href":"https:\/\/zupasvnikolakc.hr\/index.php?rest_route=\/wp\/v2\/posts\/1028\/revisions\/1035"}],"wp:attachment":[{"href":"https:\/\/zupasvnikolakc.hr\/index.php?rest_route=%2Fwp%2Fv2%2Fmedia&parent=1028"}],"wp:term":[{"taxonomy":"category","embeddable":true,"href":"https:\/\/zupasvnikolakc.hr\/index.php?rest_route=%2Fwp%2Fv2%2Fcategories&post=1028"},{"taxonomy":"post_tag","embeddable":true,"href":"https:\/\/zupasvnikolakc.hr\/index.php?rest_route=%2Fwp%2Fv2%2Ftags&post=1028"}],"curies":[{"name":"wp","href":"https:\/\/api.w.org\/{rel}","templated":true}]}}