{"id":10410,"date":"2025-02-15T19:00:00","date_gmt":"2025-02-15T18:00:00","guid":{"rendered":"https:\/\/zupasvnikolakc.hr\/?p=10410"},"modified":"2025-02-12T22:49:41","modified_gmt":"2025-02-12T21:49:41","slug":"6-nedjelja-kroz-godinu-5","status":"publish","type":"post","link":"https:\/\/zupasvnikolakc.hr\/?p=10410","title":{"rendered":"6. nedjelja kroz godinu"},"content":{"rendered":"\t\t<div data-elementor-type=\"wp-post\" data-elementor-id=\"10410\" class=\"elementor elementor-10410\" data-elementor-post-type=\"post\">\n\t\t\t\t\t\t<section class=\"elementor-section elementor-top-section elementor-element elementor-element-fe23258 elementor-section-boxed elementor-section-height-default elementor-section-height-default\" data-id=\"fe23258\" data-element_type=\"section\" data-e-type=\"section\">\n\t\t\t\t\t\t<div class=\"elementor-container elementor-column-gap-default\">\n\t\t\t\t\t<div class=\"elementor-column elementor-col-100 elementor-top-column elementor-element elementor-element-f7be9be\" data-id=\"f7be9be\" data-element_type=\"column\" data-e-type=\"column\">\n\t\t\t<div class=\"elementor-widget-wrap elementor-element-populated\">\n\t\t\t\t\t\t<div class=\"elementor-element elementor-element-e04f27d elementor-widget elementor-widget-text-editor\" data-id=\"e04f27d\" data-element_type=\"widget\" data-e-type=\"widget\" data-widget_type=\"text-editor.default\">\n\t\t\t\t<div class=\"elementor-widget-container\">\n\t\t\t\t\t\t\t\t\t<p><span style=\"color: #000000;\">Promi\u0161ljaju\u0107i kao vjernici o odlomku Lukinog evan\u0111elja mo\u017eemo ostati zbunjeni i prestra\u0161eni. Zasigurno \u0107e se mnogi od nas pitati u koju ja skupinu spadam? Me\u0111u one kojima Isus govori jao vama, ili one kojima govori blago vama? Ovdje je, zapravo, rije\u010d o dva razli\u010dita na\u010dina shva\u0107anja \u017eivota uop\u0107e, kako nam to sugerira i prvo \u010ditanje koje donosi prorok Jeremija. Onaj kojemu je \u201eblago\u201c je blagoslovljen jer je otvoren vje\u010dnosti, uzda se u Gospodina i Gospodin mu je uzdanje, dok je onaj kojemu je \u201ejao\u201c proklet jer se \u201euzda u \u010dovjeka, i slabo tijelo smatra svojom mi\u0161icom, i srce svoje od Gospodina odvra\u0107a.\u201c Prekrasne su biblijske usporedbe, onog prvog, blagoslovljenog, sa stablom zasa\u0111enim uz vodu \u0161to korijen pu\u0161ta k potoku i koji se ni\u010dega ne mora bojati kad do\u0111e \u017eega i su\u0161na godina. \u017dega i su\u0161na godina su \u017eivotne pote\u0161ko\u0107e kojih ni\u010diji \u017eivot nije li\u0161en. I usporedba onog drugog, prokletog, s dra\u010dem u pustinji koji, \u017eivotare\u0107i u usahloj pustinji, u zemlji slanoj, nenastanjenoj, ne osje\u0107a kad je na domaku sre\u0107a koju mo\u017ee dati jedino Bog. Isusov evan\u0111eoski govor se na neki na\u010din nadovezuje na ove starozavjetne tekstove, ali za razliku od njih koji konstatiraju stvarnost njegov evan\u0111eoski govor u sebi uklju\u010duje i poziv na promjenu, odnosno obra\u0107enje. Obra\u0107enje koje on tra\u017ei ne zna\u010di ne truditi se izi\u0107i iz stanja siroma\u0161tva, \u017ealosti, odba\u010denosti, omra\u017eenosti, progonjenosti\u2026, odnosno ostati ili postati bogati, sretni, prihva\u0107eni, hvaljeni\u2026, nego zna\u010di ne stavljati svoje pouzdanje i spas, sre\u0107u u zadovoljenju svojih ovozemaljskih potreba, nego u Bogu. Isus \u017eeli, zapravo, da nam ono biti bogat, sretan\u2026 ne bude cilj nego sredstvo, a \u0161to se mo\u017ee dogoditi samo ako promijenimo sredi\u0161te, ako u sredi\u0161tu ne budemo mi i na\u0161 sebi\u010dni interes, nego Bog i njegova volja koja je uvijek ono \u0161to je najbolje za nas. Njegov evan\u0111eoski navje\u0161taj je na\u0161a kr\u0161\u0107anska zada\u0107a. I poziv i jednima i drugima, svima, da se obratimo i u stvarnosti koju \u017eivimo svoje pouzdanje stavimo u Boga. Jer Bog je onaj koji nas mo\u017ee u\u010diniti i \u010dini istinski bogatima, sitima, nasmijanima i radosnima, kako u ovom \u017eivotu, tako i u vje\u010dnosti kojoj se nadamo, a u kojoj \u0107e svi oni koji su Kristovi, s njime uskrsnuti.<\/span><\/p><p><span style=\"color: #ff0000;\"><strong>\u017dUPNE OBAVIJESTI<\/strong><\/span><\/p><p><span style=\"color: #000000;\"><strong>VJERONAUK:<\/strong><\/span><\/p><ul><li><span style=\"color: #000000;\">krizmanici &#8211; subota (22.2.2025.) u 9 h u crkvi<\/span><\/li><li><span style=\"color: #000000;\">prvopri\u010desnici &#8211; subota (22.2.2025.) u 10 h u dvorani<\/span><\/li><\/ul><p><span style=\"color: #000000;\"><strong>SUSRET MINISTRANATA:<\/strong><\/span><\/p><ul><li><span style=\"color: #000000;\">subota (22.2.2025.) u 11 h<\/span><\/li><\/ul><p><a href=\"https:\/\/zupasvnikolakc.hr\/wp-content\/uploads\/2025\/02\/6.N.K.G.-LISTIC-2025.pdf\" target=\"_blank\" rel=\"noopener\"><span style=\"color: #ff0000;\">\u017dUPNI LISTI\u0106<\/span><\/a><\/p>\t\t\t\t\t\t\t\t<\/div>\n\t\t\t\t<\/div>\n\t\t\t\t\t<\/div>\n\t\t<\/div>\n\t\t\t\t\t<\/div>\n\t\t<\/section>\n\t\t\t\t<\/div>\n\t\t","protected":false},"excerpt":{"rendered":"<p>Promi\u0161ljaju\u0107i kao vjernici o odlomku Lukinog evan\u0111elja mo\u017eemo ostati zbunjeni i prestra\u0161eni. Zasigurno \u0107e se mnogi od nas pitati u koju ja skupinu spadam? Me\u0111u one kojima Isus govori jao vama, ili one kojima govori blago vama? Ovdje je, zapravo, rije\u010d o dva razli\u010dita na\u010dina shva\u0107anja \u017eivota uop\u0107e, kako nam to sugerira i prvo \u010ditanje [&hellip;]<\/p>\n","protected":false},"author":1,"featured_media":10411,"comment_status":"closed","ping_status":"closed","sticky":false,"template":"","format":"standard","meta":{"ocean_post_layout":"","ocean_both_sidebars_style":"","ocean_both_sidebars_content_width":0,"ocean_both_sidebars_sidebars_width":0,"ocean_sidebar":"","ocean_second_sidebar":"","ocean_disable_margins":"enable","ocean_add_body_class":"","ocean_shortcode_before_top_bar":"","ocean_shortcode_after_top_bar":"","ocean_shortcode_before_header":"","ocean_shortcode_after_header":"","ocean_has_shortcode":"","ocean_shortcode_after_title":"","ocean_shortcode_before_footer_widgets":"","ocean_shortcode_after_footer_widgets":"","ocean_shortcode_before_footer_bottom":"","ocean_shortcode_after_footer_bottom":"","ocean_display_top_bar":"default","ocean_display_header":"default","ocean_header_style":"","ocean_center_header_left_menu":"","ocean_custom_header_template":"","ocean_custom_logo":0,"ocean_custom_retina_logo":0,"ocean_custom_logo_max_width":0,"ocean_custom_logo_tablet_max_width":0,"ocean_custom_logo_mobile_max_width":0,"ocean_custom_logo_max_height":0,"ocean_custom_logo_tablet_max_height":0,"ocean_custom_logo_mobile_max_height":0,"ocean_header_custom_menu":"","ocean_menu_typo_font_family":"","ocean_menu_typo_font_subset":"","ocean_menu_typo_font_size":0,"ocean_menu_typo_font_size_tablet":0,"ocean_menu_typo_font_size_mobile":0,"ocean_menu_typo_font_size_unit":"px","ocean_menu_typo_font_weight":"","ocean_menu_typo_font_weight_tablet":"","ocean_menu_typo_font_weight_mobile":"","ocean_menu_typo_transform":"","ocean_menu_typo_transform_tablet":"","ocean_menu_typo_transform_mobile":"","ocean_menu_typo_line_height":0,"ocean_menu_typo_line_height_tablet":0,"ocean_menu_typo_line_height_mobile":0,"ocean_menu_typo_line_height_unit":"","ocean_menu_typo_spacing":0,"ocean_menu_typo_spacing_tablet":0,"ocean_menu_typo_spacing_mobile":0,"ocean_menu_typo_spacing_unit":"","ocean_menu_link_color":"","ocean_menu_link_color_hover":"","ocean_menu_link_color_active":"","ocean_menu_link_background":"","ocean_menu_link_hover_background":"","ocean_menu_link_active_background":"","ocean_menu_social_links_bg":"","ocean_menu_social_hover_links_bg":"","ocean_menu_social_links_color":"","ocean_menu_social_hover_links_color":"","ocean_disable_title":"default","ocean_disable_heading":"default","ocean_post_title":"","ocean_post_subheading":"","ocean_post_title_style":"","ocean_post_title_background_color":"","ocean_post_title_background":0,"ocean_post_title_bg_image_position":"","ocean_post_title_bg_image_attachment":"","ocean_post_title_bg_image_repeat":"","ocean_post_title_bg_image_size":"","ocean_post_title_height":0,"ocean_post_title_bg_overlay":0.5,"ocean_post_title_bg_overlay_color":"","ocean_disable_breadcrumbs":"default","ocean_breadcrumbs_color":"","ocean_breadcrumbs_separator_color":"","ocean_breadcrumbs_links_color":"","ocean_breadcrumbs_links_hover_color":"","ocean_display_footer_widgets":"default","ocean_display_footer_bottom":"default","ocean_custom_footer_template":"","ocean_post_oembed":"","ocean_post_self_hosted_media":"","ocean_post_video_embed":"","ocean_link_format":"","ocean_link_format_target":"self","ocean_quote_format":"","ocean_quote_format_link":"post","ocean_gallery_link_images":"on","ocean_gallery_id":[],"footnotes":""},"categories":[16],"tags":[],"class_list":["post-10410","post","type-post","status-publish","format-standard","has-post-thumbnail","hentry","category-vijesti","entry","has-media"],"views":361,"_links":{"self":[{"href":"https:\/\/zupasvnikolakc.hr\/index.php?rest_route=\/wp\/v2\/posts\/10410","targetHints":{"allow":["GET"]}}],"collection":[{"href":"https:\/\/zupasvnikolakc.hr\/index.php?rest_route=\/wp\/v2\/posts"}],"about":[{"href":"https:\/\/zupasvnikolakc.hr\/index.php?rest_route=\/wp\/v2\/types\/post"}],"author":[{"embeddable":true,"href":"https:\/\/zupasvnikolakc.hr\/index.php?rest_route=\/wp\/v2\/users\/1"}],"replies":[{"embeddable":true,"href":"https:\/\/zupasvnikolakc.hr\/index.php?rest_route=%2Fwp%2Fv2%2Fcomments&post=10410"}],"version-history":[{"count":4,"href":"https:\/\/zupasvnikolakc.hr\/index.php?rest_route=\/wp\/v2\/posts\/10410\/revisions"}],"predecessor-version":[{"id":10415,"href":"https:\/\/zupasvnikolakc.hr\/index.php?rest_route=\/wp\/v2\/posts\/10410\/revisions\/10415"}],"wp:featuredmedia":[{"embeddable":true,"href":"https:\/\/zupasvnikolakc.hr\/index.php?rest_route=\/wp\/v2\/media\/10411"}],"wp:attachment":[{"href":"https:\/\/zupasvnikolakc.hr\/index.php?rest_route=%2Fwp%2Fv2%2Fmedia&parent=10410"}],"wp:term":[{"taxonomy":"category","embeddable":true,"href":"https:\/\/zupasvnikolakc.hr\/index.php?rest_route=%2Fwp%2Fv2%2Fcategories&post=10410"},{"taxonomy":"post_tag","embeddable":true,"href":"https:\/\/zupasvnikolakc.hr\/index.php?rest_route=%2Fwp%2Fv2%2Ftags&post=10410"}],"curies":[{"name":"wp","href":"https:\/\/api.w.org\/{rel}","templated":true}]}}