{"id":10443,"date":"2025-03-01T19:00:00","date_gmt":"2025-03-01T18:00:00","guid":{"rendered":"https:\/\/zupasvnikolakc.hr\/?p=10443"},"modified":"2025-02-27T20:57:31","modified_gmt":"2025-02-27T19:57:31","slug":"8-nedjelja-kroz-godinu-2","status":"publish","type":"post","link":"https:\/\/zupasvnikolakc.hr\/?p=10443","title":{"rendered":"8. nedjelja kroz godinu"},"content":{"rendered":"\t\t<div data-elementor-type=\"wp-post\" data-elementor-id=\"10443\" class=\"elementor elementor-10443\" data-elementor-post-type=\"post\">\n\t\t\t\t\t\t<section class=\"elementor-section elementor-top-section elementor-element elementor-element-a91884a elementor-section-boxed elementor-section-height-default elementor-section-height-default\" data-id=\"a91884a\" data-element_type=\"section\" data-e-type=\"section\">\n\t\t\t\t\t\t<div class=\"elementor-container elementor-column-gap-default\">\n\t\t\t\t\t<div class=\"elementor-column elementor-col-100 elementor-top-column elementor-element elementor-element-ddaa4b7\" data-id=\"ddaa4b7\" data-element_type=\"column\" data-e-type=\"column\">\n\t\t\t<div class=\"elementor-widget-wrap elementor-element-populated\">\n\t\t\t\t\t\t<div class=\"elementor-element elementor-element-1463dce elementor-widget elementor-widget-text-editor\" data-id=\"1463dce\" data-element_type=\"widget\" data-e-type=\"widget\" data-widget_type=\"text-editor.default\">\n\t\t\t\t<div class=\"elementor-widget-container\">\n\t\t\t\t\t\t\t\t\t<p><span style=\"color: #000000;\">Dragi vjernici, dana\u0161nja nedjelja nam kroz svoju Rije\u010d progovara o duhovnoj sljepo\u0107i. Isus govore\u0107i u dana\u0161njem Lukinom evan\u0111eoskom odlomku rije\u010di: <em>Mo\u017ee li slijepac slijepca voditi? Ne\u0107e li obojica u jamu upasti<\/em>?, nije imao namjeru govoriti o tjelesnoj sljepo\u0107i, nego je htio upozoriti svoje slu\u0161atelje na duhovnu sljepo\u0107u. No nije htio upozoriti samo svoje suvremenike nego i sve nas, jer na \u017ealost i dana\u0161nji \u010dovjek sebe dr\u017ei samosvjesnim i odraslim, do te mjere da je uvjeren kako mu ne treba nikakav pomo\u0107nik za hod na putu \u017eivota te zbog toga odbacuje Boga i njegovu pomo\u0107 kao suvi\u0161nu, pa \u010dak i previ\u0161e ograni\u010davaju\u0107u. U vrijeme kad se \u010dovjek osje\u0107a dovoljno prosvjetljenim u odnosu na neka vremena, vrlo lako odbacuje svaki poku\u0161aj pouke i svakoga tko mu se nudi kao u\u010ditelj bo\u017eanskoga \u017eivota. Upravo zato je Isus o tome razmi\u0161ljao i zato je smatrao potrebnim ostaviti trajno vrijednu pouku. Njemu je sasvim jasno kako mi na na\u0161emu \u017eivotnom putu, ako ga shva\u0107amo kao put do neba i vje\u010dnosti, ne mo\u017eemo hoditi sami, ve\u0107 nam treba pomo\u0107. Samo je veliko pitanje koga izabiremo sebi za pomo\u0107, jer su \u010dinjenice svakako da mi ljudi nemamo tako dobar pogled koji mo\u017ee sam po sebi doprijeti do nebesa i prodrijeti kroz nebesa. U tom smislu svi smo doista slijepi i treba nam pomo\u0107. Ali ako nam pomo\u0107 ne do\u0111e od Boga, od onoga koji jedini mo\u017ee vidjeti ono \u0161to je ljudskome oku skriveno i nepoznato, onda ostajemo zarobljeni u ovozemnu stvarnost i bez mogu\u0107nosti da nam netko prisko\u010di u pomo\u0107. Upravo pred svime re\u010denim \u010dovjek ipak u dubini bi\u0107a osje\u0107a i priznaje slabost, pogotovo \u0161to je u taj proces u\u0161ao odbacuju\u0107i Boga. \u010covjek u svakom vremenu povijesti zna da mu je potrebna pomo\u0107 od Boga, ali je \u010desto zarobljen samodostatno\u0161\u0107u i pouzdanjem u napredak civilizacije i suvremene tehnike stavlja Boga po strani. Za\u0161to? Zato \u0161to se koriste\u0107i dobrima ovoga svijeta i talentima koji su dar Bo\u017eji, \u010desto pona\u0161a mimo Bo\u017ejih i ljudskih zakona, zlorabe\u0107i slobodu koju mu je Bog darovao. Dragi vjernici dana\u0161nja nedjelja nam poru\u010duje da Bog \u017eeli biti na\u0161 suputnik i putokaz, jer nas ljubi i stalo mu je do na\u0161e vremenite, ali i vje\u010dne sre\u0107e, samo je pitanje dopu\u0161tamo li mi to Njemu ili se vi\u0161e pouzdajemo sami u sebe i svoje sposobnosti.<\/span><\/p><p><span style=\"color: #ff0000;\"><strong>\u017dUPNE OBAVIJESTI<\/strong><\/span><\/p><p><span style=\"color: #000000;\"><strong>VJERONAUK:<\/strong><\/span><\/p><ul><li><span style=\"color: #000000;\">krizmanici &#8211; subota (8.3.2025.) u 9 h<\/span><\/li><li><span style=\"color: #000000;\">prvopri\u010desnici &#8211; subota (8.3.2025.) u 10 h<\/span><\/li><\/ul><p><span style=\"color: #000000;\"><strong>SUSRET MINISTRANATA:<\/strong><\/span><\/p><ul><li><span style=\"color: #000000;\">subota (8.3.2025.) u 11 h<\/span><\/li><\/ul><p><a href=\"https:\/\/zupasvnikolakc.hr\/wp-content\/uploads\/2025\/02\/8.-N.K.G.-LISTIC-2025.pdf\" target=\"_blank\" rel=\"noopener\"><span style=\"color: #ff0000;\">\u017dUPNI LISTI\u0106<\/span><\/a><\/p>\t\t\t\t\t\t\t\t<\/div>\n\t\t\t\t<\/div>\n\t\t\t\t\t<\/div>\n\t\t<\/div>\n\t\t\t\t\t<\/div>\n\t\t<\/section>\n\t\t\t\t<\/div>\n\t\t","protected":false},"excerpt":{"rendered":"<p>Dragi vjernici, dana\u0161nja nedjelja nam kroz svoju Rije\u010d progovara o duhovnoj sljepo\u0107i. Isus govore\u0107i u dana\u0161njem Lukinom evan\u0111eoskom odlomku rije\u010di: Mo\u017ee li slijepac slijepca voditi? Ne\u0107e li obojica u jamu upasti?, nije imao namjeru govoriti o tjelesnoj sljepo\u0107i, nego je htio upozoriti svoje slu\u0161atelje na duhovnu sljepo\u0107u. No nije htio upozoriti samo svoje suvremenike nego [&hellip;]<\/p>\n","protected":false},"author":1,"featured_media":10439,"comment_status":"closed","ping_status":"closed","sticky":false,"template":"","format":"standard","meta":{"ocean_post_layout":"","ocean_both_sidebars_style":"","ocean_both_sidebars_content_width":0,"ocean_both_sidebars_sidebars_width":0,"ocean_sidebar":"","ocean_second_sidebar":"","ocean_disable_margins":"enable","ocean_add_body_class":"","ocean_shortcode_before_top_bar":"","ocean_shortcode_after_top_bar":"","ocean_shortcode_before_header":"","ocean_shortcode_after_header":"","ocean_has_shortcode":"","ocean_shortcode_after_title":"","ocean_shortcode_before_footer_widgets":"","ocean_shortcode_after_footer_widgets":"","ocean_shortcode_before_footer_bottom":"","ocean_shortcode_after_footer_bottom":"","ocean_display_top_bar":"default","ocean_display_header":"default","ocean_header_style":"","ocean_center_header_left_menu":"","ocean_custom_header_template":"","ocean_custom_logo":0,"ocean_custom_retina_logo":0,"ocean_custom_logo_max_width":0,"ocean_custom_logo_tablet_max_width":0,"ocean_custom_logo_mobile_max_width":0,"ocean_custom_logo_max_height":0,"ocean_custom_logo_tablet_max_height":0,"ocean_custom_logo_mobile_max_height":0,"ocean_header_custom_menu":"","ocean_menu_typo_font_family":"","ocean_menu_typo_font_subset":"","ocean_menu_typo_font_size":0,"ocean_menu_typo_font_size_tablet":0,"ocean_menu_typo_font_size_mobile":0,"ocean_menu_typo_font_size_unit":"px","ocean_menu_typo_font_weight":"","ocean_menu_typo_font_weight_tablet":"","ocean_menu_typo_font_weight_mobile":"","ocean_menu_typo_transform":"","ocean_menu_typo_transform_tablet":"","ocean_menu_typo_transform_mobile":"","ocean_menu_typo_line_height":0,"ocean_menu_typo_line_height_tablet":0,"ocean_menu_typo_line_height_mobile":0,"ocean_menu_typo_line_height_unit":"","ocean_menu_typo_spacing":0,"ocean_menu_typo_spacing_tablet":0,"ocean_menu_typo_spacing_mobile":0,"ocean_menu_typo_spacing_unit":"","ocean_menu_link_color":"","ocean_menu_link_color_hover":"","ocean_menu_link_color_active":"","ocean_menu_link_background":"","ocean_menu_link_hover_background":"","ocean_menu_link_active_background":"","ocean_menu_social_links_bg":"","ocean_menu_social_hover_links_bg":"","ocean_menu_social_links_color":"","ocean_menu_social_hover_links_color":"","ocean_disable_title":"default","ocean_disable_heading":"default","ocean_post_title":"","ocean_post_subheading":"","ocean_post_title_style":"","ocean_post_title_background_color":"","ocean_post_title_background":0,"ocean_post_title_bg_image_position":"","ocean_post_title_bg_image_attachment":"","ocean_post_title_bg_image_repeat":"","ocean_post_title_bg_image_size":"","ocean_post_title_height":0,"ocean_post_title_bg_overlay":0.5,"ocean_post_title_bg_overlay_color":"","ocean_disable_breadcrumbs":"default","ocean_breadcrumbs_color":"","ocean_breadcrumbs_separator_color":"","ocean_breadcrumbs_links_color":"","ocean_breadcrumbs_links_hover_color":"","ocean_display_footer_widgets":"default","ocean_display_footer_bottom":"default","ocean_custom_footer_template":"","ocean_post_oembed":"","ocean_post_self_hosted_media":"","ocean_post_video_embed":"","ocean_link_format":"","ocean_link_format_target":"self","ocean_quote_format":"","ocean_quote_format_link":"post","ocean_gallery_link_images":"on","ocean_gallery_id":[],"footnotes":""},"categories":[16],"tags":[],"class_list":["post-10443","post","type-post","status-publish","format-standard","has-post-thumbnail","hentry","category-vijesti","entry","has-media"],"views":486,"_links":{"self":[{"href":"https:\/\/zupasvnikolakc.hr\/index.php?rest_route=\/wp\/v2\/posts\/10443","targetHints":{"allow":["GET"]}}],"collection":[{"href":"https:\/\/zupasvnikolakc.hr\/index.php?rest_route=\/wp\/v2\/posts"}],"about":[{"href":"https:\/\/zupasvnikolakc.hr\/index.php?rest_route=\/wp\/v2\/types\/post"}],"author":[{"embeddable":true,"href":"https:\/\/zupasvnikolakc.hr\/index.php?rest_route=\/wp\/v2\/users\/1"}],"replies":[{"embeddable":true,"href":"https:\/\/zupasvnikolakc.hr\/index.php?rest_route=%2Fwp%2Fv2%2Fcomments&post=10443"}],"version-history":[{"count":4,"href":"https:\/\/zupasvnikolakc.hr\/index.php?rest_route=\/wp\/v2\/posts\/10443\/revisions"}],"predecessor-version":[{"id":10447,"href":"https:\/\/zupasvnikolakc.hr\/index.php?rest_route=\/wp\/v2\/posts\/10443\/revisions\/10447"}],"wp:featuredmedia":[{"embeddable":true,"href":"https:\/\/zupasvnikolakc.hr\/index.php?rest_route=\/wp\/v2\/media\/10439"}],"wp:attachment":[{"href":"https:\/\/zupasvnikolakc.hr\/index.php?rest_route=%2Fwp%2Fv2%2Fmedia&parent=10443"}],"wp:term":[{"taxonomy":"category","embeddable":true,"href":"https:\/\/zupasvnikolakc.hr\/index.php?rest_route=%2Fwp%2Fv2%2Fcategories&post=10443"},{"taxonomy":"post_tag","embeddable":true,"href":"https:\/\/zupasvnikolakc.hr\/index.php?rest_route=%2Fwp%2Fv2%2Ftags&post=10443"}],"curies":[{"name":"wp","href":"https:\/\/api.w.org\/{rel}","templated":true}]}}