{"id":10759,"date":"2025-04-20T19:00:00","date_gmt":"2025-04-20T17:00:00","guid":{"rendered":"https:\/\/zupasvnikolakc.hr\/?p=10759"},"modified":"2025-04-19T18:52:23","modified_gmt":"2025-04-19T16:52:23","slug":"uskrsna-nedjelja","status":"publish","type":"post","link":"https:\/\/zupasvnikolakc.hr\/?p=10759","title":{"rendered":"Uskrsna nedjelja"},"content":{"rendered":"\t\t<div data-elementor-type=\"wp-post\" data-elementor-id=\"10759\" class=\"elementor elementor-10759\" data-elementor-post-type=\"post\">\n\t\t\t\t\t\t<section class=\"elementor-section elementor-top-section elementor-element elementor-element-138d502 elementor-section-boxed elementor-section-height-default elementor-section-height-default\" data-id=\"138d502\" data-element_type=\"section\" data-e-type=\"section\">\n\t\t\t\t\t\t<div class=\"elementor-container elementor-column-gap-default\">\n\t\t\t\t\t<div class=\"elementor-column elementor-col-100 elementor-top-column elementor-element elementor-element-6034f19\" data-id=\"6034f19\" data-element_type=\"column\" data-e-type=\"column\">\n\t\t\t<div class=\"elementor-widget-wrap elementor-element-populated\">\n\t\t\t\t\t\t<div class=\"elementor-element elementor-element-1a457ad elementor-widget elementor-widget-text-editor\" data-id=\"1a457ad\" data-element_type=\"widget\" data-e-type=\"widget\" data-widget_type=\"text-editor.default\">\n\t\t\t\t<div class=\"elementor-widget-container\">\n\t\t\t\t\t\t\t\t\t<p><span style=\"color: #000000;\">Uskrs je blagdan \u017eivota, blagdan radosti, to nam svjedo\u010di uskrsli i \u017eivi Isus koji je pobijedio smrt. To nam svjedo\u010de i \u010ditanja \u0161to nam ih Crkva na dana\u0161nju svetkovinu stavlja u liturgiji pred nas. U njima nam svjedo\u010de \u017eene i u\u010denici kojima se uskrsli Gospodin prvoga dana po suboti ukazivao hrabre\u0107i ih i poti\u010du\u0107i da se i oni nastavljaju okupljati nedjeljom koja je spomen njegova uskrsnu\u0107a. Blagdan Uskrsa je neponovljiv, radostan i svet dan. Dan \u0161to ga u\u010dini Gospodin, kako kli\u010de raspjevani psalam. Oni u\u010denici na putu u Emaus reko\u0161e: <em>\u201eA mi smo se nadali.\u201c<\/em>. Dobro su se nadali, ali su svoju nadu gradili na ovozemaljskom \u017eivotu. Mislili su da Isusovo poslanje zavr\u0161ava smr\u0107u, tamom groba koji je zape\u010da\u0107en te\u0161kim kamenom. Za vi\u0161e od toga oni nisu bili sposobni. A Isus je pokazao da ima i onaj drugi \u017eivot, bogatiji i ljep\u0161i, \u017eivot vje\u010dni. A on nije rezerviran samo za njega. Isus je u njemu bio oduvijek, prije nego je do\u0161ao na ovu zemlju. Sada ga je pripravio i za sve nas. A kr\u0161\u0107ani, Isusovi prijatelji, posve \u0107e dijeliti Isusovu sudbinu: morat \u0107e umirati, ali \u0107e s njim i su uskrsnuti, kako re\u010de Pavao Kolo\u0161anima. Za kr\u0161\u0107anina sada\u0161nje patnje vi\u0161e nisu tragi\u010dne i besmislene, zato za njega ni grob nije posljednja tamna postaja gdje sve prestaje. Zato kr\u0161\u0107ani znaju ispra\u0107ati svoje pokojne uz pjesmu: <em>\u201eKraljice neba, raduj se!\u201c<\/em>. Kad ne bi vjerovali u uskrsnu\u0107e, bila bi uzaludna na\u0161a vjera. A ovako je to sjajno svjedo\u010danstvo vjere. Onaj tko je Isusov bio na ovome svijetu, Isusov ostaje. Dapa\u010de Isus ga prati i u mu\u010dnom prolazu koji se zove smrt iz ovog vremenitog u onaj vje\u010dni \u017eivot. Tu se doga\u0111a ra\u0111anje novoga \u017eivota. To je svjetlo koje obasjava cijeli zemaljski \u010dovjekov \u017eivot i daje mu novi smisao. Kr\u0161\u0107aninov \u017eivot ne zavr\u0161ava patnjom i grobom, on prelazi u \u017eivot koji ne prestaje, \u017eivot punine u Bo\u017ejoj blizini. Vjerujemo u to jer nam je Isus to dokazao dana\u0161njim blagdanom.<\/span><\/p><p><span style=\"color: #000000;\">S tim mislima i \u017eeljama sretan i blagoslovljen Uskrs, \u017eele vam \u017eupnik Tomislav i \u0111akon Miljenko sa \u017eupnim suradnicima!<\/span><\/p>\t\t\t\t\t\t\t\t<\/div>\n\t\t\t\t<\/div>\n\t\t\t\t<div class=\"elementor-element elementor-element-7c0d3c6 elementor-widget elementor-widget-text-editor\" data-id=\"7c0d3c6\" data-element_type=\"widget\" data-e-type=\"widget\" data-widget_type=\"text-editor.default\">\n\t\t\t\t<div class=\"elementor-widget-container\">\n\t\t\t\t\t\t\t\t\t<p><span style=\"color: #ff0000;\"><strong>\u017dUPNE OBAVIJESTI<\/strong><\/span><\/p><p><span style=\"color: #000000;\"><strong>VJEN\u010cANJE:<\/strong><\/span><\/p><ul><li><span style=\"color: #000000;\">Mihael Namjesnik i Helena Mihoci &#8211; petak (25.4.2025.) u 17 h<\/span><\/li><\/ul><p><span style=\"color: #000000;\"><strong>KR\u0160TENJE:<\/strong><\/span><\/p><ul><li><span style=\"color: #000000;\">Jakov Srednoselec &#8211; subota (26.4.2025.) u 12 h<\/span><\/li><li><span style=\"color: #000000;\">Roza \u0160epec &#8211; subota (26.4.2025.) u 12 h<\/span><\/li><li><span style=\"color: #000000;\">Bruno Kova\u010d &#8211; subota (26.4.2025.) u 16 h<\/span><\/li><li><span style=\"color: #000000;\">Ante Gregur &#8211; nedjelja (27.4.2025.) u 12 h<\/span><\/li><\/ul><p><span style=\"color: #000000;\"><strong>VJERONAUK:<\/strong><\/span><\/p><ul><li><span style=\"color: #000000;\">prvopri\u010desnici &#8211; subota (26.4.2025.) u 9 h<\/span><\/li><\/ul><p><span style=\"color: #000000;\"><strong>BISKUPIJSKI SUSRET KRIZMANIKA I MLADIH U LUDBREGU:<\/strong><\/span><\/p><ul><li><span style=\"color: #000000;\">subota (26.4.2025.) &#8211; okupljanje i polazak krizmanika za Ludbreg u 8:45 h ispred \u017eupne crkve sv. Nikole<\/span><\/li><\/ul><p><a href=\"https:\/\/zupasvnikolakc.hr\/wp-content\/uploads\/2025\/04\/USKRSNA-NEDJELJA-LISTIC-2025.pdf\" target=\"_blank\" rel=\"noopener\"><span style=\"color: #ff0000;\">\u017dUPNI LISTI\u0106<\/span><\/a><\/p>\t\t\t\t\t\t\t\t<\/div>\n\t\t\t\t<\/div>\n\t\t\t\t\t<\/div>\n\t\t<\/div>\n\t\t\t\t\t<\/div>\n\t\t<\/section>\n\t\t\t\t<\/div>\n\t\t","protected":false},"excerpt":{"rendered":"<p>Uskrs je blagdan \u017eivota, blagdan radosti, to nam svjedo\u010di uskrsli i \u017eivi Isus koji je pobijedio smrt. To nam svjedo\u010de i \u010ditanja \u0161to nam ih Crkva na dana\u0161nju svetkovinu stavlja u liturgiji pred nas. U njima nam svjedo\u010de \u017eene i u\u010denici kojima se uskrsli Gospodin prvoga dana po suboti ukazivao hrabre\u0107i ih i poti\u010du\u0107i da [&hellip;]<\/p>\n","protected":false},"author":1,"featured_media":10755,"comment_status":"closed","ping_status":"closed","sticky":false,"template":"","format":"standard","meta":{"ocean_post_layout":"","ocean_both_sidebars_style":"","ocean_both_sidebars_content_width":0,"ocean_both_sidebars_sidebars_width":0,"ocean_sidebar":"","ocean_second_sidebar":"","ocean_disable_margins":"enable","ocean_add_body_class":"","ocean_shortcode_before_top_bar":"","ocean_shortcode_after_top_bar":"","ocean_shortcode_before_header":"","ocean_shortcode_after_header":"","ocean_has_shortcode":"","ocean_shortcode_after_title":"","ocean_shortcode_before_footer_widgets":"","ocean_shortcode_after_footer_widgets":"","ocean_shortcode_before_footer_bottom":"","ocean_shortcode_after_footer_bottom":"","ocean_display_top_bar":"default","ocean_display_header":"default","ocean_header_style":"","ocean_center_header_left_menu":"","ocean_custom_header_template":"","ocean_custom_logo":0,"ocean_custom_retina_logo":0,"ocean_custom_logo_max_width":0,"ocean_custom_logo_tablet_max_width":0,"ocean_custom_logo_mobile_max_width":0,"ocean_custom_logo_max_height":0,"ocean_custom_logo_tablet_max_height":0,"ocean_custom_logo_mobile_max_height":0,"ocean_header_custom_menu":"","ocean_menu_typo_font_family":"","ocean_menu_typo_font_subset":"","ocean_menu_typo_font_size":0,"ocean_menu_typo_font_size_tablet":0,"ocean_menu_typo_font_size_mobile":0,"ocean_menu_typo_font_size_unit":"px","ocean_menu_typo_font_weight":"","ocean_menu_typo_font_weight_tablet":"","ocean_menu_typo_font_weight_mobile":"","ocean_menu_typo_transform":"","ocean_menu_typo_transform_tablet":"","ocean_menu_typo_transform_mobile":"","ocean_menu_typo_line_height":0,"ocean_menu_typo_line_height_tablet":0,"ocean_menu_typo_line_height_mobile":0,"ocean_menu_typo_line_height_unit":"","ocean_menu_typo_spacing":0,"ocean_menu_typo_spacing_tablet":0,"ocean_menu_typo_spacing_mobile":0,"ocean_menu_typo_spacing_unit":"","ocean_menu_link_color":"","ocean_menu_link_color_hover":"","ocean_menu_link_color_active":"","ocean_menu_link_background":"","ocean_menu_link_hover_background":"","ocean_menu_link_active_background":"","ocean_menu_social_links_bg":"","ocean_menu_social_hover_links_bg":"","ocean_menu_social_links_color":"","ocean_menu_social_hover_links_color":"","ocean_disable_title":"default","ocean_disable_heading":"default","ocean_post_title":"","ocean_post_subheading":"","ocean_post_title_style":"","ocean_post_title_background_color":"","ocean_post_title_background":0,"ocean_post_title_bg_image_position":"","ocean_post_title_bg_image_attachment":"","ocean_post_title_bg_image_repeat":"","ocean_post_title_bg_image_size":"","ocean_post_title_height":0,"ocean_post_title_bg_overlay":0.5,"ocean_post_title_bg_overlay_color":"","ocean_disable_breadcrumbs":"default","ocean_breadcrumbs_color":"","ocean_breadcrumbs_separator_color":"","ocean_breadcrumbs_links_color":"","ocean_breadcrumbs_links_hover_color":"","ocean_display_footer_widgets":"default","ocean_display_footer_bottom":"default","ocean_custom_footer_template":"","ocean_post_oembed":"","ocean_post_self_hosted_media":"","ocean_post_video_embed":"","ocean_link_format":"","ocean_link_format_target":"self","ocean_quote_format":"","ocean_quote_format_link":"post","ocean_gallery_link_images":"on","ocean_gallery_id":[],"footnotes":""},"categories":[16],"tags":[],"class_list":["post-10759","post","type-post","status-publish","format-standard","has-post-thumbnail","hentry","category-vijesti","entry","has-media"],"views":407,"_links":{"self":[{"href":"https:\/\/zupasvnikolakc.hr\/index.php?rest_route=\/wp\/v2\/posts\/10759","targetHints":{"allow":["GET"]}}],"collection":[{"href":"https:\/\/zupasvnikolakc.hr\/index.php?rest_route=\/wp\/v2\/posts"}],"about":[{"href":"https:\/\/zupasvnikolakc.hr\/index.php?rest_route=\/wp\/v2\/types\/post"}],"author":[{"embeddable":true,"href":"https:\/\/zupasvnikolakc.hr\/index.php?rest_route=\/wp\/v2\/users\/1"}],"replies":[{"embeddable":true,"href":"https:\/\/zupasvnikolakc.hr\/index.php?rest_route=%2Fwp%2Fv2%2Fcomments&post=10759"}],"version-history":[{"count":4,"href":"https:\/\/zupasvnikolakc.hr\/index.php?rest_route=\/wp\/v2\/posts\/10759\/revisions"}],"predecessor-version":[{"id":10763,"href":"https:\/\/zupasvnikolakc.hr\/index.php?rest_route=\/wp\/v2\/posts\/10759\/revisions\/10763"}],"wp:featuredmedia":[{"embeddable":true,"href":"https:\/\/zupasvnikolakc.hr\/index.php?rest_route=\/wp\/v2\/media\/10755"}],"wp:attachment":[{"href":"https:\/\/zupasvnikolakc.hr\/index.php?rest_route=%2Fwp%2Fv2%2Fmedia&parent=10759"}],"wp:term":[{"taxonomy":"category","embeddable":true,"href":"https:\/\/zupasvnikolakc.hr\/index.php?rest_route=%2Fwp%2Fv2%2Fcategories&post=10759"},{"taxonomy":"post_tag","embeddable":true,"href":"https:\/\/zupasvnikolakc.hr\/index.php?rest_route=%2Fwp%2Fv2%2Ftags&post=10759"}],"curies":[{"name":"wp","href":"https:\/\/api.w.org\/{rel}","templated":true}]}}