{"id":11216,"date":"2025-06-21T19:00:00","date_gmt":"2025-06-21T17:00:00","guid":{"rendered":"https:\/\/zupasvnikolakc.hr\/?p=11216"},"modified":"2025-06-18T12:48:37","modified_gmt":"2025-06-18T10:48:37","slug":"12-nedjelja-kroz-godinu-6","status":"publish","type":"post","link":"https:\/\/zupasvnikolakc.hr\/?p=11216","title":{"rendered":"12. nedjelja kroz godinu"},"content":{"rendered":"\t\t<div data-elementor-type=\"wp-post\" data-elementor-id=\"11216\" class=\"elementor elementor-11216\" data-elementor-post-type=\"post\">\n\t\t\t\t\t\t<section class=\"elementor-section elementor-top-section elementor-element elementor-element-9d45b37 elementor-section-boxed elementor-section-height-default elementor-section-height-default\" data-id=\"9d45b37\" data-element_type=\"section\" data-e-type=\"section\">\n\t\t\t\t\t\t<div class=\"elementor-container elementor-column-gap-default\">\n\t\t\t\t\t<div class=\"elementor-column elementor-col-100 elementor-top-column elementor-element elementor-element-8b34534\" data-id=\"8b34534\" data-element_type=\"column\" data-e-type=\"column\">\n\t\t\t<div class=\"elementor-widget-wrap elementor-element-populated\">\n\t\t\t\t\t\t<div class=\"elementor-element elementor-element-7dbbb93 elementor-widget elementor-widget-text-editor\" data-id=\"7dbbb93\" data-element_type=\"widget\" data-e-type=\"widget\" data-widget_type=\"text-editor.default\">\n\t\t\t\t<div class=\"elementor-widget-container\">\n\t\t\t\t\t\t\t\t\t<p><span style=\"color: #000000;\">Dragi vjernici, nakon blagdana Presvetog Trojstva i Tijelova vra\u0107amo se u na\u0161u liturgijsku svakodnevnicu, tj. u vrijeme kroz godinu. \u010citanja dvanaeste nedjelje kroz godinu progovaraju nam kako Isus stavlja pred svoje u\u010denike neka \u017eivotna pitanja. On je svjestan da se njegovi u\u010denici ne razlikuju puno od drugih svojih sunarodnjaka koji i\u0161\u010dekuju obe\u0107anog Mesiju koji \u0107e ih osloboditi od rimskog ropstva i donijeti politi\u010dki preokret i slobodu od okupatora. Takvim mesijom su smatrali apostoli Isusa. Smatrali su da je Isus taj obe\u0107ani Bo\u017eji poslanik kojega su stolje\u0107a navije\u0161tala i koji \u0107e im donijeti slobodu u politi\u010dkom smislu. Koji \u0107e stvoriti novo izraelsko kraljevstvo u kojem \u0107e oni biti na va\u017enim mjestima. Stoga Isus s razlogom, znaju\u0107i njihov stav i mi\u0161ljenje, kao i mi\u0161ljenje i i\u0161\u010dekivanje izraelskog naroda, namjerno pita svoje u\u010denike najprije \u0161to govore ljudi o njemu, tko je On? \u010culi smo odgovor u\u010denika je bio: <em>jedni da je prorok, drugi da je Ilija, tre\u0107i da je Ivan Krstitelj<\/em>. Lako je odgovoriti \u0161to drugi govore, to nam uvijek nekako lak\u0161e ide, prepri\u010davati ono \u0161to \u010dujemo od drugih. No Isus se tu ne zaustavlja, on ide dalje i tra\u017ei odgovor od njih: <em>A vi? \u0160to vi ka\u017eete tko sam ja?<\/em> Te\u0161ko je odgovoriti na izravno pitanje, koje ne ostavlja mnogo mogu\u0107nosti ve\u0107 iziskuje direktan odgovor! Nastala je ti\u0161ina, sve dok Petar nije nadahnut Duhom Svetim prozborio: <em>Ti si Krist, Pomazanik Bo\u017eji!<\/em> Dobiv\u0161i Petrov odgovor Isus ide korak dalje i govori im \u0161to se ima zbiti s njime, ne bi li tako pripremio svoje u\u010denike na stvarnost koja i njih o\u010dekuje kao njegove u\u010denike. On navije\u0161ta svoju muku i uskrsnu\u0107e, a njih poziva da ga slijede. Tu se sada doga\u0111a to razo\u010darenje u njegovim u\u010denicima, sve je dobro dok Isus ne progovara o kri\u017eu. Kri\u017e je za njih bio nepojmljiva stvarnost. Za njih je bilo nepojmljivo da On u kojeg su polagali sve svoje nade zavr\u0161i kao ostali zlo\u010dinci na kri\u017eu. Tek \u0107e to shvatiti i prihvatiti kada \u0107e Duh Sveti na dan Pedesetnice si\u0107i na njih i u\u010diniti ih novim ljudima koji su u stanju prihvatiti tu stvarnost kri\u017ea i poimanje Kraljevstva Nebeskoga. Tada zapravo shva\u0107aju tko je zapravo Isus i \u0161to zna\u010di kri\u017e i muka i uzimanje svakodnevno svoga kri\u017ea. On i danas tra\u017ei od nas \u0161to je neko\u0107 tra\u017eio i od svojih u\u010denika: <em>\u201eHo\u0107e li tko za mnom, neka se odre\u010de samoga sebe, neka danomice uzima svoj kri\u017e i neka ide za mnom\u201c<\/em>. Nasljedovanje Isusa ne ostavlja alternative, ono nam jasno govori da nasljedovati ne zna\u010di izabrati ono \u0161to mi je lak\u0161e i dra\u017ee i to slijediti i \u010diniti, nego prihva\u0107ati svoj \u017eivot i onda kada do\u0111u trenuci padova i pote\u0161ko\u0107a, bolesti i nemo\u0107i i s povjerenjem u Isusa truditi se svakog dana u vjeri \u017eivjeti svoj \u017eivot i poslanje.<\/span><\/p><p><span style=\"color: #000000;\"><em>Tomislav Petri\u0107, \u017eupnik<\/em><\/span><\/p>\t\t\t\t\t\t\t\t<\/div>\n\t\t\t\t<\/div>\n\t\t\t\t<div class=\"elementor-element elementor-element-de11980 elementor-widget elementor-widget-text-editor\" data-id=\"de11980\" data-element_type=\"widget\" data-e-type=\"widget\" data-widget_type=\"text-editor.default\">\n\t\t\t\t<div class=\"elementor-widget-container\">\n\t\t\t\t\t\t\t\t\t<p><span style=\"color: #ff0000;\"><strong>\u017dUPNE OBAVIJESTI<\/strong><\/span><\/p><p><span style=\"color: #000000;\"><strong>VJEN\u010cANJE:<\/strong><\/span><\/p><ul><li><span style=\"color: #000000;\">Mario Sabol i Natalija Hercigonja &#8211; subota (28.6.2025.) u 16 h<\/span><\/li><\/ul><p><a href=\"https:\/\/zupasvnikolakc.hr\/wp-content\/uploads\/2025\/06\/12.-N.-K-.GOD_.-LISTIC-2025.pdf\" target=\"_blank\" rel=\"noopener\"><span style=\"color: #ff0000;\">\u017dUPNI LISTI\u0106<\/span><\/a><\/p>\t\t\t\t\t\t\t\t<\/div>\n\t\t\t\t<\/div>\n\t\t\t\t\t<\/div>\n\t\t<\/div>\n\t\t\t\t\t<\/div>\n\t\t<\/section>\n\t\t\t\t<\/div>\n\t\t","protected":false},"excerpt":{"rendered":"<p>Dragi vjernici, nakon blagdana Presvetog Trojstva i Tijelova vra\u0107amo se u na\u0161u liturgijsku svakodnevnicu, tj. u vrijeme kroz godinu. \u010citanja dvanaeste nedjelje kroz godinu progovaraju nam kako Isus stavlja pred svoje u\u010denike neka \u017eivotna pitanja. On je svjestan da se njegovi u\u010denici ne razlikuju puno od drugih svojih sunarodnjaka koji i\u0161\u010dekuju obe\u0107anog Mesiju koji \u0107e [&hellip;]<\/p>\n","protected":false},"author":1,"featured_media":11217,"comment_status":"closed","ping_status":"closed","sticky":false,"template":"","format":"standard","meta":{"ocean_post_layout":"","ocean_both_sidebars_style":"","ocean_both_sidebars_content_width":0,"ocean_both_sidebars_sidebars_width":0,"ocean_sidebar":"","ocean_second_sidebar":"","ocean_disable_margins":"enable","ocean_add_body_class":"","ocean_shortcode_before_top_bar":"","ocean_shortcode_after_top_bar":"","ocean_shortcode_before_header":"","ocean_shortcode_after_header":"","ocean_has_shortcode":"","ocean_shortcode_after_title":"","ocean_shortcode_before_footer_widgets":"","ocean_shortcode_after_footer_widgets":"","ocean_shortcode_before_footer_bottom":"","ocean_shortcode_after_footer_bottom":"","ocean_display_top_bar":"default","ocean_display_header":"default","ocean_header_style":"","ocean_center_header_left_menu":"","ocean_custom_header_template":"","ocean_custom_logo":0,"ocean_custom_retina_logo":0,"ocean_custom_logo_max_width":0,"ocean_custom_logo_tablet_max_width":0,"ocean_custom_logo_mobile_max_width":0,"ocean_custom_logo_max_height":0,"ocean_custom_logo_tablet_max_height":0,"ocean_custom_logo_mobile_max_height":0,"ocean_header_custom_menu":"","ocean_menu_typo_font_family":"","ocean_menu_typo_font_subset":"","ocean_menu_typo_font_size":0,"ocean_menu_typo_font_size_tablet":0,"ocean_menu_typo_font_size_mobile":0,"ocean_menu_typo_font_size_unit":"px","ocean_menu_typo_font_weight":"","ocean_menu_typo_font_weight_tablet":"","ocean_menu_typo_font_weight_mobile":"","ocean_menu_typo_transform":"","ocean_menu_typo_transform_tablet":"","ocean_menu_typo_transform_mobile":"","ocean_menu_typo_line_height":0,"ocean_menu_typo_line_height_tablet":0,"ocean_menu_typo_line_height_mobile":0,"ocean_menu_typo_line_height_unit":"","ocean_menu_typo_spacing":0,"ocean_menu_typo_spacing_tablet":0,"ocean_menu_typo_spacing_mobile":0,"ocean_menu_typo_spacing_unit":"","ocean_menu_link_color":"","ocean_menu_link_color_hover":"","ocean_menu_link_color_active":"","ocean_menu_link_background":"","ocean_menu_link_hover_background":"","ocean_menu_link_active_background":"","ocean_menu_social_links_bg":"","ocean_menu_social_hover_links_bg":"","ocean_menu_social_links_color":"","ocean_menu_social_hover_links_color":"","ocean_disable_title":"default","ocean_disable_heading":"default","ocean_post_title":"","ocean_post_subheading":"","ocean_post_title_style":"","ocean_post_title_background_color":"","ocean_post_title_background":0,"ocean_post_title_bg_image_position":"","ocean_post_title_bg_image_attachment":"","ocean_post_title_bg_image_repeat":"","ocean_post_title_bg_image_size":"","ocean_post_title_height":0,"ocean_post_title_bg_overlay":0.5,"ocean_post_title_bg_overlay_color":"","ocean_disable_breadcrumbs":"default","ocean_breadcrumbs_color":"","ocean_breadcrumbs_separator_color":"","ocean_breadcrumbs_links_color":"","ocean_breadcrumbs_links_hover_color":"","ocean_display_footer_widgets":"default","ocean_display_footer_bottom":"default","ocean_custom_footer_template":"","ocean_post_oembed":"","ocean_post_self_hosted_media":"","ocean_post_video_embed":"","ocean_link_format":"","ocean_link_format_target":"self","ocean_quote_format":"","ocean_quote_format_link":"post","ocean_gallery_link_images":"on","ocean_gallery_id":[],"footnotes":""},"categories":[16],"tags":[],"class_list":["post-11216","post","type-post","status-publish","format-standard","has-post-thumbnail","hentry","category-vijesti","entry","has-media"],"views":335,"_links":{"self":[{"href":"https:\/\/zupasvnikolakc.hr\/index.php?rest_route=\/wp\/v2\/posts\/11216","targetHints":{"allow":["GET"]}}],"collection":[{"href":"https:\/\/zupasvnikolakc.hr\/index.php?rest_route=\/wp\/v2\/posts"}],"about":[{"href":"https:\/\/zupasvnikolakc.hr\/index.php?rest_route=\/wp\/v2\/types\/post"}],"author":[{"embeddable":true,"href":"https:\/\/zupasvnikolakc.hr\/index.php?rest_route=\/wp\/v2\/users\/1"}],"replies":[{"embeddable":true,"href":"https:\/\/zupasvnikolakc.hr\/index.php?rest_route=%2Fwp%2Fv2%2Fcomments&post=11216"}],"version-history":[{"count":4,"href":"https:\/\/zupasvnikolakc.hr\/index.php?rest_route=\/wp\/v2\/posts\/11216\/revisions"}],"predecessor-version":[{"id":11221,"href":"https:\/\/zupasvnikolakc.hr\/index.php?rest_route=\/wp\/v2\/posts\/11216\/revisions\/11221"}],"wp:featuredmedia":[{"embeddable":true,"href":"https:\/\/zupasvnikolakc.hr\/index.php?rest_route=\/wp\/v2\/media\/11217"}],"wp:attachment":[{"href":"https:\/\/zupasvnikolakc.hr\/index.php?rest_route=%2Fwp%2Fv2%2Fmedia&parent=11216"}],"wp:term":[{"taxonomy":"category","embeddable":true,"href":"https:\/\/zupasvnikolakc.hr\/index.php?rest_route=%2Fwp%2Fv2%2Fcategories&post=11216"},{"taxonomy":"post_tag","embeddable":true,"href":"https:\/\/zupasvnikolakc.hr\/index.php?rest_route=%2Fwp%2Fv2%2Ftags&post=11216"}],"curies":[{"name":"wp","href":"https:\/\/api.w.org\/{rel}","templated":true}]}}