{"id":11413,"date":"2025-07-26T19:00:00","date_gmt":"2025-07-26T17:00:00","guid":{"rendered":"https:\/\/zupasvnikolakc.hr\/?p=11413"},"modified":"2025-07-24T16:01:43","modified_gmt":"2025-07-24T14:01:43","slug":"17-nedjelja-kroz-godinu-6","status":"publish","type":"post","link":"https:\/\/zupasvnikolakc.hr\/?p=11413","title":{"rendered":"17. nedjelja kroz godinu"},"content":{"rendered":"\t\t<div data-elementor-type=\"wp-post\" data-elementor-id=\"11413\" class=\"elementor elementor-11413\" data-elementor-post-type=\"post\">\n\t\t\t\t\t\t<section class=\"elementor-section elementor-top-section elementor-element elementor-element-d6117c1 elementor-section-boxed elementor-section-height-default elementor-section-height-default\" data-id=\"d6117c1\" data-element_type=\"section\" data-e-type=\"section\">\n\t\t\t\t\t\t<div class=\"elementor-container elementor-column-gap-default\">\n\t\t\t\t\t<div class=\"elementor-column elementor-col-100 elementor-top-column elementor-element elementor-element-afb0640\" data-id=\"afb0640\" data-element_type=\"column\" data-e-type=\"column\">\n\t\t\t<div class=\"elementor-widget-wrap elementor-element-populated\">\n\t\t\t\t\t\t<div class=\"elementor-element elementor-element-83d0232 elementor-widget elementor-widget-text-editor\" data-id=\"83d0232\" data-element_type=\"widget\" data-e-type=\"widget\" data-widget_type=\"text-editor.default\">\n\t\t\t\t<div class=\"elementor-widget-container\">\n\t\t\t\t\t\t\t\t\t<p><span style=\"color: #000000;\">Dragi vjernici, dana\u0161nja nedjelja nas kroz svoja \u010ditanja poziva da promi\u0161ljamo o va\u017enosti molitve u na\u0161em \u017eivotu. Odlomak Lukinog evan\u0111elja nastavlja se na pro\u0161lo nedjeljni u kojem smo slu\u0161ali o onom boljem dijelu koji se ne mo\u017ee oduzeti, a koji je odabrala Marija u odnosu na sestru Martu. Sjedenje do nogu Isusovih i slu\u0161anje njegove rije\u010di jest zapravo vid molitve, molitve one zajedni\u010dke, euharistijske ali i one osobne, koja je duhovna hrana bez koje ne mo\u017eemo kao vjernici rasti i sazrijevati u odnosu s Bogom i na\u0161im bli\u017enjima. Mi dana\u0161nji Isusovi u\u010denici \u010desto se suo\u010davamo s istim dvojbama kao i neko\u0107 apostoli, kada su molili Isusa da ih nau\u010di moliti. Jer i mi \u010desto ne znamo kako i \u0161to moliti? \u010cesto molimo krivo, zato nas i danas Isus \u017eeli po \u010ditanjima dana\u0161nje nedjelje pou\u010diti kako valja svakodnevno ispravno moliti. Isus i nama danas progovara da na\u0161a molitva mora biti molitva s pouzdanjem i ustrajno\u0161\u0107u. Bogu ne trebamo nabrajati, jer On zna \u0161to nam treba i prije negoli ga zamolimo. Molitva mora biti stanje u kojem ostvarujemo istinski sinovski odnos prema Ocu, kako bismo primili dar njegove dobrote. Divan nam je uzor Abraham iz dana\u0161njeg prvog \u010ditanja, koje se tako\u0111er nastavlja na pro\u0161lo nedjeljno, jer ova trojica Bo\u017ejih ljudi nakon \u0161to ih je Abraham ugostio i pokazao im gostoprimstvo, te primio od njih vijest da \u0107e do godine dobiti sina, odlaze u Sodomu izvr\u0161iti Bo\u017eju kaznu zbog njihove velike gre\u0161nosti. Abraham \u017eeli spasiti grad od pravedne Bo\u017eje kazne zbog onih koji nisu krivi. Simpati\u010dno je pouzdanje kojim se Abraham obra\u0107a Bogu i gotovo se <em>\u201ecjenka\u201c<\/em> s njime, za koliko bi pravednika ipak po\u0161tedio grad. Zna da je pravednih malo, pa sve vi\u0161e spu\u0161ta broj, a uvijek iznova apelira na Bo\u017eje milosr\u0111e da grad po\u0161tedi zbog toga \u2013 iako malenog \u2013 broja pravednih. On nam pokazuje koliko vrijedi molitva jednog jedinog pravednika, prijatelja Bo\u017ejega! Kad bismo to znali, na\u0161e bi molitve izgledale sasvim druga\u010dije. Isus nam jasno i danas poru\u010duje da kad molimo moramo biti ustrajni, ne odustati nakon nekog vremena, jer Bog \u0107e nas zasigurno usli\u0161ati, ali mo\u017eda ne onda kada bismo mi to htjeli i na na\u010din na koji bismo mi to htjeli, jer Bog za razliku od nas ljudi gleda dalekose\u017eno i \u010dini ono \u0161to je najbolje za nas.<\/span><\/p>\t\t\t\t\t\t\t\t<\/div>\n\t\t\t\t<\/div>\n\t\t\t\t<div class=\"elementor-element elementor-element-fbeb8c2 elementor-widget elementor-widget-text-editor\" data-id=\"fbeb8c2\" data-element_type=\"widget\" data-e-type=\"widget\" data-widget_type=\"text-editor.default\">\n\t\t\t\t<div class=\"elementor-widget-container\">\n\t\t\t\t\t\t\t\t\t<p><span style=\"color: #ff0000;\"><strong>\u017dUPNE OBAVIJESTI<\/strong><\/span><\/p><p><span style=\"color: #000000;\"><strong>KR\u0160TENJE:<\/strong><\/span><\/p><ul><li><span style=\"color: #000000;\">Franka Ivi\u0107 &#8211; subota (2.8.2025.) u 17 h<\/span><\/li><\/ul><p><a href=\"https:\/\/zupasvnikolakc.hr\/wp-content\/uploads\/2025\/07\/17.-N.K.G-LISTIC-2025.pdf\" target=\"_blank\" rel=\"noopener\"><span style=\"color: #ff0000;\">\u017dUPNI LISTI\u0106<\/span><\/a><\/p>\t\t\t\t\t\t\t\t<\/div>\n\t\t\t\t<\/div>\n\t\t\t\t<div class=\"elementor-element elementor-element-ac4e624 elementor-widget elementor-widget-text-editor\" data-id=\"ac4e624\" data-element_type=\"widget\" data-e-type=\"widget\" data-widget_type=\"text-editor.default\">\n\t\t\t\t<div class=\"elementor-widget-container\">\n\t\t\t\t\t\t\t\t\t<p><span style=\"color: #000000;\"><strong>DAROVATELJI ZA POTREBE CRKVE<\/strong><\/span><\/p><ul><li><span style=\"color: #000000;\">Renata \u010corko, Trg kr. Tomislava 9<\/span><\/li><li><span style=\"color: #000000;\">Obit. Flajs, Kri\u017eeva\u010dka ul. 26<\/span><\/li><li><span style=\"color: #000000;\">Branko Markan, D. Banovec 33<\/span><\/li><li><span style=\"color: #000000;\">Ljubica \u0160vec, F. Galovi\u0107a 6<\/span><\/li><li><span style=\"color: #000000;\">Luka Pintarec, M. Viriusa 39<\/span><\/li><li><span style=\"color: #000000;\">Obit. Kompes, \u0160poljarska 12<\/span><\/li><li><span style=\"color: #000000;\">Josip Tomi\u0161a, Severovec 8<\/span><\/li><li><span style=\"color: #000000;\">Valentina Trnski, Trg kr. Tomislava 4<\/span><\/li><li><span style=\"color: #000000;\">Obit. Kru\u0161elj, Kri\u017eeva\u010dka ul 24 A<\/span><\/li><li><span style=\"color: #000000;\">Obit. Femec, F. Galovi\u0107a 16 A<\/span><\/li><li><span style=\"color: #000000;\">Obit. Mesari\u0107, Trg Podrav. heroja 6<\/span><\/li><li><span style=\"color: #000000;\">Dar jedne obitelji<\/span><\/li><li><span style=\"color: #000000;\">Katica Vrbo\u0161i\u0107, I. Me\u0161trovi\u0107a 28<\/span><\/li><li><span style=\"color: #000000;\">Terezija Herceg, Kri\u017eeva\u010dka ul 31 A<\/span><\/li><li><span style=\"color: #000000;\">Obit. Sikavica, D. Peja\u010devi\u0107 22<\/span><\/li><li><span style=\"color: #000000;\">Snje\u017eana i Ivan Gregur, Miklinovec 216<\/span><\/li><li><span style=\"color: #000000;\">Marija Nemec, Ledinska 34<\/span><\/li><li><span style=\"color: #000000;\">Obit. Potro\u0161ko, F. Galovi\u0107a 22 A<\/span><\/li><li><span style=\"color: #000000;\">Marija Bi\u0161kup, dom Baka Ilona<\/span><\/li><li><span style=\"color: #000000;\">Tamara Kopri\u010danec, Hrv. dr\u017eavnosti 17<\/span><\/li><li><span style=\"color: #000000;\">Obit. Trnski, Koprivni\u010dka 7, Vara\u017edin<\/span><\/li><li><span style=\"color: #000000;\">Obit. Solar i \u0160arec, F. Galovi\u0107a 3A<\/span><\/li><li><span style=\"color: #000000;\">Obit. \u0160ajkovi\u0107, I. Me\u0161trovi\u0107a 23<\/span><\/li><li><span style=\"color: #000000;\">Obit. Ogrinec, Frankopanska 23<\/span><\/li><li><span style=\"color: #000000;\">Obit. Pintari\u0107, Oru\u017eanska 17<\/span><\/li><li><span style=\"color: #000000;\">Obit. Pa\u0161a, Kr. Jelene 11<\/span><\/li><li><span style=\"color: #000000;\">Obit. Komes, M. P. Mi\u0161kine 24<\/span><\/li><li><span style=\"color: #000000;\">Obit. Polan\u010dec, Duga ul. 2<\/span><\/li><li><span style=\"color: #000000;\">Tomislav Bir\u0161i\u0107, Kri\u017eeva\u010dka ul. 46<\/span><\/li><li><span style=\"color: #000000;\">Marija Jakupec, Trg J. b. Jela\u010di\u0107a 14<\/span><\/li><li><span style=\"color: #000000;\">Obit. Medenjak, Kri\u017eeva\u010dka ul. 68 A<\/span><\/li><li><span style=\"color: #000000;\">Obit. Jozo, Tustonji\u0107 M. Virusa 7<\/span><\/li><li><span style=\"color: #000000;\">\u0160tefanija Crkvenec, Duga ul. 5<\/span><\/li><li><span style=\"color: #000000;\">Obit. Vargantoli\u0107, \u0110. Basari\u010deka 23 A<\/span><\/li><\/ul>\t\t\t\t\t\t\t\t<\/div>\n\t\t\t\t<\/div>\n\t\t\t\t\t<\/div>\n\t\t<\/div>\n\t\t\t\t\t<\/div>\n\t\t<\/section>\n\t\t\t\t<\/div>\n\t\t","protected":false},"excerpt":{"rendered":"<p>Dragi vjernici, dana\u0161nja nedjelja nas kroz svoja \u010ditanja poziva da promi\u0161ljamo o va\u017enosti molitve u na\u0161em \u017eivotu. Odlomak Lukinog evan\u0111elja nastavlja se na pro\u0161lo nedjeljni u kojem smo slu\u0161ali o onom boljem dijelu koji se ne mo\u017ee oduzeti, a koji je odabrala Marija u odnosu na sestru Martu. Sjedenje do nogu Isusovih i slu\u0161anje njegove [&hellip;]<\/p>\n","protected":false},"author":1,"featured_media":11409,"comment_status":"closed","ping_status":"closed","sticky":false,"template":"","format":"standard","meta":{"ocean_post_layout":"","ocean_both_sidebars_style":"","ocean_both_sidebars_content_width":0,"ocean_both_sidebars_sidebars_width":0,"ocean_sidebar":"","ocean_second_sidebar":"","ocean_disable_margins":"enable","ocean_add_body_class":"","ocean_shortcode_before_top_bar":"","ocean_shortcode_after_top_bar":"","ocean_shortcode_before_header":"","ocean_shortcode_after_header":"","ocean_has_shortcode":"","ocean_shortcode_after_title":"","ocean_shortcode_before_footer_widgets":"","ocean_shortcode_after_footer_widgets":"","ocean_shortcode_before_footer_bottom":"","ocean_shortcode_after_footer_bottom":"","ocean_display_top_bar":"default","ocean_display_header":"default","ocean_header_style":"","ocean_center_header_left_menu":"","ocean_custom_header_template":"","ocean_custom_logo":0,"ocean_custom_retina_logo":0,"ocean_custom_logo_max_width":0,"ocean_custom_logo_tablet_max_width":0,"ocean_custom_logo_mobile_max_width":0,"ocean_custom_logo_max_height":0,"ocean_custom_logo_tablet_max_height":0,"ocean_custom_logo_mobile_max_height":0,"ocean_header_custom_menu":"","ocean_menu_typo_font_family":"","ocean_menu_typo_font_subset":"","ocean_menu_typo_font_size":0,"ocean_menu_typo_font_size_tablet":0,"ocean_menu_typo_font_size_mobile":0,"ocean_menu_typo_font_size_unit":"px","ocean_menu_typo_font_weight":"","ocean_menu_typo_font_weight_tablet":"","ocean_menu_typo_font_weight_mobile":"","ocean_menu_typo_transform":"","ocean_menu_typo_transform_tablet":"","ocean_menu_typo_transform_mobile":"","ocean_menu_typo_line_height":0,"ocean_menu_typo_line_height_tablet":0,"ocean_menu_typo_line_height_mobile":0,"ocean_menu_typo_line_height_unit":"","ocean_menu_typo_spacing":0,"ocean_menu_typo_spacing_tablet":0,"ocean_menu_typo_spacing_mobile":0,"ocean_menu_typo_spacing_unit":"","ocean_menu_link_color":"","ocean_menu_link_color_hover":"","ocean_menu_link_color_active":"","ocean_menu_link_background":"","ocean_menu_link_hover_background":"","ocean_menu_link_active_background":"","ocean_menu_social_links_bg":"","ocean_menu_social_hover_links_bg":"","ocean_menu_social_links_color":"","ocean_menu_social_hover_links_color":"","ocean_disable_title":"default","ocean_disable_heading":"default","ocean_post_title":"","ocean_post_subheading":"","ocean_post_title_style":"","ocean_post_title_background_color":"","ocean_post_title_background":0,"ocean_post_title_bg_image_position":"","ocean_post_title_bg_image_attachment":"","ocean_post_title_bg_image_repeat":"","ocean_post_title_bg_image_size":"","ocean_post_title_height":0,"ocean_post_title_bg_overlay":0.5,"ocean_post_title_bg_overlay_color":"","ocean_disable_breadcrumbs":"default","ocean_breadcrumbs_color":"","ocean_breadcrumbs_separator_color":"","ocean_breadcrumbs_links_color":"","ocean_breadcrumbs_links_hover_color":"","ocean_display_footer_widgets":"default","ocean_display_footer_bottom":"default","ocean_custom_footer_template":"","ocean_post_oembed":"","ocean_post_self_hosted_media":"","ocean_post_video_embed":"","ocean_link_format":"","ocean_link_format_target":"self","ocean_quote_format":"","ocean_quote_format_link":"post","ocean_gallery_link_images":"on","ocean_gallery_id":[],"footnotes":""},"categories":[16],"tags":[],"class_list":["post-11413","post","type-post","status-publish","format-standard","has-post-thumbnail","hentry","category-vijesti","entry","has-media"],"views":440,"_links":{"self":[{"href":"https:\/\/zupasvnikolakc.hr\/index.php?rest_route=\/wp\/v2\/posts\/11413","targetHints":{"allow":["GET"]}}],"collection":[{"href":"https:\/\/zupasvnikolakc.hr\/index.php?rest_route=\/wp\/v2\/posts"}],"about":[{"href":"https:\/\/zupasvnikolakc.hr\/index.php?rest_route=\/wp\/v2\/types\/post"}],"author":[{"embeddable":true,"href":"https:\/\/zupasvnikolakc.hr\/index.php?rest_route=\/wp\/v2\/users\/1"}],"replies":[{"embeddable":true,"href":"https:\/\/zupasvnikolakc.hr\/index.php?rest_route=%2Fwp%2Fv2%2Fcomments&post=11413"}],"version-history":[{"count":4,"href":"https:\/\/zupasvnikolakc.hr\/index.php?rest_route=\/wp\/v2\/posts\/11413\/revisions"}],"predecessor-version":[{"id":11417,"href":"https:\/\/zupasvnikolakc.hr\/index.php?rest_route=\/wp\/v2\/posts\/11413\/revisions\/11417"}],"wp:featuredmedia":[{"embeddable":true,"href":"https:\/\/zupasvnikolakc.hr\/index.php?rest_route=\/wp\/v2\/media\/11409"}],"wp:attachment":[{"href":"https:\/\/zupasvnikolakc.hr\/index.php?rest_route=%2Fwp%2Fv2%2Fmedia&parent=11413"}],"wp:term":[{"taxonomy":"category","embeddable":true,"href":"https:\/\/zupasvnikolakc.hr\/index.php?rest_route=%2Fwp%2Fv2%2Fcategories&post=11413"},{"taxonomy":"post_tag","embeddable":true,"href":"https:\/\/zupasvnikolakc.hr\/index.php?rest_route=%2Fwp%2Fv2%2Ftags&post=11413"}],"curies":[{"name":"wp","href":"https:\/\/api.w.org\/{rel}","templated":true}]}}