{"id":11455,"date":"2025-08-16T19:00:00","date_gmt":"2025-08-16T17:00:00","guid":{"rendered":"https:\/\/zupasvnikolakc.hr\/?p=11455"},"modified":"2025-08-15T17:23:46","modified_gmt":"2025-08-15T15:23:46","slug":"20-nedjelja-kroz-godinu-5","status":"publish","type":"post","link":"https:\/\/zupasvnikolakc.hr\/?p=11455","title":{"rendered":"20. nedjelja kroz godinu"},"content":{"rendered":"\t\t<div data-elementor-type=\"wp-post\" data-elementor-id=\"11455\" class=\"elementor elementor-11455\" data-elementor-post-type=\"post\">\n\t\t\t\t\t\t<section class=\"elementor-section elementor-top-section elementor-element elementor-element-c239128 elementor-section-boxed elementor-section-height-default elementor-section-height-default\" data-id=\"c239128\" data-element_type=\"section\" data-e-type=\"section\">\n\t\t\t\t\t\t<div class=\"elementor-container elementor-column-gap-default\">\n\t\t\t\t\t<div class=\"elementor-column elementor-col-100 elementor-top-column elementor-element elementor-element-cbbc68e\" data-id=\"cbbc68e\" data-element_type=\"column\" data-e-type=\"column\">\n\t\t\t<div class=\"elementor-widget-wrap elementor-element-populated\">\n\t\t\t\t\t\t<div class=\"elementor-element elementor-element-e61dead elementor-widget elementor-widget-text-editor\" data-id=\"e61dead\" data-element_type=\"widget\" data-e-type=\"widget\" data-widget_type=\"text-editor.default\">\n\t\t\t\t<div class=\"elementor-widget-container\">\n\t\t\t\t\t\t\t\t\t<p><span style=\"color: #000000;\">Dana\u0161nja nedjelja nam donosi Isusovu zada\u0107u i cilj s kojim je do\u0161ao na zemlju. Zato i veli: <em>\u201eAli krstom mi se krstiti i kakve li muke za me dok se to ne izvr\u0161i!\u201c<\/em> Ovim rije\u010dima je nazna\u010dio da nije bilo dovoljno ono Ivanovo kr\u0161tenje kojem se podlo\u017eio, ve\u0107 da je on trebao donijeti na svijet pravo kr\u0161tenje koje je bilo kr\u0161tenje mukom i krvlju. To je kr\u0161tenje koje su i prvi kr\u0161\u0107ani prakticirali spremno daju\u0107i \u017eivot za svoga Gospodina, jasno tuma\u010de\u0107i da je kr\u0161tenje vodom samo po\u010detak cjelovite spremnosti Bogu se potpuno posvetiti i dati \u017eivot za njega i njegovu rije\u010d. Sam Isus kao i mnogi mu\u010denici kroz povijest Crkve svojim svjedo\u010denjem nam jasno potvr\u0111uju rije\u010di iz dana\u0161njeg evan\u0111elja za koje vjerujem da su bile pomalo radikalne za u\u0161i onog vremena, ali su isto tako radikalne za u\u0161i \u010dovjeka dana\u0161njeg vremena. Od kako je svijeta \u010dovjek tra\u017ei uvijek lak\u0161e puteve za sebe i svoje ciljeve koje \u017eeli ostvariti. Vjerujemo da nema ni me\u0111u nama toga koji nije u pojedinim situacijama na\u010dinio odre\u0111eni kompromis, jer u zajedni\u010dkom \u017eivotu valja imati razumijevanja i prema drugima te ne provoditi samovolju ili prisiljavati druge svojim stavovima, uvjerenjima i odlukama. Sve se to \u010dini u ime zajedni\u010dkoga \u017eivota i neophodne sloge koja treba vladati u ure\u0111enim ljudskim zajednicama kao \u0161to su obitelji ili dru\u0161tvo. Me\u0111utim \u010dinjenica je kako se ljudi \u010desto ne snalaze koji su sadr\u017eaji i koji je prostor kompromisa, a gdje bi trebali imati \u010dvrsta uvjerenja koja ne podlije\u017eu nikakvim kompromisima jer nisu takva da bi se njima moglo trgovati. Doista postoje stvari koje su \u010dovjeku dane i kojima je on zadan te ih ne mo\u017ee mijenjati, dok s druge strane ima mnogo toga \u0161to je manje bitno i drugotno u \u017eivotu, gdje se onda mo\u017ee razmi\u0161ljati o kompromisima i dogovorima poradi kvalitetnijega zajedni\u010dkog su\u017eivota u dru\u0161tvu. U tom smislu znamo da je i Isus do\u0161ao me\u0111u ljude kako bi im donio mir i kako bi ih u\u010dvrstio u zajedni\u0161tvu duha i kao bi u\u010dvrstio temelje na kojima po\u010diva \u010dovjek i dru\u0161tvo, jer mi ljudi znamo uzdrmati upravo te temelje, umjesto da nam budu neupitni. Upravo znaju\u0107i za na\u0161u ljudsku narav, kada se radi o samim temeljima ljudskog \u017eivota koje mi ljudi \u010desto radi sebi\u010dnih interesa smo spremni potkopati, on nam jasno progovara u dana\u0161njem evan\u0111elju: <em>Mislite li da sam do\u0161ao mir dati na zemlji? Nipo\u0161to, ka\u017eem vam, nego razdijeljenje.<\/em> Isus je vrlo jasno znao kako kompromis koji vrije\u0111a ljudsko dostojanstvo i njegova temeljna prava ne mo\u017ee biti zdrav kompromis. Kompromis u kojem se tra\u017ei srednji put izme\u0111u dobra i zla, istine i la\u017ei, nije ispravan kompromis, ve\u0107 gu\u0161enje dobra i istine. Kompromis u kojemu bi se mr\u017enji davalo jednako prostora koliko i ljubavi, ne bi bio nikakav kompromis, ve\u0107 kvarenje ljubavi. Isus nas u\u010di kako ljudski \u017eivot i pravo na njega ne mo\u017ee biti stvar \u010dovjekova kompromisa. Isto tako Isus nam jasno daje do znanja da njegov nauk nije i ne mo\u017ee biti stvar kompromisa za nas vjernike, jer nauk je temelj na\u0161e vjere i na\u0161eg spasenja.<\/span><\/p>\t\t\t\t\t\t\t\t<\/div>\n\t\t\t\t<\/div>\n\t\t\t\t<div class=\"elementor-element elementor-element-9b4ad6f elementor-widget elementor-widget-text-editor\" data-id=\"9b4ad6f\" data-element_type=\"widget\" data-e-type=\"widget\" data-widget_type=\"text-editor.default\">\n\t\t\t\t<div class=\"elementor-widget-container\">\n\t\t\t\t\t\t\t\t\t<p><span style=\"color: #ff0000;\"><strong>\u017dUPNE OBAVIJESTI<\/strong><\/span><\/p><p><span style=\"color: #000000;\"><strong>VJEN\u010cANJE:<\/strong><\/span><\/p><ul><li><span style=\"color: #000000;\">Dario Meri\u0107 i Mateja Remetovi\u0107 &#8211; petak (22.8.2025.) u 16 h<\/span><\/li><li><span style=\"color: #000000;\">Denis Piplica i Ana Raji\u0107 \u2013 subota (23.8.2025.) u 16 h<\/span><\/li><\/ul><p><span style=\"color: #000000;\"><strong>KR\u0160TENJE:<\/strong><\/span><\/p><ul><li><span style=\"color: #000000;\">Damjan Meri\u0107 &#8211; petak (22.8.2025.) u 16 h<\/span><\/li><li><span style=\"color: #000000;\">Erin Kekelj &#8211; subota (23.8.2025.) u 11 h<\/span><\/li><\/ul><p><a href=\"https:\/\/zupasvnikolakc.hr\/wp-content\/uploads\/2025\/08\/20.N.K.G.-LISTIC-2025.pdf\" target=\"_blank\" rel=\"noopener\"><span style=\"color: #ff0000;\">\u017dUPNI LISTI\u0106<\/span><\/a><\/p>\t\t\t\t\t\t\t\t<\/div>\n\t\t\t\t<\/div>\n\t\t\t\t\t<\/div>\n\t\t<\/div>\n\t\t\t\t\t<\/div>\n\t\t<\/section>\n\t\t\t\t<\/div>\n\t\t","protected":false},"excerpt":{"rendered":"<p>Dana\u0161nja nedjelja nam donosi Isusovu zada\u0107u i cilj s kojim je do\u0161ao na zemlju. Zato i veli: \u201eAli krstom mi se krstiti i kakve li muke za me dok se to ne izvr\u0161i!\u201c Ovim rije\u010dima je nazna\u010dio da nije bilo dovoljno ono Ivanovo kr\u0161tenje kojem se podlo\u017eio, ve\u0107 da je on trebao donijeti na svijet [&hellip;]<\/p>\n","protected":false},"author":1,"featured_media":11451,"comment_status":"closed","ping_status":"closed","sticky":false,"template":"","format":"standard","meta":{"ocean_post_layout":"","ocean_both_sidebars_style":"","ocean_both_sidebars_content_width":0,"ocean_both_sidebars_sidebars_width":0,"ocean_sidebar":"","ocean_second_sidebar":"","ocean_disable_margins":"enable","ocean_add_body_class":"","ocean_shortcode_before_top_bar":"","ocean_shortcode_after_top_bar":"","ocean_shortcode_before_header":"","ocean_shortcode_after_header":"","ocean_has_shortcode":"","ocean_shortcode_after_title":"","ocean_shortcode_before_footer_widgets":"","ocean_shortcode_after_footer_widgets":"","ocean_shortcode_before_footer_bottom":"","ocean_shortcode_after_footer_bottom":"","ocean_display_top_bar":"default","ocean_display_header":"default","ocean_header_style":"","ocean_center_header_left_menu":"","ocean_custom_header_template":"","ocean_custom_logo":0,"ocean_custom_retina_logo":0,"ocean_custom_logo_max_width":0,"ocean_custom_logo_tablet_max_width":0,"ocean_custom_logo_mobile_max_width":0,"ocean_custom_logo_max_height":0,"ocean_custom_logo_tablet_max_height":0,"ocean_custom_logo_mobile_max_height":0,"ocean_header_custom_menu":"","ocean_menu_typo_font_family":"","ocean_menu_typo_font_subset":"","ocean_menu_typo_font_size":0,"ocean_menu_typo_font_size_tablet":0,"ocean_menu_typo_font_size_mobile":0,"ocean_menu_typo_font_size_unit":"px","ocean_menu_typo_font_weight":"","ocean_menu_typo_font_weight_tablet":"","ocean_menu_typo_font_weight_mobile":"","ocean_menu_typo_transform":"","ocean_menu_typo_transform_tablet":"","ocean_menu_typo_transform_mobile":"","ocean_menu_typo_line_height":0,"ocean_menu_typo_line_height_tablet":0,"ocean_menu_typo_line_height_mobile":0,"ocean_menu_typo_line_height_unit":"","ocean_menu_typo_spacing":0,"ocean_menu_typo_spacing_tablet":0,"ocean_menu_typo_spacing_mobile":0,"ocean_menu_typo_spacing_unit":"","ocean_menu_link_color":"","ocean_menu_link_color_hover":"","ocean_menu_link_color_active":"","ocean_menu_link_background":"","ocean_menu_link_hover_background":"","ocean_menu_link_active_background":"","ocean_menu_social_links_bg":"","ocean_menu_social_hover_links_bg":"","ocean_menu_social_links_color":"","ocean_menu_social_hover_links_color":"","ocean_disable_title":"default","ocean_disable_heading":"default","ocean_post_title":"","ocean_post_subheading":"","ocean_post_title_style":"","ocean_post_title_background_color":"","ocean_post_title_background":0,"ocean_post_title_bg_image_position":"","ocean_post_title_bg_image_attachment":"","ocean_post_title_bg_image_repeat":"","ocean_post_title_bg_image_size":"","ocean_post_title_height":0,"ocean_post_title_bg_overlay":0.5,"ocean_post_title_bg_overlay_color":"","ocean_disable_breadcrumbs":"default","ocean_breadcrumbs_color":"","ocean_breadcrumbs_separator_color":"","ocean_breadcrumbs_links_color":"","ocean_breadcrumbs_links_hover_color":"","ocean_display_footer_widgets":"default","ocean_display_footer_bottom":"default","ocean_custom_footer_template":"","ocean_post_oembed":"","ocean_post_self_hosted_media":"","ocean_post_video_embed":"","ocean_link_format":"","ocean_link_format_target":"self","ocean_quote_format":"","ocean_quote_format_link":"post","ocean_gallery_link_images":"on","ocean_gallery_id":[],"footnotes":""},"categories":[16],"tags":[],"class_list":["post-11455","post","type-post","status-publish","format-standard","has-post-thumbnail","hentry","category-vijesti","entry","has-media"],"views":358,"_links":{"self":[{"href":"https:\/\/zupasvnikolakc.hr\/index.php?rest_route=\/wp\/v2\/posts\/11455","targetHints":{"allow":["GET"]}}],"collection":[{"href":"https:\/\/zupasvnikolakc.hr\/index.php?rest_route=\/wp\/v2\/posts"}],"about":[{"href":"https:\/\/zupasvnikolakc.hr\/index.php?rest_route=\/wp\/v2\/types\/post"}],"author":[{"embeddable":true,"href":"https:\/\/zupasvnikolakc.hr\/index.php?rest_route=\/wp\/v2\/users\/1"}],"replies":[{"embeddable":true,"href":"https:\/\/zupasvnikolakc.hr\/index.php?rest_route=%2Fwp%2Fv2%2Fcomments&post=11455"}],"version-history":[{"count":4,"href":"https:\/\/zupasvnikolakc.hr\/index.php?rest_route=\/wp\/v2\/posts\/11455\/revisions"}],"predecessor-version":[{"id":11459,"href":"https:\/\/zupasvnikolakc.hr\/index.php?rest_route=\/wp\/v2\/posts\/11455\/revisions\/11459"}],"wp:featuredmedia":[{"embeddable":true,"href":"https:\/\/zupasvnikolakc.hr\/index.php?rest_route=\/wp\/v2\/media\/11451"}],"wp:attachment":[{"href":"https:\/\/zupasvnikolakc.hr\/index.php?rest_route=%2Fwp%2Fv2%2Fmedia&parent=11455"}],"wp:term":[{"taxonomy":"category","embeddable":true,"href":"https:\/\/zupasvnikolakc.hr\/index.php?rest_route=%2Fwp%2Fv2%2Fcategories&post=11455"},{"taxonomy":"post_tag","embeddable":true,"href":"https:\/\/zupasvnikolakc.hr\/index.php?rest_route=%2Fwp%2Fv2%2Ftags&post=11455"}],"curies":[{"name":"wp","href":"https:\/\/api.w.org\/{rel}","templated":true}]}}