{"id":11470,"date":"2025-08-23T19:00:00","date_gmt":"2025-08-23T17:00:00","guid":{"rendered":"https:\/\/zupasvnikolakc.hr\/?p=11470"},"modified":"2025-08-22T08:11:34","modified_gmt":"2025-08-22T06:11:34","slug":"21-nedjelja-kroz-godinu-6","status":"publish","type":"post","link":"https:\/\/zupasvnikolakc.hr\/?p=11470","title":{"rendered":"21. nedjelja kroz godinu"},"content":{"rendered":"\t\t<div data-elementor-type=\"wp-post\" data-elementor-id=\"11470\" class=\"elementor elementor-11470\" data-elementor-post-type=\"post\">\n\t\t\t\t\t\t<section class=\"elementor-section elementor-top-section elementor-element elementor-element-8117c99 elementor-section-boxed elementor-section-height-default elementor-section-height-default\" data-id=\"8117c99\" data-element_type=\"section\" data-e-type=\"section\">\n\t\t\t\t\t\t<div class=\"elementor-container elementor-column-gap-default\">\n\t\t\t\t\t<div class=\"elementor-column elementor-col-100 elementor-top-column elementor-element elementor-element-7887adc\" data-id=\"7887adc\" data-element_type=\"column\" data-e-type=\"column\">\n\t\t\t<div class=\"elementor-widget-wrap elementor-element-populated\">\n\t\t\t\t\t\t<div class=\"elementor-element elementor-element-e51864f elementor-widget elementor-widget-text-editor\" data-id=\"e51864f\" data-element_type=\"widget\" data-e-type=\"widget\" data-widget_type=\"text-editor.default\">\n\t\t\t\t<div class=\"elementor-widget-container\">\n\t\t\t\t\t\t\t\t\t<p><span style=\"color: #000000;\">Dragi vjernici, pitanje spasenja je jedno od nezaobilaznih pitanja u ljudskom \u017eivotu, a i Gospodin Isus je \u010desto govorio o toj temi. \u0160tovi\u0161e, mo\u017ee se re\u0107i da je to bila jedna od \u010de\u0161\u0107ih i va\u017enijih tema njegova nauka te da ga nijedan sadr\u017eaj ljudskoga \u017eivota nije toliko zanimao, niti je o i\u010demu toliko govorio koliko o spasenju. Stoga i svojim suvremenicima, ali i svima nama, progovara o toj temi ali na svoj na\u010din, ne kroz brojke i statistike nego govore\u0107i o onome \u0161to je va\u017enije, kako se spasiti i \u0161to \u010diniti da nam spasenje ne izmakne iz ruku. Jer Isus za razliku od nas ljudi ne gleda na brojke, ne zanimaju ga statistike i ne zamara se njima kao mi. On koristi priliku da pou\u010di mno\u0161tvo \u0161to je zapravo va\u017eno \u010diniti kako bi se \u010dovjek spasio. Danas je situacija identi\u010dna. I me\u0111u nama ima mno\u0161tvo onih koji tvrde kako je Bog dobar i kako \u0107e spasiti sve ljude, a da sami nikad nisu odvojili vremena za sakramentalni \u017eivot koji povezuje vjernika s Bogom. Takve izjave mnogima postaju dobar izgovor da prekriju svoju lijenost, nezainteresiranost i mlakost, to jest da se nikad ne upitaju u kakvom im je stanju du\u0161a. Doista, mnogi misle da se do spasenja dolazi lako i olako, pa \u017eive svoj \u017eivot bezbri\u017eno, na nekim drugim kolosijecima razli\u010ditim od Bo\u017ejih. On danas i nama poru\u010duje da za spasenje nije dovoljno biti kr\u0161ten, pri\u010de\u0161\u0107en, krizman i koji puta biti na misi. Poziva nas da ne budemo poput \u017eidovskog naroda koji je sebe smatrao izabranim i povla\u0161tenim narodom za spasenje bez obzira na to kako su vjeru \u017eivjeli i prakticirali. Oni su mislili da je dovoljno da se rode kao \u017didovi i ve\u0107 su spa\u0161eni. A Isus jasno progovara da vjera nije hobi kojim \u0107emo se baviti u slobodno vrijeme i kada osjetimo da nam je ona potrebna iz nekih na\u0161ih osobnih razloga. Isus nam jasno poru\u010duje da je vjera ne\u0161to dublje i vrjednije od onoga za \u0161to je mi dr\u017eimo. Ona je dar Bo\u017eji, milosni dar koji po kr\u0161tenju primamo, ali ne da bi ga upakiranog \u010duvali, ve\u0107 da ga rabimo u \u017eivotu. Mnogi na\u0161i kr\u0161\u0107ani se odnose prema vjeri kao prema poklonu koji su od nekoga dobili i onda takvog upakiranog u ukrasni papir stavili negdje na policu i \u010duvaju ga umjesto da se njime slu\u017ee u \u017eivotu. Zato ova Isusova izjava smjera prvenstveno protiv onih koji s toliko povr\u0161nosti govore o Bogu, spasenju i \u017eivotu vje\u010dnome, a nikada nisu napravili dodatni napor u tom smjeru. Na nama ostaje koja \u0107emo vrata mi odabrati!<\/span><\/p>\t\t\t\t\t\t\t\t<\/div>\n\t\t\t\t<\/div>\n\t\t\t\t<div class=\"elementor-element elementor-element-e5691a0 elementor-widget elementor-widget-text-editor\" data-id=\"e5691a0\" data-element_type=\"widget\" data-e-type=\"widget\" data-widget_type=\"text-editor.default\">\n\t\t\t\t<div class=\"elementor-widget-container\">\n\t\t\t\t\t\t\t\t\t<p><span style=\"color: #ff0000;\"><strong>\u017dUPNE OBAVIJESTI<\/strong><\/span><\/p><p><span style=\"color: #000000;\"><strong>KR\u0160TENJE:<\/strong><\/span><\/p><ul><li><span style=\"color: #000000;\">Mila Lesar &#8211; nedjelja (31.8.2025.) u 12 h<\/span><\/li><\/ul><p><span style=\"color: #000000;\"><strong>VJEN\u010cANJE:<\/strong><\/span><\/p><ul><li><span style=\"color: #000000;\">Luka Peri\u010di\u0107 i\u00a0<\/span><span style=\"color: #000000;\">Mirela Martin\u010di\u0107 \u2013 subota (30.8.2025.) u 16 h<\/span><\/li><li><span style=\"color: #000000;\">Tedi Femec i\u00a0<\/span><span style=\"color: #000000;\">Anita \u0160o\u0161tari\u0107 \u2013 subota (30.8.2025.) u 17 h<\/span><\/li><\/ul><p><a href=\"https:\/\/zupasvnikolakc.hr\/wp-content\/uploads\/2025\/08\/21.N.K.G-LISTIC-2025.pdf\" target=\"_blank\" rel=\"noopener\"><span style=\"color: #ff0000;\">\u017dUPNI LISTI\u0106<\/span><\/a><\/p>\t\t\t\t\t\t\t\t<\/div>\n\t\t\t\t<\/div>\n\t\t\t\t<div class=\"elementor-element elementor-element-94aebff elementor-widget elementor-widget-text-editor\" data-id=\"94aebff\" data-element_type=\"widget\" data-e-type=\"widget\" data-widget_type=\"text-editor.default\">\n\t\t\t\t<div class=\"elementor-widget-container\">\n\t\t\t\t\t\t\t\t\t<p><span style=\"color: #000000;\"><strong>DAROVATELJI ZA POTREBE CRKVE<\/strong><\/span><\/p><ul><li><span style=\"color: #000000;\">Katica Vrbo\u0161i\u0107, I. Me\u0161trovi\u0107a 28<\/span><\/li><li><span style=\"color: #000000;\">Milica Buhin, Trg kr. Zvonimira 6<\/span><\/li><li><span style=\"color: #000000;\">Obit. Matotan, \u010carda 17 B<\/span><\/li><li><span style=\"color: #000000;\">Obit. Canjuga, Miklinovec 106<\/span><\/li><li><span style=\"color: #000000;\">Obit. Franjo, G. Banovec 12<\/span><\/li><li><span style=\"color: #000000;\">\u017deljko O\u017evati\u0107, Miklinovec 97<\/span><\/li><li><span style=\"color: #000000;\">Dar jedne obitelji<\/span><\/li><li><span style=\"color: #000000;\">Obit. Kelek, M. P. Mi\u0161kine 52 A<\/span><\/li><li><span style=\"color: #000000;\">Josipa Lovrinovi\u0107, M. Gubca 24, Peteranec<\/span><\/li><li><span style=\"color: #000000;\">Ana Tkalec, I. Me\u0161trovi\u0107a 19<\/span><\/li><li><span style=\"color: #000000;\">Dar jedne osobe<\/span><\/li><li><span style=\"color: #000000;\">Obit. Kos, M. Viriusa 48<\/span><\/li><li><span style=\"color: #000000;\">Kristijan i Magdalena Popla\u0161en, Kutnjak 153<\/span><\/li><li><span style=\"color: #000000;\">Obit. Pokos, M. P. Mi\u0161kine 50<\/span><\/li><li><span style=\"color: #000000;\">Obit. \u0160imi\u0107, Podravska 20<\/span><\/li><li><span style=\"color: #000000;\">Obit. Dinjar, Trako\u0161\u0107anska 31<\/span><\/li><li><span style=\"color: #000000;\">Snje\u017eana Zvonar, D. Vidovec<\/span><\/li><li><span style=\"color: #000000;\">Marija Golec, M. Gubca 18, Here\u0161in<\/span><\/li><li><span style=\"color: #000000;\">Obit. Matulec, M. Viriusa 14<\/span><\/li><li><span style=\"color: #000000;\">Milica Smok, I. Me\u0161trovi\u0107a 10<\/span><\/li><li><span style=\"color: #000000;\">Obit. \u0160ipu\u0161, Peteranska 111<\/span><\/li><li><span style=\"color: #000000;\">Alojzije Gregur, Miklinovec 111<\/span><\/li><li><span style=\"color: #000000;\">Obit. \u0160kvorc, D. Banovec 43<\/span><\/li><li><span style=\"color: #000000;\">Igor i Petra \u0160ipu\u0161, Peteranska 111<\/span><\/li><li><span style=\"color: #000000;\">Snje\u017eana Bo\u017ei\u0107, F. Ga\u017eija 17<\/span><\/li><li><span style=\"color: #000000;\">Obit. Sminderovac, Kn. Domagoja 3A<\/span><\/li><li><span style=\"color: #000000;\">Obit. Erne\u010di\u0107, Trg Slobode 2<\/span><\/li><li><span style=\"color: #000000;\">Obit. Pu\u017e, D. Banovec 24<\/span><\/li><li><span style=\"color: #000000;\">Klara Kukec, Miklinovec 193 F<\/span><\/li><li><span style=\"color: #000000;\">Dar jedne obitelji<\/span><\/li><li><span style=\"color: #000000;\">Obit. Juratovi\u0107, Peteranska 68<\/span><\/li><li><span style=\"color: #000000;\">Zvjezdana Horvat, F. Galovi\u0107a 16B<\/span><\/li><li><span style=\"color: #000000;\">Obit. Gal, M. P. Mi\u0161kine 43<\/span><\/li><li><span style=\"color: #000000;\">Karolina \u0160pani\u010dek, I. Me\u0161trovi\u0107a 8<\/span><\/li><li><span style=\"color: #000000;\">Damir Glavica, V. Nazora 3<\/span><\/li><li><span style=\"color: #000000;\">Obit. Kri\u017eaj, Frankopanska 27<\/span><\/li><li><span style=\"color: #000000;\">Obit. \u0160imuni\u0107, A. Star\u010devi\u0107a 49<\/span><\/li><li><span style=\"color: #000000;\">Obit. Gosari\u0107, Zagreb<\/span><\/li><li><span style=\"color: #000000;\">Obit. Androli\u0107, \u0110. Basari\u010deka 47<\/span><\/li><li><span style=\"color: #000000;\">Bo\u017eica Bartolec, A. Nem\u010di\u0107a 4<\/span><\/li><li><span style=\"color: #000000;\">Brankica Hlebar, Trg Zl. Bartl 4<\/span><\/li><\/ul>\t\t\t\t\t\t\t\t<\/div>\n\t\t\t\t<\/div>\n\t\t\t\t\t<\/div>\n\t\t<\/div>\n\t\t\t\t\t<\/div>\n\t\t<\/section>\n\t\t\t\t<\/div>\n\t\t","protected":false},"excerpt":{"rendered":"<p>Dragi vjernici, pitanje spasenja je jedno od nezaobilaznih pitanja u ljudskom \u017eivotu, a i Gospodin Isus je \u010desto govorio o toj temi. \u0160tovi\u0161e, mo\u017ee se re\u0107i da je to bila jedna od \u010de\u0161\u0107ih i va\u017enijih tema njegova nauka te da ga nijedan sadr\u017eaj ljudskoga \u017eivota nije toliko zanimao, niti je o i\u010demu toliko govorio koliko [&hellip;]<\/p>\n","protected":false},"author":1,"featured_media":11464,"comment_status":"closed","ping_status":"closed","sticky":false,"template":"","format":"standard","meta":{"ocean_post_layout":"","ocean_both_sidebars_style":"","ocean_both_sidebars_content_width":0,"ocean_both_sidebars_sidebars_width":0,"ocean_sidebar":"","ocean_second_sidebar":"","ocean_disable_margins":"enable","ocean_add_body_class":"","ocean_shortcode_before_top_bar":"","ocean_shortcode_after_top_bar":"","ocean_shortcode_before_header":"","ocean_shortcode_after_header":"","ocean_has_shortcode":"","ocean_shortcode_after_title":"","ocean_shortcode_before_footer_widgets":"","ocean_shortcode_after_footer_widgets":"","ocean_shortcode_before_footer_bottom":"","ocean_shortcode_after_footer_bottom":"","ocean_display_top_bar":"default","ocean_display_header":"default","ocean_header_style":"","ocean_center_header_left_menu":"","ocean_custom_header_template":"","ocean_custom_logo":0,"ocean_custom_retina_logo":0,"ocean_custom_logo_max_width":0,"ocean_custom_logo_tablet_max_width":0,"ocean_custom_logo_mobile_max_width":0,"ocean_custom_logo_max_height":0,"ocean_custom_logo_tablet_max_height":0,"ocean_custom_logo_mobile_max_height":0,"ocean_header_custom_menu":"","ocean_menu_typo_font_family":"","ocean_menu_typo_font_subset":"","ocean_menu_typo_font_size":0,"ocean_menu_typo_font_size_tablet":0,"ocean_menu_typo_font_size_mobile":0,"ocean_menu_typo_font_size_unit":"px","ocean_menu_typo_font_weight":"","ocean_menu_typo_font_weight_tablet":"","ocean_menu_typo_font_weight_mobile":"","ocean_menu_typo_transform":"","ocean_menu_typo_transform_tablet":"","ocean_menu_typo_transform_mobile":"","ocean_menu_typo_line_height":0,"ocean_menu_typo_line_height_tablet":0,"ocean_menu_typo_line_height_mobile":0,"ocean_menu_typo_line_height_unit":"","ocean_menu_typo_spacing":0,"ocean_menu_typo_spacing_tablet":0,"ocean_menu_typo_spacing_mobile":0,"ocean_menu_typo_spacing_unit":"","ocean_menu_link_color":"","ocean_menu_link_color_hover":"","ocean_menu_link_color_active":"","ocean_menu_link_background":"","ocean_menu_link_hover_background":"","ocean_menu_link_active_background":"","ocean_menu_social_links_bg":"","ocean_menu_social_hover_links_bg":"","ocean_menu_social_links_color":"","ocean_menu_social_hover_links_color":"","ocean_disable_title":"default","ocean_disable_heading":"default","ocean_post_title":"","ocean_post_subheading":"","ocean_post_title_style":"","ocean_post_title_background_color":"","ocean_post_title_background":0,"ocean_post_title_bg_image_position":"","ocean_post_title_bg_image_attachment":"","ocean_post_title_bg_image_repeat":"","ocean_post_title_bg_image_size":"","ocean_post_title_height":0,"ocean_post_title_bg_overlay":0.5,"ocean_post_title_bg_overlay_color":"","ocean_disable_breadcrumbs":"default","ocean_breadcrumbs_color":"","ocean_breadcrumbs_separator_color":"","ocean_breadcrumbs_links_color":"","ocean_breadcrumbs_links_hover_color":"","ocean_display_footer_widgets":"default","ocean_display_footer_bottom":"default","ocean_custom_footer_template":"","ocean_post_oembed":"","ocean_post_self_hosted_media":"","ocean_post_video_embed":"","ocean_link_format":"","ocean_link_format_target":"self","ocean_quote_format":"","ocean_quote_format_link":"post","ocean_gallery_link_images":"on","ocean_gallery_id":[],"footnotes":""},"categories":[16],"tags":[],"class_list":["post-11470","post","type-post","status-publish","format-standard","has-post-thumbnail","hentry","category-vijesti","entry","has-media"],"views":396,"_links":{"self":[{"href":"https:\/\/zupasvnikolakc.hr\/index.php?rest_route=\/wp\/v2\/posts\/11470","targetHints":{"allow":["GET"]}}],"collection":[{"href":"https:\/\/zupasvnikolakc.hr\/index.php?rest_route=\/wp\/v2\/posts"}],"about":[{"href":"https:\/\/zupasvnikolakc.hr\/index.php?rest_route=\/wp\/v2\/types\/post"}],"author":[{"embeddable":true,"href":"https:\/\/zupasvnikolakc.hr\/index.php?rest_route=\/wp\/v2\/users\/1"}],"replies":[{"embeddable":true,"href":"https:\/\/zupasvnikolakc.hr\/index.php?rest_route=%2Fwp%2Fv2%2Fcomments&post=11470"}],"version-history":[{"count":7,"href":"https:\/\/zupasvnikolakc.hr\/index.php?rest_route=\/wp\/v2\/posts\/11470\/revisions"}],"predecessor-version":[{"id":11478,"href":"https:\/\/zupasvnikolakc.hr\/index.php?rest_route=\/wp\/v2\/posts\/11470\/revisions\/11478"}],"wp:featuredmedia":[{"embeddable":true,"href":"https:\/\/zupasvnikolakc.hr\/index.php?rest_route=\/wp\/v2\/media\/11464"}],"wp:attachment":[{"href":"https:\/\/zupasvnikolakc.hr\/index.php?rest_route=%2Fwp%2Fv2%2Fmedia&parent=11470"}],"wp:term":[{"taxonomy":"category","embeddable":true,"href":"https:\/\/zupasvnikolakc.hr\/index.php?rest_route=%2Fwp%2Fv2%2Fcategories&post=11470"},{"taxonomy":"post_tag","embeddable":true,"href":"https:\/\/zupasvnikolakc.hr\/index.php?rest_route=%2Fwp%2Fv2%2Ftags&post=11470"}],"curies":[{"name":"wp","href":"https:\/\/api.w.org\/{rel}","templated":true}]}}