{"id":11586,"date":"2025-09-20T19:00:00","date_gmt":"2025-09-20T17:00:00","guid":{"rendered":"https:\/\/zupasvnikolakc.hr\/?p=11586"},"modified":"2025-09-18T22:27:45","modified_gmt":"2025-09-18T20:27:45","slug":"25-nedjelja-kroz-godinu-6","status":"publish","type":"post","link":"https:\/\/zupasvnikolakc.hr\/?p=11586","title":{"rendered":"25. nedjelja kroz godinu"},"content":{"rendered":"\t\t<div data-elementor-type=\"wp-post\" data-elementor-id=\"11586\" class=\"elementor elementor-11586\" data-elementor-post-type=\"post\">\n\t\t\t\t\t\t<section class=\"elementor-section elementor-top-section elementor-element elementor-element-ab11f87 elementor-section-boxed elementor-section-height-default elementor-section-height-default\" data-id=\"ab11f87\" data-element_type=\"section\" data-e-type=\"section\">\n\t\t\t\t\t\t<div class=\"elementor-container elementor-column-gap-default\">\n\t\t\t\t\t<div class=\"elementor-column elementor-col-100 elementor-top-column elementor-element elementor-element-3233c39\" data-id=\"3233c39\" data-element_type=\"column\" data-e-type=\"column\">\n\t\t\t<div class=\"elementor-widget-wrap elementor-element-populated\">\n\t\t\t\t\t\t<div class=\"elementor-element elementor-element-c1fef85 elementor-widget elementor-widget-text-editor\" data-id=\"c1fef85\" data-element_type=\"widget\" data-e-type=\"widget\" data-widget_type=\"text-editor.default\">\n\t\t\t\t<div class=\"elementor-widget-container\">\n\t\t\t\t\t\t\t\t\t<p><span style=\"color: #000000;\">Po\u010detak je nove \u0161kolske godine. Prilika je to, ne samo za \u0161kolsku djecu i mlade\u017e, nad koje \u0107emo danas zazvati silazak Duha Svetoga, ve\u0107 i za sve nas dragi vjernici da razmi\u0161ljamo o Bo\u017ejoj poruci koju nam Isus donosi u dana\u0161njem evan\u0111elju. Evan\u0111elist Luka nam prenosi vrlo neobi\u010dnu Gospodinovu prispodobu. Povrh svega se \u010dini da Isus svojom izjavom ne zagovara nikakve smicalice, nikakvo nepravedno stjecanje bogatstva kojim bi se onda zadu\u017eivalo i kupovalo ljude kako to \u010dine <em>\u201edjeca ovoga svijeta\u201c<\/em>. Isus je radikalan u odnosu prema materijalnom bogatstvu, nije protiv njega, ali ne \u017eeli da \u010dovjek robuje njemu. Isus je svjestan da \u0107e mnogi u\u010diniti sve za svoju zemaljsku egzistenciju i sigurnost, pa i riskirat nemoralne postupke i sam svoj ugled. Stoga nas dana\u0161njom prispodobom \u017eeli potaknuti da \u010dovjek vjernik bi se trebao jo\u0161 ve\u0107im \u017earom kojim se bori za svoju materijalnu, boriti i za onu vje\u010dnu i ne prolaznu sigurnost. Samo i jedino to je Isus htio tom pri\u010dom naglasiti. Svjesni smo da svaki razborit \u010dovjek planira i misli na svoju budu\u0107nost. Razborit \u010dovjek se brine kako osigurati svoju starost kad vi\u0161e ne mogne raditi i privre\u0111ivati. Sve je to u redu. Ali, zar ne bi trebalo onda barem istim nastojanjem raditi oko svoje vje\u010dne budu\u0107nosti. Jer, <em>\u201e\u0161to \u0107e koristi \u010dovjeku, ako sav svijet stekne, a \u017eivotu svojem naudi?\u201c<\/em> veli Gospodin. I to vje\u010dnom \u017eivotu. A da Bog osu\u0111uje takve postupke same, re\u010deno je u prvom dana\u0161njem \u010ditanju iz knjige proroka Amosa u kojoj se vidi da je kriminal uzeo maha. Nije rije\u010d samo o jednom <em>\u201esnala\u017eljivom\u201c<\/em> upravitelju, tu se dogovaraju trgovci me\u0111usobno, oni \u0161to <em>\u201egaze potrebnika\u201c<\/em>. Dogovaraju se i planiraju nepo\u0161tenu trgovinu, i to \u010dim pro\u0111e mla\u0111ak (prvi dan u mjesecu po lunarnom kalendaru) za kojega se trgovina, kao i subotom, morala obustaviti. Jedva \u010dekaju da pro\u0111e blagdan i da se vrate svojoj trgovini i svome varanju ljudi koji su u potrebi, a koje ni jedna tr\u017ena inspekcija ne \u0107e za\u0161tititi. Smanjit \u0107e efu (mjera za \u017eito), a pove\u0107ati \u0161ekel (kovani novac), varati krivim mjerama. Na sve te nepravedne postupke slijedi Bo\u017eja prijetnja pod zakletvom: <em>\u201eDovijeka ne\u0107u zaboraviti nijednoga djela va\u0161ega!\u201c<\/em>. Da i Isus upravo tako misli, jasno je iz nastavka dana\u0161njeg Evan\u0111elja. Isus nastavlja: <em>\u201eTko je vjeran u najmanjem, i u najve\u0107em je vjeran; a tko je u najmanjem nepo\u0161ten, i u najve\u0107em je nepo\u0161ten.\u201c<\/em> Isusovu prispodobu mo\u017eemo primijeniti i na na\u0161u \u0161kolsku djecu, jer i njih Isus \u017eeli danas potaknuti da trebaju odgovorno shvatiti svoje \u0161kolske obveze i truditi se sada stjecati znanje koje \u0107e im kasnije u \u017eivotu itekako trebati. Znanje koje \u0107e onda upotrijebiti kako za svoj osobni napredak tako i za napredak dru\u0161tva. Stoga neka nas Isusova poruka sve zajedno ohrabri da budemo vjerni u malim stvarima, kako bi nas Bog nagradio velikom nagradom, budimo vjerni u ovom zemaljskom, kako bi nam Bog podario nebesko, budimo vjerni u vremenitom, kako bi nas Bog uveo u vje\u010dne domove svoga Kraljevstva.<\/span><\/p>\t\t\t\t\t\t\t\t<\/div>\n\t\t\t\t<\/div>\n\t\t\t\t<div class=\"elementor-element elementor-element-d6091c3 elementor-widget elementor-widget-text-editor\" data-id=\"d6091c3\" data-element_type=\"widget\" data-e-type=\"widget\" data-widget_type=\"text-editor.default\">\n\t\t\t\t<div class=\"elementor-widget-container\">\n\t\t\t\t\t\t\t\t\t<p><span style=\"color: #ff0000;\"><strong>\u017dUPNE OBAVIJESTI<\/strong><\/span><\/p><p><span style=\"color: #000000;\"><strong>VJEN\u010cANJE:<\/strong><\/span><\/p><ul><li><span style=\"color: #000000;\">Dorian Roj\u010devi\u0107 i Lucija Hajdukovi\u0107 &#8211; petak (26.9.2025.) u 16 h<\/span><\/li><\/ul><p><span style=\"color: #000000;\"><strong>KR\u0160TENJE:<\/strong><\/span><\/p><ul><li><span style=\"color: #000000;\">Ilona Karlov\u010dan &#8211; subota (27.9.2025.) u 11 h<\/span><\/li><\/ul><p><span style=\"color: #000000;\"><strong>ISPOVIJED ZA \u0160KOLSKU DJECU<\/strong> (kandidati za krizmu 7 i 8 razredi obvezni):<\/span><\/p><ul><li><span style=\"color: #000000;\">subota (27.9.2025.) u 9 h u crkvi<\/span><\/li><\/ul><p><span style=\"color: #000000;\"><strong>VJERONAUK:<\/strong><\/span><\/p><ul><li><span style=\"color: #000000;\">prvopri\u010desnici &#8211; subota (27.9.2025.) u 10 h u \u017eupnoj dvorani<\/span><\/li><\/ul><p><a href=\"https:\/\/zupasvnikolakc.hr\/wp-content\/uploads\/2025\/09\/25.N.K.G-LISTIC-2025.pdf\" target=\"_blank\" rel=\"noopener\"><span style=\"color: #ff0000;\">\u017dUPNI LISTI\u0106<\/span><\/a><\/p>\t\t\t\t\t\t\t\t<\/div>\n\t\t\t\t<\/div>\n\t\t\t\t<div class=\"elementor-element elementor-element-e15d081 elementor-widget elementor-widget-text-editor\" data-id=\"e15d081\" data-element_type=\"widget\" data-e-type=\"widget\" data-widget_type=\"text-editor.default\">\n\t\t\t\t<div class=\"elementor-widget-container\">\n\t\t\t\t\t\t\t\t\t<p><span style=\"color: #000000;\"><strong>DAROVATELJI ZA POTREBE CRKVE<\/strong><\/span><\/p><ul><li><span style=\"color: #000000;\">Obit. \u0160labek, A. \u0160enoe 27<\/span><\/li><li><span style=\"color: #000000;\">Obit. Paveli\u0107, Tara\u0161\u010dice 11<\/span><\/li><li><span style=\"color: #000000;\">Obit. Kelek, M. P. Mi\u0161kine 52 A<\/span><\/li><li><span style=\"color: #000000;\">Branko Markan, D. Banovec 33<\/span><\/li><li><span style=\"color: #000000;\">Obit. Gruji\u010di\u0107, Zl. Bartl 12<\/span><\/li><li><span style=\"color: #000000;\">Obit. \u0160tefanac, Trg E. Kumi\u010di\u0107a 12<\/span><\/li><li><span style=\"color: #000000;\">Anica \u0160vabek, M. P. Mi\u0161kine 31<\/span><\/li><li><span style=\"color: #000000;\">\u0110ur\u0111ica \u0160tefanec-Valenti\u0107, Hrv. dr\u017eavnosti 11B<\/span><\/li><li><span style=\"color: #000000;\">Ljerka Zale\u0161ak, N. Tesle 20<\/span><\/li><li><span style=\"color: #000000;\">Danijel Jura\u0161i\u0107, Br. Radi\u0107 12<\/span><\/li><li><span style=\"color: #000000;\">Obit. Jura\u0161i\u0107, Peteranska c 4<\/span><\/li><li><span style=\"color: #000000;\">Obit. Budimski, Zagreb<\/span><\/li><li><span style=\"color: #000000;\">Obit. Bubalo\u2013Solar, F. Galovi\u0107a 3A<\/span><\/li><li><span style=\"color: #000000;\">Obit. Kordina, I. Gunduli\u0107a 17<\/span><\/li><li><span style=\"color: #000000;\">Obit. Jakopovi\u0107, Br. Radi\u0107 19<\/span><\/li><li><span style=\"color: #000000;\">Dar jedne osobe<\/span><\/li><li><span style=\"color: #000000;\">Jelica Horvat, P. V. Pavlovi\u0107a 2<\/span><\/li><li><span style=\"color: #000000;\">Dar jedne osobe<\/span><\/li><li><span style=\"color: #000000;\">Dragica Pa\u0161ica, Trg Podrav. heroja 4<\/span><\/li><li><span style=\"color: #000000;\">Luka i Mirela Peri\u010di\u0107, D. Banovec 39<\/span><\/li><li><span style=\"color: #000000;\">Obit. Sa\u010der, Hrv. dr\u017eavnosti 25<\/span><\/li><li><span style=\"color: #000000;\">Snje\u017eana Bo\u017ei\u0107, F. Ga\u017eija 17<\/span><\/li><li><span style=\"color: #000000;\">Katica Vrbo\u0161i\u0107, I. Me\u0161trovi\u0107a 28<\/span><\/li><li><span style=\"color: #000000;\">Obit. Gan\u017euli\u0107, \u010carda 59 B<\/span><\/li><li><span style=\"color: #000000;\">Obit. Pun\u010dikar, S. Kukca 12<\/span><\/li><li><span style=\"color: #000000;\">Obit. Lesar, Peteranska c 36 A<\/span><\/li><li><span style=\"color: #000000;\">Obit. Vukoni\u0107, I. Me\u0161trovi\u0107a 18 B<\/span><\/li><li><span style=\"color: #000000;\">Obit. Furdi\u0107, Trg kr. Tomislava 3<\/span><\/li><li><span style=\"color: #000000;\">Marijan Krle\u017ea, Ledinska 31 B<\/span><\/li><li><span style=\"color: #000000;\">Ljubica Vrban, M. P. Mi\u0161kine 46 A<\/span><\/li><li><span style=\"color: #000000;\">Obit. Baran, A. G. Mato\u0161a 6<\/span><\/li><li><span style=\"color: #000000;\">Obit. Grmek, Trg Zl. Bartl 14 A<\/span><\/li><li><span style=\"color: #000000;\">Zdenka Bla\u017eek, G. Banovec 21<\/span><\/li><li><span style=\"color: #000000;\">Obit. Kani\u017eanec, A. \u0160enoe 25<\/span><\/li><li><span style=\"color: #000000;\">Obit. Vrankove\u010dki, Peteranska c 79<\/span><\/li><li><span style=\"color: #000000;\">Obit. Papp, Hrv. dr\u017eavnosti 20<\/span><\/li><li><span style=\"color: #000000;\">Obit. Molnar, \u010carda 32<\/span><\/li><li><span style=\"color: #000000;\">Obit. Bla\u017eek, Crnogorska 9 B<\/span><\/li><li><span style=\"color: #000000;\">Obit. Lisjak, Ledinska 15<\/span><\/li><li><span style=\"color: #000000;\">Obit. Kolak, Ledinska 36 A<\/span><\/li><li><span style=\"color: #000000;\">Obit. Kru\u0161elj, Kri\u017eeva\u010dka ul. 24 A<\/span><\/li><li><span style=\"color: #000000;\">Obit. Matijevi\u0107, \u010carda 47<\/span><\/li><li><span style=\"color: #000000;\">Josipa Oberan, Trg kr. Tomislava 9<\/span><\/li><li><span style=\"color: #000000;\">Obit. Pintarec, M. Viriusa 39<\/span><\/li><li><span style=\"color: #000000;\">Manda Kadi\u0107, Trg Podrav. heroja 4 A<\/span><\/li><li><span style=\"color: #000000;\">Obit. Kova\u010dec, Peteranska c 74<\/span><\/li><li><span style=\"color: #000000;\">Obit. Lon\u010dari\u0107 &#8211; Flatz, Kri\u017eeva\u010dka 51 A<\/span><\/li><li><span style=\"color: #000000;\">Obit. Bosak, Vinogradska 60, Glogovac<\/span><\/li><\/ul>\t\t\t\t\t\t\t\t<\/div>\n\t\t\t\t<\/div>\n\t\t\t\t\t<\/div>\n\t\t<\/div>\n\t\t\t\t\t<\/div>\n\t\t<\/section>\n\t\t\t\t<\/div>\n\t\t","protected":false},"excerpt":{"rendered":"<p>Po\u010detak je nove \u0161kolske godine. Prilika je to, ne samo za \u0161kolsku djecu i mlade\u017e, nad koje \u0107emo danas zazvati silazak Duha Svetoga, ve\u0107 i za sve nas dragi vjernici da razmi\u0161ljamo o Bo\u017ejoj poruci koju nam Isus donosi u dana\u0161njem evan\u0111elju. Evan\u0111elist Luka nam prenosi vrlo neobi\u010dnu Gospodinovu prispodobu. Povrh svega se \u010dini da [&hellip;]<\/p>\n","protected":false},"author":1,"featured_media":11582,"comment_status":"closed","ping_status":"closed","sticky":false,"template":"","format":"standard","meta":{"ocean_post_layout":"","ocean_both_sidebars_style":"","ocean_both_sidebars_content_width":0,"ocean_both_sidebars_sidebars_width":0,"ocean_sidebar":"","ocean_second_sidebar":"","ocean_disable_margins":"enable","ocean_add_body_class":"","ocean_shortcode_before_top_bar":"","ocean_shortcode_after_top_bar":"","ocean_shortcode_before_header":"","ocean_shortcode_after_header":"","ocean_has_shortcode":"","ocean_shortcode_after_title":"","ocean_shortcode_before_footer_widgets":"","ocean_shortcode_after_footer_widgets":"","ocean_shortcode_before_footer_bottom":"","ocean_shortcode_after_footer_bottom":"","ocean_display_top_bar":"default","ocean_display_header":"default","ocean_header_style":"","ocean_center_header_left_menu":"","ocean_custom_header_template":"","ocean_custom_logo":0,"ocean_custom_retina_logo":0,"ocean_custom_logo_max_width":0,"ocean_custom_logo_tablet_max_width":0,"ocean_custom_logo_mobile_max_width":0,"ocean_custom_logo_max_height":0,"ocean_custom_logo_tablet_max_height":0,"ocean_custom_logo_mobile_max_height":0,"ocean_header_custom_menu":"","ocean_menu_typo_font_family":"","ocean_menu_typo_font_subset":"","ocean_menu_typo_font_size":0,"ocean_menu_typo_font_size_tablet":0,"ocean_menu_typo_font_size_mobile":0,"ocean_menu_typo_font_size_unit":"px","ocean_menu_typo_font_weight":"","ocean_menu_typo_font_weight_tablet":"","ocean_menu_typo_font_weight_mobile":"","ocean_menu_typo_transform":"","ocean_menu_typo_transform_tablet":"","ocean_menu_typo_transform_mobile":"","ocean_menu_typo_line_height":0,"ocean_menu_typo_line_height_tablet":0,"ocean_menu_typo_line_height_mobile":0,"ocean_menu_typo_line_height_unit":"","ocean_menu_typo_spacing":0,"ocean_menu_typo_spacing_tablet":0,"ocean_menu_typo_spacing_mobile":0,"ocean_menu_typo_spacing_unit":"","ocean_menu_link_color":"","ocean_menu_link_color_hover":"","ocean_menu_link_color_active":"","ocean_menu_link_background":"","ocean_menu_link_hover_background":"","ocean_menu_link_active_background":"","ocean_menu_social_links_bg":"","ocean_menu_social_hover_links_bg":"","ocean_menu_social_links_color":"","ocean_menu_social_hover_links_color":"","ocean_disable_title":"default","ocean_disable_heading":"default","ocean_post_title":"","ocean_post_subheading":"","ocean_post_title_style":"","ocean_post_title_background_color":"","ocean_post_title_background":0,"ocean_post_title_bg_image_position":"","ocean_post_title_bg_image_attachment":"","ocean_post_title_bg_image_repeat":"","ocean_post_title_bg_image_size":"","ocean_post_title_height":0,"ocean_post_title_bg_overlay":0.5,"ocean_post_title_bg_overlay_color":"","ocean_disable_breadcrumbs":"default","ocean_breadcrumbs_color":"","ocean_breadcrumbs_separator_color":"","ocean_breadcrumbs_links_color":"","ocean_breadcrumbs_links_hover_color":"","ocean_display_footer_widgets":"default","ocean_display_footer_bottom":"default","ocean_custom_footer_template":"","ocean_post_oembed":"","ocean_post_self_hosted_media":"","ocean_post_video_embed":"","ocean_link_format":"","ocean_link_format_target":"self","ocean_quote_format":"","ocean_quote_format_link":"post","ocean_gallery_link_images":"on","ocean_gallery_id":[],"footnotes":""},"categories":[16],"tags":[],"class_list":["post-11586","post","type-post","status-publish","format-standard","has-post-thumbnail","hentry","category-vijesti","entry","has-media"],"views":280,"_links":{"self":[{"href":"https:\/\/zupasvnikolakc.hr\/index.php?rest_route=\/wp\/v2\/posts\/11586","targetHints":{"allow":["GET"]}}],"collection":[{"href":"https:\/\/zupasvnikolakc.hr\/index.php?rest_route=\/wp\/v2\/posts"}],"about":[{"href":"https:\/\/zupasvnikolakc.hr\/index.php?rest_route=\/wp\/v2\/types\/post"}],"author":[{"embeddable":true,"href":"https:\/\/zupasvnikolakc.hr\/index.php?rest_route=\/wp\/v2\/users\/1"}],"replies":[{"embeddable":true,"href":"https:\/\/zupasvnikolakc.hr\/index.php?rest_route=%2Fwp%2Fv2%2Fcomments&post=11586"}],"version-history":[{"count":4,"href":"https:\/\/zupasvnikolakc.hr\/index.php?rest_route=\/wp\/v2\/posts\/11586\/revisions"}],"predecessor-version":[{"id":11590,"href":"https:\/\/zupasvnikolakc.hr\/index.php?rest_route=\/wp\/v2\/posts\/11586\/revisions\/11590"}],"wp:featuredmedia":[{"embeddable":true,"href":"https:\/\/zupasvnikolakc.hr\/index.php?rest_route=\/wp\/v2\/media\/11582"}],"wp:attachment":[{"href":"https:\/\/zupasvnikolakc.hr\/index.php?rest_route=%2Fwp%2Fv2%2Fmedia&parent=11586"}],"wp:term":[{"taxonomy":"category","embeddable":true,"href":"https:\/\/zupasvnikolakc.hr\/index.php?rest_route=%2Fwp%2Fv2%2Fcategories&post=11586"},{"taxonomy":"post_tag","embeddable":true,"href":"https:\/\/zupasvnikolakc.hr\/index.php?rest_route=%2Fwp%2Fv2%2Ftags&post=11586"}],"curies":[{"name":"wp","href":"https:\/\/api.w.org\/{rel}","templated":true}]}}