{"id":11682,"date":"2025-09-27T19:00:00","date_gmt":"2025-09-27T17:00:00","guid":{"rendered":"https:\/\/zupasvnikolakc.hr\/?p=11682"},"modified":"2025-09-24T17:06:34","modified_gmt":"2025-09-24T15:06:34","slug":"26-nedjelja-kroz-godinu-6","status":"publish","type":"post","link":"https:\/\/zupasvnikolakc.hr\/?p=11682","title":{"rendered":"26. nedjelja kroz godinu"},"content":{"rendered":"\t\t<div data-elementor-type=\"wp-post\" data-elementor-id=\"11682\" class=\"elementor elementor-11682\" data-elementor-post-type=\"post\">\n\t\t\t\t\t\t<section class=\"elementor-section elementor-top-section elementor-element elementor-element-0ae8333 elementor-section-boxed elementor-section-height-default elementor-section-height-default\" data-id=\"0ae8333\" data-element_type=\"section\" data-e-type=\"section\">\n\t\t\t\t\t\t<div class=\"elementor-container elementor-column-gap-default\">\n\t\t\t\t\t<div class=\"elementor-column elementor-col-100 elementor-top-column elementor-element elementor-element-d602438\" data-id=\"d602438\" data-element_type=\"column\" data-e-type=\"column\">\n\t\t\t<div class=\"elementor-widget-wrap elementor-element-populated\">\n\t\t\t\t\t\t<div class=\"elementor-element elementor-element-a3e64cf elementor-widget elementor-widget-text-editor\" data-id=\"a3e64cf\" data-element_type=\"widget\" data-e-type=\"widget\" data-widget_type=\"text-editor.default\">\n\t\t\t\t<div class=\"elementor-widget-container\">\n\t\t\t\t\t\t\t\t\t<p><span style=\"color: #000000;\">Evan\u0111elje pro\u0161le nedjelje nas je, kroz prispodobu o nepo\u0161tenom upravitelju, upozorilo na upravljanje dobrima koja su nam povjerena, odnosno koja su nam dana da po njima mudro steknemo ono vje\u010dno blago na nebesima. Evan\u0111elje ove nedjelje nas \u017eeli, kroz prispodobu o bogata\u0161u i siroma\u0161nom Lazaru, upozoriti na njihovo nepo\u0161teno kori\u0161tenje. I dok je nepo\u0161teni upravitelj zaslu\u017eio pohvalu jer je dobro koristio ono \u0161to je nepo\u0161teno stekao ula\u017eu\u0107i u ljude, bogata\u0161 iz dana\u0161njeg evan\u0111elja zaslu\u017eio je samo osudu jer to nije \u010dinio.<\/span><\/p><p><span style=\"color: #000000;\">Cilj ove prispodobe nije, dakle, bio progovoriti o kona\u010dnoj kazni i nagradi, nego prokazati stanje nepravde na zemlji i sve, a osobito \u010dlanove kr\u0161\u0107anskih zajednica, dakle nas, pozvati na nove i druga\u010dije odnose dijeljenja i solidarnosti. Iako se ne mo\u017ee re\u0107i da mi kr\u0161\u0107ani nismo dali i da ne dajemo, ne samo u teoretskom nego i u prakti\u010dnom smislu, velik doprinos dru\u0161tvenoj pravdi na svijetu, to \u0161to \u010dinimo ipak nije dovoljno. To je tek milostinja u moru nepravde svijeta koji je, kako je rekao pokojni papa Franjo, zatrovan ekonomijom koja ubija, a kojoj su posljedice to da se ekstremno bogatstvo zadr\u017eava u rukama nekolicine, dok se s druge strane stvara sve ve\u0107i broj siroma\u0161nih kojima ostaju zatvorena vrata prema tom bogatstvu koje, po Bo\u017ejoj promisli, nije namijenjeno samo nekima nego svima, da bi svi mogli imali \u017eivot dostojan \u010dovjeka. \u0160to nam je \u010diniti? Prispodoba nas \u0161alje Mojsiju i Prorocima, odnosno Svetom pismu. \u010culi smo u prvom \u010ditanju jedan veoma sna\u017ean proro\u010dki tekst na ovu temu. Sv. Pavao nas \u0161alje Isusu i njegovom lijepom svjedo\u010danstvu pred Pilatom koje pokazuje da Isus nije samo govorio nego da je i \u017eivio ono \u0161to je govorio. To je onaj trenutak kad se on do krajnjih granica li\u0161io svoga bogatstva i poistovjetio s na\u0161im siroma\u0161tvom. Iz ovog poslanja Isusu i njegovom primjeru proizlazi i pouka iz koje lako mo\u017eemo zaklju\u010diti kakvi bi trebali biti dru\u0161tveni odnosi za koje se mi kr\u0161\u0107ani zala\u017eemo i koje \u017eivimo. No va\u017eno je znati da oni ne po\u010dinju od drugih nego od nas. Zato se sv. Pavao u drugom \u010ditanju svakom od nas osobno obra\u0107a rije\u010dima: <em>\u201eBo\u017eji \u010dovje\u010de! Te\u017ei za pravedno\u0161\u0107u, pobo\u017eno\u0161\u0107u, vjerom, ljubavlju, postojano\u0161\u0107u, krotko\u0161\u0107u! Bij dobar boj vjere, osvoji vje\u010dni \u017eivot na koji si pozvan i radi kojega si dao ono lijepo svjedo\u010danstvo pred mnogim svjedocima! Zapovijedam pred Bogom koji svemu \u017eivot daje i pred Kristom Isusom koji pred Poncijem Pilatom posvjedo\u010di lijepo svjedo\u010danstvo: \u010duvaj zapovijed, neokaljano i besprijekorno, do pojavka Gospodina na\u0161ega Isusa Krista.\u201c<\/em><\/span><\/p>\t\t\t\t\t\t\t\t<\/div>\n\t\t\t\t<\/div>\n\t\t\t\t<div class=\"elementor-element elementor-element-26854b9 elementor-widget elementor-widget-text-editor\" data-id=\"26854b9\" data-element_type=\"widget\" data-e-type=\"widget\" data-widget_type=\"text-editor.default\">\n\t\t\t\t<div class=\"elementor-widget-container\">\n\t\t\t\t\t\t\t\t\t<p><span style=\"color: #ff0000;\"><strong>\u017dUPNE OBAVIJESTI<\/strong><\/span><\/p><p><span style=\"color: #000000;\"><strong>UPISI KANDIDATA ZA SAKRAMENTE: <\/strong><\/span><\/p><ul><li><span style=\"color: #000000;\">razred &#8211; subota (4.10.2025.) u 10 h<\/span><\/li><li><span style=\"color: #000000;\">razred &#8211; subota (4.10.2025.) u 10:30 h<\/span><\/li><\/ul><p><span style=\"color: #000000;\"><strong>KR\u0160TENJE:<\/strong><\/span><\/p><ul><li><span style=\"color: #000000;\">Roko Smiljanovi\u0107 &#8211; subota (4.10.2025.) u 16 h<\/span><\/li><li><span style=\"color: #000000;\">Roman Horvat &#8211; nedjelja (5.10. 2025.) u 12 h<\/span><\/li><li><span style=\"color: #000000;\">Korina Car &#8211; nedjelja (5.10. 2025.) u 12 h<\/span><\/li><\/ul><p><a href=\"https:\/\/zupasvnikolakc.hr\/wp-content\/uploads\/2025\/09\/26.N.K.G-LISTIC-2025.pdf\" target=\"_blank\" rel=\"noopener\"><span style=\"color: #ff0000;\">\u017dUPNI LISTI\u0106<\/span><\/a><\/p>\t\t\t\t\t\t\t\t<\/div>\n\t\t\t\t<\/div>\n\t\t\t\t\t<\/div>\n\t\t<\/div>\n\t\t\t\t\t<\/div>\n\t\t<\/section>\n\t\t\t\t<\/div>\n\t\t","protected":false},"excerpt":{"rendered":"<p>Evan\u0111elje pro\u0161le nedjelje nas je, kroz prispodobu o nepo\u0161tenom upravitelju, upozorilo na upravljanje dobrima koja su nam povjerena, odnosno koja su nam dana da po njima mudro steknemo ono vje\u010dno blago na nebesima. Evan\u0111elje ove nedjelje nas \u017eeli, kroz prispodobu o bogata\u0161u i siroma\u0161nom Lazaru, upozoriti na njihovo nepo\u0161teno kori\u0161tenje. I dok je nepo\u0161teni upravitelj [&hellip;]<\/p>\n","protected":false},"author":1,"featured_media":11678,"comment_status":"closed","ping_status":"closed","sticky":false,"template":"","format":"standard","meta":{"ocean_post_layout":"","ocean_both_sidebars_style":"","ocean_both_sidebars_content_width":0,"ocean_both_sidebars_sidebars_width":0,"ocean_sidebar":"","ocean_second_sidebar":"","ocean_disable_margins":"enable","ocean_add_body_class":"","ocean_shortcode_before_top_bar":"","ocean_shortcode_after_top_bar":"","ocean_shortcode_before_header":"","ocean_shortcode_after_header":"","ocean_has_shortcode":"","ocean_shortcode_after_title":"","ocean_shortcode_before_footer_widgets":"","ocean_shortcode_after_footer_widgets":"","ocean_shortcode_before_footer_bottom":"","ocean_shortcode_after_footer_bottom":"","ocean_display_top_bar":"default","ocean_display_header":"default","ocean_header_style":"","ocean_center_header_left_menu":"","ocean_custom_header_template":"","ocean_custom_logo":0,"ocean_custom_retina_logo":0,"ocean_custom_logo_max_width":0,"ocean_custom_logo_tablet_max_width":0,"ocean_custom_logo_mobile_max_width":0,"ocean_custom_logo_max_height":0,"ocean_custom_logo_tablet_max_height":0,"ocean_custom_logo_mobile_max_height":0,"ocean_header_custom_menu":"","ocean_menu_typo_font_family":"","ocean_menu_typo_font_subset":"","ocean_menu_typo_font_size":0,"ocean_menu_typo_font_size_tablet":0,"ocean_menu_typo_font_size_mobile":0,"ocean_menu_typo_font_size_unit":"px","ocean_menu_typo_font_weight":"","ocean_menu_typo_font_weight_tablet":"","ocean_menu_typo_font_weight_mobile":"","ocean_menu_typo_transform":"","ocean_menu_typo_transform_tablet":"","ocean_menu_typo_transform_mobile":"","ocean_menu_typo_line_height":0,"ocean_menu_typo_line_height_tablet":0,"ocean_menu_typo_line_height_mobile":0,"ocean_menu_typo_line_height_unit":"","ocean_menu_typo_spacing":0,"ocean_menu_typo_spacing_tablet":0,"ocean_menu_typo_spacing_mobile":0,"ocean_menu_typo_spacing_unit":"","ocean_menu_link_color":"","ocean_menu_link_color_hover":"","ocean_menu_link_color_active":"","ocean_menu_link_background":"","ocean_menu_link_hover_background":"","ocean_menu_link_active_background":"","ocean_menu_social_links_bg":"","ocean_menu_social_hover_links_bg":"","ocean_menu_social_links_color":"","ocean_menu_social_hover_links_color":"","ocean_disable_title":"default","ocean_disable_heading":"default","ocean_post_title":"","ocean_post_subheading":"","ocean_post_title_style":"","ocean_post_title_background_color":"","ocean_post_title_background":0,"ocean_post_title_bg_image_position":"","ocean_post_title_bg_image_attachment":"","ocean_post_title_bg_image_repeat":"","ocean_post_title_bg_image_size":"","ocean_post_title_height":0,"ocean_post_title_bg_overlay":0.5,"ocean_post_title_bg_overlay_color":"","ocean_disable_breadcrumbs":"default","ocean_breadcrumbs_color":"","ocean_breadcrumbs_separator_color":"","ocean_breadcrumbs_links_color":"","ocean_breadcrumbs_links_hover_color":"","ocean_display_footer_widgets":"default","ocean_display_footer_bottom":"default","ocean_custom_footer_template":"","ocean_post_oembed":"","ocean_post_self_hosted_media":"","ocean_post_video_embed":"","ocean_link_format":"","ocean_link_format_target":"self","ocean_quote_format":"","ocean_quote_format_link":"post","ocean_gallery_link_images":"on","ocean_gallery_id":[],"footnotes":""},"categories":[16],"tags":[],"class_list":["post-11682","post","type-post","status-publish","format-standard","has-post-thumbnail","hentry","category-vijesti","entry","has-media"],"views":306,"_links":{"self":[{"href":"https:\/\/zupasvnikolakc.hr\/index.php?rest_route=\/wp\/v2\/posts\/11682","targetHints":{"allow":["GET"]}}],"collection":[{"href":"https:\/\/zupasvnikolakc.hr\/index.php?rest_route=\/wp\/v2\/posts"}],"about":[{"href":"https:\/\/zupasvnikolakc.hr\/index.php?rest_route=\/wp\/v2\/types\/post"}],"author":[{"embeddable":true,"href":"https:\/\/zupasvnikolakc.hr\/index.php?rest_route=\/wp\/v2\/users\/1"}],"replies":[{"embeddable":true,"href":"https:\/\/zupasvnikolakc.hr\/index.php?rest_route=%2Fwp%2Fv2%2Fcomments&post=11682"}],"version-history":[{"count":4,"href":"https:\/\/zupasvnikolakc.hr\/index.php?rest_route=\/wp\/v2\/posts\/11682\/revisions"}],"predecessor-version":[{"id":11686,"href":"https:\/\/zupasvnikolakc.hr\/index.php?rest_route=\/wp\/v2\/posts\/11682\/revisions\/11686"}],"wp:featuredmedia":[{"embeddable":true,"href":"https:\/\/zupasvnikolakc.hr\/index.php?rest_route=\/wp\/v2\/media\/11678"}],"wp:attachment":[{"href":"https:\/\/zupasvnikolakc.hr\/index.php?rest_route=%2Fwp%2Fv2%2Fmedia&parent=11682"}],"wp:term":[{"taxonomy":"category","embeddable":true,"href":"https:\/\/zupasvnikolakc.hr\/index.php?rest_route=%2Fwp%2Fv2%2Fcategories&post=11682"},{"taxonomy":"post_tag","embeddable":true,"href":"https:\/\/zupasvnikolakc.hr\/index.php?rest_route=%2Fwp%2Fv2%2Ftags&post=11682"}],"curies":[{"name":"wp","href":"https:\/\/api.w.org\/{rel}","templated":true}]}}