{"id":11809,"date":"2025-10-18T19:00:00","date_gmt":"2025-10-18T17:00:00","guid":{"rendered":"https:\/\/zupasvnikolakc.hr\/?p=11809"},"modified":"2025-10-16T12:33:31","modified_gmt":"2025-10-16T10:33:31","slug":"29-nedjelja-kroz-godinu-6","status":"publish","type":"post","link":"https:\/\/zupasvnikolakc.hr\/?p=11809","title":{"rendered":"29. nedjelja kroz godinu"},"content":{"rendered":"\t\t<div data-elementor-type=\"wp-post\" data-elementor-id=\"11809\" class=\"elementor elementor-11809\" data-elementor-post-type=\"post\">\n\t\t\t\t\t\t<section class=\"elementor-section elementor-top-section elementor-element elementor-element-9d268cb elementor-section-boxed elementor-section-height-default elementor-section-height-default\" data-id=\"9d268cb\" data-element_type=\"section\" data-e-type=\"section\">\n\t\t\t\t\t\t<div class=\"elementor-container elementor-column-gap-default\">\n\t\t\t\t\t<div class=\"elementor-column elementor-col-100 elementor-top-column elementor-element elementor-element-6ca8ff2\" data-id=\"6ca8ff2\" data-element_type=\"column\" data-e-type=\"column\">\n\t\t\t<div class=\"elementor-widget-wrap elementor-element-populated\">\n\t\t\t\t\t\t<div class=\"elementor-element elementor-element-906fe80 elementor-widget elementor-widget-text-editor\" data-id=\"906fe80\" data-element_type=\"widget\" data-e-type=\"widget\" data-widget_type=\"text-editor.default\">\n\t\t\t\t<div class=\"elementor-widget-container\">\n\t\t\t\t\t\t\t\t\t<p><span style=\"color: #000000;\">Dio poruke pokojnog pape Franje za Svjetski dan misija 2025.<\/span><\/p><p><span style=\"color: #000000;\"><em>Draga bra\u0107o i sestre!<\/em><\/span><\/p><p><span style=\"color: #000000;\"><em>Za Svjetski dan misija u jubilejskoj godini 2025., \u010dija je sredi\u0161nja poruka nada (usp. Bula Spes non confundit, 1), odabrao sam sljede\u0107e geslo: &#8220;Misionari nade me\u0111u narodima&#8221;. Ono podsje\u0107a pojedine kr\u0161\u0107ane i Crkvu, zajednicu kr\u0161tenih, na temeljni poziv da, Kristovim stopama, budu glasnici i graditelji nade. Svima \u017eelim vrijeme milosti s vjernim Bogom koji nas je nanovo rodio u uskrslom Kristu &#8220;za \u017eivu nadu&#8221; (usp.\u00a01\u00a0Pt\u00a01 ,3-4) i \u017eelim ujedno podsjetiti na neke klju\u010dne aspekte kr\u0161\u0107anskog misionarskog identiteta kako bismo pustili Duhu Bo\u017ejem da nas vodi i kako bismo gorjeli svetim \u017earom za novo evangelizacijsko doba Crkve, poslane ponovno o\u017eivjeti nadu u svijetu nad koji se nadvijaju mra\u010dne sjene (usp. Enciklika\u00a0Fratelli tutti, 9-55).<br \/>1. Stopama Krista na\u0161e nade<\/em><\/span><\/p><p><span style=\"color: #000000;\"><em>Slave\u0107i prvi redovni jubilej tre\u0107eg tisu\u0107lje\u0107a, nakon jubileja Svete godine dvijetisu\u0107ite, upravljamo svoj pogled Kristu, koji je sredi\u0161te povijesti, koji &#8220;ju\u010der i danas isti je &#8211; i uvijeke&#8221; (Heb\u00a013, 8). On je, u sinagogi u Nazaretu, sve\u010dano proglasio da se Sveto pismo ispunilo u &#8220;danas&#8221; njegove povijesne prisutnosti. Objavio se tako kao onaj kojega je Otac poslao pomazanjem Duha Svetoga donositi Radosnu vijest o Bo\u017ejem kraljevstvu i proglasiti &#8220;godinu milosti Gospodnje&#8221; za sav ljudski rod (usp.\u00a0Lk\u00a04, 16-21).<\/em><\/span><\/p><p><span style=\"color: #000000;\"><em>U tom misti\u010dnom &#8220;danas&#8221;, koje traje do svr\u0161etka svijeta, u Kristu se ispunilo spasenje za sve, a Osjetimo se stoga i mi nadahnuti i\u0107i stopama Isusa, na\u0161ega Gospodina, kako bismo, s njim i u njemu, postali znakovi i glasnici nade za sve, na svakome mjestu i u svim okolnostima u kojima nam Bog daje \u017eivjeti. Neka po svim kr\u0161tenicima, kao Kristovim u\u010denicima misionarima, njegova nada zasja u svakom kutku zemlje!<br \/>2. Kr\u0161\u0107ani &#8211; glasnici i graditelji nade me\u0111u narodima<\/em><\/span><\/p><p><span style=\"color: #000000;\"><em>Nasljeduju\u0107i Krista Gospodina, kr\u0161\u0107ani su pozvani \u0161iriti Radosnu vijest dijele\u0107i konkretne \u017eivotne uvjete onih koje susre\u0107u, postaju\u0107i tako glasnici i graditelji nade. Jer &#8220;radost i nada, \u017ealost i tjeskoba ljudi na\u0161eg vremena, osobito siroma\u0161nih i svih koji trpe, jesu radost i nada, \u017ealost i tjeskoba tako\u0111er Kristovih u\u010denika te nema ni\u010deg uistini ljudskoga a da ne bi na\u0161lo odjeka u njihovu srcu&#8221; (Gaudium et spes\u00a01).<br \/>Ova poznata izjava Drugog vatikanskog koncila, koja izra\u017eava osje\u0107aje i stil kr\u0161\u0107anskih zajednica u svim vremenima, nastavlja nadahnjivati njihove \u010dlanove i poma\u017ee im da hodaju zajedno sa svojom bra\u0107om i sestrama u svijetu. Tu posebno mislim na vas, misionare\u00a0ad gentes, koji ste, slijede\u0107i Bo\u017eji poziv, po\u0161li drugim narodima navije\u0161tati Bo\u017eju ljubav u Kristu. Na tome vam od srca vam zahvaljujem! Va\u0161i su \u017eivoti konkretan odgovor na poslanje uskrslog Krista, koji je poslao svoje u\u010denike navje\u0161\u0107ivati evan\u0111elje svim narodima (usp.\u00a0Mt\u00a028, 18-20). Time dozivate u pamet sveop\u0107i poziv kr\u0161tenik\u00e2 da snagom Duha i svakodnevnim trudom i zalaganjem postanu me\u0111u svim narodima misionari velike nade koju nam je dao Gospodin Isus.<br \/>3. Obnoviti poslanje nade<br \/>Suo\u010deni s hitno\u0161\u0107u poslanja nade u dana\u0161njem vremenu, Kristovi su u\u010denici prvi pozvani izgra\u0111ivati se tako da postanu &#8220;tvorci&#8221; nade i obnovitelji \u010desto rastrojenog i nesretnog \u010dovje\u010danstva. <br \/>Misionari nade su mu\u0161karci i \u017eene molitve, jer &#8220;\u010dovjek koji se nada je \u010dovjek koji moli&#8221;, kao \u0161to je govorio \u010dasni kardinal Van Thuan, koji je tijekom dugog razdoblja patnje u zatvoru sa\u010duvao nadu \u017eivom zahvaljuju\u0107i snazi koju je crpio u ustrajnoj molitvi i euharistiji (usp. F. X. Nguyen Van Thuan,\u00a0Il cammino della speranza, Rim 2001., br. 963). Ne zaboravimo da je molitva prvo misijsko djelo i ujedno &#8220;prva snaga nade&#8221; (Kateheza, 20. svibnja 2020.).<br \/>Obnovimo stoga poslanje nade po\u010dev\u0161i od molitve, napose molitve s Bo\u017ejom rije\u010dju, a posebno s psalmima, koji predstavljaju veliku molitvenu simfoniju \u010diji je skladatelj Duh Sveti (usp.\u00a0Kateheza, 19. lipnja 2024.). Psalmi nas u\u010de nadati se u protiv\u0161tinama, prepoznavati znakove nade i imati stalnu &#8220;misionarsku&#8221; \u017eelju da Boga slave svi narodi (usp.\u00a0Ps\u00a041, 12; 67, 4). Molitvom dr\u017eimo zapaljenom iskru nade koju je Bog zapalio u nama, kako bi postala velika vatra, koja rasvjetljuje i grije sve oko nas, tako\u0111er konkretnim djelima i gestama koje ista ta molitva nadahnjuje.<\/em><\/span><\/p><p><span style=\"color: #000000;\"><em>Drage sestre i bra\u0107o, obratimo se Mariji, Majci Isusa Krista na\u0161e nade. Njoj povjeravamo na\u0161u \u017eelju za ovaj Jubilej i za godine koje dolaze: &#8220;Neka svjetlo kr\u0161\u0107anske nade dopre do svakog \u010dovjeka, kao poruka Bo\u017eje ljubavi upu\u0107ena svima! I neka Crkva bude vjernom svjedokinjom te poruke u svim dijelovima svijeta!&#8221; <\/em><\/span><\/p><p><span style=\"color: #000000;\"><em>(Bula\u00a0Spes non confundit, 6).<\/em><\/span><\/p>\t\t\t\t\t\t\t\t<\/div>\n\t\t\t\t<\/div>\n\t\t\t\t<div class=\"elementor-element elementor-element-fc8f78c elementor-widget elementor-widget-text-editor\" data-id=\"fc8f78c\" data-element_type=\"widget\" data-e-type=\"widget\" data-widget_type=\"text-editor.default\">\n\t\t\t\t<div class=\"elementor-widget-container\">\n\t\t\t\t\t\t\t\t\t<p><span style=\"color: #ff0000;\"><strong>\u017dUPNE OBAVIJESTI<\/strong><\/span><\/p><p><span style=\"color: #000000;\"><strong>VJERONAUK:<\/strong><\/span><\/p><ul><li><span style=\"color: #000000;\">krizmanici &#8211; subota (25.10.2025.) u 9 h<\/span><\/li><li><span style=\"color: #000000;\">prvopri\u010desnici &#8211; srijeda 22.10. u 15 h<\/span><\/li><\/ul><p><span style=\"color: #000000;\"><strong>KR\u0160TENJE:<\/strong><\/span><\/p><ul><li><span style=\"color: #000000;\">Stella Radmani\u0107 &#8211; subota (25.10.2025.) u 11 h<\/span><\/li><li><span style=\"color: #000000;\">Kain Eva\u010di\u0107 &#8211; subota (25.10. 2025.) u 12 h<\/span><\/li><\/ul><p><span style=\"color: #000000;\"><strong>VJEN\u010cANJE:<\/strong><\/span><\/p><ul><li><span style=\"color: #000000;\">Jasmin Repi\u0107 i Petra Podgorelec &#8211; petak (24.10.2025.) u 16 h<\/span><\/li><\/ul><p><a href=\"https:\/\/zupasvnikolakc.hr\/wp-content\/uploads\/2025\/10\/29.n.k.g-listic-2025.pdf\" target=\"_blank\" rel=\"noopener\"><span style=\"color: #ff0000;\">\u017dUPNI LISTI\u0106<\/span><\/a><\/p>\t\t\t\t\t\t\t\t<\/div>\n\t\t\t\t<\/div>\n\t\t\t\t<div class=\"elementor-element elementor-element-0a8ca46 elementor-widget elementor-widget-text-editor\" data-id=\"0a8ca46\" data-element_type=\"widget\" data-e-type=\"widget\" data-widget_type=\"text-editor.default\">\n\t\t\t\t<div class=\"elementor-widget-container\">\n\t\t\t\t\t\t\t\t\t<p><span style=\"color: #000000;\"><strong>DAROVATELJI ZA POTREBE CRKVE<\/strong><\/span><\/p><ul><li><span style=\"color: #000000;\">Obit. Tkalec, Severovec 7<\/span><\/li><li><span style=\"color: #000000;\">Obit. Hajdukovi\u0107, Gibani\u010dna 16<\/span><\/li><li><span style=\"color: #000000;\">Obit. Posavec, D. Banovec 9<\/span><\/li><li><span style=\"color: #000000;\">Obit. Mari\u0107, Trg kr. Tomislava 10<\/span><\/li><li><span style=\"color: #000000;\">Marija i Vesna Pal, Vije\u0107ni\u010dka 11<\/span><\/li><li><span style=\"color: #000000;\">Obit. Ljubi\u0107, \u0110. Estera 10<\/span><\/li><li><span style=\"color: #000000;\">Obit. Mucko, J. Kozarca 2 A<\/span><\/li><li><span style=\"color: #000000;\">Obit. Canjuga, Miklinovec 106<\/span><\/li><li><span style=\"color: #000000;\">Obit. Bosak, Vinogradska 60., Glogovac<\/span><\/li><li><span style=\"color: #000000;\">Jelica Medenjak, Trg kr. Kre\u0161imira 1<\/span><\/li><li><span style=\"color: #000000;\">Obit. Patr\u010devi\u0107, Peteranska c 109<\/span><\/li><li><span style=\"color: #000000;\">Ru\u017eica Vugrine,c F. Mraza 26<\/span><\/li><li><span style=\"color: #000000;\">Obit. \u0110akovi\u0107, Duga ul. 8<\/span><\/li><li><span style=\"color: #000000;\">Obit. Taklec &#8211; Horvat, M. Viriusa 44<\/span><\/li><li><span style=\"color: #000000;\">Ana Kranj\u010dev, M. P. Mi\u0161kine 64<\/span><\/li><li><span style=\"color: #000000;\">Obit. Prka, Trg kr. Kre\u0161imira 2<\/span><\/li><li><span style=\"color: #000000;\">Obit. Ron\u010devi\u0107 i Peri\u0107, M. Viriusa 36<\/span><\/li><li><span style=\"color: #000000;\">Obit. Mujki\u0107, Kanalska ul 19, Starigrad<\/span><\/li><li><span style=\"color: #000000;\">Obit. Bukvi\u0107, Peteranska c 117<\/span><\/li><li><span style=\"color: #000000;\">Katica Vrbo\u0161i\u0107, I. Me\u0161trovi\u0107a 28<\/span><\/li><li><span style=\"color: #000000;\">Obit. Raji\u0107, Dalmatinska 11<\/span><\/li><li><span style=\"color: #000000;\">Obit. Markota, Lj. Gaja 4 A<\/span><\/li><li><span style=\"color: #000000;\">Obit. Sever, F. Galovi\u0107a 43<\/span><\/li><li><span style=\"color: #000000;\">Dar jedne osobe<\/span><\/li><li><span style=\"color: #000000;\">Obit. Ko\u0161ti\u0107, Hrv. branitelja 18<\/span><\/li><li><span style=\"color: #000000;\">Obit. Fer\u010dec, Peteranska c 40 A<\/span><\/li><li><span style=\"color: #000000;\">Obit. Grube\u0161i\u0107, Prav. Me\u0111u narodima 7<\/span><\/li><li><span style=\"color: #000000;\">Anica \u0160iroki, Lj. Gaja 5<\/span><\/li><li><span style=\"color: #000000;\">Dar jedne osobe<\/span><\/li><li><span style=\"color: #000000;\">Obit. Rihtari\u0107, Vije\u0107ni\u010dka 2<\/span><\/li><li><span style=\"color: #000000;\">Obit. Juri\u0107, F. Mraza 24<\/span><\/li><li><span style=\"color: #000000;\">Obit. Smiljanovi\u0107, A. \u0160enoe 1<\/span><\/li><li><span style=\"color: #000000;\">Obit. Sovi\u0107, M. Krle\u017ee 23<\/span><\/li><li><span style=\"color: #000000;\">Obit. Sarapa, F. Ga\u017eija 9<\/span><\/li><li><span style=\"color: #000000;\">Obit. Horvat, V. Otok 45<\/span><\/li><li><span style=\"color: #000000;\">Obit. Serti\u0107, M. P. Mi\u0161kine 40 A<\/span><\/li><li><span style=\"color: #000000;\">Obit. Horvat, Kri\u017ena cesta 5 A, ZG<\/span><\/li><li><span style=\"color: #000000;\">Marija Sluki\u0107, Trg kr. Kre\u0161imira 3A<\/span><\/li><li><span style=\"color: #000000;\">Obit. Solari\u0107, Pavelinska 19A<\/span><\/li><li><span style=\"color: #000000;\">\u0160tefanija Crkvenec, Duga ul. 5<\/span><\/li><li><span style=\"color: #000000;\">Dar jedne osobe<\/span><\/li><li><span style=\"color: #000000;\">Obit. Kani\u017eanec, A. \u0160enoe 25<\/span><\/li><li><span style=\"color: #000000;\">Obit. O\u017eegovi\u0107, Gibani\u010dna 7<\/span><\/li><li><span style=\"color: #000000;\">Obit. Kolenko, Ledinska 28<\/span><\/li><li><span style=\"color: #000000;\">Obit. Lon\u010dari\u0107, Marofska 2 B, Here\u0161in<\/span><\/li><li><span style=\"color: #000000;\">Obit. Stoji\u010di\u0107, Trg E. Kumi\u010di\u0107a 13<\/span><\/li><\/ul>\t\t\t\t\t\t\t\t<\/div>\n\t\t\t\t<\/div>\n\t\t\t\t\t<\/div>\n\t\t<\/div>\n\t\t\t\t\t<\/div>\n\t\t<\/section>\n\t\t\t\t<\/div>\n\t\t","protected":false},"excerpt":{"rendered":"<p>Dio poruke pokojnog pape Franje za Svjetski dan misija 2025. Draga bra\u0107o i sestre! Za Svjetski dan misija u jubilejskoj godini 2025., \u010dija je sredi\u0161nja poruka nada (usp. Bula Spes non confundit, 1), odabrao sam sljede\u0107e geslo: &#8220;Misionari nade me\u0111u narodima&#8221;. Ono podsje\u0107a pojedine kr\u0161\u0107ane i Crkvu, zajednicu kr\u0161tenih, na temeljni poziv da, Kristovim stopama, [&hellip;]<\/p>\n","protected":false},"author":1,"featured_media":11805,"comment_status":"closed","ping_status":"closed","sticky":false,"template":"","format":"standard","meta":{"ocean_post_layout":"","ocean_both_sidebars_style":"","ocean_both_sidebars_content_width":0,"ocean_both_sidebars_sidebars_width":0,"ocean_sidebar":"","ocean_second_sidebar":"","ocean_disable_margins":"enable","ocean_add_body_class":"","ocean_shortcode_before_top_bar":"","ocean_shortcode_after_top_bar":"","ocean_shortcode_before_header":"","ocean_shortcode_after_header":"","ocean_has_shortcode":"","ocean_shortcode_after_title":"","ocean_shortcode_before_footer_widgets":"","ocean_shortcode_after_footer_widgets":"","ocean_shortcode_before_footer_bottom":"","ocean_shortcode_after_footer_bottom":"","ocean_display_top_bar":"default","ocean_display_header":"default","ocean_header_style":"","ocean_center_header_left_menu":"","ocean_custom_header_template":"","ocean_custom_logo":0,"ocean_custom_retina_logo":0,"ocean_custom_logo_max_width":0,"ocean_custom_logo_tablet_max_width":0,"ocean_custom_logo_mobile_max_width":0,"ocean_custom_logo_max_height":0,"ocean_custom_logo_tablet_max_height":0,"ocean_custom_logo_mobile_max_height":0,"ocean_header_custom_menu":"","ocean_menu_typo_font_family":"","ocean_menu_typo_font_subset":"","ocean_menu_typo_font_size":0,"ocean_menu_typo_font_size_tablet":0,"ocean_menu_typo_font_size_mobile":0,"ocean_menu_typo_font_size_unit":"px","ocean_menu_typo_font_weight":"","ocean_menu_typo_font_weight_tablet":"","ocean_menu_typo_font_weight_mobile":"","ocean_menu_typo_transform":"","ocean_menu_typo_transform_tablet":"","ocean_menu_typo_transform_mobile":"","ocean_menu_typo_line_height":0,"ocean_menu_typo_line_height_tablet":0,"ocean_menu_typo_line_height_mobile":0,"ocean_menu_typo_line_height_unit":"","ocean_menu_typo_spacing":0,"ocean_menu_typo_spacing_tablet":0,"ocean_menu_typo_spacing_mobile":0,"ocean_menu_typo_spacing_unit":"","ocean_menu_link_color":"","ocean_menu_link_color_hover":"","ocean_menu_link_color_active":"","ocean_menu_link_background":"","ocean_menu_link_hover_background":"","ocean_menu_link_active_background":"","ocean_menu_social_links_bg":"","ocean_menu_social_hover_links_bg":"","ocean_menu_social_links_color":"","ocean_menu_social_hover_links_color":"","ocean_disable_title":"default","ocean_disable_heading":"default","ocean_post_title":"","ocean_post_subheading":"","ocean_post_title_style":"","ocean_post_title_background_color":"","ocean_post_title_background":0,"ocean_post_title_bg_image_position":"","ocean_post_title_bg_image_attachment":"","ocean_post_title_bg_image_repeat":"","ocean_post_title_bg_image_size":"","ocean_post_title_height":0,"ocean_post_title_bg_overlay":0.5,"ocean_post_title_bg_overlay_color":"","ocean_disable_breadcrumbs":"default","ocean_breadcrumbs_color":"","ocean_breadcrumbs_separator_color":"","ocean_breadcrumbs_links_color":"","ocean_breadcrumbs_links_hover_color":"","ocean_display_footer_widgets":"default","ocean_display_footer_bottom":"default","ocean_custom_footer_template":"","ocean_post_oembed":"","ocean_post_self_hosted_media":"","ocean_post_video_embed":"","ocean_link_format":"","ocean_link_format_target":"self","ocean_quote_format":"","ocean_quote_format_link":"post","ocean_gallery_link_images":"on","ocean_gallery_id":[],"footnotes":""},"categories":[16],"tags":[],"class_list":["post-11809","post","type-post","status-publish","format-standard","has-post-thumbnail","hentry","category-vijesti","entry","has-media"],"views":355,"_links":{"self":[{"href":"https:\/\/zupasvnikolakc.hr\/index.php?rest_route=\/wp\/v2\/posts\/11809","targetHints":{"allow":["GET"]}}],"collection":[{"href":"https:\/\/zupasvnikolakc.hr\/index.php?rest_route=\/wp\/v2\/posts"}],"about":[{"href":"https:\/\/zupasvnikolakc.hr\/index.php?rest_route=\/wp\/v2\/types\/post"}],"author":[{"embeddable":true,"href":"https:\/\/zupasvnikolakc.hr\/index.php?rest_route=\/wp\/v2\/users\/1"}],"replies":[{"embeddable":true,"href":"https:\/\/zupasvnikolakc.hr\/index.php?rest_route=%2Fwp%2Fv2%2Fcomments&post=11809"}],"version-history":[{"count":4,"href":"https:\/\/zupasvnikolakc.hr\/index.php?rest_route=\/wp\/v2\/posts\/11809\/revisions"}],"predecessor-version":[{"id":11813,"href":"https:\/\/zupasvnikolakc.hr\/index.php?rest_route=\/wp\/v2\/posts\/11809\/revisions\/11813"}],"wp:featuredmedia":[{"embeddable":true,"href":"https:\/\/zupasvnikolakc.hr\/index.php?rest_route=\/wp\/v2\/media\/11805"}],"wp:attachment":[{"href":"https:\/\/zupasvnikolakc.hr\/index.php?rest_route=%2Fwp%2Fv2%2Fmedia&parent=11809"}],"wp:term":[{"taxonomy":"category","embeddable":true,"href":"https:\/\/zupasvnikolakc.hr\/index.php?rest_route=%2Fwp%2Fv2%2Fcategories&post=11809"},{"taxonomy":"post_tag","embeddable":true,"href":"https:\/\/zupasvnikolakc.hr\/index.php?rest_route=%2Fwp%2Fv2%2Ftags&post=11809"}],"curies":[{"name":"wp","href":"https:\/\/api.w.org\/{rel}","templated":true}]}}