{"id":11946,"date":"2025-11-08T19:00:00","date_gmt":"2025-11-08T18:00:00","guid":{"rendered":"https:\/\/zupasvnikolakc.hr\/?p=11946"},"modified":"2025-11-05T17:13:52","modified_gmt":"2025-11-05T16:13:52","slug":"32-nedjelja-kroz-godinu-6","status":"publish","type":"post","link":"https:\/\/zupasvnikolakc.hr\/?p=11946","title":{"rendered":"32. nedjelja kroz godinu"},"content":{"rendered":"\t\t<div data-elementor-type=\"wp-post\" data-elementor-id=\"11946\" class=\"elementor elementor-11946\" data-elementor-post-type=\"post\">\n\t\t\t\t\t\t<section class=\"elementor-section elementor-top-section elementor-element elementor-element-3369f7b elementor-section-boxed elementor-section-height-default elementor-section-height-default\" data-id=\"3369f7b\" data-element_type=\"section\" data-e-type=\"section\">\n\t\t\t\t\t\t<div class=\"elementor-container elementor-column-gap-default\">\n\t\t\t\t\t<div class=\"elementor-column elementor-col-100 elementor-top-column elementor-element elementor-element-8436752\" data-id=\"8436752\" data-element_type=\"column\" data-e-type=\"column\">\n\t\t\t<div class=\"elementor-widget-wrap elementor-element-populated\">\n\t\t\t\t\t\t<div class=\"elementor-element elementor-element-7e15a77 elementor-widget elementor-widget-text-editor\" data-id=\"7e15a77\" data-element_type=\"widget\" data-e-type=\"widget\" data-widget_type=\"text-editor.default\">\n\t\t\t\t<div class=\"elementor-widget-container\">\n\t\t\t\t\t\t\t\t\t<p><span style=\"color: #000000;\">Crkva na dana\u0161nji dan slavi blagdan posvete Lateranske bazilike za koju se veli da je: <em>caput et mater omnium ecclesiarum <\/em>\u2013 glava i majka svih crkava te je stoga dan posvete ove bazilike zna\u010dajni blagdan jedinstva s Rimskom Crkvom koja predsjeda u ljubavi nad svim Crkvama. Stoga je dana\u0161nji blagdan poticaj svakom vjerniku da u\u010dvrsti svoju vjeru u Krista Gospodina o kojem autenti\u010dno i cjelovito svjedo\u010danstvo daje Katoli\u010dka Crkva predvo\u0111ena Petrovim nasljednicima koji su jamstvo da je vrata paklena ne\u0107e nadvladati. Ali Crkva je jaka ne samo po papama i biskupima, nego je jaka po vjeri svakog vjernika koji izabire Krista za svoj temelj te raste i izgra\u0111uje se slijede\u0107i njegov bo\u017eanski plan i nacrt. I na to \u0107e neizostavno sveti Augustin potaknuti svoje vjernike: <em>\u201eDajte stoga, bra\u0107o, ako ste suuskrsli s Kristom, tra\u017eite ono \u0161to je gore, gdje Krist sjedi zdesna Bogu. Za onim gore te\u017eite, ne za zemaljskim.<\/em>\u201c Uistinu Krist, na\u0161 temelj, namjerava nas izgraditi odozgo. Kao \u0161to se doista postavlja temelj koriste\u0107i zemaljske stijene, \u010diji se golemi tereti prete\u017eu bez daljnjega prema dolje, a ne druga\u010dije, tako se, za nas, doga\u0111a obrnuto: onaj <em>\u201ekamen\u201c<\/em> koji je temelj, postavljen je uvis na na\u010din da u\u010dini da se okrenemo brzo prema gore no\u0161eni te\u017einom ljubavi. <em>\u201eSpremno, dakle, radite sa strahom i trepetom oko svoga spasenja. Da, Bog u svojoj dobrohotnosti izvodi u vama i htjeti i djelovati. Sve \u010dinite bez mrmljanja. Pa se kao \u017eivo kamenje ugra\u0111ujte u hram Bo\u017eji, te kao nepokvarljivo drve\u0107e, u\u010dinite od samih sebe ku\u0107u Bo\u017eju. Dajte se otesati, ugladite se u naporima, u neizbje\u017enim pote\u0161ko\u0107ama, u bdijenjima, u aktivnostima, budite spremni na svako dobro djelo na na\u010din da zaslu\u017eite odmor u vje\u010dnom \u017eivotu kao u punini zajedni\u0161tva s an\u0111elima.\u201c<\/em> \u0160to re\u010de sveti Augustin nekada, vrijedi i danas za nas, jer pripadnost Katoli\u010dkoj Crkvi nije jamstvo spasenja samo po sebi kao po nekom uhodanom automatizmu. Ono u nama treba izazvati du\u017eni ponos na svetu vjeru koju ba\u0161tinimo u zajedni\u0161tvu s Petrovim nasljednicima, ali isto tako treba biti dodatni poticaj da tu istu vjeru jo\u0161 dosljednije \u017eivimo i djelima potvr\u0111ujemo. Zavr\u0161io bih stoga znakovitim rije\u010dima svetog Augustina: <em>\u201eSada, ponavljam, gradite s duhovnom ljubavlju dom vjere i nade po svim dobrim djelima, za koja ne\u0107e biti prigoda na onom svijetu. Kao temelje u svojim srcima postavite apostolske i proro\u010dke poticaje, svoju poniznost prostrite kao pod bez ikakve ljutnje. U svom srcu spasenjski nauk sjedinite molitvama i govorima kao \u010dvrstim zidovima, a njih osvijetlite bo\u017eanskim svjedo\u010danstvima kao svjetiljkama, nemo\u0107nike podupirite kao stupovi, siromahe za\u0161titite kao krov, kako bi vam na\u0161 Gospodin uzvratio vje\u010dnim dobrima za vremenita, i kako bi vas imao savr\u0161ene i posve\u0107ene za svu vje\u010dnost.\u201c<\/em><\/span><\/p><p style=\"text-align: right;\"><span style=\"color: #000000;\"><em>Objavljeno <\/em>u <em>Vjesniku<\/em> <em>\u0110akova\u010dko-osje\u010dke nadbiskupije i Srijemske biskupije<\/em><\/span><\/p>\t\t\t\t\t\t\t\t<\/div>\n\t\t\t\t<\/div>\n\t\t\t\t<div class=\"elementor-element elementor-element-cbbac37 elementor-widget elementor-widget-text-editor\" data-id=\"cbbac37\" data-element_type=\"widget\" data-e-type=\"widget\" data-widget_type=\"text-editor.default\">\n\t\t\t\t<div class=\"elementor-widget-container\">\n\t\t\t\t\t\t\t\t\t<p><span style=\"color: #ff0000;\"><strong>\u017dUPNE OBAVIJESTI<\/strong><\/span><\/p><p><span style=\"color: #000000;\"><strong>VJERONAUK:<\/strong><\/span><\/p><ul><li><span style=\"color: #000000;\">prvopri\u010desnici &#8211; subota (15.11.2025.) u 10 h u dvorani<\/span><\/li><li><span style=\"color: #000000;\">krizmanici &#8211; subota (15.11.2025.) u 9 sati u crkvi<\/span><\/li><li><span style=\"color: #000000;\">2. razred &#8211; subota (15.11.2025.) u 9 h u dvorani<\/span><\/li><li><span style=\"color: #000000;\">7. razred &#8211; subota (15.11.2025.) u 10 h u crkvi<\/span><\/li><\/ul><p><a href=\"https:\/\/zupasvnikolakc.hr\/wp-content\/uploads\/2025\/11\/32.-N.K.G.-LISTIC-2025.pdf\" target=\"_blank\" rel=\"noopener\"><span style=\"color: #ff0000;\">\u017dUPNI LISTI\u0106<\/span><\/a><\/p>\t\t\t\t\t\t\t\t<\/div>\n\t\t\t\t<\/div>\n\t\t\t\t\t<\/div>\n\t\t<\/div>\n\t\t\t\t\t<\/div>\n\t\t<\/section>\n\t\t\t\t<\/div>\n\t\t","protected":false},"excerpt":{"rendered":"<p>Crkva na dana\u0161nji dan slavi blagdan posvete Lateranske bazilike za koju se veli da je: caput et mater omnium ecclesiarum \u2013 glava i majka svih crkava te je stoga dan posvete ove bazilike zna\u010dajni blagdan jedinstva s Rimskom Crkvom koja predsjeda u ljubavi nad svim Crkvama. Stoga je dana\u0161nji blagdan poticaj svakom vjerniku da u\u010dvrsti [&hellip;]<\/p>\n","protected":false},"author":1,"featured_media":11941,"comment_status":"closed","ping_status":"closed","sticky":false,"template":"","format":"standard","meta":{"ocean_post_layout":"","ocean_both_sidebars_style":"","ocean_both_sidebars_content_width":0,"ocean_both_sidebars_sidebars_width":0,"ocean_sidebar":"","ocean_second_sidebar":"","ocean_disable_margins":"enable","ocean_add_body_class":"","ocean_shortcode_before_top_bar":"","ocean_shortcode_after_top_bar":"","ocean_shortcode_before_header":"","ocean_shortcode_after_header":"","ocean_has_shortcode":"","ocean_shortcode_after_title":"","ocean_shortcode_before_footer_widgets":"","ocean_shortcode_after_footer_widgets":"","ocean_shortcode_before_footer_bottom":"","ocean_shortcode_after_footer_bottom":"","ocean_display_top_bar":"default","ocean_display_header":"default","ocean_header_style":"","ocean_center_header_left_menu":"","ocean_custom_header_template":"","ocean_custom_logo":0,"ocean_custom_retina_logo":0,"ocean_custom_logo_max_width":0,"ocean_custom_logo_tablet_max_width":0,"ocean_custom_logo_mobile_max_width":0,"ocean_custom_logo_max_height":0,"ocean_custom_logo_tablet_max_height":0,"ocean_custom_logo_mobile_max_height":0,"ocean_header_custom_menu":"","ocean_menu_typo_font_family":"","ocean_menu_typo_font_subset":"","ocean_menu_typo_font_size":0,"ocean_menu_typo_font_size_tablet":0,"ocean_menu_typo_font_size_mobile":0,"ocean_menu_typo_font_size_unit":"px","ocean_menu_typo_font_weight":"","ocean_menu_typo_font_weight_tablet":"","ocean_menu_typo_font_weight_mobile":"","ocean_menu_typo_transform":"","ocean_menu_typo_transform_tablet":"","ocean_menu_typo_transform_mobile":"","ocean_menu_typo_line_height":0,"ocean_menu_typo_line_height_tablet":0,"ocean_menu_typo_line_height_mobile":0,"ocean_menu_typo_line_height_unit":"","ocean_menu_typo_spacing":0,"ocean_menu_typo_spacing_tablet":0,"ocean_menu_typo_spacing_mobile":0,"ocean_menu_typo_spacing_unit":"","ocean_menu_link_color":"","ocean_menu_link_color_hover":"","ocean_menu_link_color_active":"","ocean_menu_link_background":"","ocean_menu_link_hover_background":"","ocean_menu_link_active_background":"","ocean_menu_social_links_bg":"","ocean_menu_social_hover_links_bg":"","ocean_menu_social_links_color":"","ocean_menu_social_hover_links_color":"","ocean_disable_title":"default","ocean_disable_heading":"default","ocean_post_title":"","ocean_post_subheading":"","ocean_post_title_style":"","ocean_post_title_background_color":"","ocean_post_title_background":0,"ocean_post_title_bg_image_position":"","ocean_post_title_bg_image_attachment":"","ocean_post_title_bg_image_repeat":"","ocean_post_title_bg_image_size":"","ocean_post_title_height":0,"ocean_post_title_bg_overlay":0.5,"ocean_post_title_bg_overlay_color":"","ocean_disable_breadcrumbs":"default","ocean_breadcrumbs_color":"","ocean_breadcrumbs_separator_color":"","ocean_breadcrumbs_links_color":"","ocean_breadcrumbs_links_hover_color":"","ocean_display_footer_widgets":"default","ocean_display_footer_bottom":"default","ocean_custom_footer_template":"","ocean_post_oembed":"","ocean_post_self_hosted_media":"","ocean_post_video_embed":"","ocean_link_format":"","ocean_link_format_target":"self","ocean_quote_format":"","ocean_quote_format_link":"post","ocean_gallery_link_images":"on","ocean_gallery_id":[],"footnotes":""},"categories":[16],"tags":[],"class_list":["post-11946","post","type-post","status-publish","format-standard","has-post-thumbnail","hentry","category-vijesti","entry","has-media"],"views":313,"_links":{"self":[{"href":"https:\/\/zupasvnikolakc.hr\/index.php?rest_route=\/wp\/v2\/posts\/11946","targetHints":{"allow":["GET"]}}],"collection":[{"href":"https:\/\/zupasvnikolakc.hr\/index.php?rest_route=\/wp\/v2\/posts"}],"about":[{"href":"https:\/\/zupasvnikolakc.hr\/index.php?rest_route=\/wp\/v2\/types\/post"}],"author":[{"embeddable":true,"href":"https:\/\/zupasvnikolakc.hr\/index.php?rest_route=\/wp\/v2\/users\/1"}],"replies":[{"embeddable":true,"href":"https:\/\/zupasvnikolakc.hr\/index.php?rest_route=%2Fwp%2Fv2%2Fcomments&post=11946"}],"version-history":[{"count":4,"href":"https:\/\/zupasvnikolakc.hr\/index.php?rest_route=\/wp\/v2\/posts\/11946\/revisions"}],"predecessor-version":[{"id":11950,"href":"https:\/\/zupasvnikolakc.hr\/index.php?rest_route=\/wp\/v2\/posts\/11946\/revisions\/11950"}],"wp:featuredmedia":[{"embeddable":true,"href":"https:\/\/zupasvnikolakc.hr\/index.php?rest_route=\/wp\/v2\/media\/11941"}],"wp:attachment":[{"href":"https:\/\/zupasvnikolakc.hr\/index.php?rest_route=%2Fwp%2Fv2%2Fmedia&parent=11946"}],"wp:term":[{"taxonomy":"category","embeddable":true,"href":"https:\/\/zupasvnikolakc.hr\/index.php?rest_route=%2Fwp%2Fv2%2Fcategories&post=11946"},{"taxonomy":"post_tag","embeddable":true,"href":"https:\/\/zupasvnikolakc.hr\/index.php?rest_route=%2Fwp%2Fv2%2Ftags&post=11946"}],"curies":[{"name":"wp","href":"https:\/\/api.w.org\/{rel}","templated":true}]}}