{"id":11974,"date":"2025-11-22T19:00:00","date_gmt":"2025-11-22T18:00:00","guid":{"rendered":"https:\/\/zupasvnikolakc.hr\/?p=11974"},"modified":"2025-11-19T19:23:47","modified_gmt":"2025-11-19T18:23:47","slug":"34-nedjelja-kroz-godinu-krist-kralj-4","status":"publish","type":"post","link":"https:\/\/zupasvnikolakc.hr\/?p=11974","title":{"rendered":"34. nedjelja kroz godinu &#8211; Krist Kralj"},"content":{"rendered":"\t\t<div data-elementor-type=\"wp-post\" data-elementor-id=\"11974\" class=\"elementor elementor-11974\" data-elementor-post-type=\"post\">\n\t\t\t\t\t\t<section class=\"elementor-section elementor-top-section elementor-element elementor-element-b230473 elementor-section-boxed elementor-section-height-default elementor-section-height-default\" data-id=\"b230473\" data-element_type=\"section\" data-e-type=\"section\">\n\t\t\t\t\t\t<div class=\"elementor-container elementor-column-gap-default\">\n\t\t\t\t\t<div class=\"elementor-column elementor-col-100 elementor-top-column elementor-element elementor-element-2532b9e\" data-id=\"2532b9e\" data-element_type=\"column\" data-e-type=\"column\">\n\t\t\t<div class=\"elementor-widget-wrap elementor-element-populated\">\n\t\t\t\t\t\t<div class=\"elementor-element elementor-element-c40d713 elementor-widget elementor-widget-text-editor\" data-id=\"c40d713\" data-element_type=\"widget\" data-e-type=\"widget\" data-widget_type=\"text-editor.default\">\n\t\t\t\t<div class=\"elementor-widget-container\">\n\t\t\t\t\t\t\t\t\t<p><span style=\"color: #000000;\">Kruna liturgijske godine jest svetkovina Krista Kralja. Nakon \u0161to su nam liturgijska \u010ditanja, u vremenu kroz godinu, predstavljala razne faze Isusova \u017eivota, po\u010dev\u0161i od najave ro\u0111enja pa sve do smrti, dolazimo i do svetkovine u kojoj je Krist okrunjen kao kralj neba i zemlje. Ova svetkovina je zapravo kruna njegova \u017eivota. Ona je plod svega onoga \u0161to je Krist pro\u017eivio. Svatko se u svom \u017eivotu, ako malo razmi\u0161lja o njemu, nalazi svakodnevno pred izborom! Mnoge ponude sada\u0161njost nudi \u010dovjeku! Sve bez muke, kri\u017e ili bez njega, u\u017eivanje ili odricanje? I kako onda biti stalo\u017een i opredijeliti se za ono pravo? \u010cesto je jedina mogu\u0107nost u ljudskoj ograni\u010denosti upotrijebiti metodu poku\u0161aja i pogre\u0161aka, sve dok se ne pogodi ono najbolje. I to bi moglo trenutno zadovoljiti u ovo zemni odabir \u010dovjekov. No, vje\u010dni odabir je ipak ne\u0161to \u0161to nema ograni\u010den vijek trajanja, odnosno traje vje\u010dno. Tu zato ne bi smjelo biti proma\u0161aja! I dok u materijalnim dobrima mo\u017eemo vidjeti i osjetiti opcije biranja, \u010dak snositi i posljedice, za vje\u010dnost se treba opredijeliti prema <em>\u201evidljivom, ali i nevidljivom\u201c<\/em>, kako molimo u <em>\u201evjerovanju\u201c<\/em>, a o posljedicama mo\u017eemo naslu\u0107ivati. Tu nam jedino poma\u017ee ako se vjerom zagledamo u onoga kojeg nam je poslao Otac, u Isusa Krista, koji nas pun ljubavi ozbiljno upozorava na mogu\u0107e posljedice krive odluke. Za takvu se opciju \u010dovjek istinski jedino mo\u017ee opredijeliti ako Isus uistinu bude moj Kralj, koji je mjerilo sveg mog govorenja, svih mojih \u010dina, cjelokupnog mog \u017eivotnog opredjeljenja, jer je vrijedan mog apsolutnog povjerenja! I tu je izvor na\u0161e nade kao i u onog razbojnika koji je u Isusu prepoznao svoj spas. Molimo ga stoga i mi: Spomeni se i nas Isuse, Kralju na\u0161. Mnogi oko Isusovog kri\u017ea imali su mogu\u0107nost biranja, a kako su izabrali? I nama se neprestano nudi izbor s Isusom ili bez njega, sami izabiremo!<\/span><\/p><p><span style=\"color: #000000;\"><em>Tomislav Petri\u0107, \u017eupnik<\/em><\/span><\/p>\t\t\t\t\t\t\t\t<\/div>\n\t\t\t\t<\/div>\n\t\t\t\t<div class=\"elementor-element elementor-element-0d0e3c0 elementor-widget elementor-widget-text-editor\" data-id=\"0d0e3c0\" data-element_type=\"widget\" data-e-type=\"widget\" data-widget_type=\"text-editor.default\">\n\t\t\t\t<div class=\"elementor-widget-container\">\n\t\t\t\t\t\t\t\t\t<p><strong><span style=\"color: #ff0000;\">\u017dUPNE OBAVIJESTI<\/span><\/strong><\/p><p><span style=\"color: #000000;\"><strong>VJERONAUK:<\/strong><\/span><\/p><ul><li><span style=\"color: #000000;\">prvopri\u010desnici &#8211; subota (29.11.2025.) u 10 h u dvorani<\/span><\/li><li><span style=\"color: #000000;\">krizmanici &#8211; subota (29.11.2025.) u 9 sati u crkvi<\/span><\/li><\/ul><p><span style=\"color: #000000;\"><strong>SUSRET MINISTRANATA:<\/strong><\/span><\/p><ul><li><span style=\"color: #000000;\">subota (29.11.2025.) u 11 h<\/span><\/li><\/ul><p><span style=\"color: #000000;\"><strong>Sveta potvrda bit \u0107e u subotu, 9.5.2026., u 10 h, a Prva pri\u010dest u nedjelju, 17.5.2026., u 11 h.<\/strong><\/span><\/p><p><span style=\"color: #ff0000;\"><a style=\"color: #ff0000;\" href=\"https:\/\/zupasvnikolakc.hr\/wp-content\/uploads\/2025\/11\/34.N.K.G-KRIST-KRALJ-2025.pdf\" target=\"_blank\" rel=\"noopener\">\u017dUPNI LISTI\u0106<\/a><\/span><\/p>\t\t\t\t\t\t\t\t<\/div>\n\t\t\t\t<\/div>\n\t\t\t\t\t<\/div>\n\t\t<\/div>\n\t\t\t\t\t<\/div>\n\t\t<\/section>\n\t\t\t\t<\/div>\n\t\t","protected":false},"excerpt":{"rendered":"<p>Kruna liturgijske godine jest svetkovina Krista Kralja. Nakon \u0161to su nam liturgijska \u010ditanja, u vremenu kroz godinu, predstavljala razne faze Isusova \u017eivota, po\u010dev\u0161i od najave ro\u0111enja pa sve do smrti, dolazimo i do svetkovine u kojoj je Krist okrunjen kao kralj neba i zemlje. Ova svetkovina je zapravo kruna njegova \u017eivota. Ona je plod svega [&hellip;]<\/p>\n","protected":false},"author":1,"featured_media":11970,"comment_status":"closed","ping_status":"closed","sticky":false,"template":"","format":"standard","meta":{"ocean_post_layout":"","ocean_both_sidebars_style":"","ocean_both_sidebars_content_width":0,"ocean_both_sidebars_sidebars_width":0,"ocean_sidebar":"","ocean_second_sidebar":"","ocean_disable_margins":"enable","ocean_add_body_class":"","ocean_shortcode_before_top_bar":"","ocean_shortcode_after_top_bar":"","ocean_shortcode_before_header":"","ocean_shortcode_after_header":"","ocean_has_shortcode":"","ocean_shortcode_after_title":"","ocean_shortcode_before_footer_widgets":"","ocean_shortcode_after_footer_widgets":"","ocean_shortcode_before_footer_bottom":"","ocean_shortcode_after_footer_bottom":"","ocean_display_top_bar":"default","ocean_display_header":"default","ocean_header_style":"","ocean_center_header_left_menu":"","ocean_custom_header_template":"","ocean_custom_logo":0,"ocean_custom_retina_logo":0,"ocean_custom_logo_max_width":0,"ocean_custom_logo_tablet_max_width":0,"ocean_custom_logo_mobile_max_width":0,"ocean_custom_logo_max_height":0,"ocean_custom_logo_tablet_max_height":0,"ocean_custom_logo_mobile_max_height":0,"ocean_header_custom_menu":"","ocean_menu_typo_font_family":"","ocean_menu_typo_font_subset":"","ocean_menu_typo_font_size":0,"ocean_menu_typo_font_size_tablet":0,"ocean_menu_typo_font_size_mobile":0,"ocean_menu_typo_font_size_unit":"px","ocean_menu_typo_font_weight":"","ocean_menu_typo_font_weight_tablet":"","ocean_menu_typo_font_weight_mobile":"","ocean_menu_typo_transform":"","ocean_menu_typo_transform_tablet":"","ocean_menu_typo_transform_mobile":"","ocean_menu_typo_line_height":0,"ocean_menu_typo_line_height_tablet":0,"ocean_menu_typo_line_height_mobile":0,"ocean_menu_typo_line_height_unit":"","ocean_menu_typo_spacing":0,"ocean_menu_typo_spacing_tablet":0,"ocean_menu_typo_spacing_mobile":0,"ocean_menu_typo_spacing_unit":"","ocean_menu_link_color":"","ocean_menu_link_color_hover":"","ocean_menu_link_color_active":"","ocean_menu_link_background":"","ocean_menu_link_hover_background":"","ocean_menu_link_active_background":"","ocean_menu_social_links_bg":"","ocean_menu_social_hover_links_bg":"","ocean_menu_social_links_color":"","ocean_menu_social_hover_links_color":"","ocean_disable_title":"default","ocean_disable_heading":"default","ocean_post_title":"","ocean_post_subheading":"","ocean_post_title_style":"","ocean_post_title_background_color":"","ocean_post_title_background":0,"ocean_post_title_bg_image_position":"","ocean_post_title_bg_image_attachment":"","ocean_post_title_bg_image_repeat":"","ocean_post_title_bg_image_size":"","ocean_post_title_height":0,"ocean_post_title_bg_overlay":0.5,"ocean_post_title_bg_overlay_color":"","ocean_disable_breadcrumbs":"default","ocean_breadcrumbs_color":"","ocean_breadcrumbs_separator_color":"","ocean_breadcrumbs_links_color":"","ocean_breadcrumbs_links_hover_color":"","ocean_display_footer_widgets":"default","ocean_display_footer_bottom":"default","ocean_custom_footer_template":"","ocean_post_oembed":"","ocean_post_self_hosted_media":"","ocean_post_video_embed":"","ocean_link_format":"","ocean_link_format_target":"self","ocean_quote_format":"","ocean_quote_format_link":"post","ocean_gallery_link_images":"on","ocean_gallery_id":[],"footnotes":""},"categories":[16],"tags":[],"class_list":["post-11974","post","type-post","status-publish","format-standard","has-post-thumbnail","hentry","category-vijesti","entry","has-media"],"views":226,"_links":{"self":[{"href":"https:\/\/zupasvnikolakc.hr\/index.php?rest_route=\/wp\/v2\/posts\/11974","targetHints":{"allow":["GET"]}}],"collection":[{"href":"https:\/\/zupasvnikolakc.hr\/index.php?rest_route=\/wp\/v2\/posts"}],"about":[{"href":"https:\/\/zupasvnikolakc.hr\/index.php?rest_route=\/wp\/v2\/types\/post"}],"author":[{"embeddable":true,"href":"https:\/\/zupasvnikolakc.hr\/index.php?rest_route=\/wp\/v2\/users\/1"}],"replies":[{"embeddable":true,"href":"https:\/\/zupasvnikolakc.hr\/index.php?rest_route=%2Fwp%2Fv2%2Fcomments&post=11974"}],"version-history":[{"count":4,"href":"https:\/\/zupasvnikolakc.hr\/index.php?rest_route=\/wp\/v2\/posts\/11974\/revisions"}],"predecessor-version":[{"id":11979,"href":"https:\/\/zupasvnikolakc.hr\/index.php?rest_route=\/wp\/v2\/posts\/11974\/revisions\/11979"}],"wp:featuredmedia":[{"embeddable":true,"href":"https:\/\/zupasvnikolakc.hr\/index.php?rest_route=\/wp\/v2\/media\/11970"}],"wp:attachment":[{"href":"https:\/\/zupasvnikolakc.hr\/index.php?rest_route=%2Fwp%2Fv2%2Fmedia&parent=11974"}],"wp:term":[{"taxonomy":"category","embeddable":true,"href":"https:\/\/zupasvnikolakc.hr\/index.php?rest_route=%2Fwp%2Fv2%2Fcategories&post=11974"},{"taxonomy":"post_tag","embeddable":true,"href":"https:\/\/zupasvnikolakc.hr\/index.php?rest_route=%2Fwp%2Fv2%2Ftags&post=11974"}],"curies":[{"name":"wp","href":"https:\/\/api.w.org\/{rel}","templated":true}]}}