{"id":12046,"date":"2025-11-29T19:00:00","date_gmt":"2025-11-29T18:00:00","guid":{"rendered":"https:\/\/zupasvnikolakc.hr\/?p=12046"},"modified":"2025-11-27T14:07:08","modified_gmt":"2025-11-27T13:07:08","slug":"1-nedjelja-dosasca-6","status":"publish","type":"post","link":"https:\/\/zupasvnikolakc.hr\/?p=12046","title":{"rendered":"1. NEDJELJA DO\u0160A\u0160\u0106A"},"content":{"rendered":"\t\t<div data-elementor-type=\"wp-post\" data-elementor-id=\"12046\" class=\"elementor elementor-12046\" data-elementor-post-type=\"post\">\n\t\t\t\t\t\t<section class=\"elementor-section elementor-top-section elementor-element elementor-element-9da9931 elementor-section-boxed elementor-section-height-default elementor-section-height-default\" data-id=\"9da9931\" data-element_type=\"section\" data-e-type=\"section\">\n\t\t\t\t\t\t<div class=\"elementor-container elementor-column-gap-default\">\n\t\t\t\t\t<div class=\"elementor-column elementor-col-100 elementor-top-column elementor-element elementor-element-2820cc8\" data-id=\"2820cc8\" data-element_type=\"column\" data-e-type=\"column\">\n\t\t\t<div class=\"elementor-widget-wrap elementor-element-populated\">\n\t\t\t\t\t\t<div class=\"elementor-element elementor-element-a0c9d96 elementor-widget elementor-widget-text-editor\" data-id=\"a0c9d96\" data-element_type=\"widget\" data-e-type=\"widget\" data-widget_type=\"text-editor.default\">\n\t\t\t\t<div class=\"elementor-widget-container\">\n\t\t\t\t\t\t\t\t\t<p><span style=\"color: #000000;\">Dragi vjernici, dana\u0161nja prva nedjelja nove liturgijske godine koju zapo\u010dinjemo ovim svetim vremenom do\u0161a\u0161\u0107a za nas vjernike je svojevrstan poticaj na budnost i novu nadu u bolje sutra i u vje\u010dnost koja nam je pripravljena. \u010covjek je po prirodi tra\u017eilac i od uvijek je tra\u017eio odgovore na pitanja: \u0160to \u0107e se doga\u0111ati sutra, sljede\u0107ih mjeseci i godina, a napose \u0161to \u0107e se dogoditi na kraju na\u0161ega \u017eivota? Kako kroz povijest, tako i danas, \u010dovjek u toj potrazi za odgovorima, okre\u0107e se Bogu. To je tako\u0111er zanimalo i Isusove suvremenike, napose u\u010denike. Isus neposredno prije svoje smrti progovara u\u010denicima, ali i svima nama o tim posljednjim vremenima koje mo\u017eemo razumjeti tek onda ako smo spremni suo\u010diti se s na\u0161om sada\u0161njicom. Veoma je znakovito da nam misna \u010ditanja ve\u0107 na po\u010detku liturgijske godine stavljaju pred o\u010di ono \u0161to \u0107e biti na kraju: <em>\u00abDogodit \u0107e se na kraju dan\u00e2\u00bb<\/em> kako to u proro\u010danskom vi\u0111enju vidje prorok Izaija. \u0160to \u0107e se dogoditi? Uspostavit \u0107e se jedinstvo \u010dovje\u010danstva, mno\u0161tva naroda i plemena, koji \u0107e se penjati <em>\u00abna Goru Gospodnju, u Dom Boga Jakovljeva\u00bb.<\/em> Slijedi prorokov poziv Izraelu i svakom \u010dovjeku koji to \u017eeli \u010duti: <em>\u00abU Gospodnjoj hodimo svjetlosti\u00bb<\/em> \u017eivimo s Bogom, u Bo\u017ejoj blizini! Na to nas poziva i sam apostol Pavao u poslanici Rimljanima. Valja se probuditi, odlo\u017eiti djela tame i <em>\u00abzaodjenuti se oru\u017ejem svjetlosti\u00bb<\/em>. Tu se on naslanja na Izaijinu misao o <em>\u00abhodu u svjetlosti\u00bb<\/em>. A to je sve drugo samo ne pasivno \u010dekanje. Kod Boga nema pasivnosti! Najprije valja probuditi se. Lijepa je simbolika u adventskim misama zornicama: budimo se ranije i idemo u crkvu, a mo\u017eda bismo radije ostali u toplom krevetu. Ta je \u017ertva izraz na\u0161e ljubavi prema Isusu koji je jedini smje\u0161taj prona\u0161ao u hladnoj \u0161tali. Ali probuditi se zna\u010di puno vi\u0161e od ustajanja na zornice. To zna\u010di trgnuti se iz svog dosada\u0161njeg grje\u0161nog \u017eivota, preispitati \u0161to u njemu nije bilo dobro i krenuti odlu\u010dno to ispravljati. Upravo to zna\u010di Pavlov izraz <em>\u00abodlo\u017eiti djela tame\u00bb<\/em>. Djela tame su grijeh, zlo. A da bismo se zlu mogli oduprijeti i suprotstaviti, valja nam se <em>\u00abzaodjenuti oru\u017ejem svjetlosti\u00bb<\/em> i \u017eivjeti u tom svjetlu. Do\u0161a\u0161\u0107e je idealno vrijeme u kojem mo\u017eemo na razli\u010dite na\u010dine buditi u sebi i u drugima, u obitelji i na poslu, u privatnom i u javnom \u017eivotu, nove nade u bolje i pravednije sutra. Neka nam to milosno vrijeme i ove godine pomogne da se ispitamo gdje smo mi kao vjernici, koje stavove u dru\u0161tvu zastupamo i jesmo li se udaljili od Isusa? Ako jesmo, prilika nam je da mu se ponovno kroz ovo do\u0161a\u0161\u0107e vratimo. Na takvo aktivno i\u0161\u010dekivanje nas Crkva danas poziva, na to nas Isus poti\u010de. Odgovorimo radosna i otvorena srca.<\/span><\/p><p><span style=\"color: #000000;\"><em>Tomislav Petri\u0107, \u017eupnik<\/em><\/span><\/p>\t\t\t\t\t\t\t\t<\/div>\n\t\t\t\t<\/div>\n\t\t\t\t<div class=\"elementor-element elementor-element-9aa5ae8 elementor-widget elementor-widget-text-editor\" data-id=\"9aa5ae8\" data-element_type=\"widget\" data-e-type=\"widget\" data-widget_type=\"text-editor.default\">\n\t\t\t\t<div class=\"elementor-widget-container\">\n\t\t\t\t\t\t\t\t\t<p><span style=\"color: #ff0000;\"><strong>\u017dUPNE OBAVIJESTI<\/strong><\/span><\/p><p><span style=\"color: #000000;\">Vjeronauka ovaj tjedan nema, ali su na\u0161i kandidati za krizmu i prvu pri\u010dest du\u017eni do\u0107i na mise trodnevnice te na sam blagdan Sv. Nikole, za\u0161titnika na\u0161e \u017eupe.<\/span><\/p><p><span style=\"color: #000000;\"><strong>\u00a0<\/strong><strong>KR\u0160TENJE:<\/strong><\/span><\/p><ul><li><span style=\"color: #000000;\">Kaja Solari\u0107 &#8211; subota (6.12.2025.) u 16 h<\/span><\/li><\/ul><p><a href=\"https:\/\/zupasvnikolakc.hr\/wp-content\/uploads\/2025\/11\/1.N.DOSASCA-LISTIC-2025.pdf\" target=\"_blank\" rel=\"noopener\"><span style=\"color: #ff0000;\">\u017dUPNI LISTI\u0106<\/span><\/a><\/p>\t\t\t\t\t\t\t\t<\/div>\n\t\t\t\t<\/div>\n\t\t\t\t\t<\/div>\n\t\t<\/div>\n\t\t\t\t\t<\/div>\n\t\t<\/section>\n\t\t\t\t<\/div>\n\t\t","protected":false},"excerpt":{"rendered":"<p>Dragi vjernici, dana\u0161nja prva nedjelja nove liturgijske godine koju zapo\u010dinjemo ovim svetim vremenom do\u0161a\u0161\u0107a za nas vjernike je svojevrstan poticaj na budnost i novu nadu u bolje sutra i u vje\u010dnost koja nam je pripravljena. \u010covjek je po prirodi tra\u017eilac i od uvijek je tra\u017eio odgovore na pitanja: \u0160to \u0107e se doga\u0111ati sutra, sljede\u0107ih mjeseci [&hellip;]<\/p>\n","protected":false},"author":1,"featured_media":12042,"comment_status":"closed","ping_status":"closed","sticky":false,"template":"","format":"standard","meta":{"ocean_post_layout":"","ocean_both_sidebars_style":"","ocean_both_sidebars_content_width":0,"ocean_both_sidebars_sidebars_width":0,"ocean_sidebar":"","ocean_second_sidebar":"","ocean_disable_margins":"enable","ocean_add_body_class":"","ocean_shortcode_before_top_bar":"","ocean_shortcode_after_top_bar":"","ocean_shortcode_before_header":"","ocean_shortcode_after_header":"","ocean_has_shortcode":"","ocean_shortcode_after_title":"","ocean_shortcode_before_footer_widgets":"","ocean_shortcode_after_footer_widgets":"","ocean_shortcode_before_footer_bottom":"","ocean_shortcode_after_footer_bottom":"","ocean_display_top_bar":"default","ocean_display_header":"default","ocean_header_style":"","ocean_center_header_left_menu":"","ocean_custom_header_template":"","ocean_custom_logo":0,"ocean_custom_retina_logo":0,"ocean_custom_logo_max_width":0,"ocean_custom_logo_tablet_max_width":0,"ocean_custom_logo_mobile_max_width":0,"ocean_custom_logo_max_height":0,"ocean_custom_logo_tablet_max_height":0,"ocean_custom_logo_mobile_max_height":0,"ocean_header_custom_menu":"","ocean_menu_typo_font_family":"","ocean_menu_typo_font_subset":"","ocean_menu_typo_font_size":0,"ocean_menu_typo_font_size_tablet":0,"ocean_menu_typo_font_size_mobile":0,"ocean_menu_typo_font_size_unit":"px","ocean_menu_typo_font_weight":"","ocean_menu_typo_font_weight_tablet":"","ocean_menu_typo_font_weight_mobile":"","ocean_menu_typo_transform":"","ocean_menu_typo_transform_tablet":"","ocean_menu_typo_transform_mobile":"","ocean_menu_typo_line_height":0,"ocean_menu_typo_line_height_tablet":0,"ocean_menu_typo_line_height_mobile":0,"ocean_menu_typo_line_height_unit":"","ocean_menu_typo_spacing":0,"ocean_menu_typo_spacing_tablet":0,"ocean_menu_typo_spacing_mobile":0,"ocean_menu_typo_spacing_unit":"","ocean_menu_link_color":"","ocean_menu_link_color_hover":"","ocean_menu_link_color_active":"","ocean_menu_link_background":"","ocean_menu_link_hover_background":"","ocean_menu_link_active_background":"","ocean_menu_social_links_bg":"","ocean_menu_social_hover_links_bg":"","ocean_menu_social_links_color":"","ocean_menu_social_hover_links_color":"","ocean_disable_title":"default","ocean_disable_heading":"default","ocean_post_title":"","ocean_post_subheading":"","ocean_post_title_style":"","ocean_post_title_background_color":"","ocean_post_title_background":0,"ocean_post_title_bg_image_position":"","ocean_post_title_bg_image_attachment":"","ocean_post_title_bg_image_repeat":"","ocean_post_title_bg_image_size":"","ocean_post_title_height":0,"ocean_post_title_bg_overlay":0.5,"ocean_post_title_bg_overlay_color":"","ocean_disable_breadcrumbs":"default","ocean_breadcrumbs_color":"","ocean_breadcrumbs_separator_color":"","ocean_breadcrumbs_links_color":"","ocean_breadcrumbs_links_hover_color":"","ocean_display_footer_widgets":"default","ocean_display_footer_bottom":"default","ocean_custom_footer_template":"","ocean_post_oembed":"","ocean_post_self_hosted_media":"","ocean_post_video_embed":"","ocean_link_format":"","ocean_link_format_target":"self","ocean_quote_format":"","ocean_quote_format_link":"post","ocean_gallery_link_images":"on","ocean_gallery_id":[],"footnotes":""},"categories":[16],"tags":[],"class_list":["post-12046","post","type-post","status-publish","format-standard","has-post-thumbnail","hentry","category-vijesti","entry","has-media"],"views":218,"_links":{"self":[{"href":"https:\/\/zupasvnikolakc.hr\/index.php?rest_route=\/wp\/v2\/posts\/12046","targetHints":{"allow":["GET"]}}],"collection":[{"href":"https:\/\/zupasvnikolakc.hr\/index.php?rest_route=\/wp\/v2\/posts"}],"about":[{"href":"https:\/\/zupasvnikolakc.hr\/index.php?rest_route=\/wp\/v2\/types\/post"}],"author":[{"embeddable":true,"href":"https:\/\/zupasvnikolakc.hr\/index.php?rest_route=\/wp\/v2\/users\/1"}],"replies":[{"embeddable":true,"href":"https:\/\/zupasvnikolakc.hr\/index.php?rest_route=%2Fwp%2Fv2%2Fcomments&post=12046"}],"version-history":[{"count":4,"href":"https:\/\/zupasvnikolakc.hr\/index.php?rest_route=\/wp\/v2\/posts\/12046\/revisions"}],"predecessor-version":[{"id":12050,"href":"https:\/\/zupasvnikolakc.hr\/index.php?rest_route=\/wp\/v2\/posts\/12046\/revisions\/12050"}],"wp:featuredmedia":[{"embeddable":true,"href":"https:\/\/zupasvnikolakc.hr\/index.php?rest_route=\/wp\/v2\/media\/12042"}],"wp:attachment":[{"href":"https:\/\/zupasvnikolakc.hr\/index.php?rest_route=%2Fwp%2Fv2%2Fmedia&parent=12046"}],"wp:term":[{"taxonomy":"category","embeddable":true,"href":"https:\/\/zupasvnikolakc.hr\/index.php?rest_route=%2Fwp%2Fv2%2Fcategories&post=12046"},{"taxonomy":"post_tag","embeddable":true,"href":"https:\/\/zupasvnikolakc.hr\/index.php?rest_route=%2Fwp%2Fv2%2Ftags&post=12046"}],"curies":[{"name":"wp","href":"https:\/\/api.w.org\/{rel}","templated":true}]}}