{"id":12328,"date":"2025-12-20T19:00:00","date_gmt":"2025-12-20T18:00:00","guid":{"rendered":"https:\/\/zupasvnikolakc.hr\/?p=12328"},"modified":"2025-12-18T19:08:05","modified_gmt":"2025-12-18T18:08:05","slug":"4-nedjelja-dosasca-6","status":"publish","type":"post","link":"https:\/\/zupasvnikolakc.hr\/?p=12328","title":{"rendered":"4. nedjelja do\u0161a\u0161\u0107a"},"content":{"rendered":"\t\t<div data-elementor-type=\"wp-post\" data-elementor-id=\"12328\" class=\"elementor elementor-12328\" data-elementor-post-type=\"post\">\n\t\t\t\t\t\t<section class=\"elementor-section elementor-top-section elementor-element elementor-element-f83ed1a elementor-section-boxed elementor-section-height-default elementor-section-height-default\" data-id=\"f83ed1a\" data-element_type=\"section\" data-e-type=\"section\">\n\t\t\t\t\t\t<div class=\"elementor-container elementor-column-gap-default\">\n\t\t\t\t\t<div class=\"elementor-column elementor-col-100 elementor-top-column elementor-element elementor-element-75b3e50\" data-id=\"75b3e50\" data-element_type=\"column\" data-e-type=\"column\">\n\t\t\t<div class=\"elementor-widget-wrap elementor-element-populated\">\n\t\t\t\t\t\t<div class=\"elementor-element elementor-element-be253e6 elementor-widget elementor-widget-text-editor\" data-id=\"be253e6\" data-element_type=\"widget\" data-e-type=\"widget\" data-widget_type=\"text-editor.default\">\n\t\t\t\t<div class=\"elementor-widget-container\">\n\t\t\t\t\t\t\t\t\t<p><span style=\"color: #000000;\">Dragi vjernici, dana\u0161nja \u010detvrta upaljena svije\u0107a na na\u0161im adventskim vijencima jasni nam je pokazatelj da smo nadomak cilju najve\u0107eg i najljep\u0161eg dara \u0161to ga je Bog u svom promislu darovao \u010dovje\u010danstvu, ro\u0111enje Sina na zemlji. Vrijeme do\u0161a\u0161\u0107a nam svojom pripravom za proslavu bo\u017ei\u0107nog otajstva poru\u010duje da uvijek postoji nada. Zato mi kr\u0161\u0107ani ne smijemo nikada gubiti nadu unato\u010d \u0161to nam ju mnogi u dana\u0161njem svijetu svojim postupcima \u017eele ukrasti i zatomiti. Kao istinski vjernici pozvani smo u svojoj otvorenosti Bogu koji nas poha\u0111a u ro\u0111enju Isusa Krista, uzeti u svoje ruke plamen nade koji se utjelovio u Betlehemu i kojemu smo povjerovali te ga donijeti do svakog \u010dovjeka, \u010dine\u0107i sve \u0161to je u na\u0161oj mo\u0107i da ta nada vrati mir u ovaj nemirni svijet, koji je i ovim nesretnim ratom ponovno naru\u0161en. U na\u0161u \u017eupu stiglo je i Betlehemsko svjetlo, simbol novoro\u0111enoga Boga. Svjetlo koje prosvjetljuje svakog \u010dovjeka. To svjetlo donijela nam je Marija svojim <em>Neka mi bude<\/em>, ona je centralni lik \u010ditavog do\u0161a\u0161\u0107a, ali i dana\u0161njeg evan\u0111eoskog odlomka kojeg nam liturgija stavlja dana\u0161nje \u010detvrte nedjelje na promi\u0161ljanje. Ona nas na kraju i ovog do\u0161a\u0161\u0107a poziva u svoju \u0161kolu, \u0161kolu nade i vjere. Ta \u0161kola nas danas u\u010di dvjema dimenzijama \u017eivota bez kojih se ne\u0107e i ne mo\u017ee dogoditi preobrazba svijeta u nadi. Te dimenzije su prihva\u0107anje Boga i bli\u017enjega, na na\u010din da slu\u017eimo Bogu i bli\u017enjemu. Marija je \u017eena nade, ona svojim \u017eivotom trajno kli\u010de od veselja jer mo\u017ee slu\u017eiti Bogu i mo\u017ee, poput onoga koji se po njoj utjelovio, \u010ditavim svojim \u017eivotom Bogu govoriti: <em>Evo dolazim! \u2026 Vr\u0161iti, Bo\u017ee, volju tvoju! <\/em><\/span><\/p><p><span style=\"color: #000000;\">Dragi vjernici u ovoj \u010detvrtoj nedjelji do\u0161a\u0161\u0107a pozvani smo radosno \u017eivjeti vjeru i truditi se svakog dana da ne gasimo svojim lo\u0161im postupcima vjeru jedni u drugima, nego ju u ovom do\u0161a\u0161\u0107u s Bo\u017ejom milo\u0161\u0107u i snagom te Marijinim zagovorom palimo u srcima jedni drugima ljube\u0107i i pra\u0161taju\u0107i si me\u0111usobno. Puno je na\u010dina kako mo\u017eemo ugasiti to svjetlo vjere i ljubavi. Nekad \u0107emo to u\u010diniti kad ne\u0161to \u010dinimo, a ne bismo trebali. A mnogo puta tako \u0161to \u0107emo propustiti u\u010diniti dobro bli\u017enjima. Neka nas i ovo kratko vrijeme koje nas dijeli od radosnog susreta s Novoro\u0111enim u\u010dvrsti u vjeri da nikad ne posustanemo na putu vjere i da budemo uvijek iznova vi\u0161e ljudi nade, vjere i ljubavi u ovome svijetu.<\/span><\/p><p><span style=\"color: #000000;\">Neka ova \u010detvrta nedjelja do\u0161a\u0161\u0107a i blagdan Bo\u017ei\u0107a budu svima nama putokaz koji vodi k sada\u0161njoj, ali vje\u010dnoj sre\u0107i.<\/span><\/p><p style=\"text-align: center;\"><span style=\"color: #000000;\"><em>Sretan i blagoslovljen Bo\u017ei\u0107 \u017eele vam \u017eupnik Tomislav i \u0111akon Miljenko sa \u017eupnim suradnicima!<\/em><\/span><\/p>\t\t\t\t\t\t\t\t<\/div>\n\t\t\t\t<\/div>\n\t\t\t\t<div class=\"elementor-element elementor-element-10ea31a elementor-widget elementor-widget-text-editor\" data-id=\"10ea31a\" data-element_type=\"widget\" data-e-type=\"widget\" data-widget_type=\"text-editor.default\">\n\t\t\t\t<div class=\"elementor-widget-container\">\n\t\t\t\t\t\t\t\t\t<p><span style=\"color: #ff0000;\"><strong>\u017dUPNE OBAVIJESTI<\/strong><\/span><\/p><p><span style=\"color: #000000;\">Na blagdan sv. Stjepana, 26.12.2025., kre\u0107emo s Blagoslovom obitelji po prilo\u017eenom rasporedu na<span style=\"color: #0000ff;\"> <a style=\"color: #0000ff;\" href=\"https:\/\/zupasvnikolakc.hr\/wp-content\/uploads\/2025\/12\/RASPORED-BLAGOSLOV-2025.2026.pdf\">web stranici na\u0161e \u017eupe<\/a><\/span>.<\/span><\/p><p><a href=\"https:\/\/zupasvnikolakc.hr\/wp-content\/uploads\/2025\/12\/4.N.DOSASCA-2025.pdf\" target=\"_blank\" rel=\"noopener\"><span style=\"color: #ff0000;\">\u017dUPNI LISTI\u0106<\/span><\/a><\/p>\t\t\t\t\t\t\t\t<\/div>\n\t\t\t\t<\/div>\n\t\t\t\t\t<\/div>\n\t\t<\/div>\n\t\t\t\t\t<\/div>\n\t\t<\/section>\n\t\t\t\t<\/div>\n\t\t","protected":false},"excerpt":{"rendered":"<p>Dragi vjernici, dana\u0161nja \u010detvrta upaljena svije\u0107a na na\u0161im adventskim vijencima jasni nam je pokazatelj da smo nadomak cilju najve\u0107eg i najljep\u0161eg dara \u0161to ga je Bog u svom promislu darovao \u010dovje\u010danstvu, ro\u0111enje Sina na zemlji. Vrijeme do\u0161a\u0161\u0107a nam svojom pripravom za proslavu bo\u017ei\u0107nog otajstva poru\u010duje da uvijek postoji nada. Zato mi kr\u0161\u0107ani ne smijemo nikada [&hellip;]<\/p>\n","protected":false},"author":1,"featured_media":12327,"comment_status":"closed","ping_status":"closed","sticky":false,"template":"","format":"standard","meta":{"ocean_post_layout":"","ocean_both_sidebars_style":"","ocean_both_sidebars_content_width":0,"ocean_both_sidebars_sidebars_width":0,"ocean_sidebar":"","ocean_second_sidebar":"","ocean_disable_margins":"enable","ocean_add_body_class":"","ocean_shortcode_before_top_bar":"","ocean_shortcode_after_top_bar":"","ocean_shortcode_before_header":"","ocean_shortcode_after_header":"","ocean_has_shortcode":"","ocean_shortcode_after_title":"","ocean_shortcode_before_footer_widgets":"","ocean_shortcode_after_footer_widgets":"","ocean_shortcode_before_footer_bottom":"","ocean_shortcode_after_footer_bottom":"","ocean_display_top_bar":"default","ocean_display_header":"default","ocean_header_style":"","ocean_center_header_left_menu":"","ocean_custom_header_template":"","ocean_custom_logo":0,"ocean_custom_retina_logo":0,"ocean_custom_logo_max_width":0,"ocean_custom_logo_tablet_max_width":0,"ocean_custom_logo_mobile_max_width":0,"ocean_custom_logo_max_height":0,"ocean_custom_logo_tablet_max_height":0,"ocean_custom_logo_mobile_max_height":0,"ocean_header_custom_menu":"","ocean_menu_typo_font_family":"","ocean_menu_typo_font_subset":"","ocean_menu_typo_font_size":0,"ocean_menu_typo_font_size_tablet":0,"ocean_menu_typo_font_size_mobile":0,"ocean_menu_typo_font_size_unit":"px","ocean_menu_typo_font_weight":"","ocean_menu_typo_font_weight_tablet":"","ocean_menu_typo_font_weight_mobile":"","ocean_menu_typo_transform":"","ocean_menu_typo_transform_tablet":"","ocean_menu_typo_transform_mobile":"","ocean_menu_typo_line_height":0,"ocean_menu_typo_line_height_tablet":0,"ocean_menu_typo_line_height_mobile":0,"ocean_menu_typo_line_height_unit":"","ocean_menu_typo_spacing":0,"ocean_menu_typo_spacing_tablet":0,"ocean_menu_typo_spacing_mobile":0,"ocean_menu_typo_spacing_unit":"","ocean_menu_link_color":"","ocean_menu_link_color_hover":"","ocean_menu_link_color_active":"","ocean_menu_link_background":"","ocean_menu_link_hover_background":"","ocean_menu_link_active_background":"","ocean_menu_social_links_bg":"","ocean_menu_social_hover_links_bg":"","ocean_menu_social_links_color":"","ocean_menu_social_hover_links_color":"","ocean_disable_title":"default","ocean_disable_heading":"default","ocean_post_title":"","ocean_post_subheading":"","ocean_post_title_style":"","ocean_post_title_background_color":"","ocean_post_title_background":0,"ocean_post_title_bg_image_position":"","ocean_post_title_bg_image_attachment":"","ocean_post_title_bg_image_repeat":"","ocean_post_title_bg_image_size":"","ocean_post_title_height":0,"ocean_post_title_bg_overlay":0.5,"ocean_post_title_bg_overlay_color":"","ocean_disable_breadcrumbs":"default","ocean_breadcrumbs_color":"","ocean_breadcrumbs_separator_color":"","ocean_breadcrumbs_links_color":"","ocean_breadcrumbs_links_hover_color":"","ocean_display_footer_widgets":"default","ocean_display_footer_bottom":"default","ocean_custom_footer_template":"","ocean_post_oembed":"","ocean_post_self_hosted_media":"","ocean_post_video_embed":"","ocean_link_format":"","ocean_link_format_target":"self","ocean_quote_format":"","ocean_quote_format_link":"post","ocean_gallery_link_images":"on","ocean_gallery_id":[],"footnotes":""},"categories":[16],"tags":[],"class_list":["post-12328","post","type-post","status-publish","format-standard","has-post-thumbnail","hentry","category-vijesti","entry","has-media"],"views":217,"_links":{"self":[{"href":"https:\/\/zupasvnikolakc.hr\/index.php?rest_route=\/wp\/v2\/posts\/12328","targetHints":{"allow":["GET"]}}],"collection":[{"href":"https:\/\/zupasvnikolakc.hr\/index.php?rest_route=\/wp\/v2\/posts"}],"about":[{"href":"https:\/\/zupasvnikolakc.hr\/index.php?rest_route=\/wp\/v2\/types\/post"}],"author":[{"embeddable":true,"href":"https:\/\/zupasvnikolakc.hr\/index.php?rest_route=\/wp\/v2\/users\/1"}],"replies":[{"embeddable":true,"href":"https:\/\/zupasvnikolakc.hr\/index.php?rest_route=%2Fwp%2Fv2%2Fcomments&post=12328"}],"version-history":[{"count":4,"href":"https:\/\/zupasvnikolakc.hr\/index.php?rest_route=\/wp\/v2\/posts\/12328\/revisions"}],"predecessor-version":[{"id":12332,"href":"https:\/\/zupasvnikolakc.hr\/index.php?rest_route=\/wp\/v2\/posts\/12328\/revisions\/12332"}],"wp:featuredmedia":[{"embeddable":true,"href":"https:\/\/zupasvnikolakc.hr\/index.php?rest_route=\/wp\/v2\/media\/12327"}],"wp:attachment":[{"href":"https:\/\/zupasvnikolakc.hr\/index.php?rest_route=%2Fwp%2Fv2%2Fmedia&parent=12328"}],"wp:term":[{"taxonomy":"category","embeddable":true,"href":"https:\/\/zupasvnikolakc.hr\/index.php?rest_route=%2Fwp%2Fv2%2Fcategories&post=12328"},{"taxonomy":"post_tag","embeddable":true,"href":"https:\/\/zupasvnikolakc.hr\/index.php?rest_route=%2Fwp%2Fv2%2Ftags&post=12328"}],"curies":[{"name":"wp","href":"https:\/\/api.w.org\/{rel}","templated":true}]}}