{"id":12377,"date":"2025-12-27T19:00:00","date_gmt":"2025-12-27T18:00:00","guid":{"rendered":"https:\/\/zupasvnikolakc.hr\/?p=12377"},"modified":"2025-12-23T21:45:58","modified_gmt":"2025-12-23T20:45:58","slug":"nedjelja-svete-obitelji-4","status":"publish","type":"post","link":"https:\/\/zupasvnikolakc.hr\/?p=12377","title":{"rendered":"Nedjelja Svete Obitelji"},"content":{"rendered":"\t\t<div data-elementor-type=\"wp-post\" data-elementor-id=\"12377\" class=\"elementor elementor-12377\" data-elementor-post-type=\"post\">\n\t\t\t\t\t\t<section class=\"elementor-section elementor-top-section elementor-element elementor-element-18461fa elementor-section-boxed elementor-section-height-default elementor-section-height-default\" data-id=\"18461fa\" data-element_type=\"section\" data-e-type=\"section\">\n\t\t\t\t\t\t<div class=\"elementor-container elementor-column-gap-default\">\n\t\t\t\t\t<div class=\"elementor-column elementor-col-100 elementor-top-column elementor-element elementor-element-9553fd0\" data-id=\"9553fd0\" data-element_type=\"column\" data-e-type=\"column\">\n\t\t\t<div class=\"elementor-widget-wrap elementor-element-populated\">\n\t\t\t\t\t\t<div class=\"elementor-element elementor-element-91a2468 elementor-widget elementor-widget-text-editor\" data-id=\"91a2468\" data-element_type=\"widget\" data-e-type=\"widget\" data-widget_type=\"text-editor.default\">\n\t\t\t\t<div class=\"elementor-widget-container\">\n\t\t\t\t\t\t\t\t\t<p><span style=\"color: #000000;\">Dragi vjernici, prva nedjelja nakon blagdana Bo\u017ei\u0107a posve\u0107ena je obitelji. Nije to bez razloga, jer i sam Bog se rodio u obitelji, \u017eele\u0107i time svim nara\u0161tajima kroz povijest nazna\u010diti va\u017enost obitelji. U Bo\u017ejem naumu obitelj je bila i ostala najsvetija stanica ljudskog \u017eivota, ona je temeljno ognji\u0161te u kojem \u010dovjek stje\u010de svoj kulturni, vjerski i nacionalni identitet, ognji\u0161te iz kojeg izrasta u odrasla \u010dovjeka pozvana da osniva vlastitu obitelj i nastavlja tako Bo\u017eji naum opstanka \u010dovje\u010danstva na zemlji. S pravom mo\u017eemo ustvrditi da ljudsku povijest, kako god to \u010dudno izgledalo, ipak ne oblikuju silnici nego obi\u010dni, mali ljudi koji se prepu\u0161taju Bo\u017ejem vo\u0111enju! I ti ljudi nisu izrasli iz nekih instituta za proizvodnju velikana, nego iz jednostavnih, ljubavlju zalijevanih ljudskih obitelji. Obitelj je djelo Bo\u017eje ljubavi od samih po\u010detaka, a po ro\u0111enju Isusa ona postaje jo\u0161 dragocjenija kolijevka \u010dovje\u010danstva. Nazaretsku Obitelj nazivamo svetom upravo zato jer je Isus bio sredi\u0161te te obitelji! I usprkos Isusovoj prisutnosti, ni ta obitelj nije bila po\u0161te\u0111ena te\u0161ko\u0107a. No, sve je nadvladano jer su se Josip i Marija oslanjali na dobrog Boga. Svaka obitelj koja to \u017eeli mo\u017ee uvijek ra\u010dunati na Njega. Postavimo si pitanje danas, na blagdan Obitelji, ra\u010dunamo li s Njim u na\u0161im \u017eivotima i obiteljima? Koliki je zna\u010daj Bo\u017eje rije\u010di u mojoj obitelji, najvidljivije je iz toga kakvu ljestvicu ljudskih vrlina gajimo. Je li onakva kakva je vladala u Svetoj Obitelji ili neka druga? Zapitajmo se, jesu li na\u0161e obitelji ljubitelji i \u010duvari \u017eivota ili je ljudski rod postao civilizacija smrti, kako je to \u010desto upozoravao sveti papa Ivan Pavao II. Isus je \u017divot i ako mu otvorimo na njegovo kucanje, \u017eivot pu\u0161tamo u na\u0161e obitelji. U Isusovoj obitelji vladala je ljubav! Ako u na\u0161oj domovini dolazi do uni\u0161tenja svakog tre\u0107eg braka, zar onda nije o\u010dito kako temelj na\u0161im obiteljima nije ljubav, ili jo\u0161 o\u010ditije, u na\u0161im obiteljima nedostaje Ljubav pisana velikim slovom. Sv. Pavao nam jasno poru\u010duje u dana\u0161njoj poslanici: <em>A povrh svega ljubav, to je sveza savr\u0161enstva<\/em>. Za kr\u0161\u0107anske obitelji va\u017ean je Bo\u017eji poziv na ljubav. Utecimo se svi zajedno Svetoj Obitelji da temelj na kojim je ona opstala, a to je Ljubav, postane i temelj na\u0161im obiteljima i na\u0161em narodu!<\/span><\/p><p style=\"text-align: right;\"><span style=\"color: #000000;\"><em>Tomislav Petri\u0107, \u017eupnik<\/em><\/span><\/p>\t\t\t\t\t\t\t\t<\/div>\n\t\t\t\t<\/div>\n\t\t\t\t<div class=\"elementor-element elementor-element-870c969 elementor-widget elementor-widget-text-editor\" data-id=\"870c969\" data-element_type=\"widget\" data-e-type=\"widget\" data-widget_type=\"text-editor.default\">\n\t\t\t\t<div class=\"elementor-widget-container\">\n\t\t\t\t\t\t\t\t\t<p><span style=\"color: #ff0000;\"><strong>\u017dUPNE OBAVIJESTI<\/strong><\/span><\/p><p><a href=\"https:\/\/zupasvnikolakc.hr\/wp-content\/uploads\/2025\/12\/NEDJELJA-SVETE-OBITELJI-LISTIC-2025.pdf\" target=\"_blank\" rel=\"noopener\"><span style=\"color: #ff0000;\">\u017dUPNI LISTI\u0106<\/span><\/a><\/p><p>\u00a0<\/p><p style=\"text-align: center;\"><span style=\"color: #000000;\"><em><strong>MOLITVA ZA OBITELJ<\/strong><\/em><\/span><\/p><p><span style=\"color: #000000;\"><em><strong>Sveta nazaretska obitelji, tvojoj nebeskoj za\u0161titi predajemo sve na\u0161e obitelji.<\/strong><\/em><strong><em><br \/>Isuse, u\u010dini da u svakoj obitelji vladaju odnosi ljubavi i povjerenja. Nau\u010di djecu poslu\u0161nosti roditeljima, marljivosti u \u0161kolskim i drugim obavezama. Oslobodi ih od utjecaja zla i za\u0161titi od svake ovisnosti. Daj da rastu u mudrosti i Bo\u017ejoj milosti kao \u0161to si ti rastao u svojoj obitelji.<br \/>Marijo, na\u0161a Majko, tvojoj dobroti preporu\u010dujemo srce svake \u017eene i majke. Udijeli joj otvorenost \u017eivotu, strpljivost i smisao za \u017ertvu. Daj da sa svojim mu\u017eem bude vlastitim primjerom prva odgojiteljica vjere svojoj djeci.<br \/>Sveti Josipe, skrbni\u010de Isusa i Marije, izmoli o\u010devima otvorenost Bo\u017ejem vodstvu, posao koji \u0107e raditi u marljivosti i po\u0161tenju i vrijeme koje \u0107e posvetiti svojoj \u017eeni i djeci.<br \/>Isuse, Marijo, Josipe, predajemo vam sve obitelji, a na poseban na\u010din one koje su najpotrebnije va\u0161e pomo\u0107i. Bdijte nad nama i \u010duvajte nas u svojoj ljubavi! Amen.<\/em><\/strong><\/span><\/p><p style=\"text-align: right;\"><span style=\"color: #000000;\"><em>Lectio Divina s don Boscom<\/em><\/span><\/p>\t\t\t\t\t\t\t\t<\/div>\n\t\t\t\t<\/div>\n\t\t\t\t\t<\/div>\n\t\t<\/div>\n\t\t\t\t\t<\/div>\n\t\t<\/section>\n\t\t\t\t<\/div>\n\t\t","protected":false},"excerpt":{"rendered":"<p>Dragi vjernici, prva nedjelja nakon blagdana Bo\u017ei\u0107a posve\u0107ena je obitelji. Nije to bez razloga, jer i sam Bog se rodio u obitelji, \u017eele\u0107i time svim nara\u0161tajima kroz povijest nazna\u010diti va\u017enost obitelji. U Bo\u017ejem naumu obitelj je bila i ostala najsvetija stanica ljudskog \u017eivota, ona je temeljno ognji\u0161te u kojem \u010dovjek stje\u010de svoj kulturni, vjerski i [&hellip;]<\/p>\n","protected":false},"author":1,"featured_media":12378,"comment_status":"closed","ping_status":"closed","sticky":false,"template":"","format":"standard","meta":{"ocean_post_layout":"","ocean_both_sidebars_style":"","ocean_both_sidebars_content_width":0,"ocean_both_sidebars_sidebars_width":0,"ocean_sidebar":"","ocean_second_sidebar":"","ocean_disable_margins":"enable","ocean_add_body_class":"","ocean_shortcode_before_top_bar":"","ocean_shortcode_after_top_bar":"","ocean_shortcode_before_header":"","ocean_shortcode_after_header":"","ocean_has_shortcode":"","ocean_shortcode_after_title":"","ocean_shortcode_before_footer_widgets":"","ocean_shortcode_after_footer_widgets":"","ocean_shortcode_before_footer_bottom":"","ocean_shortcode_after_footer_bottom":"","ocean_display_top_bar":"default","ocean_display_header":"default","ocean_header_style":"","ocean_center_header_left_menu":"","ocean_custom_header_template":"","ocean_custom_logo":0,"ocean_custom_retina_logo":0,"ocean_custom_logo_max_width":0,"ocean_custom_logo_tablet_max_width":0,"ocean_custom_logo_mobile_max_width":0,"ocean_custom_logo_max_height":0,"ocean_custom_logo_tablet_max_height":0,"ocean_custom_logo_mobile_max_height":0,"ocean_header_custom_menu":"","ocean_menu_typo_font_family":"","ocean_menu_typo_font_subset":"","ocean_menu_typo_font_size":0,"ocean_menu_typo_font_size_tablet":0,"ocean_menu_typo_font_size_mobile":0,"ocean_menu_typo_font_size_unit":"px","ocean_menu_typo_font_weight":"","ocean_menu_typo_font_weight_tablet":"","ocean_menu_typo_font_weight_mobile":"","ocean_menu_typo_transform":"","ocean_menu_typo_transform_tablet":"","ocean_menu_typo_transform_mobile":"","ocean_menu_typo_line_height":0,"ocean_menu_typo_line_height_tablet":0,"ocean_menu_typo_line_height_mobile":0,"ocean_menu_typo_line_height_unit":"","ocean_menu_typo_spacing":0,"ocean_menu_typo_spacing_tablet":0,"ocean_menu_typo_spacing_mobile":0,"ocean_menu_typo_spacing_unit":"","ocean_menu_link_color":"","ocean_menu_link_color_hover":"","ocean_menu_link_color_active":"","ocean_menu_link_background":"","ocean_menu_link_hover_background":"","ocean_menu_link_active_background":"","ocean_menu_social_links_bg":"","ocean_menu_social_hover_links_bg":"","ocean_menu_social_links_color":"","ocean_menu_social_hover_links_color":"","ocean_disable_title":"default","ocean_disable_heading":"default","ocean_post_title":"","ocean_post_subheading":"","ocean_post_title_style":"","ocean_post_title_background_color":"","ocean_post_title_background":0,"ocean_post_title_bg_image_position":"","ocean_post_title_bg_image_attachment":"","ocean_post_title_bg_image_repeat":"","ocean_post_title_bg_image_size":"","ocean_post_title_height":0,"ocean_post_title_bg_overlay":0.5,"ocean_post_title_bg_overlay_color":"","ocean_disable_breadcrumbs":"default","ocean_breadcrumbs_color":"","ocean_breadcrumbs_separator_color":"","ocean_breadcrumbs_links_color":"","ocean_breadcrumbs_links_hover_color":"","ocean_display_footer_widgets":"default","ocean_display_footer_bottom":"default","ocean_custom_footer_template":"","ocean_post_oembed":"","ocean_post_self_hosted_media":"","ocean_post_video_embed":"","ocean_link_format":"","ocean_link_format_target":"self","ocean_quote_format":"","ocean_quote_format_link":"post","ocean_gallery_link_images":"on","ocean_gallery_id":[],"footnotes":""},"categories":[16],"tags":[],"class_list":["post-12377","post","type-post","status-publish","format-standard","has-post-thumbnail","hentry","category-vijesti","entry","has-media"],"views":231,"_links":{"self":[{"href":"https:\/\/zupasvnikolakc.hr\/index.php?rest_route=\/wp\/v2\/posts\/12377","targetHints":{"allow":["GET"]}}],"collection":[{"href":"https:\/\/zupasvnikolakc.hr\/index.php?rest_route=\/wp\/v2\/posts"}],"about":[{"href":"https:\/\/zupasvnikolakc.hr\/index.php?rest_route=\/wp\/v2\/types\/post"}],"author":[{"embeddable":true,"href":"https:\/\/zupasvnikolakc.hr\/index.php?rest_route=\/wp\/v2\/users\/1"}],"replies":[{"embeddable":true,"href":"https:\/\/zupasvnikolakc.hr\/index.php?rest_route=%2Fwp%2Fv2%2Fcomments&post=12377"}],"version-history":[{"count":4,"href":"https:\/\/zupasvnikolakc.hr\/index.php?rest_route=\/wp\/v2\/posts\/12377\/revisions"}],"predecessor-version":[{"id":12382,"href":"https:\/\/zupasvnikolakc.hr\/index.php?rest_route=\/wp\/v2\/posts\/12377\/revisions\/12382"}],"wp:featuredmedia":[{"embeddable":true,"href":"https:\/\/zupasvnikolakc.hr\/index.php?rest_route=\/wp\/v2\/media\/12378"}],"wp:attachment":[{"href":"https:\/\/zupasvnikolakc.hr\/index.php?rest_route=%2Fwp%2Fv2%2Fmedia&parent=12377"}],"wp:term":[{"taxonomy":"category","embeddable":true,"href":"https:\/\/zupasvnikolakc.hr\/index.php?rest_route=%2Fwp%2Fv2%2Fcategories&post=12377"},{"taxonomy":"post_tag","embeddable":true,"href":"https:\/\/zupasvnikolakc.hr\/index.php?rest_route=%2Fwp%2Fv2%2Ftags&post=12377"}],"curies":[{"name":"wp","href":"https:\/\/api.w.org\/{rel}","templated":true}]}}