{"id":12569,"date":"2026-01-10T19:00:00","date_gmt":"2026-01-10T18:00:00","guid":{"rendered":"https:\/\/zupasvnikolakc.hr\/?p=12569"},"modified":"2026-01-11T10:36:09","modified_gmt":"2026-01-11T09:36:09","slug":"nedjelja-krstenja-gospodinova-6","status":"publish","type":"post","link":"https:\/\/zupasvnikolakc.hr\/?p=12569","title":{"rendered":"Nedjelja kr\u0161tenja Gospodinova"},"content":{"rendered":"\t\t<div data-elementor-type=\"wp-post\" data-elementor-id=\"12569\" class=\"elementor elementor-12569\" data-elementor-post-type=\"post\">\n\t\t\t\t\t\t<section class=\"elementor-section elementor-top-section elementor-element elementor-element-a1bc575 elementor-section-boxed elementor-section-height-default elementor-section-height-default\" data-id=\"a1bc575\" data-element_type=\"section\" data-e-type=\"section\">\n\t\t\t\t\t\t<div class=\"elementor-container elementor-column-gap-default\">\n\t\t\t\t\t<div class=\"elementor-column elementor-col-100 elementor-top-column elementor-element elementor-element-f280574\" data-id=\"f280574\" data-element_type=\"column\" data-e-type=\"column\">\n\t\t\t<div class=\"elementor-widget-wrap elementor-element-populated\">\n\t\t\t\t\t\t<div class=\"elementor-element elementor-element-efe1bad elementor-widget elementor-widget-text-editor\" data-id=\"efe1bad\" data-element_type=\"widget\" data-e-type=\"widget\" data-widget_type=\"text-editor.default\">\n\t\t\t\t<div class=\"elementor-widget-container\">\n\t\t\t\t\t\t\t\t\t<p><span style=\"color: #000000;\">Crkva dana\u0161njom nedjeljom i blagdanom Kr\u0161tenja Isusova zavr\u0161ava bo\u017ei\u0107no vrijeme i vra\u0107a nas u vrijeme kroz godinu, mo\u017eemo re\u0107i svakida\u0161njicu vjerni\u010dkog \u017eivota. Danas slavimo ne samo Isusovo Kr\u0161tenje, ve\u0107 po\u010detak njegova javnog \u017eivota i poslanja koje je od Oca primio, ali i spomen na\u0161eg kr\u0161tenja. Isus iz Nazareta, do tada od svih promatran kao obi\u010dan tesar, dobiva nebesko poslanje, progla\u0161en je slu\u017ebeno Sinom Bo\u017ejim. Isusov dolazak na Jordan izazivao je u mnogima onda, ali izaziva i danas u nama pitanja: <em>Za\u0161to je Isus do\u0161ao pred Ivana i zatra\u017eio od njega kr\u0161tenje? Za\u0161to se pomije\u0161ao s ljudima i zagazio u Jordanske vode i zatra\u017eio kr\u0161tenje kojim se bri\u0161u ljudski grijesi, a bio je bezgre\u0161an?<\/em> Moramo priznati da nas Isus tim \u010dinom pomalo iznena\u0111uje. Iznenadio je i Ivana Krstitelja, koji mu se usprotivio rije\u010dima: <em>Ti mene treba\u0161 krstiti, a ti meni dolazi\u0161.<\/em> No moramo si osvijestiti da je Isus posve prihvatio znakove na\u0161ega zemaljskog putovanja. Svojim ro\u0111enjem je uzeo na\u0161e tijelo i tako u\u0161ao u svu na\u0161u ljudskost, ali ne i gre\u0161nost. Doga\u0111aj iz dana\u0161njeg evan\u0111elja &#8211; njegov ulazak u vodu Jordana predstavlja jo\u0161 jednu gestu njegova ula\u017eenja u na\u0161 hod na zemlji. \u017delio se u potpunosti sjediniti s \u010dovjekom te iz tog razloga prima kr\u0161tenje da bi pokazao da se ne razlikuje po ni\u010demu od \u010dovjeka, osim po grijehu. No ne samo to, ve\u0107 Isus \u010dinom kr\u0161tenja zapravo daje priliku da ga Otac objavi svijetu: <em>Ovo je Sin moj ljubljeni u njemu mi sva milina. Slu\u0161ajte ga!<\/em> Ovim se doga\u0111ajem doista otvara novo poglavlje odnosa Boga i \u010dovjeka, jer od ovog trenutka nastupa vrijeme nove pravednosti za \u010dovjeka. Od ovog trenutka Isus ulazi u svijet snagom Bo\u017ejom, kao ovjerovljeni Sin Bo\u017eji koji ima pravo na svijet. Mi smo po njegovom i svojem kr\u0161tenju postali djeca Bo\u017eja, postali smo njegovi miljenici, stoga nam je tim ve\u0107a odgovornost da \u017eivimo svoje kr\u0161tenje, ali i da budemo svjedoci u vjeri onima koji su se u na\u0161oj vjeri krstili. Velika je to i odgovorna zada\u0107a, jesmo li je svjesni? Jer Krist Gospodin je do\u0161ao me\u0111u nas da nam objavi kako i Bog ima o\u010dekivanja prema nama. Sin Ljubljeni u kojem je sva O\u010deva milina nam je putokaz jer on ispunjava volju O\u010devu te i nas osposobljava da i sami idemo ispunjenjem Bo\u017ejih o\u010dekivanja trude\u0107i se preobra\u017eavati iz dana u dan svijet u kojemu \u017eivimo.<\/span><\/p>\t\t\t\t\t\t\t\t<\/div>\n\t\t\t\t<\/div>\n\t\t\t\t<div class=\"elementor-element elementor-element-e6be86d elementor-widget elementor-widget-text-editor\" data-id=\"e6be86d\" data-element_type=\"widget\" data-e-type=\"widget\" data-widget_type=\"text-editor.default\">\n\t\t\t\t<div class=\"elementor-widget-container\">\n\t\t\t\t\t\t\t\t\t<p><span style=\"color: #ff0000;\"><strong>\u017dUPNE OBAVIJESTI<\/strong><\/span><\/p><p><span style=\"color: #000000;\"><strong>VJERONAUK:<\/strong><\/span><\/p><ul><li><span style=\"color: #000000;\">krizmanici &#8211; subota (17.1.2026.) u 9 h<\/span><\/li><li><span style=\"color: #000000;\">prvopri\u010desnici &#8211; srijeda (14.1.2026.) u 15 h<\/span><\/li><\/ul><p><a href=\"https:\/\/zupasvnikolakc.hr\/wp-content\/uploads\/2026\/01\/NEDJELJA-KRSTENJA-GOSPODINOVA-LISTIC-2026.pdf\" target=\"_blank\" rel=\"noopener\"><span style=\"color: #ff0000;\">\u017dUPNI LISTI\u0106<\/span><\/a><\/p>\t\t\t\t\t\t\t\t<\/div>\n\t\t\t\t<\/div>\n\t\t\t\t<div class=\"elementor-element elementor-element-bb9a76d elementor-widget elementor-widget-text-editor\" data-id=\"bb9a76d\" data-element_type=\"widget\" data-e-type=\"widget\" data-widget_type=\"text-editor.default\">\n\t\t\t\t<div class=\"elementor-widget-container\">\n\t\t\t\t\t\t\t\t\t<p><span style=\"color: #000000;\"><strong>DAROVATELJI ZA POTREBE CRKVE<\/strong><\/span><\/p><ul><li><span style=\"color: #000000;\">Obit. Ve\u010denaj, F. Galovi\u0107a 45<\/span><\/li><li><span style=\"color: #000000;\">Josip Delimar, F. Galovi\u0107a 12 A<\/span><\/li><li><span style=\"color: #000000;\">Marija Jakupec, Trg J. b. Jela\u010di\u0107a 14<\/span><\/li><li><span style=\"color: #000000;\">Obit. Lohajner, Pavelinska 26<\/span><\/li><li><span style=\"color: #000000;\">Obit. \u0160ef, D. Banovec 19<\/span><\/li><li><span style=\"color: #000000;\">Obit. Dugina i Ga\u0161pari\u0107, Pavelinska 8A<\/span><\/li><li><span style=\"color: #000000;\">Obit. \u0160estanj, Peteranska c 76<\/span><\/li><li><span style=\"color: #000000;\">Obit. Tanackovi\u0107, Trg Mladosti 15<\/span><\/li><li><span style=\"color: #000000;\">Ru\u017eica Nesti\u0107, Trg Zl. Bartl 12<\/span><\/li><li><span style=\"color: #000000;\">Obit. Janu\u0161i\u0107, \u0110elekove\u010dka c 6<\/span><\/li><li><span style=\"color: #000000;\">Obit. Novak, M. P. Mi\u0161kine 64A<\/span><\/li><li><span style=\"color: #000000;\">Obit. Sobota, Br. Radi\u0107 85<\/span><\/li><li><span style=\"color: #000000;\">Obit. Pal, Vije\u0107ni\u010dka 11<\/span><\/li><li><span style=\"color: #000000;\">Obit. Pobi, F. Galovi\u0107a 3<\/span><\/li><li><span style=\"color: #000000;\">Milica Smok, I. Me\u0161trovi\u0107a 10<\/span><\/li><li><span style=\"color: #000000;\">Katarina Donat da Silvera, S. Kukeca 10<\/span><\/li><li><span style=\"color: #000000;\">Marica Ogrinec, Frankopanska 23B<\/span><\/li><li><span style=\"color: #000000;\">Lidija Mikulec, Trg kr. Kre\u0161imira 7<\/span><\/li><li><span style=\"color: #000000;\">Dragica Pa\u0161ica, Trg Podrav. heroja 4<\/span><\/li><li><span style=\"color: #000000;\">Obit. Or\u0161ani\u0107, Florijanski trg 12<\/span><\/li><li><span style=\"color: #000000;\">Obit. Bla\u017eekovi\u0107, Svilarska 16<\/span><\/li><li><span style=\"color: #000000;\">Obit. Podravec, I. Me\u0161trovi\u0107a 16 A<\/span><\/li><li><span style=\"color: #000000;\">Obit. Bo\u017ei\u010devi\u0107, V. Nazora 20<\/span><\/li><li><span style=\"color: #000000;\">Obit. \u0160pi\u0107ko, \u0110. Estera 9<\/span><\/li><li><span style=\"color: #000000;\">Obit. Ga\u0161pari\u0107, Trg Podrav. heroja 2<\/span><\/li><li><span style=\"color: #000000;\">Obit. Grmek, Trg Zl. Bartl 14 A<\/span><\/li><li><span style=\"color: #000000;\">Obit. Prlog, M. Krle\u017ee 18<\/span><\/li><li><span style=\"color: #000000;\">Obit. Golubi\u0107, Miklinovec 223<\/span><\/li><li><span style=\"color: #000000;\">Obit. \u0160a\u0161ek, Peteranska c 72<\/span><\/li><li><span style=\"color: #000000;\">Dragica Rehorovi\u0107, Peteranska c 54<\/span><\/li><li><span style=\"color: #000000;\">Obit. Vargantoli\u0107, \u0110. Basari\u010deka 23A<\/span><\/li><li><span style=\"color: #000000;\">Obit. Majcen, Oru\u017eanska 4<\/span><\/li><li><span style=\"color: #000000;\">Obit. Sermek, Trg kr. Tomislava 2<\/span><\/li><li><span style=\"color: #000000;\">Obit. Vaupoti\u0107, Trg kr. Tomislava 8<\/span><\/li><li><span style=\"color: #000000;\">Obit. Nemet, F. Ga\u017eija 12<\/span><\/li><li><span style=\"color: #000000;\">Obit. \u0160iroki, Lj. Gaja 5<\/span><\/li><li><span style=\"color: #000000;\">Obit. Kramar, Trg Slobode 1A<\/span><\/li><li><span style=\"color: #000000;\">Obit. Brzi\u0107, I. Me\u0161trovi\u0107a 26A<\/span><\/li><li><span style=\"color: #000000;\">Obit. \u0160iroki, A. \u0160enoe 40<\/span><\/li><li><span style=\"color: #000000;\">Obit. Benko, Severovec 12<\/span><\/li><li><span style=\"color: #000000;\">Obit. Ivandi\u0107, A. Star\u010devi\u0107a 24A<\/span><\/li><li><span style=\"color: #000000;\">Obit. Polan\u010dec, Oru\u017eanska 12A<\/span><\/li><li><span style=\"color: #000000;\">Obit. Kusak, N. Tesle 11<\/span><\/li><li><span style=\"color: #000000;\">Sonja Ivan\u010di\u0107 Unger, Koprivnica<\/span><\/li><li><span style=\"color: #000000;\">Obit. Fege\u0161, Br. Radi\u0107 47<\/span><\/li><li><span style=\"color: #000000;\">Bo\u017eica Bartolec, A. Nem\u010di\u0107a 4<\/span><\/li><li><span style=\"color: #000000;\">Obit. Bi\u0161kupi\u0107 &#8211; Jakupi\u0107, F. Ga\u017eija 7<\/span><\/li><li><span style=\"color: #000000;\">Lidija Vugrin\u010di\u0107, Trg kr. Tomislava 5<\/span><\/li><li><span style=\"color: #000000;\">Obit. \u0160kvorc, D. Banovec 43<\/span><\/li><li><span style=\"color: #000000;\">Martina \u010cikovi\u0107, I. Me\u0161trovi\u0107a 8A<\/span><\/li><li><span style=\"color: #000000;\">Obit. Vuger, Prav. Me\u0111u narodima 7<\/span><\/li><li><span style=\"color: #000000;\">Obit. Kne\u017eevi\u0107, Trg Kr. Tomislava 7<\/span><\/li><li><span style=\"color: #000000;\">Obit. Crnkovi\u0107, Trg kr. Tomislava 3<\/span><\/li><li><span style=\"color: #000000;\">Bernarda Lon\u010dar, Hrv. branitelja 20<\/span><\/li><li><span style=\"color: #000000;\">Katica Vrbo\u0161i\u0107, I. Me\u0161trovi\u0107a 28<\/span><\/li><li><span style=\"color: #000000;\">Stanko Ve\u010denaj, \u010carda 34 B<\/span><\/li><li><span style=\"color: #000000;\">Obit. \u017dufika, \u010carda 36 A<\/span><\/li><li><span style=\"color: #000000;\">Nevenka \u010cikovi\u0107, \u010carda 40<\/span><\/li><li><span style=\"color: #000000;\">Obit. Groti\u0107, F. Galovi\u0107a 22<\/span><\/li><li><span style=\"color: #000000;\">Obit. Imbri\u0161ak, Hrv. dr\u017eavnosti 20<\/span><\/li><li><span style=\"color: #000000;\">Obit. Vukoni\u0107, I. Me\u0161trovi\u0107a 18 B<\/span><\/li><li><span style=\"color: #000000;\">Obit. Novak, Gibani\u010dna 10<\/span><\/li><\/ul>\t\t\t\t\t\t\t\t<\/div>\n\t\t\t\t<\/div>\n\t\t\t\t\t<\/div>\n\t\t<\/div>\n\t\t\t\t\t<\/div>\n\t\t<\/section>\n\t\t\t\t<\/div>\n\t\t","protected":false},"excerpt":{"rendered":"<p>Crkva dana\u0161njom nedjeljom i blagdanom Kr\u0161tenja Isusova zavr\u0161ava bo\u017ei\u0107no vrijeme i vra\u0107a nas u vrijeme kroz godinu, mo\u017eemo re\u0107i svakida\u0161njicu vjerni\u010dkog \u017eivota. Danas slavimo ne samo Isusovo Kr\u0161tenje, ve\u0107 po\u010detak njegova javnog \u017eivota i poslanja koje je od Oca primio, ali i spomen na\u0161eg kr\u0161tenja. Isus iz Nazareta, do tada od svih promatran kao obi\u010dan [&hellip;]<\/p>\n","protected":false},"author":1,"featured_media":12564,"comment_status":"closed","ping_status":"closed","sticky":false,"template":"","format":"standard","meta":{"ocean_post_layout":"","ocean_both_sidebars_style":"","ocean_both_sidebars_content_width":0,"ocean_both_sidebars_sidebars_width":0,"ocean_sidebar":"","ocean_second_sidebar":"","ocean_disable_margins":"enable","ocean_add_body_class":"","ocean_shortcode_before_top_bar":"","ocean_shortcode_after_top_bar":"","ocean_shortcode_before_header":"","ocean_shortcode_after_header":"","ocean_has_shortcode":"","ocean_shortcode_after_title":"","ocean_shortcode_before_footer_widgets":"","ocean_shortcode_after_footer_widgets":"","ocean_shortcode_before_footer_bottom":"","ocean_shortcode_after_footer_bottom":"","ocean_display_top_bar":"default","ocean_display_header":"default","ocean_header_style":"","ocean_center_header_left_menu":"","ocean_custom_header_template":"","ocean_custom_logo":0,"ocean_custom_retina_logo":0,"ocean_custom_logo_max_width":0,"ocean_custom_logo_tablet_max_width":0,"ocean_custom_logo_mobile_max_width":0,"ocean_custom_logo_max_height":0,"ocean_custom_logo_tablet_max_height":0,"ocean_custom_logo_mobile_max_height":0,"ocean_header_custom_menu":"","ocean_menu_typo_font_family":"","ocean_menu_typo_font_subset":"","ocean_menu_typo_font_size":0,"ocean_menu_typo_font_size_tablet":0,"ocean_menu_typo_font_size_mobile":0,"ocean_menu_typo_font_size_unit":"px","ocean_menu_typo_font_weight":"","ocean_menu_typo_font_weight_tablet":"","ocean_menu_typo_font_weight_mobile":"","ocean_menu_typo_transform":"","ocean_menu_typo_transform_tablet":"","ocean_menu_typo_transform_mobile":"","ocean_menu_typo_line_height":0,"ocean_menu_typo_line_height_tablet":0,"ocean_menu_typo_line_height_mobile":0,"ocean_menu_typo_line_height_unit":"","ocean_menu_typo_spacing":0,"ocean_menu_typo_spacing_tablet":0,"ocean_menu_typo_spacing_mobile":0,"ocean_menu_typo_spacing_unit":"","ocean_menu_link_color":"","ocean_menu_link_color_hover":"","ocean_menu_link_color_active":"","ocean_menu_link_background":"","ocean_menu_link_hover_background":"","ocean_menu_link_active_background":"","ocean_menu_social_links_bg":"","ocean_menu_social_hover_links_bg":"","ocean_menu_social_links_color":"","ocean_menu_social_hover_links_color":"","ocean_disable_title":"default","ocean_disable_heading":"default","ocean_post_title":"","ocean_post_subheading":"","ocean_post_title_style":"","ocean_post_title_background_color":"","ocean_post_title_background":0,"ocean_post_title_bg_image_position":"","ocean_post_title_bg_image_attachment":"","ocean_post_title_bg_image_repeat":"","ocean_post_title_bg_image_size":"","ocean_post_title_height":0,"ocean_post_title_bg_overlay":0.5,"ocean_post_title_bg_overlay_color":"","ocean_disable_breadcrumbs":"default","ocean_breadcrumbs_color":"","ocean_breadcrumbs_separator_color":"","ocean_breadcrumbs_links_color":"","ocean_breadcrumbs_links_hover_color":"","ocean_display_footer_widgets":"default","ocean_display_footer_bottom":"default","ocean_custom_footer_template":"","ocean_post_oembed":"","ocean_post_self_hosted_media":"","ocean_post_video_embed":"","ocean_link_format":"","ocean_link_format_target":"self","ocean_quote_format":"","ocean_quote_format_link":"post","ocean_gallery_link_images":"on","ocean_gallery_id":[],"footnotes":""},"categories":[16],"tags":[],"class_list":["post-12569","post","type-post","status-publish","format-standard","has-post-thumbnail","hentry","category-vijesti","entry","has-media"],"views":213,"_links":{"self":[{"href":"https:\/\/zupasvnikolakc.hr\/index.php?rest_route=\/wp\/v2\/posts\/12569","targetHints":{"allow":["GET"]}}],"collection":[{"href":"https:\/\/zupasvnikolakc.hr\/index.php?rest_route=\/wp\/v2\/posts"}],"about":[{"href":"https:\/\/zupasvnikolakc.hr\/index.php?rest_route=\/wp\/v2\/types\/post"}],"author":[{"embeddable":true,"href":"https:\/\/zupasvnikolakc.hr\/index.php?rest_route=\/wp\/v2\/users\/1"}],"replies":[{"embeddable":true,"href":"https:\/\/zupasvnikolakc.hr\/index.php?rest_route=%2Fwp%2Fv2%2Fcomments&post=12569"}],"version-history":[{"count":13,"href":"https:\/\/zupasvnikolakc.hr\/index.php?rest_route=\/wp\/v2\/posts\/12569\/revisions"}],"predecessor-version":[{"id":12633,"href":"https:\/\/zupasvnikolakc.hr\/index.php?rest_route=\/wp\/v2\/posts\/12569\/revisions\/12633"}],"wp:featuredmedia":[{"embeddable":true,"href":"https:\/\/zupasvnikolakc.hr\/index.php?rest_route=\/wp\/v2\/media\/12564"}],"wp:attachment":[{"href":"https:\/\/zupasvnikolakc.hr\/index.php?rest_route=%2Fwp%2Fv2%2Fmedia&parent=12569"}],"wp:term":[{"taxonomy":"category","embeddable":true,"href":"https:\/\/zupasvnikolakc.hr\/index.php?rest_route=%2Fwp%2Fv2%2Fcategories&post=12569"},{"taxonomy":"post_tag","embeddable":true,"href":"https:\/\/zupasvnikolakc.hr\/index.php?rest_route=%2Fwp%2Fv2%2Ftags&post=12569"}],"curies":[{"name":"wp","href":"https:\/\/api.w.org\/{rel}","templated":true}]}}