{"id":12651,"date":"2026-01-17T19:00:00","date_gmt":"2026-01-17T18:00:00","guid":{"rendered":"https:\/\/zupasvnikolakc.hr\/?p=12651"},"modified":"2026-01-14T13:28:08","modified_gmt":"2026-01-14T12:28:08","slug":"2-nedjelja-kroz-godinu-6","status":"publish","type":"post","link":"https:\/\/zupasvnikolakc.hr\/?p=12651","title":{"rendered":"2. nedjelja kroz godinu"},"content":{"rendered":"\t\t<div data-elementor-type=\"wp-post\" data-elementor-id=\"12651\" class=\"elementor elementor-12651\" data-elementor-post-type=\"post\">\n\t\t\t\t\t\t<section class=\"elementor-section elementor-top-section elementor-element elementor-element-3a50dcc elementor-section-boxed elementor-section-height-default elementor-section-height-default\" data-id=\"3a50dcc\" data-element_type=\"section\" data-e-type=\"section\">\n\t\t\t\t\t\t<div class=\"elementor-container elementor-column-gap-default\">\n\t\t\t\t\t<div class=\"elementor-column elementor-col-100 elementor-top-column elementor-element elementor-element-7d3072a\" data-id=\"7d3072a\" data-element_type=\"column\" data-e-type=\"column\">\n\t\t\t<div class=\"elementor-widget-wrap elementor-element-populated\">\n\t\t\t\t\t\t<div class=\"elementor-element elementor-element-04b081f elementor-widget elementor-widget-text-editor\" data-id=\"04b081f\" data-element_type=\"widget\" data-e-type=\"widget\" data-widget_type=\"text-editor.default\">\n\t\t\t\t<div class=\"elementor-widget-container\">\n\t\t\t\t\t\t\t\t\t<p><span style=\"color: #000000;\">Pro\u0161lom nedjeljom, nedjeljom kr\u0161tenja Gospodinova, zapo\u010deli smo liturgijsko vrijeme kroz godinu. Danas slavimo drugu nedjelju kroz crkvenu godinu. U misnom evan\u0111elju \u010duli smo kratki odlomak iz Ivanova evan\u0111elja u kojemu Ivan Krstitelj ukazuje na Isusa kao na Jaganjca Bo\u017ejega koji oduzima grijehe svijeta. Poslije kr\u0161tenja kojim je zapo\u010delo Gospodinovo javno poslanje, evan\u0111elist Ivan na usta Ivana Krstitelja ukazuje i na ono zadnje, ono kona\u010dno u \u017eivotu i poslanju Isusa Krista, ukazuje na \u017ertveni zna\u010daj njegova \u017eivota. Isus je Jaganjac Bo\u017eji koji odnosi grijehe svijeta. Dok su starozavjetne \u017ertve uspijevale samo simboli\u010dki ukloniti grijeh i umanjiti razdijeljenost izme\u0111u Boga i \u010dovjeka, u Isusu i njegovoj \u017ertvi dogodilo se stvarno i kona\u010dno uklanjanje grijeha i rascjepa koji je grijeh izazvao u odnosima izme\u0111u Boga i \u010dovjeka. Ivan Krstitelj u evan\u0111elju koje smo pro\u010ditali stoga proro\u010danski predstavlja Isusa kao onoga koji \u0107e stvarno i kona\u010dno ukloniti grijeh, razlog neprijateljstva izme\u0111u Boga i \u010dovjeka. Kr\u0161\u0107anska nas, naime, vjera u\u010di da je Isus upravo zato postao \u010dovjekom. On nije postao \u010dovjekom samo zato da bi \u017eivio s nama kao jedan od nas, a \u0161to bismo mogli pomisliti ako bismo svoju vjeru zadr\u017eali isklju\u010divo na razini Bo\u017ei\u0107a, nego i zato da bi nam svojom vazmenom \u017ertvom omogu\u0107io vje\u010dno zajedni\u0161tvo s Bogom. Vjera nas u\u010di da uza sva na\u0161a nastojanja, na\u0161e plemenite nakane i \u017eelje, budemo plemeniti ljudi i kr\u0161\u0107ani, ali ranjeni isto\u010dnim grijehom skloni smo pasti u zavodljivost i grijeh. Ni jedan \u010dovjek nije u stanju vlastitim se snagama othrvati snazi zla i grijeha koji su u njemu. Potrebna nam je pomo\u0107 odozgor. Isus Krist je uni\u0161tio snagu grijeha na na\u010din da ga je preuzeo na sebe. Njega je, kako to veli sv. Pavao, Bog u\u010dinio prokletstvom i grijehom zbog nas, da nas opravda i u\u010dini pravednima. Crkva nas na svakoj sv. misi, prije na\u0161eg sakramentalnog sjedinjenja s Kristom u svetoj pri\u010desti, poziva da ispovjedimo Krista kao Jaganjca Bo\u017ejega koji oduzima grijehe svijeta. To zna\u010di da Krist oduzimaju\u0107i grijeh svijeta i grijehe svijeta, odnosi moje osobne grijehe te meni osobno iznova nudi mogu\u0107nost stupanja u zajedni\u0161tvo s Bogom, mogu\u0107nost ula\u017eenja u prostore Bo\u017eje svjetlosti, \u017eivota i svetosti. Potrebno nam je uvijek iznova moliti Gospodina da nam o\u010disti o\u010di srca da u Kristu Isusu prepoznamo Jaganjca Bo\u017ejega koji nas pomiruje s Bogom i me\u0111usobno na na\u010din da na sebe uzima na\u0161a otu\u0111enja i na\u0161e rane. Na\u017ealost pre\u010desto je pogled na\u0161e du\u0161e zamagljen krivim prioritetima i krivim putovima pronalaska Boga i sebe, zato nas Rije\u010d Bo\u017eja, iz nedjelje u nedjelju, ohrabruje da svoj pogled \u010distimo Bo\u017ejom milo\u0161\u0107u kako ne bismo izgubili iz vida ono \u0161to je najva\u017enije za na\u0161e spasenje.<\/span><\/p>\t\t\t\t\t\t\t\t<\/div>\n\t\t\t\t<\/div>\n\t\t\t\t<div class=\"elementor-element elementor-element-b0b8cff elementor-widget elementor-widget-text-editor\" data-id=\"b0b8cff\" data-element_type=\"widget\" data-e-type=\"widget\" data-widget_type=\"text-editor.default\">\n\t\t\t\t<div class=\"elementor-widget-container\">\n\t\t\t\t\t\t\t\t\t<p><span style=\"color: #ff0000;\"><strong>\u017dUPNE OBAVIJESTI<\/strong><\/span><\/p><p><span style=\"color: #000000;\"><strong>VJERONAUK:<\/strong><\/span><\/p><ul><li><span style=\"color: #000000;\">krizmanici &#8211; subota (24.1.2026.) u 9 h<\/span><\/li><li><span style=\"color: #000000;\">prvopri\u010desnici \u2013 subota (26.1.2026.) u 10 h<\/span><\/li><\/ul><p><span style=\"color: #000000;\"><strong>KR\u0160TENJE:<\/strong><\/span><\/p><ul><li><span style=\"color: #000000;\">Jakov \u0160ifkorn &#8211; subota (24.1.2026.) u 11 h<\/span><\/li><li><span style=\"color: #000000;\">Liam Brizi\u0107 \u2013 subota (24.1.2026.) u 15:30 h<\/span><\/li><\/ul><p><a href=\"https:\/\/zupasvnikolakc.hr\/wp-content\/uploads\/2026\/01\/2.N.K.G.-LISTIC-2026.pdf\" target=\"_blank\" rel=\"noopener\"><span style=\"color: #ff0000;\">\u017dUPNI LISTI\u0106<\/span><\/a><\/p>\t\t\t\t\t\t\t\t<\/div>\n\t\t\t\t<\/div>\n\t\t\t\t\t<\/div>\n\t\t<\/div>\n\t\t\t\t\t<\/div>\n\t\t<\/section>\n\t\t\t\t<\/div>\n\t\t","protected":false},"excerpt":{"rendered":"<p>Pro\u0161lom nedjeljom, nedjeljom kr\u0161tenja Gospodinova, zapo\u010deli smo liturgijsko vrijeme kroz godinu. Danas slavimo drugu nedjelju kroz crkvenu godinu. U misnom evan\u0111elju \u010duli smo kratki odlomak iz Ivanova evan\u0111elja u kojemu Ivan Krstitelj ukazuje na Isusa kao na Jaganjca Bo\u017ejega koji oduzima grijehe svijeta. Poslije kr\u0161tenja kojim je zapo\u010delo Gospodinovo javno poslanje, evan\u0111elist Ivan na usta [&hellip;]<\/p>\n","protected":false},"author":1,"featured_media":12647,"comment_status":"closed","ping_status":"closed","sticky":false,"template":"","format":"standard","meta":{"ocean_post_layout":"","ocean_both_sidebars_style":"","ocean_both_sidebars_content_width":0,"ocean_both_sidebars_sidebars_width":0,"ocean_sidebar":"","ocean_second_sidebar":"","ocean_disable_margins":"enable","ocean_add_body_class":"","ocean_shortcode_before_top_bar":"","ocean_shortcode_after_top_bar":"","ocean_shortcode_before_header":"","ocean_shortcode_after_header":"","ocean_has_shortcode":"","ocean_shortcode_after_title":"","ocean_shortcode_before_footer_widgets":"","ocean_shortcode_after_footer_widgets":"","ocean_shortcode_before_footer_bottom":"","ocean_shortcode_after_footer_bottom":"","ocean_display_top_bar":"default","ocean_display_header":"default","ocean_header_style":"","ocean_center_header_left_menu":"","ocean_custom_header_template":"","ocean_custom_logo":0,"ocean_custom_retina_logo":0,"ocean_custom_logo_max_width":0,"ocean_custom_logo_tablet_max_width":0,"ocean_custom_logo_mobile_max_width":0,"ocean_custom_logo_max_height":0,"ocean_custom_logo_tablet_max_height":0,"ocean_custom_logo_mobile_max_height":0,"ocean_header_custom_menu":"","ocean_menu_typo_font_family":"","ocean_menu_typo_font_subset":"","ocean_menu_typo_font_size":0,"ocean_menu_typo_font_size_tablet":0,"ocean_menu_typo_font_size_mobile":0,"ocean_menu_typo_font_size_unit":"px","ocean_menu_typo_font_weight":"","ocean_menu_typo_font_weight_tablet":"","ocean_menu_typo_font_weight_mobile":"","ocean_menu_typo_transform":"","ocean_menu_typo_transform_tablet":"","ocean_menu_typo_transform_mobile":"","ocean_menu_typo_line_height":0,"ocean_menu_typo_line_height_tablet":0,"ocean_menu_typo_line_height_mobile":0,"ocean_menu_typo_line_height_unit":"","ocean_menu_typo_spacing":0,"ocean_menu_typo_spacing_tablet":0,"ocean_menu_typo_spacing_mobile":0,"ocean_menu_typo_spacing_unit":"","ocean_menu_link_color":"","ocean_menu_link_color_hover":"","ocean_menu_link_color_active":"","ocean_menu_link_background":"","ocean_menu_link_hover_background":"","ocean_menu_link_active_background":"","ocean_menu_social_links_bg":"","ocean_menu_social_hover_links_bg":"","ocean_menu_social_links_color":"","ocean_menu_social_hover_links_color":"","ocean_disable_title":"default","ocean_disable_heading":"default","ocean_post_title":"","ocean_post_subheading":"","ocean_post_title_style":"","ocean_post_title_background_color":"","ocean_post_title_background":0,"ocean_post_title_bg_image_position":"","ocean_post_title_bg_image_attachment":"","ocean_post_title_bg_image_repeat":"","ocean_post_title_bg_image_size":"","ocean_post_title_height":0,"ocean_post_title_bg_overlay":0.5,"ocean_post_title_bg_overlay_color":"","ocean_disable_breadcrumbs":"default","ocean_breadcrumbs_color":"","ocean_breadcrumbs_separator_color":"","ocean_breadcrumbs_links_color":"","ocean_breadcrumbs_links_hover_color":"","ocean_display_footer_widgets":"default","ocean_display_footer_bottom":"default","ocean_custom_footer_template":"","ocean_post_oembed":"","ocean_post_self_hosted_media":"","ocean_post_video_embed":"","ocean_link_format":"","ocean_link_format_target":"self","ocean_quote_format":"","ocean_quote_format_link":"post","ocean_gallery_link_images":"on","ocean_gallery_id":[],"footnotes":""},"categories":[16],"tags":[],"class_list":["post-12651","post","type-post","status-publish","format-standard","has-post-thumbnail","hentry","category-vijesti","entry","has-media"],"views":157,"_links":{"self":[{"href":"https:\/\/zupasvnikolakc.hr\/index.php?rest_route=\/wp\/v2\/posts\/12651","targetHints":{"allow":["GET"]}}],"collection":[{"href":"https:\/\/zupasvnikolakc.hr\/index.php?rest_route=\/wp\/v2\/posts"}],"about":[{"href":"https:\/\/zupasvnikolakc.hr\/index.php?rest_route=\/wp\/v2\/types\/post"}],"author":[{"embeddable":true,"href":"https:\/\/zupasvnikolakc.hr\/index.php?rest_route=\/wp\/v2\/users\/1"}],"replies":[{"embeddable":true,"href":"https:\/\/zupasvnikolakc.hr\/index.php?rest_route=%2Fwp%2Fv2%2Fcomments&post=12651"}],"version-history":[{"count":4,"href":"https:\/\/zupasvnikolakc.hr\/index.php?rest_route=\/wp\/v2\/posts\/12651\/revisions"}],"predecessor-version":[{"id":12655,"href":"https:\/\/zupasvnikolakc.hr\/index.php?rest_route=\/wp\/v2\/posts\/12651\/revisions\/12655"}],"wp:featuredmedia":[{"embeddable":true,"href":"https:\/\/zupasvnikolakc.hr\/index.php?rest_route=\/wp\/v2\/media\/12647"}],"wp:attachment":[{"href":"https:\/\/zupasvnikolakc.hr\/index.php?rest_route=%2Fwp%2Fv2%2Fmedia&parent=12651"}],"wp:term":[{"taxonomy":"category","embeddable":true,"href":"https:\/\/zupasvnikolakc.hr\/index.php?rest_route=%2Fwp%2Fv2%2Fcategories&post=12651"},{"taxonomy":"post_tag","embeddable":true,"href":"https:\/\/zupasvnikolakc.hr\/index.php?rest_route=%2Fwp%2Fv2%2Ftags&post=12651"}],"curies":[{"name":"wp","href":"https:\/\/api.w.org\/{rel}","templated":true}]}}