{"id":12811,"date":"2026-02-07T19:00:00","date_gmt":"2026-02-07T18:00:00","guid":{"rendered":"https:\/\/zupasvnikolakc.hr\/?p=12811"},"modified":"2026-02-04T17:57:37","modified_gmt":"2026-02-04T16:57:37","slug":"5-nedjelja-kroz-godinu-6","status":"publish","type":"post","link":"https:\/\/zupasvnikolakc.hr\/?p=12811","title":{"rendered":"5. nedjelja kroz godinu"},"content":{"rendered":"\t\t<div data-elementor-type=\"wp-post\" data-elementor-id=\"12811\" class=\"elementor elementor-12811\" data-elementor-post-type=\"post\">\n\t\t\t\t\t\t<section class=\"elementor-section elementor-top-section elementor-element elementor-element-5b5f7d2 elementor-section-boxed elementor-section-height-default elementor-section-height-default\" data-id=\"5b5f7d2\" data-element_type=\"section\" data-e-type=\"section\">\n\t\t\t\t\t\t<div class=\"elementor-container elementor-column-gap-default\">\n\t\t\t\t\t<div class=\"elementor-column elementor-col-100 elementor-top-column elementor-element elementor-element-f10cce4\" data-id=\"f10cce4\" data-element_type=\"column\" data-e-type=\"column\">\n\t\t\t<div class=\"elementor-widget-wrap elementor-element-populated\">\n\t\t\t\t\t\t<div class=\"elementor-element elementor-element-3063af6 elementor-widget elementor-widget-text-editor\" data-id=\"3063af6\" data-element_type=\"widget\" data-e-type=\"widget\" data-widget_type=\"text-editor.default\">\n\t\t\t\t<div class=\"elementor-widget-container\">\n\t\t\t\t\t\t\t\t\t<p><span style=\"color: #000000;\">Dragi vjernici, dana\u0161nja nedjelja nas kroz svoja \u010ditanja na tako lijepi i pou\u010dan na\u010din poziva da \u017eivimo istinski svoju vjeru. Prvo \u010ditanje proroka Izaije nas poti\u010de da ne zaboravimo da kao vjernici nikada ne smijemo dopustiti da bra\u0107a i sestre oko nas trpe bilo zbog tjelesne ili duhovne oskudice. Izaija nam poru\u010duje: <em>\u201ePodijeli kruh svoj s gladnima, uvedi pod krov svoj besku\u0107nike, odjeni onog koga vidi\u0161 gola i ne krij se od onog tko je tvoje krvi. Tad \u0107e sinut poput zore tvoja svjetlost i zdravlje \u0107e tvoje brzo procvasti. Pred tobom \u0107e i\u0107i tvoja pravda, a slava Gospodnja bit \u0107e ti zalaznicom.\u201c<\/em> To je smisao na\u0161eg \u017eivljenja vjere na koji nas poti\u010de i sam Isus u dana\u0161njem Matejevom evan\u0111elju kada nam govori da kao vjernici moramo biti sol zemlje i svijetlo svijeta. Kao \u0161to sol daje smisao hrani, da nam ne bude bljutava, jednako tako i kr\u0161\u0107ani u svijetu daju smisao \u017eivotu, da \u017eivot ljudi ne bude <em>\u201ebljutav\u201c<\/em> i besmislen. Ako pak kr\u0161\u0107ani ne daju novi smisao \u017eivotu dru\u0161tva i sami postaju <em>\u201ebljutavi\u201c<\/em>, a bljutave hrane ionako ima dovoljno po stolovima dana\u0161njeg suvremenog dru\u0161tva. Osim \u0161to svijet moraju \u010duvati od \u201epokvarljivosti\u201c, daju\u0107i mu svakodnevno ponude novoga smisla, kr\u0161\u0107ani zapravo postaju svjetlo ovoga svijeta i kao \u0161to se ne mo\u017ee sakriti grad koji je na gori sagra\u0111en, jednako tako ni kr\u0161\u0107anin koji svojim \u017eivotom postaje svjetlo drugim ljudima s kojima \u017eivi. Kr\u0161\u0107anin postaje svjetlo svim ljudima s kojima \u017eivi, jer postaje svjetlost svijeta, koje svijetli svima u ku\u0107i, kako ka\u017ee Isus. Kr\u0161\u0107anin, dakle, svojim \u017eivotom daje primjer svakog dobrog djela koje je pro\u017eeto ljubavlju prema nebeskom Ocu, kojega smo svi mi pod ovim nebom djeca, kako bi po kr\u0161\u0107aninovom svjetlu i drugi slavili Oca koji je na nebesima, to jest postali kr\u0161\u0107ani. Isus, dakle ne tra\u017ei <em>\u201ekr\u0161\u0107ansko dru\u0161tvo\u201c<\/em>, ve\u0107 tra\u017ei kr\u0161\u0107ane u dru\u0161tvu, koji \u0107e dru\u0161tvo svojim dobrim djelima pro\u017eimati i pogled dru\u0161tva podizati k nebeskom Ocu. Molimo da nas Gospodin u\u010dini upravo takvim kr\u0161\u0107anima.<\/span><\/p><p style=\"text-align: right;\"><span style=\"color: #000000;\"><em>Tomislav Petri\u0107, \u017eupnik<\/em><\/span><\/p>\t\t\t\t\t\t\t\t<\/div>\n\t\t\t\t<\/div>\n\t\t\t\t<div class=\"elementor-element elementor-element-a4ff9ca elementor-widget elementor-widget-text-editor\" data-id=\"a4ff9ca\" data-element_type=\"widget\" data-e-type=\"widget\" data-widget_type=\"text-editor.default\">\n\t\t\t\t<div class=\"elementor-widget-container\">\n\t\t\t\t\t\t\t\t\t<p><strong><span style=\"color: #ff0000;\">\u017dUPNE OBAVIJESTI<\/span><\/strong><\/p><p><span style=\"color: #000000;\"><strong>VJERONAUK:<\/strong><\/span><\/p><ul><li><span style=\"color: #000000;\">prvopri\u010desnici &#8211; srijeda (11.2.2026.) u 15 h<\/span><\/li><li><span style=\"color: #000000;\">krizmanici &#8211; subotu (14.2.2026.) u 9 h<\/span><\/li><\/ul><p><span style=\"color: #ff0000;\"><a style=\"color: #ff0000;\" href=\"https:\/\/zupasvnikolakc.hr\/wp-content\/uploads\/2026\/02\/5.N.K.G-LISTIC-2026.pdf\" target=\"_blank\" rel=\"noopener\">\u017dUPNI LISTI\u0106<\/a><\/span><\/p>\t\t\t\t\t\t\t\t<\/div>\n\t\t\t\t<\/div>\n\t\t\t\t<div class=\"elementor-element elementor-element-41f7226 elementor-widget elementor-widget-text-editor\" data-id=\"41f7226\" data-element_type=\"widget\" data-e-type=\"widget\" data-widget_type=\"text-editor.default\">\n\t\t\t\t<div class=\"elementor-widget-container\">\n\t\t\t\t\t\t\t\t\t<p><span style=\"color: #000000;\"><strong>DAROVATELJI ZA POTREBE CRKVE<\/strong><\/span><\/p><ul><li><span style=\"color: #000000;\">Obit. Me\u0111imorec, M. P. Mi\u0161kine 4<\/span><\/li><li><span style=\"color: #000000;\">Obit. Andri\u0107 \u2013 Posavec, Trg kr. Kre\u0161imira 8<\/span><\/li><li><span style=\"color: #000000;\">Katarina Rak, Trg kr. Tomislava 9<\/span><\/li><li><span style=\"color: #000000;\">Obit. Gregur, Miklinovec 216<\/span><\/li><li><span style=\"color: #000000;\">Obit. \u0160\u010detinec, D. Banovec 18<\/span><\/li><li><span style=\"color: #000000;\">Obit. Udorovi\u0107, Peteranska c 34<\/span><\/li><li><span style=\"color: #000000;\">Ivka i Josip Pu\u017e, Trg kr. Zvonimira 27<\/span><\/li><li><span style=\"color: #000000;\">Anica \u0160vabek, M. P. Mi\u0161kine 31<\/span><\/li><li><span style=\"color: #000000;\">Manda Ivan\u010di\u0107, Kri\u017eeva\u010dka 23<\/span><\/li><li><span style=\"color: #000000;\">Obit. Buzina, Peteranska c 59 A<\/span><\/li><li><span style=\"color: #000000;\">Obit. Kostanjevec, Br. Radi\u0107 12<\/span><\/li><li><span style=\"color: #000000;\">Obit. Eva\u010di\u0107, Br. Radi\u0107 12<\/span><\/li><li><span style=\"color: #000000;\">Obit. Canjuga, Miklinovec 106<\/span><\/li><li><span style=\"color: #000000;\">Obit. Nesti\u0107 \u2013 Ancelj, Trg Podrav. heroja 2<\/span><\/li><li><span style=\"color: #000000;\">Obit. O\u0161tarija\u0161, Trg kr. Tomislava 9<\/span><\/li><li><span style=\"color: #000000;\">Dom \u201eBaka Ilona\u201c, Br. Radi\u0107 25<\/span><\/li><li><span style=\"color: #000000;\">Katica Vrbo\u0161i\u0107, I. Me\u0161trovi\u0107a 28<\/span><\/li><li><span style=\"color: #000000;\">Dar jedne osobe<\/span><\/li><li><span style=\"color: #000000;\">Obit. Brizi\u0107, I. Me\u0161trovi\u0107a 26 A<\/span><\/li><li><span style=\"color: #000000;\">Anica Velaj, Trg E. Kumi\u010di\u0107a 3<\/span><\/li><li><span style=\"color: #000000;\">Obit. Prka, Trg kr. Kre\u0161imira 2<\/span><\/li><li><span style=\"color: #000000;\">Obit. \u0160imuni\u0107, \u010carda 39<\/span><\/li><li><span style=\"color: #000000;\">Obit. Ferlinde\u0161, T. Bla\u017eeka 1<\/span><\/li><li><span style=\"color: #000000;\">Obit. Dolo\u0161\u010dak, \u010carda 24<\/span><\/li><li><span style=\"color: #000000;\">Obit. Galinec, \u010carda 45 A<\/span><\/li><li><span style=\"color: #000000;\">Obit. Gruji\u010di\u0107, Trg Zl. Bartl 12<\/span><\/li><li><span style=\"color: #000000;\">Obit. Oslov\u010dan, Frankopanska 19<\/span><\/li><li><span style=\"color: #000000;\">Obit. Barna, A. Mihanovi\u0107a 4<\/span><\/li><li><span style=\"color: #000000;\">Lidija Vugrin\u010di\u0107, Trg kr. Tomislava 5<\/span><\/li><li><span style=\"color: #000000;\">Snje\u017eana Vugrin\u010di\u0107, Kn. Domagoja 9<\/span><\/li><li><span style=\"color: #000000;\">Marija Posavec, Hrv. dr\u017eavnosti 11 E<\/span><\/li><li><span style=\"color: #000000;\">Obit. Benoti\u0107, Duga ulica 15<\/span><\/li><\/ul>\t\t\t\t\t\t\t\t<\/div>\n\t\t\t\t<\/div>\n\t\t\t\t\t<\/div>\n\t\t<\/div>\n\t\t\t\t\t<\/div>\n\t\t<\/section>\n\t\t\t\t<\/div>\n\t\t","protected":false},"excerpt":{"rendered":"<p>Dragi vjernici, dana\u0161nja nedjelja nas kroz svoja \u010ditanja na tako lijepi i pou\u010dan na\u010din poziva da \u017eivimo istinski svoju vjeru. Prvo \u010ditanje proroka Izaije nas poti\u010de da ne zaboravimo da kao vjernici nikada ne smijemo dopustiti da bra\u0107a i sestre oko nas trpe bilo zbog tjelesne ili duhovne oskudice. Izaija nam poru\u010duje: \u201ePodijeli kruh svoj [&hellip;]<\/p>\n","protected":false},"author":1,"featured_media":12807,"comment_status":"closed","ping_status":"closed","sticky":false,"template":"","format":"standard","meta":{"ocean_post_layout":"","ocean_both_sidebars_style":"","ocean_both_sidebars_content_width":0,"ocean_both_sidebars_sidebars_width":0,"ocean_sidebar":"","ocean_second_sidebar":"","ocean_disable_margins":"enable","ocean_add_body_class":"","ocean_shortcode_before_top_bar":"","ocean_shortcode_after_top_bar":"","ocean_shortcode_before_header":"","ocean_shortcode_after_header":"","ocean_has_shortcode":"","ocean_shortcode_after_title":"","ocean_shortcode_before_footer_widgets":"","ocean_shortcode_after_footer_widgets":"","ocean_shortcode_before_footer_bottom":"","ocean_shortcode_after_footer_bottom":"","ocean_display_top_bar":"default","ocean_display_header":"default","ocean_header_style":"","ocean_center_header_left_menu":"","ocean_custom_header_template":"","ocean_custom_logo":0,"ocean_custom_retina_logo":0,"ocean_custom_logo_max_width":0,"ocean_custom_logo_tablet_max_width":0,"ocean_custom_logo_mobile_max_width":0,"ocean_custom_logo_max_height":0,"ocean_custom_logo_tablet_max_height":0,"ocean_custom_logo_mobile_max_height":0,"ocean_header_custom_menu":"","ocean_menu_typo_font_family":"","ocean_menu_typo_font_subset":"","ocean_menu_typo_font_size":0,"ocean_menu_typo_font_size_tablet":0,"ocean_menu_typo_font_size_mobile":0,"ocean_menu_typo_font_size_unit":"px","ocean_menu_typo_font_weight":"","ocean_menu_typo_font_weight_tablet":"","ocean_menu_typo_font_weight_mobile":"","ocean_menu_typo_transform":"","ocean_menu_typo_transform_tablet":"","ocean_menu_typo_transform_mobile":"","ocean_menu_typo_line_height":0,"ocean_menu_typo_line_height_tablet":0,"ocean_menu_typo_line_height_mobile":0,"ocean_menu_typo_line_height_unit":"","ocean_menu_typo_spacing":0,"ocean_menu_typo_spacing_tablet":0,"ocean_menu_typo_spacing_mobile":0,"ocean_menu_typo_spacing_unit":"","ocean_menu_link_color":"","ocean_menu_link_color_hover":"","ocean_menu_link_color_active":"","ocean_menu_link_background":"","ocean_menu_link_hover_background":"","ocean_menu_link_active_background":"","ocean_menu_social_links_bg":"","ocean_menu_social_hover_links_bg":"","ocean_menu_social_links_color":"","ocean_menu_social_hover_links_color":"","ocean_disable_title":"default","ocean_disable_heading":"default","ocean_post_title":"","ocean_post_subheading":"","ocean_post_title_style":"","ocean_post_title_background_color":"","ocean_post_title_background":0,"ocean_post_title_bg_image_position":"","ocean_post_title_bg_image_attachment":"","ocean_post_title_bg_image_repeat":"","ocean_post_title_bg_image_size":"","ocean_post_title_height":0,"ocean_post_title_bg_overlay":0.5,"ocean_post_title_bg_overlay_color":"","ocean_disable_breadcrumbs":"default","ocean_breadcrumbs_color":"","ocean_breadcrumbs_separator_color":"","ocean_breadcrumbs_links_color":"","ocean_breadcrumbs_links_hover_color":"","ocean_display_footer_widgets":"default","ocean_display_footer_bottom":"default","ocean_custom_footer_template":"","ocean_post_oembed":"","ocean_post_self_hosted_media":"","ocean_post_video_embed":"","ocean_link_format":"","ocean_link_format_target":"self","ocean_quote_format":"","ocean_quote_format_link":"post","ocean_gallery_link_images":"on","ocean_gallery_id":[],"footnotes":""},"categories":[16],"tags":[],"class_list":["post-12811","post","type-post","status-publish","format-standard","has-post-thumbnail","hentry","category-vijesti","entry","has-media"],"views":150,"_links":{"self":[{"href":"https:\/\/zupasvnikolakc.hr\/index.php?rest_route=\/wp\/v2\/posts\/12811","targetHints":{"allow":["GET"]}}],"collection":[{"href":"https:\/\/zupasvnikolakc.hr\/index.php?rest_route=\/wp\/v2\/posts"}],"about":[{"href":"https:\/\/zupasvnikolakc.hr\/index.php?rest_route=\/wp\/v2\/types\/post"}],"author":[{"embeddable":true,"href":"https:\/\/zupasvnikolakc.hr\/index.php?rest_route=\/wp\/v2\/users\/1"}],"replies":[{"embeddable":true,"href":"https:\/\/zupasvnikolakc.hr\/index.php?rest_route=%2Fwp%2Fv2%2Fcomments&post=12811"}],"version-history":[{"count":4,"href":"https:\/\/zupasvnikolakc.hr\/index.php?rest_route=\/wp\/v2\/posts\/12811\/revisions"}],"predecessor-version":[{"id":12815,"href":"https:\/\/zupasvnikolakc.hr\/index.php?rest_route=\/wp\/v2\/posts\/12811\/revisions\/12815"}],"wp:featuredmedia":[{"embeddable":true,"href":"https:\/\/zupasvnikolakc.hr\/index.php?rest_route=\/wp\/v2\/media\/12807"}],"wp:attachment":[{"href":"https:\/\/zupasvnikolakc.hr\/index.php?rest_route=%2Fwp%2Fv2%2Fmedia&parent=12811"}],"wp:term":[{"taxonomy":"category","embeddable":true,"href":"https:\/\/zupasvnikolakc.hr\/index.php?rest_route=%2Fwp%2Fv2%2Fcategories&post=12811"},{"taxonomy":"post_tag","embeddable":true,"href":"https:\/\/zupasvnikolakc.hr\/index.php?rest_route=%2Fwp%2Fv2%2Ftags&post=12811"}],"curies":[{"name":"wp","href":"https:\/\/api.w.org\/{rel}","templated":true}]}}