{"id":13048,"date":"2026-03-14T19:00:00","date_gmt":"2026-03-14T18:00:00","guid":{"rendered":"https:\/\/zupasvnikolakc.hr\/?p=13048"},"modified":"2026-03-13T19:18:04","modified_gmt":"2026-03-13T18:18:04","slug":"4-korizmena-nedjelja-6","status":"publish","type":"post","link":"https:\/\/zupasvnikolakc.hr\/?p=13048","title":{"rendered":"4. korizmena nedjelja"},"content":{"rendered":"\t\t<div data-elementor-type=\"wp-post\" data-elementor-id=\"13048\" class=\"elementor elementor-13048\" data-elementor-post-type=\"post\">\n\t\t\t\t\t\t<section class=\"elementor-section elementor-top-section elementor-element elementor-element-f5d6a84 elementor-section-boxed elementor-section-height-default elementor-section-height-default\" data-id=\"f5d6a84\" data-element_type=\"section\" data-e-type=\"section\">\n\t\t\t\t\t\t<div class=\"elementor-container elementor-column-gap-default\">\n\t\t\t\t\t<div class=\"elementor-column elementor-col-100 elementor-top-column elementor-element elementor-element-1d886e7\" data-id=\"1d886e7\" data-element_type=\"column\" data-e-type=\"column\">\n\t\t\t<div class=\"elementor-widget-wrap elementor-element-populated\">\n\t\t\t\t\t\t<div class=\"elementor-element elementor-element-bafcfd9 elementor-widget elementor-widget-text-editor\" data-id=\"bafcfd9\" data-element_type=\"widget\" data-e-type=\"widget\" data-widget_type=\"text-editor.default\">\n\t\t\t\t<div class=\"elementor-widget-container\">\n\t\t\t\t\t\t\t\t\t<p style=\"text-align: justify; line-height: 150%; background: white; margin: 0cm 0cm 11.25pt 0cm;\"><span style=\"color: black;\"><span style=\"color: #000000;\">Dana\u0161nje evan\u0111elje donosi Isusov susret sa slijepcem koji je slijep od ro\u0111enja pa se farizejima nametalo pitanje: Tko bi bio krivac za tako veliko zlo? Budu\u0107i da je slijep od ro\u0111enja i sam nije mogao skriviti svoju sljepo\u0107u, zaklju\u010dili su da je ona Bo\u017eja kazna zbog grijeha \u0161to su ga po\u010dinili njegovi najbli\u017ei, roditelji ili netko iz obitelji. Isus pobija takvo razmi\u0161ljanje tvrdnjom da krivca uop\u0107e nema, da ga ne treba tra\u017eiti i da nije rije\u010d o kazni; na slijepcu se treba o\u010ditovati Bo\u017eje \u010dudesno djelovanje, a po tom ozdravljenju trebali bi progledati i farizeji, trebale bi im se otvoriti o\u010di du\u0161e, da se obrate i priznaju da je Isus svjetlo svijeta. Sve je to vidljivo iz procesa samog ozdravljenja: Isus slijepcu ma\u017ee o\u010di kalom, on se umije i progleda. No, farizeji tada postavljaju pitanje identiteta. Sumnjaju da je to isti \u010dovjek. Nakon svjedo\u010danstva ozdravljenoga ispituju kako se ozdravljenje dogodilo, a kad ih on ponovno upu\u0107uje na Isusa, oni se vra\u0107aju na pitanje krivnje i kazne, jer se ne \u017eele odre\u0107i svoje slike o Bogu. Oni ustraju u svojem vjerovanju da je Bog pravedan, da ka\u017enjava grijeh i da je ovaj \u010dovjek zato bio slijep. Isus im je \u010dudesnim ozdravljenjem sru\u0161io tu krivu sliku o Bogu, ali oni se je nisu \u017eeljeli odre\u0107i, uporno su je branili premda je svakome jasno da vi\u0161e nije odr\u017eiva. Oni i ozdravljenoga slijepca nasilno izbacuju zajedno s njegovim svjedo\u010danstvom tvrde\u0107i da njih, grijehom ka\u017enjeni \u010dovjek, ne mo\u017ee u\u010diti o Bogu i vjeri. Isus je o\u010dito tu\u017ean, jer shva\u0107a da je bilo lak\u0161e slijepcu vratiti vid, nego obratiti tvrdokorne farizeje, koji zatvaraju o\u010di da ne vide istinu. Istina im smeta, zahtjevna je i tra\u017ei od njih da se bitno mijenjaju, a oni nisu spremni napustiti religioznu sigurnost koja im je pribavila ugled, \u010dast i uzvi\u0161eno mjesto u dru\u0161tvu, jo\u0161 manje su spremni priznati Isusa Mesijom, Spasiteljem. <\/span><\/span><\/p><p style=\"text-align: justify; line-height: 150%; background: white; margin: 0cm 0cm 11.25pt 0cm;\"><span style=\"color: black;\"><span style=\"color: #000000;\">Nama vjernicima je Isus tako\u0111er vratio vid du\u0161e u svetom kr\u0161tenju. No iako nam je vid vjere darovan, mi svojim grijesima \u010desto zamu\u0107ujemo taj vid. Stoga nam je i ova Korizma darovana kao milosno vrijeme i prilika da opet razbistrimo o\u010di du\u0161e i srca u milosnom sakramentu ispovijedi i tako otvorena srca du\u0161e i tijela proslavimo Isusovo uskrsnu\u0107e i na\u0161e spasenje.<\/span> <\/span><\/p>\t\t\t\t\t\t\t\t<\/div>\n\t\t\t\t<\/div>\n\t\t\t\t<div class=\"elementor-element elementor-element-3ff70ca elementor-widget elementor-widget-text-editor\" data-id=\"3ff70ca\" data-element_type=\"widget\" data-e-type=\"widget\" data-widget_type=\"text-editor.default\">\n\t\t\t\t<div class=\"elementor-widget-container\">\n\t\t\t\t\t\t\t\t\t<p><span style=\"color: #ff0000;\"><strong>\u017dUPNE OBAVIJESTI<\/strong><\/span><\/p><p><span style=\"color: #000000;\"><strong>VJERONAUK:<\/strong><\/span><\/p><ul><li><span style=\"color: #000000;\">krizmanici &#8211; subota (21.3.2026.) u 9 h<\/span><\/li><li><span style=\"color: #000000;\">prvopri\u010desnici \u2013 subota (21.3.2026.) u 10 h<\/span><\/li><\/ul><p><span style=\"color: #000000;\"><strong>SUSRET MINISTRANATA:<\/strong><\/span><\/p><ul><li><span style=\"color: #000000;\">subota (21.3.2026.) u 11 h<\/span><\/li><\/ul><p><span style=\"color: #000000;\"><strong>KR\u0160TENJE:<\/strong><\/span><\/p><ul><li><span style=\"color: #000000;\">Borna Mikulec &#8211; subota (21.3.2026.) u 16 h<\/span><\/li><\/ul><p><a href=\"https:\/\/zupasvnikolakc.hr\/wp-content\/uploads\/2026\/03\/4.KORIZ_.NEDJELJA-LISTIC-2026.pdf\" target=\"_blank\" rel=\"noopener\"><span style=\"color: #ff0000;\">\u017dUPNI LISTI\u0106<\/span><\/a><\/p>\t\t\t\t\t\t\t\t<\/div>\n\t\t\t\t<\/div>\n\t\t\t\t\t<\/div>\n\t\t<\/div>\n\t\t\t\t\t<\/div>\n\t\t<\/section>\n\t\t\t\t<\/div>\n\t\t","protected":false},"excerpt":{"rendered":"<p>Dana\u0161nje evan\u0111elje donosi Isusov susret sa slijepcem koji je slijep od ro\u0111enja pa se farizejima nametalo pitanje: Tko bi bio krivac za tako veliko zlo? Budu\u0107i da je slijep od ro\u0111enja i sam nije mogao skriviti svoju sljepo\u0107u, zaklju\u010dili su da je ona Bo\u017eja kazna zbog grijeha \u0161to su ga po\u010dinili njegovi najbli\u017ei, roditelji ili [&hellip;]<\/p>\n","protected":false},"author":1,"featured_media":13042,"comment_status":"closed","ping_status":"closed","sticky":false,"template":"","format":"standard","meta":{"ocean_post_layout":"","ocean_both_sidebars_style":"","ocean_both_sidebars_content_width":0,"ocean_both_sidebars_sidebars_width":0,"ocean_sidebar":"","ocean_second_sidebar":"","ocean_disable_margins":"enable","ocean_add_body_class":"","ocean_shortcode_before_top_bar":"","ocean_shortcode_after_top_bar":"","ocean_shortcode_before_header":"","ocean_shortcode_after_header":"","ocean_has_shortcode":"","ocean_shortcode_after_title":"","ocean_shortcode_before_footer_widgets":"","ocean_shortcode_after_footer_widgets":"","ocean_shortcode_before_footer_bottom":"","ocean_shortcode_after_footer_bottom":"","ocean_display_top_bar":"default","ocean_display_header":"default","ocean_header_style":"","ocean_center_header_left_menu":"","ocean_custom_header_template":"","ocean_custom_logo":0,"ocean_custom_retina_logo":0,"ocean_custom_logo_max_width":0,"ocean_custom_logo_tablet_max_width":0,"ocean_custom_logo_mobile_max_width":0,"ocean_custom_logo_max_height":0,"ocean_custom_logo_tablet_max_height":0,"ocean_custom_logo_mobile_max_height":0,"ocean_header_custom_menu":"","ocean_menu_typo_font_family":"","ocean_menu_typo_font_subset":"","ocean_menu_typo_font_size":0,"ocean_menu_typo_font_size_tablet":0,"ocean_menu_typo_font_size_mobile":0,"ocean_menu_typo_font_size_unit":"px","ocean_menu_typo_font_weight":"","ocean_menu_typo_font_weight_tablet":"","ocean_menu_typo_font_weight_mobile":"","ocean_menu_typo_transform":"","ocean_menu_typo_transform_tablet":"","ocean_menu_typo_transform_mobile":"","ocean_menu_typo_line_height":0,"ocean_menu_typo_line_height_tablet":0,"ocean_menu_typo_line_height_mobile":0,"ocean_menu_typo_line_height_unit":"","ocean_menu_typo_spacing":0,"ocean_menu_typo_spacing_tablet":0,"ocean_menu_typo_spacing_mobile":0,"ocean_menu_typo_spacing_unit":"","ocean_menu_link_color":"","ocean_menu_link_color_hover":"","ocean_menu_link_color_active":"","ocean_menu_link_background":"","ocean_menu_link_hover_background":"","ocean_menu_link_active_background":"","ocean_menu_social_links_bg":"","ocean_menu_social_hover_links_bg":"","ocean_menu_social_links_color":"","ocean_menu_social_hover_links_color":"","ocean_disable_title":"default","ocean_disable_heading":"default","ocean_post_title":"","ocean_post_subheading":"","ocean_post_title_style":"","ocean_post_title_background_color":"","ocean_post_title_background":0,"ocean_post_title_bg_image_position":"","ocean_post_title_bg_image_attachment":"","ocean_post_title_bg_image_repeat":"","ocean_post_title_bg_image_size":"","ocean_post_title_height":0,"ocean_post_title_bg_overlay":0.5,"ocean_post_title_bg_overlay_color":"","ocean_disable_breadcrumbs":"default","ocean_breadcrumbs_color":"","ocean_breadcrumbs_separator_color":"","ocean_breadcrumbs_links_color":"","ocean_breadcrumbs_links_hover_color":"","ocean_display_footer_widgets":"default","ocean_display_footer_bottom":"default","ocean_custom_footer_template":"","ocean_post_oembed":"","ocean_post_self_hosted_media":"","ocean_post_video_embed":"","ocean_link_format":"","ocean_link_format_target":"self","ocean_quote_format":"","ocean_quote_format_link":"post","ocean_gallery_link_images":"on","ocean_gallery_id":[],"footnotes":""},"categories":[16],"tags":[],"class_list":["post-13048","post","type-post","status-publish","format-standard","has-post-thumbnail","hentry","category-vijesti","entry","has-media"],"views":126,"_links":{"self":[{"href":"https:\/\/zupasvnikolakc.hr\/index.php?rest_route=\/wp\/v2\/posts\/13048","targetHints":{"allow":["GET"]}}],"collection":[{"href":"https:\/\/zupasvnikolakc.hr\/index.php?rest_route=\/wp\/v2\/posts"}],"about":[{"href":"https:\/\/zupasvnikolakc.hr\/index.php?rest_route=\/wp\/v2\/types\/post"}],"author":[{"embeddable":true,"href":"https:\/\/zupasvnikolakc.hr\/index.php?rest_route=\/wp\/v2\/users\/1"}],"replies":[{"embeddable":true,"href":"https:\/\/zupasvnikolakc.hr\/index.php?rest_route=%2Fwp%2Fv2%2Fcomments&post=13048"}],"version-history":[{"count":4,"href":"https:\/\/zupasvnikolakc.hr\/index.php?rest_route=\/wp\/v2\/posts\/13048\/revisions"}],"predecessor-version":[{"id":13052,"href":"https:\/\/zupasvnikolakc.hr\/index.php?rest_route=\/wp\/v2\/posts\/13048\/revisions\/13052"}],"wp:featuredmedia":[{"embeddable":true,"href":"https:\/\/zupasvnikolakc.hr\/index.php?rest_route=\/wp\/v2\/media\/13042"}],"wp:attachment":[{"href":"https:\/\/zupasvnikolakc.hr\/index.php?rest_route=%2Fwp%2Fv2%2Fmedia&parent=13048"}],"wp:term":[{"taxonomy":"category","embeddable":true,"href":"https:\/\/zupasvnikolakc.hr\/index.php?rest_route=%2Fwp%2Fv2%2Fcategories&post=13048"},{"taxonomy":"post_tag","embeddable":true,"href":"https:\/\/zupasvnikolakc.hr\/index.php?rest_route=%2Fwp%2Fv2%2Ftags&post=13048"}],"curies":[{"name":"wp","href":"https:\/\/api.w.org\/{rel}","templated":true}]}}