{"id":13978,"date":"2026-09-05T19:00:00","date_gmt":"2026-09-05T17:00:00","guid":{"rendered":"https:\/\/zupasvnikolakc.hr\/?p=13978"},"modified":"2026-09-01T20:50:22","modified_gmt":"2026-09-01T18:50:22","slug":"23-nedjelja-kroz-godinu-7","status":"publish","type":"post","link":"https:\/\/zupasvnikolakc.hr\/?p=13978","title":{"rendered":"23. nedjelja kroz godinu"},"content":{"rendered":"\t\t<div data-elementor-type=\"wp-post\" data-elementor-id=\"13978\" class=\"elementor elementor-13978\" data-elementor-post-type=\"post\">\n\t\t\t\t\t\t<section class=\"elementor-section elementor-top-section elementor-element elementor-element-5e8c5bb elementor-section-boxed elementor-section-height-default elementor-section-height-default\" data-id=\"5e8c5bb\" data-element_type=\"section\" data-e-type=\"section\">\n\t\t\t\t\t\t<div class=\"elementor-container elementor-column-gap-default\">\n\t\t\t\t\t<div class=\"elementor-column elementor-col-100 elementor-top-column elementor-element elementor-element-8bcd710\" data-id=\"8bcd710\" data-element_type=\"column\" data-e-type=\"column\">\n\t\t\t<div class=\"elementor-widget-wrap elementor-element-populated\">\n\t\t\t\t\t\t<div class=\"elementor-element elementor-element-488d80a elementor-widget elementor-widget-text-editor\" data-id=\"488d80a\" data-element_type=\"widget\" data-e-type=\"widget\" data-widget_type=\"text-editor.default\">\n\t\t\t\t<div class=\"elementor-widget-container\">\n\t\t\t\t\t\t\t\t\t<p><span style=\"color: #000000;\">U sredi\u0161tu evan\u0111elja dana\u0161nje nedjelje nalazi se Isusova teolo\u0161ka i ekleziolo\u0161ka razrada Ezekielove starozavjetne misli o odgovornosti za bli\u017enjega. Isus, naslanjaju\u0107i se na tu misao postavlja novu, vi\u0161u dimenziju: razvija pedagogiju bratske opomene utemeljenu na ljubavi, istini i bezuvjetnom po\u0161tovanju ljudskoga dostojanstva. On isti\u010de nu\u017enost diskrecije koja \u010duva tu\u0111i dobar glas, ali ujedno dijeli odgovornost s odgovornima unutar crkvene zajednice. Kristov nalog je nedvosmislen: <em>\u201ePogrije\u0161i li tvoj brat, idi i pokaraj ga nasamo. Ako te poslu\u0161a, stekao si brata.\u201c<\/em> Ako netko srlja pogre\u0161nim putem, ako grijeh ranjava njegovu du\u0161u i zajednicu, vjernik je du\u017ean pristupiti mu, prekinuti \u0161utnju i upozoriti ga na pogubnost takva pona\u0161anja. To nije \u010din osude, ve\u0107 \u010din vrhunskog milosr\u0111a. Na\u017ealost, u suvremene se ljudske i me\u0111u vjerni\u010dke odnose duboko uvukla la\u017ena tolerancija. Rije\u010d je o duhovnoj ravnodu\u0161nosti maskiranoj u po\u0161tovanje slobode. Bojimo se stvari nazvati pravim imenom, bje\u017eimo od otvorene i autenti\u010dne komunikacije te zaboravljamo da u istinskom prijateljstvu i kr\u0161\u0107anskom bratstvu moramo biti uzajamna korekcija. Danas je, na\u017ealost, kudikamo lak\u0161e drugoga otpisati, prekri\u017eiti i etiketirati, nego mu u ljubavi pomo\u0107i da se obrati. U situacijama kada su ljudski odnosi zategnuti, napeti i ranjeni, presudno je u onome koji opominje do\u017eivjeti bratsku nastrojenost \u2013 osjetiti da nas on iskreno ljubi i da nam \u017eeli vje\u010dno dobro. Mi, potaknuti ljudskom slabo\u0161\u0107u, pre\u010desto \u010dinimo suprotno: umjesto da budemo mirotvorci, podgrijavamo tu\u0111e sukobe, hranimo predrasude i sprje\u010davamo zava\u0111ene strane da u\u0111u u Kristov mir. Jednako tako, s druge je strane potrebna duboka kr\u0161\u0107anska poniznost i pou\u010dljivost kako bi se uop\u0107e mogla prihvatiti tu\u0111a, dobronamjerna i konstruktivna kritika.<\/span><\/p><p><span style=\"color: #000000;\">Drugi dio evan\u0111eoskog odlomka usmjerava nas na izvor zajedni\u0161tva: <em>\u201eNadalje, ka\u017eem vam, ako dvojica od vas na zemlji jednodu\u0161no zai\u0161te \u0161to mu drago, dat \u0107e im Otac moj, koji je na nebesima.\u201c<\/em> Duh vremena, obilje\u017een radikalnim individualizmom, sna\u017eno je zahvatio i kr\u0161\u0107ansku molitvu. Molitva se nerijetko svodi na izoliranu <em>\u201eprivatnu stvar\u201c<\/em> i puki subjektivni osje\u0107aj, dok nam zajedni\u010dka, liturgijska i obiteljska molitva postaje teretom. Isus nas podsje\u0107a da kr\u0161\u0107anin nikada nije samac. Tek u zajedni\u010dkoj molitvi, sabrani u Njegovo Ime, postajemo Crkva u malom. Pred licem Bo\u017ejim, u zajedni\u0161tvu s bra\u0107om i sestrama, sposobni smo skinuti maske, otvoriti svoje najdublje rane, nadvladati egoizam te pripremiti srce za istinsko pomirenje s Bogom i ljudima.<\/span><\/p><p><span style=\"color: #000000;\">Veliki pisac Ivo Andri\u0107 jednom je pronicljivo zapisao: <em>\u201eSve u \u017eivotu mo\u017eemo izgubiti, ali najte\u017ee je kada izgubimo ljude.\u201c<\/em> Gubitak \u010dovjeka, prekid odnosa i odlazak bli\u017enjega u duhovnu propast najte\u017ei su gubitci koje zajednica mo\u017ee pretrpjeti. Pred nama je velika i odgovorna zada\u0107a koju nam ovo evan\u0111elje stavlja u savjest: pozvani smo neumorno moliti jedni za druge.<\/span><\/p>\t\t\t\t\t\t\t\t<\/div>\n\t\t\t\t<\/div>\n\t\t\t\t<div class=\"elementor-element elementor-element-c01343b elementor-widget elementor-widget-text-editor\" data-id=\"c01343b\" data-element_type=\"widget\" data-e-type=\"widget\" data-widget_type=\"text-editor.default\">\n\t\t\t\t<div class=\"elementor-widget-container\">\n\t\t\t\t\t\t\t\t\t<p><span style=\"color: #ff0000;\"><strong>\u017dUPNE OBAVIJESTI<\/strong><\/span><\/p><p><span style=\"color: #000000;\"><strong>VJEN\u010cANJE:<\/strong><\/span><\/p><ul><li><span style=\"color: #000000;\">Tomislav Radotovi\u0107 i Jelena Ogrinec &#8211; petak (11.9.2026.) u 15:30 h<\/span><\/li><\/ul><p>\u00a0<\/p><p><span style=\"color: #000000;\"><span style=\"color: #ff0000;\"><strong>Upis kandidata za prvu pri\u010dest <\/strong><\/span>(3. razred) biti \u0107e u<strong><span style=\"color: #ff0000;\"> subotu (12. 9. 2026.)<\/span> <\/strong>u 10:30 h u crkvi, a za<strong><span style=\"color: #ff0000;\"> krizmu<\/span> (<\/strong>8. razred) u 11 h u crkvi.<\/span><\/p><p><span style=\"color: #000000;\">Na upis do\u0107i <a href=\"https:\/\/zupasvnikolakc.hr\/wp-content\/uploads\/2026\/09\/Prijavnica-za-sakramente-2026.pdf\" target=\"_blank\" rel=\"noopener\"><span style=\"color: #ff0000;\"><strong>s popunjenom prijavnicom<\/strong><\/span><\/a> koju mo\u017eete podi\u0107i u crkvi na pokrajnjim oltarima ili skinuti s na\u0161e web stranice \u017eupe.<\/span><\/p><p><span style=\"color: #000000;\"><strong>\u00a0<\/strong><strong>Zaziv Duha Svetoga <\/strong>za \u0161kolsku djecu od 1. do 8. razreda biti \u0107e u nedjelju 13.9.2026. u 11 h, a za srednjo\u0161kolce u 18 h.<\/span><\/p><p><a href=\"https:\/\/zupasvnikolakc.hr\/wp-content\/uploads\/2026\/09\/23.N.K.G.-LISTIC-2026.pdf\" target=\"_blank\" rel=\"noopener\"><span style=\"color: #ff0000;\">\u017dUPNI LISTI\u0106<\/span><\/a><\/p>\t\t\t\t\t\t\t\t<\/div>\n\t\t\t\t<\/div>\n\t\t\t\t\t<\/div>\n\t\t<\/div>\n\t\t\t\t\t<\/div>\n\t\t<\/section>\n\t\t\t\t<\/div>\n\t\t","protected":false},"excerpt":{"rendered":"<p>U sredi\u0161tu evan\u0111elja dana\u0161nje nedjelje nalazi se Isusova teolo\u0161ka i ekleziolo\u0161ka razrada Ezekielove starozavjetne misli o odgovornosti za bli\u017enjega. Isus, naslanjaju\u0107i se na tu misao postavlja novu, vi\u0161u dimenziju: razvija pedagogiju bratske opomene utemeljenu na ljubavi, istini i bezuvjetnom po\u0161tovanju ljudskoga dostojanstva. On isti\u010de nu\u017enost diskrecije koja \u010duva tu\u0111i dobar glas, ali ujedno dijeli odgovornost [&hellip;]<\/p>\n","protected":false},"author":1,"featured_media":13979,"comment_status":"closed","ping_status":"closed","sticky":false,"template":"","format":"standard","meta":{"ocean_front_end_style_editor":"no","ocean_post_layout":"","ocean_both_sidebars_style":"","ocean_both_sidebars_content_width":0,"ocean_both_sidebars_sidebars_width":0,"ocean_sidebar":"","ocean_second_sidebar":"","ocean_disable_margins":"enable","ocean_add_body_class":"","ocean_shortcode_before_top_bar":"","ocean_shortcode_after_top_bar":"","ocean_shortcode_before_header":"","ocean_shortcode_after_header":"","ocean_has_shortcode":"","ocean_shortcode_after_title":"","ocean_shortcode_before_footer_widgets":"","ocean_shortcode_after_footer_widgets":"","ocean_shortcode_before_footer_bottom":"","ocean_shortcode_after_footer_bottom":"","ocean_display_top_bar":"default","ocean_display_header":"default","ocean_header_style":"","ocean_center_header_left_menu":"","ocean_custom_header_template":"","ocean_custom_logo":0,"ocean_custom_retina_logo":0,"ocean_custom_logo_max_width":0,"ocean_custom_logo_tablet_max_width":0,"ocean_custom_logo_mobile_max_width":0,"ocean_custom_logo_max_height":0,"ocean_custom_logo_tablet_max_height":0,"ocean_custom_logo_mobile_max_height":0,"ocean_header_custom_menu":"","ocean_menu_typo_font_family":"","ocean_menu_typo_font_subset":"","ocean_menu_typo_font_size":0,"ocean_menu_typo_font_size_tablet":0,"ocean_menu_typo_font_size_mobile":0,"ocean_menu_typo_font_size_unit":"px","ocean_menu_typo_font_weight":"","ocean_menu_typo_font_weight_tablet":"","ocean_menu_typo_font_weight_mobile":"","ocean_menu_typo_transform":"","ocean_menu_typo_transform_tablet":"","ocean_menu_typo_transform_mobile":"","ocean_menu_typo_line_height":0,"ocean_menu_typo_line_height_tablet":0,"ocean_menu_typo_line_height_mobile":0,"ocean_menu_typo_line_height_unit":"","ocean_menu_typo_spacing":0,"ocean_menu_typo_spacing_tablet":0,"ocean_menu_typo_spacing_mobile":0,"ocean_menu_typo_spacing_unit":"","ocean_menu_link_color":"","ocean_menu_link_color_hover":"","ocean_menu_link_color_active":"","ocean_menu_link_background":"","ocean_menu_link_hover_background":"","ocean_menu_link_active_background":"","ocean_menu_social_links_bg":"","ocean_menu_social_hover_links_bg":"","ocean_menu_social_links_color":"","ocean_menu_social_hover_links_color":"","ocean_disable_title":"default","ocean_disable_heading":"default","ocean_post_title":"","ocean_post_subheading":"","ocean_post_title_style":"","ocean_post_title_background_color":"","ocean_post_title_background":0,"ocean_post_title_bg_image_position":"","ocean_post_title_bg_image_attachment":"","ocean_post_title_bg_image_repeat":"","ocean_post_title_bg_image_size":"","ocean_post_title_height":0,"ocean_post_title_bg_overlay":0.5,"ocean_post_title_bg_overlay_color":"","ocean_disable_breadcrumbs":"default","ocean_breadcrumbs_color":"","ocean_breadcrumbs_separator_color":"","ocean_breadcrumbs_links_color":"","ocean_breadcrumbs_links_hover_color":"","ocean_display_footer_widgets":"default","ocean_display_footer_bottom":"default","ocean_custom_footer_template":"","ocean_post_oembed":"","ocean_post_self_hosted_media":"","ocean_post_video_embed":"","ocean_link_format":"","ocean_link_format_target":"self","ocean_quote_format":"","ocean_quote_format_link":"post","ocean_gallery_link_images":"on","ocean_gallery_id":[],"footnotes":""},"categories":[16],"tags":[],"class_list":["post-13978","post","type-post","status-publish","format-standard","has-post-thumbnail","hentry","category-vijesti","entry","has-media"],"views":23,"_links":{"self":[{"href":"https:\/\/zupasvnikolakc.hr\/index.php?rest_route=\/wp\/v2\/posts\/13978","targetHints":{"allow":["GET"]}}],"collection":[{"href":"https:\/\/zupasvnikolakc.hr\/index.php?rest_route=\/wp\/v2\/posts"}],"about":[{"href":"https:\/\/zupasvnikolakc.hr\/index.php?rest_route=\/wp\/v2\/types\/post"}],"author":[{"embeddable":true,"href":"https:\/\/zupasvnikolakc.hr\/index.php?rest_route=\/wp\/v2\/users\/1"}],"replies":[{"embeddable":true,"href":"https:\/\/zupasvnikolakc.hr\/index.php?rest_route=%2Fwp%2Fv2%2Fcomments&post=13978"}],"version-history":[{"count":4,"href":"https:\/\/zupasvnikolakc.hr\/index.php?rest_route=\/wp\/v2\/posts\/13978\/revisions"}],"predecessor-version":[{"id":13984,"href":"https:\/\/zupasvnikolakc.hr\/index.php?rest_route=\/wp\/v2\/posts\/13978\/revisions\/13984"}],"wp:featuredmedia":[{"embeddable":true,"href":"https:\/\/zupasvnikolakc.hr\/index.php?rest_route=\/wp\/v2\/media\/13979"}],"wp:attachment":[{"href":"https:\/\/zupasvnikolakc.hr\/index.php?rest_route=%2Fwp%2Fv2%2Fmedia&parent=13978"}],"wp:term":[{"taxonomy":"category","embeddable":true,"href":"https:\/\/zupasvnikolakc.hr\/index.php?rest_route=%2Fwp%2Fv2%2Fcategories&post=13978"},{"taxonomy":"post_tag","embeddable":true,"href":"https:\/\/zupasvnikolakc.hr\/index.php?rest_route=%2Fwp%2Fv2%2Ftags&post=13978"}],"curies":[{"name":"wp","href":"https:\/\/api.w.org\/{rel}","templated":true}]}}