{"id":1515,"date":"2020-09-12T21:43:18","date_gmt":"2020-09-12T19:43:18","guid":{"rendered":"https:\/\/zupasvnikolakc.hr\/?p=1515"},"modified":"2020-09-12T21:45:20","modified_gmt":"2020-09-12T19:45:20","slug":"24-nedjelja-kroz-godinu","status":"publish","type":"post","link":"https:\/\/zupasvnikolakc.hr\/?p=1515","title":{"rendered":"24. nedjelja kroz godinu"},"content":{"rendered":"\t\t<div data-elementor-type=\"wp-post\" data-elementor-id=\"1515\" class=\"elementor elementor-1515\" data-elementor-post-type=\"post\">\n\t\t\t\t\t\t<section class=\"elementor-section elementor-top-section elementor-element elementor-element-53efe9d elementor-section-boxed elementor-section-height-default elementor-section-height-default\" data-id=\"53efe9d\" data-element_type=\"section\" data-e-type=\"section\">\n\t\t\t\t\t\t<div class=\"elementor-container elementor-column-gap-default\">\n\t\t\t\t\t<div class=\"elementor-column elementor-col-100 elementor-top-column elementor-element elementor-element-70e13b4\" data-id=\"70e13b4\" data-element_type=\"column\" data-e-type=\"column\">\n\t\t\t<div class=\"elementor-widget-wrap elementor-element-populated\">\n\t\t\t\t\t\t<div class=\"elementor-element elementor-element-54b8aee elementor-widget elementor-widget-text-editor\" data-id=\"54b8aee\" data-element_type=\"widget\" data-e-type=\"widget\" data-widget_type=\"text-editor.default\">\n\t\t\t\t<div class=\"elementor-widget-container\">\n\t\t\t\t\t\t\t\t\t<p><span style=\"color: #000000;\">\u201e Do\u0111i Du\u0161e Presveti\u201c<\/span><\/p><p><span style=\"color: #000000;\">Draga djeco i mladi, zapo\u010dinjemo jedan novi odsjek na\u0161eg \u017eivota. Biti u\u010denik je va\u017ean i uzvi\u0161en poziv u \u0161koli \u017eivota. Stoga danas zazivamo pomo\u0107 odozgor. Pomo\u0107 Duha Svetoga da nam ova \u0161kolska godina, koja je specifi\u010dna i neizvjesna zbog situacije nastale uzrokovane pandemijom korona virusa, ipak bude ispunjena nadom i vjerom da u toj \u017eivotnoj borbi\u00a0 nismo sami ve\u0107 nas dragi Bog krijepi i ja\u010da. Stoga smo jo\u0161 vi\u0161e pozvani svake nedjelje okupljati se oko oltara gdje primamo Krista u pri\u010desti, gdje slu\u0161amo tuma\u010denje Bo\u017eje rije\u010di i primimo blagoslov od Gospodina koji \u0107e nas \u0161tititi od svih pogibelji koje nam prijete. Jedino tako ohrabreni mo\u017eemo razlikovati dobro od zla. Na \u017ealost danas se mnogo toga lo\u0161eg nudi\u00a0 djeci i mladima pod krinkom modernoga i slobodnoga. Stoga dragi roditelji i mi odrasli, budimo svojim \u017eivotom putokaz djeci i mladima na njihovom putu odrastanja. Evan\u0111elje dana\u0161nje nedjelje jasno nam pokazuje kako je Isus svoje u\u010denike neprestano odgajao u \u0161koli \u017eivota. Isus dana\u0161njom nedjeljom nastavlja pou\u010davati svoje apostole, ali i nas opra\u0161tanju. Slu\u0161ali smo pro\u0161le nedjelje kako nam je govorio o bratskoj opomeni, a sada ide korak dalje, u\u010di nas kako oprostiti bli\u017enjemu i kako na uvredu uzvratiti ljubavlju i pra\u0161tanjem. Isus nam pokazuje lice svoga i na\u0161ega milosrdnog Oca Nebeskoga koji nama opra\u0161ta i na na\u0161e prijestupe odgovara ljubavlju. On nas u\u010di da Bog uspostavlja svoju pravdu time \u0161to u svojoj beskrajnoj ljubavi opra\u0161ta svakom \u010dovjeku, po svom ljubljenom Sinu Isusu Kristu. Ljubav Sina Bo\u017ejega, ljubav koja je i\u0161la do kraja, sve do smrti na kri\u017eu, znak je Bo\u017ejeg opro\u0161tenja svakom \u010dovjeku. Bog to \u010dini ljubavlju i opra\u0161tanjem. A budu\u0107i da Bog uspostavlja svoju pravdu opra\u0161tanjem, onda i mi uspostavljamo na\u0161u pravdu opra\u0161tanjem i tu opra\u0161tanje nije samo na\u0161e djelo, nego je Bo\u017eje djelo. Stoga evo nam i doma\u0107e zada\u010de za ovu novu \u0161kolsku godinu: imajmo vi\u0161e razumijevanja, opra\u0161tanja i ljubavi jedni prema drugima.<\/span><\/p><p><span style=\"color: #000000;\">Tomislav Petri\u0107, \u017eupnik<\/span><\/p>\t\t\t\t\t\t\t\t<\/div>\n\t\t\t\t<\/div>\n\t\t\t\t<div class=\"elementor-element elementor-element-36b3b7b elementor-widget elementor-widget-text-editor\" data-id=\"36b3b7b\" data-element_type=\"widget\" data-e-type=\"widget\" data-widget_type=\"text-editor.default\">\n\t\t\t\t<div class=\"elementor-widget-container\">\n\t\t\t\t\t\t\t\t\t<p><span style=\"color: #000000;\"><strong>\u017dUPNE OBAVIJESTI<\/strong><\/span><\/p><p><span style=\"color: #000000;\"><span style=\"color: #ff0000;\"><strong>KR\u0160TENJE<\/strong><\/span>:<\/span><\/p><ul><li><span style=\"color: #000000;\">Vito Dombaj \u2013 19.9.2020. (subota) u 16 h<\/span><\/li><\/ul><p><span style=\"color: #000000;\"><span style=\"color: #ff0000;\"><strong>VJERONAUK<\/strong><\/span>:<\/span><\/p><ul><li><span style=\"color: #000000;\">Prvopri\u010desnici \u2013 16.9.2020. (srijeda) u 9 h \u2013 svi zajedno u crkvi<\/span><\/li><li><span style=\"color: #000000;\">Krizmanici \u2013 19.9.2020. (subota) u 9 h \u2013 svi zajedno u crkvi<\/span><\/li><\/ul>\t\t\t\t\t\t\t\t<\/div>\n\t\t\t\t<\/div>\n\t\t\t\t\t<\/div>\n\t\t<\/div>\n\t\t\t\t\t<\/div>\n\t\t<\/section>\n\t\t\t\t<\/div>\n\t\t","protected":false},"excerpt":{"rendered":"<p>\u201e Do\u0111i Du\u0161e Presveti\u201c Draga djeco i mladi, zapo\u010dinjemo jedan novi odsjek na\u0161eg \u017eivota. Biti u\u010denik je va\u017ean i uzvi\u0161en poziv u \u0161koli \u017eivota. Stoga danas zazivamo pomo\u0107 odozgor. Pomo\u0107 Duha Svetoga da nam ova \u0161kolska godina, koja je specifi\u010dna i neizvjesna zbog situacije nastale uzrokovane pandemijom korona virusa, ipak bude ispunjena nadom i vjerom [&hellip;]<\/p>\n","protected":false},"author":1,"featured_media":1385,"comment_status":"closed","ping_status":"closed","sticky":false,"template":"","format":"standard","meta":{"ocean_post_layout":"","ocean_both_sidebars_style":"","ocean_both_sidebars_content_width":0,"ocean_both_sidebars_sidebars_width":0,"ocean_sidebar":"0","ocean_second_sidebar":"0","ocean_disable_margins":"enable","ocean_add_body_class":"","ocean_shortcode_before_top_bar":"","ocean_shortcode_after_top_bar":"","ocean_shortcode_before_header":"","ocean_shortcode_after_header":"","ocean_has_shortcode":"","ocean_shortcode_after_title":"","ocean_shortcode_before_footer_widgets":"","ocean_shortcode_after_footer_widgets":"","ocean_shortcode_before_footer_bottom":"","ocean_shortcode_after_footer_bottom":"","ocean_display_top_bar":"default","ocean_display_header":"default","ocean_header_style":"","ocean_center_header_left_menu":"0","ocean_custom_header_template":"0","ocean_custom_logo":0,"ocean_custom_retina_logo":0,"ocean_custom_logo_max_width":0,"ocean_custom_logo_tablet_max_width":0,"ocean_custom_logo_mobile_max_width":0,"ocean_custom_logo_max_height":0,"ocean_custom_logo_tablet_max_height":0,"ocean_custom_logo_mobile_max_height":0,"ocean_header_custom_menu":"0","ocean_menu_typo_font_family":"0","ocean_menu_typo_font_subset":"","ocean_menu_typo_font_size":0,"ocean_menu_typo_font_size_tablet":0,"ocean_menu_typo_font_size_mobile":0,"ocean_menu_typo_font_size_unit":"px","ocean_menu_typo_font_weight":"","ocean_menu_typo_font_weight_tablet":"","ocean_menu_typo_font_weight_mobile":"","ocean_menu_typo_transform":"","ocean_menu_typo_transform_tablet":"","ocean_menu_typo_transform_mobile":"","ocean_menu_typo_line_height":0,"ocean_menu_typo_line_height_tablet":0,"ocean_menu_typo_line_height_mobile":0,"ocean_menu_typo_line_height_unit":"","ocean_menu_typo_spacing":0,"ocean_menu_typo_spacing_tablet":0,"ocean_menu_typo_spacing_mobile":0,"ocean_menu_typo_spacing_unit":"","ocean_menu_link_color":"","ocean_menu_link_color_hover":"","ocean_menu_link_color_active":"","ocean_menu_link_background":"","ocean_menu_link_hover_background":"","ocean_menu_link_active_background":"","ocean_menu_social_links_bg":"","ocean_menu_social_hover_links_bg":"","ocean_menu_social_links_color":"","ocean_menu_social_hover_links_color":"","ocean_disable_title":"default","ocean_disable_heading":"default","ocean_post_title":"","ocean_post_subheading":"","ocean_post_title_style":"","ocean_post_title_background_color":"","ocean_post_title_background":0,"ocean_post_title_bg_image_position":"","ocean_post_title_bg_image_attachment":"","ocean_post_title_bg_image_repeat":"","ocean_post_title_bg_image_size":"","ocean_post_title_height":0,"ocean_post_title_bg_overlay":0.5,"ocean_post_title_bg_overlay_color":"","ocean_disable_breadcrumbs":"default","ocean_breadcrumbs_color":"","ocean_breadcrumbs_separator_color":"","ocean_breadcrumbs_links_color":"","ocean_breadcrumbs_links_hover_color":"","ocean_display_footer_widgets":"default","ocean_display_footer_bottom":"default","ocean_custom_footer_template":"0","ocean_post_oembed":"","ocean_post_self_hosted_media":"","ocean_post_video_embed":"","ocean_link_format":"","ocean_link_format_target":"self","ocean_quote_format":"","ocean_quote_format_link":"post","ocean_gallery_link_images":"off","ocean_gallery_id":[],"footnotes":""},"categories":[16],"tags":[],"class_list":["post-1515","post","type-post","status-publish","format-standard","has-post-thumbnail","hentry","category-vijesti","entry","has-media"],"views":1978,"_links":{"self":[{"href":"https:\/\/zupasvnikolakc.hr\/index.php?rest_route=\/wp\/v2\/posts\/1515","targetHints":{"allow":["GET"]}}],"collection":[{"href":"https:\/\/zupasvnikolakc.hr\/index.php?rest_route=\/wp\/v2\/posts"}],"about":[{"href":"https:\/\/zupasvnikolakc.hr\/index.php?rest_route=\/wp\/v2\/types\/post"}],"author":[{"embeddable":true,"href":"https:\/\/zupasvnikolakc.hr\/index.php?rest_route=\/wp\/v2\/users\/1"}],"replies":[{"embeddable":true,"href":"https:\/\/zupasvnikolakc.hr\/index.php?rest_route=%2Fwp%2Fv2%2Fcomments&post=1515"}],"version-history":[{"count":3,"href":"https:\/\/zupasvnikolakc.hr\/index.php?rest_route=\/wp\/v2\/posts\/1515\/revisions"}],"predecessor-version":[{"id":1518,"href":"https:\/\/zupasvnikolakc.hr\/index.php?rest_route=\/wp\/v2\/posts\/1515\/revisions\/1518"}],"wp:featuredmedia":[{"embeddable":true,"href":"https:\/\/zupasvnikolakc.hr\/index.php?rest_route=\/wp\/v2\/media\/1385"}],"wp:attachment":[{"href":"https:\/\/zupasvnikolakc.hr\/index.php?rest_route=%2Fwp%2Fv2%2Fmedia&parent=1515"}],"wp:term":[{"taxonomy":"category","embeddable":true,"href":"https:\/\/zupasvnikolakc.hr\/index.php?rest_route=%2Fwp%2Fv2%2Fcategories&post=1515"},{"taxonomy":"post_tag","embeddable":true,"href":"https:\/\/zupasvnikolakc.hr\/index.php?rest_route=%2Fwp%2Fv2%2Ftags&post=1515"}],"curies":[{"name":"wp","href":"https:\/\/api.w.org\/{rel}","templated":true}]}}