{"id":1622,"date":"2020-10-18T00:35:36","date_gmt":"2020-10-17T22:35:36","guid":{"rendered":"https:\/\/zupasvnikolakc.hr\/?p=1622"},"modified":"2020-10-18T00:38:36","modified_gmt":"2020-10-17T22:38:36","slug":"29-nedjelja-kroz-godinu","status":"publish","type":"post","link":"https:\/\/zupasvnikolakc.hr\/?p=1622","title":{"rendered":"29. nedjelja kroz godinu"},"content":{"rendered":"\t\t<div data-elementor-type=\"wp-post\" data-elementor-id=\"1622\" class=\"elementor elementor-1622\" data-elementor-post-type=\"post\">\n\t\t\t\t\t\t<section class=\"elementor-section elementor-top-section elementor-element elementor-element-d117b61 elementor-section-boxed elementor-section-height-default elementor-section-height-default\" data-id=\"d117b61\" data-element_type=\"section\" data-e-type=\"section\">\n\t\t\t\t\t\t<div class=\"elementor-container elementor-column-gap-default\">\n\t\t\t\t\t<div class=\"elementor-column elementor-col-100 elementor-top-column elementor-element elementor-element-2a4a6e5\" data-id=\"2a4a6e5\" data-element_type=\"column\" data-e-type=\"column\">\n\t\t\t<div class=\"elementor-widget-wrap elementor-element-populated\">\n\t\t\t\t\t\t<div class=\"elementor-element elementor-element-fadc3a0 elementor-widget elementor-widget-text-editor\" data-id=\"fadc3a0\" data-element_type=\"widget\" data-e-type=\"widget\" data-widget_type=\"text-editor.default\">\n\t\t\t\t<div class=\"elementor-widget-container\">\n\t\t\t\t\t\t\t\t\t<p><span style=\"color: #000000;\"><strong><em>Poruka pape Franje za Svjetski dan misija 2020.<\/em><\/strong><\/span><\/p><p><span style=\"color: #000000;\"><em>Draga bra\u0107o i sestre!<\/em><\/span><\/p><p><span style=\"color: #000000;\">\u017delim izraziti svoju zahvalnost Bogu na predanosti kojom se u Crkvi diljem svijeta u listopadu pro\u0161le godine \u017eivio Izvanredni misijski mjesec. Uvjeren sam da je pridonio poticanju misijskog obra\u0107enja u mnogim zajednicama na putu nazna\u010denom temom: \u00bbKr\u0161teni i poslani \u2013 Kristova Crkva u misiji u svijetu\u00ab.<\/span><\/p><p><span style=\"color: #000000;\">U ovoj godini obilje\u017eenom patnjom i izazovima koje je sa sobom donijela pandemija Covid-19 taj misijski hod \u010ditave Crkve nastavlja se u svjetlu rije\u010di koju nalazimo u izvje\u0161\u0107u o pozivu proroka Izaije: \u00bb<em>Evo me, mene po\u0161alji!<\/em>\u00ab (6, 8). To je uvijek novi odgovor na Gospodinovo pitanje: \u00bbKoga da po\u0161aljem?\u00ab (<em>ibid.<\/em>). Taj poziv dolazi iz Bo\u017ejega srca, od njegova milosr\u0111a koje, u sada\u0161njoj svjetskoj krizi, predstavlja izazov na koji su Crkvu i \u010ditav ljudski rod pozvani odgovoriti. \u00bbPoput u\u010denik\u00e2 iz Evan\u0111elja iznenada nas je zahvatila neo\u010dekivana i \u017eestoka oluja. Shvatili smo da se nalazimo na istoj la\u0111i, svi krhki i dezorijentirani, ali istodobno va\u017eni i potrebni, svi pozvani veslati zajedno, svi potrebni utjehe drugoga. Na toj la\u0111i\u2026 svi se nalazimo. Poput tih u\u010denika, koji jednoglasno i u tjeskobi ka\u017eu: \u201cginemo\u201d (r. 38), tako smo i mi shvatili da ne mo\u017eemo i\u0107i dalje svatko za sebe, ve\u0107 samo zajedno\u00ab (<em>Meditacija na Trgu sv. Petra<\/em>, 27. o\u017eujka 2020). Doista smo prestra\u0161eni, dezorijentirani i upla\u0161eni. Bol i smrt daju nam iskusiti na\u0161u ljudsku krhkost, ali istodobno uo\u010davamo da svi imamo sna\u017enu \u017eelju za \u017eivotom i oslobo\u0111enjem od zla. U tome smislu poziv na poslanje, poziv da izi\u0111emo iz sebe samih iz ljubavi prema Bogu i bli\u017enjemu pokazuje se kao prilika za solidarnost, slu\u017eenje, posredovanje. Poslanje koje Bog povjerava svakome od nas poma\u017ee nam osloboditi se straha i zaokupljenosti samima sobom i shvatiti da ponovno pronalazimo same sebe kad se darujemo drugima.<\/span><\/p><p><span style=\"color: #000000;\">U \u017ertvi kri\u017ea, gdje se do kraja ispunjava Isusovo poslanje (usp.\u00a0<em>Iv\u00a0<\/em>19, 28-30), Bog objavljuje da ljubi sve i svakog pojedinog (usp.\u00a0<em>Iv<\/em>\u00a019, 26-27) i od svakoga od nas tra\u017ei osobnu raspolo\u017eivost da budemo poslani, jer On je Ljubav koja nikada ne miruje nego je uvijek \u201cu poslanju\u201d, uvijek izlazi iz sebe kako bi dala \u017eivot. Iz ljubavi prema ljudima Bog Otac je poslao Sina Isusa (usp.\u00a0<em>Iv\u00a0<\/em>3, 16). Isus je O\u010dev misionar: njegova osoba i njegovo djelo su potpuna poslu\u0161nost O\u010devoj volji (usp.\u00a0<em>Iv<\/em>\u00a04, 34; 6, 38; 8, 12-30;\u00a0<em>Heb\u00a0<\/em>10, 5-10). Isus, koji je raspet i uskrsnuo za nas, uklju\u010duje nas u svoje poslanje ljubavi i svojim Duhom, koji o\u017eivljava Crkvu, \u010dini nas svojim u\u010denicima i \u0161alje nas u misiju u svijet i me\u0111u narode.<\/span><\/p><p><span style=\"color: #000000;\">\u00bbMisija, \u201cCrkva koja izlazi\u201d, nije neki program, nego naum koji se ostvaruje snagom volje. Krist je taj koji daje Crkvi izi\u0107i iz sebe same. U poslanju navije\u0161tanja evan\u0111elja ti se kre\u0107e\u0161 jer te Duh Sveti tjera i nosi\u00ab (<em>Bez njega ne mo\u017eemo ni\u0161ta. Biti danas misionari u svijetu<\/em>, Kr\u0161\u0107anska sada\u0161njost, Zagreb 2020., str. 14). Bog uvijek prvi ljubi nas i tom nas ljubavlju susre\u0107e i poziva. Na\u0161 osobni poziv plod je \u010dinjenice da smo sinovi i k\u0107eri Bo\u017eje u Crkvi, njegova obitelj, bra\u0107a i sestre u onoj ljubavi koju nam je Isus posvjedo\u010dio. Svi, me\u0111utim, imaju ljudsko dostojanstvo utemeljeno na Bo\u017ejem pozivu da budu djeca Bo\u017eja i da u sakramentu kr\u0161tenja i slobodi vjere postanu ono \u0161to su oduvijek bili u Bo\u017ejem srcu.<\/span><\/p><p><span style=\"color: #000000;\">Sama \u010dinjenica da smo besplatno primili \u017eivot podrazumijeva poziv da u\u0111emo u dinamiku sebedarja: to je sjeme koje \u0107e kod kr\u0161tenika poprimiti zreli oblik kao odgovor ljubavi u braku i u djevi\u010danstvu za Kraljevstvo Bo\u017eje. Ljudski se \u017eivot ra\u0111a iz Bo\u017eje ljubavi, raste u ljubavi i stremi ljubavi. Nitko nije isklju\u010den iz Bo\u017eje ljubavi, a u svetoj \u017ertvi Isusa Krista na kri\u017eu Bog je pobijedio grijeh i smrt (usp.\u00a0<em>Rim<\/em>\u00a08, 31-39). Za Boga, zlo \u2013 pa \u010dak i grijeh \u2013 postaju izazov ljubiti i to ljubiti jo\u0161 ve\u0107om ljubavlju (usp.\u00a0<em>Mt<\/em>\u00a05, 38-48;\u00a0<em>Lk<\/em>\u00a022, 33-34). Zato u pashalnom otajstvu Bo\u017eje milosr\u0111e lije\u010di praiskonsku ranu zadanu ljudskom rodu i izlijeva se na cio svemir. Crkva, sveop\u0107i sakrament Bo\u017eje ljubavi prema svijetu, nastavlja Isusovo poslanje u povijesti i \u0161alje nas svukuda da bi Bog, po na\u0161em svjedo\u010denju vjere i navije\u0161tanju evan\u0111elja, mogao ponovno o\u010ditovati svoju ljubav i dotaknuti i preobraziti srca, umove, tijela, dru\u0161tva i kulture na svakome mjestu i u svakome vremenu.<\/span><\/p><p><span style=\"color: #000000;\">Poslanje je slobodan i svjestan odgovor na Bo\u017eji poziv. No, taj poziv prepoznajemo samo kad \u017eivimo osobni odnos s Isusom \u017eivim u njegovoj Crkvi. Zapitajmo se: jesmo li spremni prihvatiti prisutnost Duha Svetoga u svome \u017eivotu, poslu\u0161ati poziv na poslanje, bilo u \u017eivotu u braku, bilo u posve\u0107enom ili sve\u0107eni\u010dkom \u017eivotu, u svojoj svakodnevici? Jesmo li spremni biti poslani na bilo koje mjesto kako bismo svjedo\u010dili svoju vjeru u Boga milosrdnog Oca, kako bismo navije\u0161tali Evan\u0111elje spasenja Isusa Krista, kako bismo dijelili bo\u017eanski \u017eivot Duha Svetoga izgra\u0111uju\u0107i Crkvu? Jesmo li poput Marije, Isusove majke, spremni bespridr\u017eajno se staviti u slu\u017ebu Bo\u017eje volje (usp.\u00a0<em>Lk<\/em>\u00a01, 18)? Ta je unutarnja raspolo\u017eivost veoma va\u017ena ako \u017eelimo re\u0107i Bogu: \u00bbEvo me, Gospodine, mene po\u0161alji\u00ab (usp.<em>\u00a0Iz<\/em>\u00a06, 8). I to ne apstraktno, nego u ovom \u010dasu Crkve i povijesti.<\/span><\/p><p><span style=\"color: #000000;\">Shvatiti \u0161to nam Bog govori u ovim vremenima pandemije predstavlja tako\u0111er izazov za poslanje Crkve. Bolest, patnja, strah i izolacija stavljaju pred nas odre\u0111ena pitanja. Siroma\u0161tvo onih koji umiru sami, koji su napu\u0161teni, koji su ostali bez posla i primanja, besku\u0107nika i onih koji nemaju \u0161to jesti tjeraju nas na razmi\u0161ljanje. Prisiljeni dr\u017eati fizi\u010dki razmak i ostati u ku\u0107i pozvani smo ponovno otkriti va\u017enost dru\u0161tvenih odnosa kao i zajedni\u010dki odnos s Bogom. Te okolnosti ne samo da ne bi smjele dovesti do toga da u nama porastu nepovjerenje i ravnodu\u0161nost nego bi nas trebale navesti da posve\u0107ujemo jo\u0161 ve\u0107u pa\u017enju na\u0161emu odnosu prema drugima. A po molitvi, kojom Bog doti\u010de i pokre\u0107e na\u0161a srca, postajemo otvoreni za potrebe na\u0161e bra\u0107e i sestara za ljubavlju, za dostojanstvom i slobodom i ona u nama budi odgovornost za sav stvoreni svijet. Nemogu\u0107nost da se kao Crkva okupljamo na slavlju euharistije dovela nas je u situaciju da smo dijelili iskustvo brojnih kr\u0161\u0107anskih zajednica koje ne mogu svake nedjelje slaviti misu. U takvim okolnostima pitanje koje nam Bog postavlja glasi: \u00bbKoga da po\u0161aljem?\u00ab i od nas o\u010dekuje velikodu\u0161an i uvjeren odgovor: \u00bbEvo me, mene po\u0161alji!\u00ab. Bog nastavlja tra\u017eiti koga da po\u0161alje svijetu i narodima da svjedo\u010di njegovu ljubav, njegovo spasenje od grijeha i smrti, njegovo oslobo\u0111enje od zla (usp.\u00a0<em>Mt<\/em>\u00a09, 35-38;\u00a0<em>Lk\u00a0<\/em>10, 1-12).<\/span><\/p><p><span style=\"color: #000000;\">Proslava Svjetskog dana misija ujedno nam pru\u017ea priliku jo\u0161 jednom potvrditi kako su molitva, promi\u0161ljanje i materijalna pomo\u0107 prigode za djelatno sudjelovanje u Isusovu poslanju u njegovoj Crkvi. Svrha je ljubavi izra\u017eene u prilozima, koji se prikupljaju na liturgijskim slavljima na tre\u0107u nedjelju u listopadu, poduprijeti misijski rad koji u moje ime obavljaju Papinska misijska djela kako bismo izi\u0161li ususret duhovnim i materijalnim potrebama narod\u00e2 i crkava u \u010ditavome svijetu, za spas sviju.<\/span><\/p><p><span style=\"color: #000000;\">Neka nas Presveta Marija, Zvijezda evangelizacije i Utjeha \u017ealosnih, misijska u\u010denica svoga Sina Isusa, nastavi zagovarati i biti nam na pomo\u0107.<\/span><\/p><p><span style=\"color: #000000;\"><em>Rim, pri Svetomu Ivanu Lateranskom, 31. svibnja 2020., svetkovina Duhova.<\/em><\/span><\/p><p><span style=\"color: #000000;\">Franciscus<\/span><\/p>\t\t\t\t\t\t\t\t<\/div>\n\t\t\t\t<\/div>\n\t\t\t\t<div class=\"elementor-element elementor-element-ddc2f3e elementor-widget elementor-widget-text-editor\" data-id=\"ddc2f3e\" data-element_type=\"widget\" data-e-type=\"widget\" data-widget_type=\"text-editor.default\">\n\t\t\t\t<div class=\"elementor-widget-container\">\n\t\t\t\t\t\t\t\t\t<p><span style=\"color: #ff0000;\"><strong>\u017dUPNE OBAVIJESTI:<\/strong><\/span><\/p><p><span style=\"color: #ff0000;\">KR\u0160TENJE:<\/span><\/p><ul><li><span style=\"color: #000000;\">Eni Vu\u010dkovi\u0107 \u2013 subota (24.10.2020.) u 12:00 h<\/span><\/li><\/ul><p><span style=\"color: #ff0000;\">VJERONAUK: <\/span><\/p><ul><li><span style=\"color: #000000;\">prvopri\u010desnici \u2013 srijeda (21.10.2020.) u 15 h u crkvi<\/span><\/li><li><span style=\"color: #000000;\">krizmanici &#8211; subota (24.10.2020.) u 9 h u crkvi<\/span><\/li><\/ul><p><span style=\"color: #ff0000;\">SURET MINISTRANATA:<\/span><\/p><ul><li><span style=\"color: #000000;\">subota (24.10.2020.) u 10 h u crkvi<\/span><\/li><\/ul><p><span style=\"color: #ff0000;\">PROBA DJE\u010cJEG ZBORA: <\/span><\/p><ul><li><span style=\"color: #000000;\">subota (24.10.2020.) u 11 h u crkvi<\/span><\/li><\/ul>\t\t\t\t\t\t\t\t<\/div>\n\t\t\t\t<\/div>\n\t\t\t\t\t<\/div>\n\t\t<\/div>\n\t\t\t\t\t<\/div>\n\t\t<\/section>\n\t\t\t\t<\/div>\n\t\t","protected":false},"excerpt":{"rendered":"<p>Poruka pape Franje za Svjetski dan misija 2020. Draga bra\u0107o i sestre! \u017delim izraziti svoju zahvalnost Bogu na predanosti kojom se u Crkvi diljem svijeta u listopadu pro\u0161le godine \u017eivio Izvanredni misijski mjesec. Uvjeren sam da je pridonio poticanju misijskog obra\u0107enja u mnogim zajednicama na putu nazna\u010denom temom: \u00bbKr\u0161teni i poslani \u2013 Kristova Crkva u [&hellip;]<\/p>\n","protected":false},"author":1,"featured_media":1566,"comment_status":"closed","ping_status":"closed","sticky":false,"template":"","format":"standard","meta":{"ocean_post_layout":"","ocean_both_sidebars_style":"","ocean_both_sidebars_content_width":0,"ocean_both_sidebars_sidebars_width":0,"ocean_sidebar":"0","ocean_second_sidebar":"0","ocean_disable_margins":"enable","ocean_add_body_class":"","ocean_shortcode_before_top_bar":"","ocean_shortcode_after_top_bar":"","ocean_shortcode_before_header":"","ocean_shortcode_after_header":"","ocean_has_shortcode":"","ocean_shortcode_after_title":"","ocean_shortcode_before_footer_widgets":"","ocean_shortcode_after_footer_widgets":"","ocean_shortcode_before_footer_bottom":"","ocean_shortcode_after_footer_bottom":"","ocean_display_top_bar":"default","ocean_display_header":"default","ocean_header_style":"","ocean_center_header_left_menu":"0","ocean_custom_header_template":"0","ocean_custom_logo":0,"ocean_custom_retina_logo":0,"ocean_custom_logo_max_width":0,"ocean_custom_logo_tablet_max_width":0,"ocean_custom_logo_mobile_max_width":0,"ocean_custom_logo_max_height":0,"ocean_custom_logo_tablet_max_height":0,"ocean_custom_logo_mobile_max_height":0,"ocean_header_custom_menu":"0","ocean_menu_typo_font_family":"0","ocean_menu_typo_font_subset":"","ocean_menu_typo_font_size":0,"ocean_menu_typo_font_size_tablet":0,"ocean_menu_typo_font_size_mobile":0,"ocean_menu_typo_font_size_unit":"px","ocean_menu_typo_font_weight":"","ocean_menu_typo_font_weight_tablet":"","ocean_menu_typo_font_weight_mobile":"","ocean_menu_typo_transform":"","ocean_menu_typo_transform_tablet":"","ocean_menu_typo_transform_mobile":"","ocean_menu_typo_line_height":0,"ocean_menu_typo_line_height_tablet":0,"ocean_menu_typo_line_height_mobile":0,"ocean_menu_typo_line_height_unit":"","ocean_menu_typo_spacing":0,"ocean_menu_typo_spacing_tablet":0,"ocean_menu_typo_spacing_mobile":0,"ocean_menu_typo_spacing_unit":"","ocean_menu_link_color":"","ocean_menu_link_color_hover":"","ocean_menu_link_color_active":"","ocean_menu_link_background":"","ocean_menu_link_hover_background":"","ocean_menu_link_active_background":"","ocean_menu_social_links_bg":"","ocean_menu_social_hover_links_bg":"","ocean_menu_social_links_color":"","ocean_menu_social_hover_links_color":"","ocean_disable_title":"default","ocean_disable_heading":"default","ocean_post_title":"","ocean_post_subheading":"","ocean_post_title_style":"","ocean_post_title_background_color":"","ocean_post_title_background":0,"ocean_post_title_bg_image_position":"","ocean_post_title_bg_image_attachment":"","ocean_post_title_bg_image_repeat":"","ocean_post_title_bg_image_size":"","ocean_post_title_height":0,"ocean_post_title_bg_overlay":0.5,"ocean_post_title_bg_overlay_color":"","ocean_disable_breadcrumbs":"default","ocean_breadcrumbs_color":"","ocean_breadcrumbs_separator_color":"","ocean_breadcrumbs_links_color":"","ocean_breadcrumbs_links_hover_color":"","ocean_display_footer_widgets":"default","ocean_display_footer_bottom":"default","ocean_custom_footer_template":"0","ocean_post_oembed":"","ocean_post_self_hosted_media":"","ocean_post_video_embed":"","ocean_link_format":"","ocean_link_format_target":"self","ocean_quote_format":"","ocean_quote_format_link":"post","ocean_gallery_link_images":"off","ocean_gallery_id":[],"footnotes":""},"categories":[16],"tags":[],"class_list":["post-1622","post","type-post","status-publish","format-standard","has-post-thumbnail","hentry","category-vijesti","entry","has-media"],"views":1929,"_links":{"self":[{"href":"https:\/\/zupasvnikolakc.hr\/index.php?rest_route=\/wp\/v2\/posts\/1622","targetHints":{"allow":["GET"]}}],"collection":[{"href":"https:\/\/zupasvnikolakc.hr\/index.php?rest_route=\/wp\/v2\/posts"}],"about":[{"href":"https:\/\/zupasvnikolakc.hr\/index.php?rest_route=\/wp\/v2\/types\/post"}],"author":[{"embeddable":true,"href":"https:\/\/zupasvnikolakc.hr\/index.php?rest_route=\/wp\/v2\/users\/1"}],"replies":[{"embeddable":true,"href":"https:\/\/zupasvnikolakc.hr\/index.php?rest_route=%2Fwp%2Fv2%2Fcomments&post=1622"}],"version-history":[{"count":3,"href":"https:\/\/zupasvnikolakc.hr\/index.php?rest_route=\/wp\/v2\/posts\/1622\/revisions"}],"predecessor-version":[{"id":1625,"href":"https:\/\/zupasvnikolakc.hr\/index.php?rest_route=\/wp\/v2\/posts\/1622\/revisions\/1625"}],"wp:featuredmedia":[{"embeddable":true,"href":"https:\/\/zupasvnikolakc.hr\/index.php?rest_route=\/wp\/v2\/media\/1566"}],"wp:attachment":[{"href":"https:\/\/zupasvnikolakc.hr\/index.php?rest_route=%2Fwp%2Fv2%2Fmedia&parent=1622"}],"wp:term":[{"taxonomy":"category","embeddable":true,"href":"https:\/\/zupasvnikolakc.hr\/index.php?rest_route=%2Fwp%2Fv2%2Fcategories&post=1622"},{"taxonomy":"post_tag","embeddable":true,"href":"https:\/\/zupasvnikolakc.hr\/index.php?rest_route=%2Fwp%2Fv2%2Ftags&post=1622"}],"curies":[{"name":"wp","href":"https:\/\/api.w.org\/{rel}","templated":true}]}}