{"id":1925,"date":"2021-01-02T23:06:44","date_gmt":"2021-01-02T22:06:44","guid":{"rendered":"https:\/\/zupasvnikolakc.hr\/?p=1925"},"modified":"2021-01-02T23:10:42","modified_gmt":"2021-01-02T22:10:42","slug":"2-nedjelja-po-bozicu","status":"publish","type":"post","link":"https:\/\/zupasvnikolakc.hr\/?p=1925","title":{"rendered":"2. nedjelja po Bo\u017ei\u0107u"},"content":{"rendered":"\t\t<div data-elementor-type=\"wp-post\" data-elementor-id=\"1925\" class=\"elementor elementor-1925\" data-elementor-post-type=\"post\">\n\t\t\t\t\t\t<section class=\"elementor-section elementor-top-section elementor-element elementor-element-387717b elementor-section-boxed elementor-section-height-default elementor-section-height-default\" data-id=\"387717b\" data-element_type=\"section\" data-e-type=\"section\">\n\t\t\t\t\t\t<div class=\"elementor-container elementor-column-gap-default\">\n\t\t\t\t\t<div class=\"elementor-column elementor-col-100 elementor-top-column elementor-element elementor-element-8c56d41\" data-id=\"8c56d41\" data-element_type=\"column\" data-e-type=\"column\">\n\t\t\t<div class=\"elementor-widget-wrap elementor-element-populated\">\n\t\t\t\t\t\t<div class=\"elementor-element elementor-element-0584eb6 elementor-widget elementor-widget-text-editor\" data-id=\"0584eb6\" data-element_type=\"widget\" data-e-type=\"widget\" data-widget_type=\"text-editor.default\">\n\t\t\t\t<div class=\"elementor-widget-container\">\n\t\t\t\t\t\t\t\t\t<p><span style=\"color: #000000;\">Dragi vjernici, dana\u0161nja nedjelja donosi nam ponovno evan\u0111elje koje smo ve\u0107 ovih bo\u017ei\u0107nih dana vi\u0161e puta slu\u0161ali, pa i na sam Bo\u017ei\u0107. Time nam Crkva \u017eeli skrenuti pozornost na va\u017enost ovog Ivanovog proslova i potaknuti nas na promi\u0161ljanje da se zapitamo tko je za nas Isus Krist. Tko je Isus Krist za evan\u0111elista Ivana, otkriva nam proslov njegova evan\u0111elja. Dok svi drugi vide djete\u0161ce u jaslicama, Ivan u tom istom nemo\u0107nom stvorenju promatra samoga Boga i stvoritelja svega. Za to je uistinu potrebna velika vjera i to osobna, a ne ona koja se povodi za svima ostalima. Za Ivana je Isus Rije\u010d, tj. smisao, vje\u010dna O\u010deva mudrost. Isus je zakon po kojem je sve nastalo i bez kojega nije postalo ni\u0161ta. Ho\u0107e re\u0107i da izvan Isusa ne postoji ni\u0161ta, nema \u017eivota izvan Isusa. A s druge strane u njemu je \u017eivot i sve \u0161to postoji u njemu ima \u017eivot. To konkretno zna\u010di da nema te ljudske situacije, makar ona bila i pandemija ili potres ili smrt voljene osobe ili pak bilo koja \u017eivotna pote\u0161ko\u0107a, a da s Isusom to ne mo\u017eemo prevladati i pobijediti, samo nam je potrebna istinska vjera u njega. Ne ka\u017ee uzalud apostol Pavao da Bog u svemu na dobro sura\u0111uje s onima koji ga ljube. Ho\u0107e re\u0107i da dragi Bog pozna na\u0161 \u017eivot i da \u017eeli u Isusu biti na\u0161 \u017eivotni suputnik i na\u0161 \u0160imun Cirenac u na\u0161im \u017eivotnim kri\u017eevima i pote\u0161ko\u0107ama. Nije li uostalom to upravo pokazao i na primjeru vlastitoga Sina: ono \u0161to je u ljudskim o\u010dima izgledalo ludost \u2013 Isusova patnja, kri\u017e i smrt \u2013 nije li ju pretvorio u veli\u010danstvenu pobjedu na koncu? To je Ivanov Isus, pravi Bog i Spasitelj, kojega ni\u0161ta ne mo\u017ee iznenaditi i koji mo\u017ee sve savladati \u2013 radi na\u0161eg dobra. Tu Rije\u010d i on svojim evan\u0111eljem \u017eeli dalje razglasiti. Da se ljudi vi\u0161e nemaju \u010dega bojati, nego da vjeruju Bogu i da vjeruju\u0107i imaju \u017eivot bez straha u njemu. Upravo takav Bog nastanio se me\u0111u nama, rodio se poradi nas ljudi i na\u0161ega otkupljenja i spasenja.<\/span><\/p><p>\u00a0<\/p><p><span style=\"color: #ff0000;\"><strong>\u017dUPNE OBAVIJESTI<\/strong><\/span><\/p><p><span style=\"color: #000000;\"><strong>S obzirom da ove godine zbog pandemije korona virusa <u>nema blagoslova obitelji<\/u>, pozivam vas da si u crkvi na stoli\u0107u uzmete kalendar i naljepnicu za blagoslov obitelji.<\/strong><\/span><\/p><p><span style=\"color: #000000;\"><strong>\u00a0<\/strong><\/span><span style=\"color: #000000;\"><strong>Na blagdan Bogojavljanja ili Triju Kraljeva \u0107emo na misi u 9 h blagosloviti vodu. Ponesimo svoje fla\u0161ice za svetu vodu. Vodu ne grabimo nego isklju\u010divo to\u010dimo iz plasti\u010dne ba\u010dve na pipu, poradi epidemiolo\u0161kih mjera za\u0161tite od prijenosa virusa. <\/strong><\/span><\/p><p><span style=\"color: #000000;\">Dragi vjernici s obzirom na nove mjere na\u0161eg nacionalnog sto\u017eera na\u00a0Svetim\u00a0misama smije biti prisutno najvi\u0161e 25 ljudi. Molim vas da se toga strogo pridr\u017eavamo kako bi se ova zaraza \u0161to prije smirila.<\/span><\/p><p><span style=\"color: #000000;\">Kako bismo omogu\u0107ili \u0161to ve\u0107em broju vjernika prisustvovati na Svetoj misi uveli smo jo\u0161 jednu dodatnu\u00a0misu koja \u0107e biti\u00a0<strong>subotom nave\u010der u 18 h i bit \u0107e zamjena za\u00a0<\/strong>nedjeljnu.<\/span><\/p><p><span style=\"color: #000000;\">U vjeri i nadi da \u0107e\u00a0nas\u00a0dobri Bog sve sa\u010duvati \u017eive i zdrave, \u010duvajmo sebe i svoje bli\u017enje po\u0161tuju\u0107i mjere koje su donesene radi nas i o\u010duvanja na\u0161ega zdravlja.<\/span><\/p><p><span style=\"color: #000000;\">Bo\u017eji blagoslov svima<\/span><\/p>\t\t\t\t\t\t\t\t<\/div>\n\t\t\t\t<\/div>\n\t\t\t\t\t<\/div>\n\t\t<\/div>\n\t\t\t\t\t<\/div>\n\t\t<\/section>\n\t\t\t\t<\/div>\n\t\t","protected":false},"excerpt":{"rendered":"<p>Dragi vjernici, dana\u0161nja nedjelja donosi nam ponovno evan\u0111elje koje smo ve\u0107 ovih bo\u017ei\u0107nih dana vi\u0161e puta slu\u0161ali, pa i na sam Bo\u017ei\u0107. Time nam Crkva \u017eeli skrenuti pozornost na va\u017enost ovog Ivanovog proslova i potaknuti nas na promi\u0161ljanje da se zapitamo tko je za nas Isus Krist. Tko je Isus Krist za evan\u0111elista Ivana, otkriva [&hellip;]<\/p>\n","protected":false},"author":1,"featured_media":1926,"comment_status":"closed","ping_status":"closed","sticky":false,"template":"","format":"standard","meta":{"ocean_post_layout":"","ocean_both_sidebars_style":"","ocean_both_sidebars_content_width":0,"ocean_both_sidebars_sidebars_width":0,"ocean_sidebar":"0","ocean_second_sidebar":"0","ocean_disable_margins":"enable","ocean_add_body_class":"","ocean_shortcode_before_top_bar":"","ocean_shortcode_after_top_bar":"","ocean_shortcode_before_header":"","ocean_shortcode_after_header":"","ocean_has_shortcode":"","ocean_shortcode_after_title":"","ocean_shortcode_before_footer_widgets":"","ocean_shortcode_after_footer_widgets":"","ocean_shortcode_before_footer_bottom":"","ocean_shortcode_after_footer_bottom":"","ocean_display_top_bar":"default","ocean_display_header":"default","ocean_header_style":"","ocean_center_header_left_menu":"0","ocean_custom_header_template":"0","ocean_custom_logo":0,"ocean_custom_retina_logo":0,"ocean_custom_logo_max_width":0,"ocean_custom_logo_tablet_max_width":0,"ocean_custom_logo_mobile_max_width":0,"ocean_custom_logo_max_height":0,"ocean_custom_logo_tablet_max_height":0,"ocean_custom_logo_mobile_max_height":0,"ocean_header_custom_menu":"0","ocean_menu_typo_font_family":"0","ocean_menu_typo_font_subset":"","ocean_menu_typo_font_size":0,"ocean_menu_typo_font_size_tablet":0,"ocean_menu_typo_font_size_mobile":0,"ocean_menu_typo_font_size_unit":"px","ocean_menu_typo_font_weight":"","ocean_menu_typo_font_weight_tablet":"","ocean_menu_typo_font_weight_mobile":"","ocean_menu_typo_transform":"","ocean_menu_typo_transform_tablet":"","ocean_menu_typo_transform_mobile":"","ocean_menu_typo_line_height":0,"ocean_menu_typo_line_height_tablet":0,"ocean_menu_typo_line_height_mobile":0,"ocean_menu_typo_line_height_unit":"","ocean_menu_typo_spacing":0,"ocean_menu_typo_spacing_tablet":0,"ocean_menu_typo_spacing_mobile":0,"ocean_menu_typo_spacing_unit":"","ocean_menu_link_color":"","ocean_menu_link_color_hover":"","ocean_menu_link_color_active":"","ocean_menu_link_background":"","ocean_menu_link_hover_background":"","ocean_menu_link_active_background":"","ocean_menu_social_links_bg":"","ocean_menu_social_hover_links_bg":"","ocean_menu_social_links_color":"","ocean_menu_social_hover_links_color":"","ocean_disable_title":"default","ocean_disable_heading":"default","ocean_post_title":"","ocean_post_subheading":"","ocean_post_title_style":"","ocean_post_title_background_color":"","ocean_post_title_background":0,"ocean_post_title_bg_image_position":"","ocean_post_title_bg_image_attachment":"","ocean_post_title_bg_image_repeat":"","ocean_post_title_bg_image_size":"","ocean_post_title_height":0,"ocean_post_title_bg_overlay":0.5,"ocean_post_title_bg_overlay_color":"","ocean_disable_breadcrumbs":"default","ocean_breadcrumbs_color":"","ocean_breadcrumbs_separator_color":"","ocean_breadcrumbs_links_color":"","ocean_breadcrumbs_links_hover_color":"","ocean_display_footer_widgets":"default","ocean_display_footer_bottom":"default","ocean_custom_footer_template":"0","ocean_post_oembed":"","ocean_post_self_hosted_media":"","ocean_post_video_embed":"","ocean_link_format":"","ocean_link_format_target":"self","ocean_quote_format":"","ocean_quote_format_link":"post","ocean_gallery_link_images":"off","ocean_gallery_id":[],"footnotes":""},"categories":[16],"tags":[],"class_list":["post-1925","post","type-post","status-publish","format-standard","has-post-thumbnail","hentry","category-vijesti","entry","has-media"],"views":1663,"_links":{"self":[{"href":"https:\/\/zupasvnikolakc.hr\/index.php?rest_route=\/wp\/v2\/posts\/1925","targetHints":{"allow":["GET"]}}],"collection":[{"href":"https:\/\/zupasvnikolakc.hr\/index.php?rest_route=\/wp\/v2\/posts"}],"about":[{"href":"https:\/\/zupasvnikolakc.hr\/index.php?rest_route=\/wp\/v2\/types\/post"}],"author":[{"embeddable":true,"href":"https:\/\/zupasvnikolakc.hr\/index.php?rest_route=\/wp\/v2\/users\/1"}],"replies":[{"embeddable":true,"href":"https:\/\/zupasvnikolakc.hr\/index.php?rest_route=%2Fwp%2Fv2%2Fcomments&post=1925"}],"version-history":[{"count":4,"href":"https:\/\/zupasvnikolakc.hr\/index.php?rest_route=\/wp\/v2\/posts\/1925\/revisions"}],"predecessor-version":[{"id":1930,"href":"https:\/\/zupasvnikolakc.hr\/index.php?rest_route=\/wp\/v2\/posts\/1925\/revisions\/1930"}],"wp:featuredmedia":[{"embeddable":true,"href":"https:\/\/zupasvnikolakc.hr\/index.php?rest_route=\/wp\/v2\/media\/1926"}],"wp:attachment":[{"href":"https:\/\/zupasvnikolakc.hr\/index.php?rest_route=%2Fwp%2Fv2%2Fmedia&parent=1925"}],"wp:term":[{"taxonomy":"category","embeddable":true,"href":"https:\/\/zupasvnikolakc.hr\/index.php?rest_route=%2Fwp%2Fv2%2Fcategories&post=1925"},{"taxonomy":"post_tag","embeddable":true,"href":"https:\/\/zupasvnikolakc.hr\/index.php?rest_route=%2Fwp%2Fv2%2Ftags&post=1925"}],"curies":[{"name":"wp","href":"https:\/\/api.w.org\/{rel}","templated":true}]}}