{"id":1953,"date":"2021-01-09T22:48:47","date_gmt":"2021-01-09T21:48:47","guid":{"rendered":"https:\/\/zupasvnikolakc.hr\/?p=1953"},"modified":"2021-01-09T22:55:30","modified_gmt":"2021-01-09T21:55:30","slug":"nedjelja-krstenja-gospodinova","status":"publish","type":"post","link":"https:\/\/zupasvnikolakc.hr\/?p=1953","title":{"rendered":"Nedjelja Kr\u0161tenja Gospodinova"},"content":{"rendered":"\t\t<div data-elementor-type=\"wp-post\" data-elementor-id=\"1953\" class=\"elementor elementor-1953\" data-elementor-post-type=\"post\">\n\t\t\t\t\t\t<section class=\"elementor-section elementor-top-section elementor-element elementor-element-ff223f9 elementor-section-boxed elementor-section-height-default elementor-section-height-default\" data-id=\"ff223f9\" data-element_type=\"section\" data-e-type=\"section\">\n\t\t\t\t\t\t<div class=\"elementor-container elementor-column-gap-default\">\n\t\t\t\t\t<div class=\"elementor-column elementor-col-100 elementor-top-column elementor-element elementor-element-77a1f84\" data-id=\"77a1f84\" data-element_type=\"column\" data-e-type=\"column\">\n\t\t\t<div class=\"elementor-widget-wrap elementor-element-populated\">\n\t\t\t\t\t\t<div class=\"elementor-element elementor-element-ef82d8c elementor-widget elementor-widget-text-editor\" data-id=\"ef82d8c\" data-element_type=\"widget\" data-e-type=\"widget\" data-widget_type=\"text-editor.default\">\n\t\t\t\t<div class=\"elementor-widget-container\">\n\t\t\t\t\t\t\t\t\t<p><span style=\"color: #000000;\">Svetkovina Kr\u0161tenja Gospodinova je zadnji dan i ujedno zadnja svetkovina u bo\u017ei\u0107nom vremenu. I ova svetkovina s pravom i posebnim razlogom ima svoje mjesto u bo\u017ei\u0107nom vremenu kao kruna svih bo\u017ei\u0107nih blagdana. Od svetkovine Bo\u017ei\u0107a do danas pred na\u0161im o\u010dima je Betlehem. Poruka Bo\u017ei\u0107a: Bog Sin rodio se kao \u010dovjek uzev\u0161i lik i obli\u010dje \u010dovjeka, sluge. S tim nam je potvr\u0111eno dostojanstvo kao Bo\u017ejih stvorenja. Svetkovinom Svete obitelji Isusa, Marije i Josipa, govori se o sredi\u0161tu dru\u0161tva, a to je obitelj. Obitelji nema bez Bo\u017ejeg blagoslova. Potom slijedi svetkovina Bogojavljenja ili Triju kraljeva. Bogojavljenje je blagdan sveop\u0107eg poslanja Crkve. Dolazak mudraca u Jeruzalem znak je okupljanja svih naroda u Kristu u jedan te isti narod, Bo\u017eji narod. A Bo\u017ejega naroda nema bez kr\u0161tenika, pripadnosti Bo\u017ejem narodu nema bez kr\u0161tenja. Blagdanom Kr\u0161tenja Gospodinova spominjemo se va\u017enog trenutka u \u017eivotu Isusa iz Nazareta. Stoga nam i dana\u0161nje evan\u0111elje opisuje trenutak Bo\u017eje objave Isusa sinom Bo\u017ejim: \u201eOvo je\u00a0 Sin moj Ljubljeni! U njemu mi sva milina!\u201c Bo\u017eja poruka ljubavi koja se daje svima na znanje. Isus je pristupio kr\u0161tenju na Jordanu iz ljubavi prema svome Ocu. Kr\u0161tenjem na Jordanu, naime, Isus izlazi iz anonimnosti nazaretskog doma i po\u010dinje ostvarivati ono zbog \u010dega ga je njegov nebeski Otac bio poslao u svijet kao za\u010deti plod u Marijinoj blagoslovljenoj utrobi. S vremenom u kojem je kao pravi \u010dovjek \u201enapredovao u mudrosti, dobi i milosti\u201c, Isus je postao svjestan svoje slobode i mogu\u0107nosti da ka\u017ee ne svome Ocu, ali je radije u poslu\u0161nosti prihvatio put otkupljenja ljudskog roda, koji mu je Otac povjerio. Kr\u0161tenjem dakle zapo\u010dinje Isusovo javno djelovanje i Isus posve svjesno i slobodno prihva\u0107a O\u010devu volju i poslanje. Isusovo kr\u0161tenje tako postaje znak ljubavi prema Ocu. Ljubav se uzvra\u0107a ljubavlju, a kad se to dogodi onda se vi\u0161e ne mo\u017ee i ne treba skrivati. Tada ona postaje svjedo\u010danstvo ne samo uzajamne ljubavi onih osoba koje se vole, nego i svjedo\u010danstvo Bo\u017eje opstojnosti i njegove blizine ljudima. Dana\u0161nji blagdan i nas podsje\u0107a da i mi po svojem kr\u0161tenju imamo zada\u0107u \u017eivjeti i svjedo\u010diti Bo\u017eju ljubav koja je razlivena po tom daru u na\u0161im srcima. Svjesni da smo po Isusu postali djeca Bo\u017eja, otvorimo se istinski toj zada\u0107i koju Bog od nas tra\u017ei.<\/span><\/p>\t\t\t\t\t\t\t\t<\/div>\n\t\t\t\t<\/div>\n\t\t\t\t<div class=\"elementor-element elementor-element-02b2feb elementor-widget elementor-widget-text-editor\" data-id=\"02b2feb\" data-element_type=\"widget\" data-e-type=\"widget\" data-widget_type=\"text-editor.default\">\n\t\t\t\t<div class=\"elementor-widget-container\">\n\t\t\t\t\t\t\t\t\t<p><span style=\"color: #ff0000;\"><strong>\u017dUPNE OBAVIJESTI<\/strong><\/span><\/p><p><span style=\"color: #ff0000;\">KR\u0160TENJE:<\/span><\/p><ul><li><span style=\"color: #000000;\">Matko Kova\u010dek &#8211; subota (16.1.2021.) u 12 h<\/span><\/li><\/ul><p><span style=\"color: #000000;\"><strong>S obzirom da ove godine zbog pandemije korona virusa\u00a0 <u>nema blagoslova obitelji<\/u>, pozivam vas da si u crkvi na stoli\u0107u uzmete kalendar i naljepnicu za blagoslov obitelji.<\/strong><\/span><\/p><p><span style=\"color: #000000;\"><strong>Uo\u010di blagdana Bogojavljanja smo blagoslovili vodu. Voda se nalazi u ba\u010dvici, u crkvi kod pokrajnog oltara Srca Isusova. \u00a0Poradi epidemiolo\u0161kih mjera za\u0161tite od prijenosa virusa, to\u010dimo vodu isklju\u010divo na pipu u svoju vlastitu bo\u010dicu. <\/strong><\/span><\/p><p><span style=\"color: #000000;\">Dragi vjernici s obzirom na nove mjere na\u0161eg nacionalnog sto\u017eera na\u00a0Svetim\u00a0misama smije biti prisutno najvi\u0161e 25 ljudi. Molim vas da se toga strogo pridr\u017eavamo kako bi se ova zaraza \u0161to prije smirila.<\/span><\/p><p><span style=\"color: #000000;\">Kako bismo omogu\u0107ili \u0161to ve\u0107em broju vjernika prisustvovati na Svetoj misi uveli smo jo\u0161 jednu dodatnu\u00a0misu koja \u0107e biti\u00a0<strong>subotom nave\u010der u 18 h i bit \u0107e zamjena za\u00a0<\/strong>nedjeljnu.<\/span><\/p><p><span style=\"color: #000000;\">U vjeri i nadi da \u0107e\u00a0nas\u00a0dobri Bog sve sa\u010duvati \u017eive i zdrave, \u010duvajmo sebe i svoje bli\u017enje po\u0161tuju\u0107i mjere koje su donesene radi nas i o\u010duvanja na\u0161ega zdravlja.<\/span><\/p><p><span style=\"color: #000000;\">Bo\u017eji blagoslov svima<\/span><\/p>\t\t\t\t\t\t\t\t<\/div>\n\t\t\t\t<\/div>\n\t\t\t\t<div class=\"elementor-element elementor-element-cc2e4e2 elementor-widget elementor-widget-text-editor\" data-id=\"cc2e4e2\" data-element_type=\"widget\" data-e-type=\"widget\" data-widget_type=\"text-editor.default\">\n\t\t\t\t<div class=\"elementor-widget-container\">\n\t\t\t\t\t\t\t\t\t<p><strong><span style=\"color: #ff0000;\">DAROVATELJI ZA POTREBE CRKVE U 11 i 12 MJESECU<\/span><\/strong><\/p><p><span style=\"color: #ff0000;\">DAROVATELJI ZA POTREBE CRKVE U 11 MJESECU:<\/span><\/p><ol><li><span style=\"color: #000000;\">Obit. Samar\u017eija, M. P. Mi\u0161kine 62<\/span><\/li><li><span style=\"color: #000000;\">Obit. So\u010dev, M. P. Mi\u0161kine 34 b<\/span><\/li><li><span style=\"color: #000000;\">Obit. Domovi\u0107, Tra\u0161\u010dice 13<\/span><\/li><li><span style=\"color: #000000;\">Obit. Saboli\u0107, A. Star\u010devi\u0107a 47<\/span><\/li><li><span style=\"color: #000000;\">Cecilija \u0160estak, Proljetna 33<\/span><\/li><li><span style=\"color: #000000;\">Obit. Tre\u0161\u010dec, Trg kr. Tomislava 6<\/span><\/li><li><span style=\"color: #000000;\">Obit. Genc, F. Galovi\u0107a 17<\/span><\/li><li><span style=\"color: #000000;\">Jelica Jal\u0161evec, Trg Podr. heroja 3a<\/span><\/li><li><span style=\"color: #000000;\">Dar jedne osobe<\/span><\/li><li><span style=\"color: #000000;\">Nikola Gregur, Br. Radi\u0107 27<\/span><\/li><li><span style=\"color: #000000;\">Dar jedne osobe<\/span><\/li><li><span style=\"color: #000000;\">Obit. Dragani\u0107, Podravska 29<\/span><\/li><li><span style=\"color: #000000;\">Obit. Franjo, G. Banovec 12<\/span><\/li><li><span style=\"color: #000000;\">Slavica \u0160uster Levak i Roberto Levak, \u010carda 60<\/span><\/li><li><span style=\"color: #000000;\">Katarina Kosma\u010d, I. Me\u0161trovi\u0107a 17<\/span><\/li><li><span style=\"color: #000000;\">\u0110uro Stilin, Dom\u017ealska 2<\/span><\/li><li><span style=\"color: #000000;\">Obit. Vuk, F. Ga\u017eija 13<\/span><\/li><li><span style=\"color: #000000;\">Ana Tkalec, I. Me\u0161trovi\u0107a 19<\/span><\/li><li><span style=\"color: #000000;\">Alojzije Gregur, Miklinovec 111<\/span><\/li><li><span style=\"color: #000000;\">Anica Ni\u0161i\u0107, Kri\u017eeva\u010dka 36<\/span><\/li><li><span style=\"color: #000000;\">Obit. Dukari\u0107, Ivanjska 31 a<\/span><\/li><li><span style=\"color: #000000;\">Ljubica Oro\u0161, Krste Hegedu\u0161i\u0107a 5<\/span><\/li><li><span style=\"color: #000000;\">An\u0111elka \u0160imunovi\u0107, Trg kr. Tomislava 10<\/span><\/li><li><span style=\"color: #000000;\">Lidija Mikulec, Trg kr. Kre\u0161imira 7<\/span><\/li><li><span style=\"color: #000000;\">Obit. Kupec-Strme\u010dki, Oru\u017eanska 6<\/span><\/li><li><span style=\"color: #000000;\">Obit. Prv\u010di\u0107, Miklinovec 225<\/span><\/li><li><span style=\"color: #000000;\">Obit. Loinjak, Peteranska 82<\/span><\/li><li><span style=\"color: #000000;\">Obit. Kelek, M. P. Mi\u0161kine 52 a<\/span><\/li><li><span style=\"color: #000000;\">Obit. Sarapa, F. Ga\u017eija 9<\/span><\/li><li><span style=\"color: #000000;\">Dar \u0161tovatelja Gospe \u017dalosne &#8211; Grantule<\/span><\/li><li><span style=\"color: #000000;\">Obit. \u0160kvorc, D. Banovec 43<\/span><\/li><li><span style=\"color: #000000;\">Obit. Posavec, D. Banovec 9<\/span><\/li><li><span style=\"color: #000000;\">Obit. \u017dufika \u2013 Mar\u0111etko, Trg Podrav. heroja 6<\/span><\/li><li><span style=\"color: #000000;\">\u0110ur\u0111ica Tabain, Vije\u0107ni\u010dka 3<\/span><\/li><li><span style=\"color: #000000;\">Obit. Pintari\u0107, Oru\u017eanska 17<\/span><\/li><li><span style=\"color: #000000;\">Obit. Maljak, Gibani\u010dna 18<\/span><\/li><li><span style=\"color: #000000;\">\u0160tefica Pancir, G. Banovec 2 b<\/span><\/li><li><span style=\"color: #000000;\">Svjetlana Perika, Peteranska 70<\/span><\/li><li><span style=\"color: #000000;\">Vi\u0161nja Ore\u010d, Trg kr. Tomislava 9<\/span><\/li><li><span style=\"color: #000000;\">Bo\u017ea Matota, P. V. Pavlovi\u0107a7<\/span><\/li><li><span style=\"color: #000000;\">Obit. \u0160umiga, Peteranska 123<\/span><\/li><li><span style=\"color: #000000;\">Obit. Drvenkar, Ledinska 8<\/span><\/li><li><span style=\"color: #000000;\">Cecilija Lon\u010dar, Tara\u0161\u010dice 17<\/span><\/li><li><span style=\"color: #000000;\">Obit. Tanackovi\u0107, Trg Mladosti 15<\/span><\/li><li><span style=\"color: #000000;\">Obit. Pintarec, Hrv. branitelja 19<\/span><\/li><li><span style=\"color: #000000;\">Marija Vuli\u0107, Oru\u017eanska 21<\/span><\/li><li><span style=\"color: #000000;\">Ivanka \u0160kof, M. P. Mi\u0161kine 75 A<\/span><\/li><li><span style=\"color: #000000;\">Jozo Samar\u017eija, M. P. Mi\u0161kine 62A<\/span><\/li><li><span style=\"color: #000000;\">Obit. Vranar, Ledinska 18 A<\/span><\/li><li><span style=\"color: #000000;\">Snje\u017eana i Ivan Gregur, Miklinovec 216<\/span><\/li><li><span style=\"color: #000000;\">Obit. \u0160imunija, Be\u010d 2<\/span><\/li><li><span style=\"color: #000000;\">Obit. Ga\u0161pari\u0107, Peteranska 97<\/span><\/li><li><span style=\"color: #000000;\">Obit. Sinkovi\u0107, Trg kr. Tomislava 5<\/span><\/li><li><span style=\"color: #000000;\">Zdenka Komes, M. P. Mi\u0161kine 24<\/span><\/li><li><span style=\"color: #000000;\">Obit. Kelek,\u00a0 M. P. Mi\u0161kine 52 A<\/span><\/li><li><span style=\"color: #000000;\">Katica Vrbo\u0161i\u0107, I. Me\u0161trovi\u0107a 28<\/span><\/li><\/ol><p>\u00a0<\/p><p><span style=\"color: #ff0000;\">DAROVATELJI ZA \u00a0POTREBE CRKVE U 12 MJESECU I DAROVATELJI ZA BLAGOSLOV OBITELJI:<\/span><span style=\"color: #000000;\"><span style=\"color: #ff0000;\">\u00a0 \u00a0<\/span> \u00a0<\/span><\/p><ol><li><span style=\"color: #000000;\">Marina Ostovi\u0107, Trg kr. Tomislava 3<\/span><\/li><li><span style=\"color: #000000;\">Ru\u017ea \u010culinovi\u0107, Trg kr. Tomislava 8<\/span><\/li><li><span style=\"color: #000000;\">Miroslav \u0160vabek, M. P. Mi\u0161kine 31<\/span><\/li><li><span style=\"color: #000000;\">Obit. \u0160ipu\u0161, Peteranska 111<\/span><\/li><li><span style=\"color: #000000;\">Marija Sajko, Peteranska 113<\/span><\/li><li><span style=\"color: #000000;\">Obit. Turi, Peteranska 18<\/span><\/li><li><span style=\"color: #000000;\">Obit. Petrovi\u0107, Prav. me\u0111. narodima 19 c<\/span><\/li><li><span style=\"color: #000000;\">Obit. Picek, Prelo\u017ena 24<\/span><\/li><li><span style=\"color: #000000;\">Obit. Lohajner, Pavelinska 26<\/span><\/li><li><span style=\"color: #000000;\">Obit. Milanovi\u0107, Ivanjska 21<\/span><\/li><li><span style=\"color: #000000;\">Obit. Femec, F. Galovi\u0107a 16 A<\/span><\/li><li><span style=\"color: #000000;\">Obit. Alagi\u0107, Peteranska 10<\/span><\/li><li><span style=\"color: #000000;\">Obit. Pa\u0161a, Kr. Jelene 11<\/span><\/li><li><span style=\"color: #000000;\">Obit. Stubi\u010dar, I. Me\u0161trovi\u0107a 17<\/span><\/li><li><span style=\"color: #000000;\">Obit. Sa\u010der, Hrv. dr\u017eavnosti 25<\/span><\/li><li><span style=\"color: #000000;\">Dragica Bardek, A. \u0160enoe 1A<\/span><\/li><li><span style=\"color: #000000;\">Velimir \u010cori\u0107, M. Gubca 24, Peteranec<\/span><\/li><li><span style=\"color: #000000;\">Obit. Kukec, M. P. Mi\u0161kine 15<\/span><\/li><li><span style=\"color: #000000;\">Obit. Kuzmi\u0107, Vije\u0107ni\u010dka 19 A<\/span><\/li><li><span style=\"color: #000000;\">\u0110ur\u0111ica Dolenec, M. Virusa 19<\/span><\/li><li><span style=\"color: #000000;\">\u00a0Obit. Jeli\u0107, K. Zrinski 13<\/span><\/li><li><span style=\"color: #000000;\">Obit. Porkolab, M. Krle\u017ee 38<\/span><\/li><li><span style=\"color: #000000;\">Branka Bukvi\u0107, Peteranska 117<\/span><\/li><li><span style=\"color: #000000;\">Nada Gor\u0161eta, G. Karlov\u010dana 14<\/span><\/li><li><span style=\"color: #000000;\">Ru\u017ea Nesti\u0107, J. J. Strosmayera 2<\/span><\/li><li><span style=\"color: #000000;\">Obit. Bedekovi\u0107, Trg kr. Tomislava 2<\/span><\/li><li><span style=\"color: #000000;\">Zdravka Ambro\u0161i\u0107, M. P. Mi\u0161kine 62<\/span><\/li><li><span style=\"color: #000000;\">Obit. Posavec, Kolodvorska 18<\/span><\/li><li><span style=\"color: #000000;\">Bla\u017eenka Androli\u0107, \u0110. Basari\u010deka 47<\/span><\/li><li><span style=\"color: #000000;\">Obit. Relja-Podhra\u0161ki, Trg J.b.Jela\u010di\u0107a 3<\/span><\/li><li><span style=\"color: #000000;\">Obit. Kolari\u0107-Ostovi\u0107, Duga ulica 10<\/span><\/li><li><span style=\"color: #000000;\">Zdravko Pu\u017e, D. Banovec 24<\/span><\/li><li><span style=\"color: #000000;\">Sanda Banovi\u0107, Trg Podrav. heroja 2<\/span><\/li><li><span style=\"color: #000000;\">Martina \u010cikovi\u0107, I. Me\u0161trovi\u0107a 8A<\/span><\/li><li><span style=\"color: #000000;\">Obit. Hajdukovi\u0107, Gibani\u010dna 16<\/span><\/li><li><span style=\"color: #000000;\">Obit. Imbri\u0161ak, Hrv. dr\u017eavnosti 20<\/span><\/li><li><span style=\"color: #000000;\">Kre\u0161imir i Josipa Gal, Dalmatinska 4<\/span><\/li><li><span style=\"color: #000000;\">\u0110ur\u0111ica Anu\u0161i\u0107, I. Me\u0161trovi\u0107a 17<\/span><\/li><li><span style=\"color: #000000;\">Goran Vukoni\u0107, I. Me\u0161trovi\u0107a 18 B<\/span><\/li><li><span style=\"color: #000000;\">Sa\u0161a Vukoni\u0107, I. Me\u0161trovi\u0107a 18 B<\/span><\/li><li><span style=\"color: #000000;\">Jadranka Tudi\u0107, Trg Slobode 1 A<\/span><\/li><li><span style=\"color: #000000;\">Obit. Canjuga, Miklinovec 106<\/span><\/li><li><span style=\"color: #000000;\">Marija Hajdukovi\u0107, Gibani\u010dna 16<\/span><\/li><li><span style=\"color: #000000;\">Marica Ogrinec, Frankopanska 23 B<\/span><\/li><li><span style=\"color: #000000;\">Josip Feren\u010dak, Duga ulica 7<\/span><\/li><li><span style=\"color: #000000;\">Nevenka \u010cikovi\u0107, \u010carda 40<\/span><\/li><li><span style=\"color: #000000;\">Obit. \u0110akovi\u0107, Duga ulica 8<\/span><\/li><li><span style=\"color: #000000;\">Obit. \u0160alamon, F. Ga\u017eija 12 A<\/span><\/li><li><span style=\"color: #000000;\">Obit. Lon\u010dar \u2013 Kne\u017eevi\u0107, Trg kr. Tomislava 7<\/span><\/li><li><span style=\"color: #000000;\">Obit. Crnkovi\u0107, Trg kr. Tomislava 3<\/span><\/li><li><span style=\"color: #000000;\">Bernarda Lon\u010dar, Hrv. branitelja 20<\/span><\/li><li><span style=\"color: #000000;\">Ru\u017eica \u0110uri\u0161evi\u0107, M. Gubca 28, Here\u0161in<\/span><\/li><li><span style=\"color: #000000;\">Ljiljana Juki\u0107, Vije\u0107ni\u010dka 1<\/span><\/li><li><span style=\"color: #000000;\">Obit. Strmecki, Trg Podrav. heroja 5<\/span><\/li><li><span style=\"color: #000000;\">Obit. Malinovi\u0107, Vini\u010dka 11<\/span><\/li><li><span style=\"color: #000000;\">Obit. Or\u0161ani\u0107, Florijanski trg 12<\/span><\/li><li><span style=\"color: #000000;\">Obit. Vrtiprah, Tara\u0161\u010dice 13<\/span><\/li><li><span style=\"color: #000000;\">Obit. Pavlek, D. Banovec 12<\/span><\/li><li><span style=\"color: #000000;\">Obit. Novak, M. P. Mi\u0161kine 64<\/span><\/li><li><span style=\"color: #000000;\">Katica Vrbo\u0161i\u0107, I. Me\u0161trovi\u0107a 28<\/span><\/li><li><span style=\"color: #000000;\">Jadranka Paji\u0107, Peteranska 19 A<\/span><\/li><li><span style=\"color: #000000;\">Marija Kova\u010d, Marofska 6<\/span><\/li><li><span style=\"color: #000000;\">Obit. Emer\u0161i\u0107,\u00a0 Gibani\u010dna 34<\/span><\/li><li><span style=\"color: #000000;\">Marica Ogrinec, Frankopanska 23 B<\/span><\/li><li><span style=\"color: #000000;\">Dragica Pa\u0161ica, Trg Podrav. heroja 4<\/span><\/li><li><span style=\"color: #000000;\">Obit. Vaupoti\u0107, Trg kr. Tomislava 8<\/span><\/li><li><span style=\"color: #000000;\">Obit. \u0160ef, D. Banovec 19<\/span><\/li><li><span style=\"color: #000000;\">Obit. Balog, Podravska 35<\/span><\/li><li><span style=\"color: #000000;\">Obit. Vuger, Prav.me\u0111. narodima 7<\/span><\/li><li><span style=\"color: #000000;\">Obit. Vargantoli\u0107,\u00a0 \u0110. Basari\u010deka 23A<\/span><\/li><li><span style=\"color: #000000;\">Obit. Kolari\u0107, \u0110. Basari\u010deka 23 A<\/span><\/li><li><span style=\"color: #000000;\">Lidija Vugrin\u010di\u0107, Trg kr. Tomislava 5<\/span><\/li><li><span style=\"color: #000000;\">Obit. Rudni\u010dki, Dalmatinska 3<\/span><\/li><li><span style=\"color: #000000;\">Obit. Raji\u0107, Dalmatinska 11<\/span><\/li><li><span style=\"color: #000000;\">Obit. Radakovi\u0107, V. Nazora 12<\/span><\/li><li><span style=\"color: #000000;\">Obit. Filipovi\u0107, Br. Radi\u0107 8<\/span><\/li><li><span style=\"color: #000000;\">Zlatko Mesari\u0107, Trg Podrav. heroja 6<\/span><\/li><li><span style=\"color: #000000;\">Obit. Kolari\u0107, I. Me\u0161trovi\u0107a 12<\/span><\/li><li><span style=\"color: #000000;\">Obit. Kova\u010di\u0107, V. Nazora 10<\/span><\/li><li><span style=\"color: #000000;\">Obit. Sedlani\u0107, \u0110. Basari\u010deka 23<\/span><\/li><li><span style=\"color: #000000;\">Obit. Tremski, \u0110. Basari\u010deka 21<\/span><\/li><li><span style=\"color: #000000;\">Obit. Fege\u0161, Br. Radi\u0107 47<\/span><\/li><li><span style=\"color: #000000;\">Obit. Sever, F. Galovi\u0107a 43<\/span><\/li><li><span style=\"color: #000000;\">Obit. Matijevi\u0107, \u010carda 47<\/span><\/li><li><span style=\"color: #000000;\">\u0160tefanija Novak, F. Galovi\u0107a 8<\/span><\/li><li><span style=\"color: #000000;\">Obit. Medvedac, M. Viriusa 52<\/span><\/li><li><span style=\"color: #000000;\">Obit. Novak, Br. Radi\u0107 19<\/span><\/li><li><span style=\"color: #000000;\">Obit. Petri\u010dec, Dubovec 6<\/span><\/li><li><span style=\"color: #000000;\">Obit. Fabijanec-Petri\u010dec, Kri\u017eeva\u010dka 31 B<\/span><\/li><li><span style=\"color: #000000;\">Obit. \u0160pi\u010dko, \u0110. Estera 9<\/span><\/li><li><span style=\"color: #000000;\">Obit. Grube\u0161i\u0107, Prav. me\u0111. Narodima 7<\/span><\/li><li><span style=\"color: #000000;\">Obit. Pobi, F. Galovi\u0107a 3<\/span><\/li><li><span style=\"color: #000000;\">Obit. Me\u0111imorec, Lj. Gaja 19<\/span><\/li><li><span style=\"color: #000000;\">Obit. Jurenec, Peteranska c 52<\/span><\/li><li><span style=\"color: #000000;\">Milica i Stjepan Smok, I. Me\u0161trovi\u0107a 10<\/span><\/li><li><span style=\"color: #000000;\">Obit. Metelko, Hrv. branitelja 9<\/span><\/li><li><span style=\"color: #000000;\">Obit. Galinec, I. Me\u0161trovi\u0107a 20 A<\/span><\/li><li><span style=\"color: #000000;\">Obit. Femec, F. Galovi\u0107a 16 A<\/span><\/li><li><span style=\"color: #000000;\">Obit. \u010cikovi\u0107-Vugrinec, Kri\u017eeva\u010dka 31 A<\/span><\/li><\/ol><ol start=\"100\"><li><span style=\"color: #000000;\">Ana i Karolina \u0160pani\u010dek, A. \u0160enoe 30<\/span><\/li><li><span style=\"color: #000000;\">Katarina Ostri\u017e, Hrv. branitelja 33<\/span><\/li><li><span style=\"color: #000000;\">Jelica Horvat, P. V. Pavlovi\u0107a 2<\/span><\/li><li><span style=\"color: #000000;\">\u0160labek, A. \u0160enoe 27<\/span><\/li><li><span style=\"color: #000000;\">Obitelj Hren, Ledinska 6 D<\/span><\/li><li><span style=\"color: #000000;\">Markovi\u0107, Duga ulica 32<\/span><\/li><li><span style=\"color: #000000;\">Pu\u017e, D. Banovec 24<\/span><\/li><li><span style=\"color: #000000;\">Begi\u0107, N. Tesle 8<\/span><\/li><li><span style=\"color: #000000;\">Lidija Mikulec, Trg kr. Kre\u0161imira 7<\/span><\/li><li><span style=\"color: #000000;\">Stevi\u0107, Peteranska 104<\/span><\/li><li><span style=\"color: #000000;\">Vjekoslav Feren\u010dak, Duga ulica 7<\/span><\/li><li><span style=\"color: #000000;\">Dar jedne obitelji<\/span><\/li><li><span style=\"color: #000000;\">Marija i Zdravko Skelin, Trg Podrav. heroja 6<\/span><\/li><li><span style=\"color: #000000;\">Barbara Genc, Marofska 6 A<\/span><\/li><li><span style=\"color: #000000;\">Cremer, Miklinovec 88<\/span><\/li><li><span style=\"color: #000000;\">Danijel Zelenko, Gori\u010dko 16 A<\/span><\/li><li><span style=\"color: #000000;\">Kos, Pavelinska 4 C<\/span><\/li><li><span style=\"color: #000000;\">Bojan Ko\u0161\u010duk, Podravska 4<\/span><\/li><li><span style=\"color: #000000;\">Ana Ko\u0161\u010duk, Podravska 4<\/span><\/li><li><span style=\"color: #000000;\">Anica Velaj, Trg E. Kumi\u010di\u0107a 12<\/span><\/li><li><span style=\"color: #000000;\">Pero\u0161i\u0107, Trg kr. Tomislava 6<\/span><\/li><li><span style=\"color: #000000;\">Lon\u010darek, Trg kr. Tomislava 1<\/span><\/li><li><span style=\"color: #000000;\">Cvrtila, M. P. Mi\u0161kine 73<\/span><\/li><li><span style=\"color: #000000;\">Grmek, Trg Zlate Bartl 14A<\/span><\/li><li><span style=\"color: #000000;\">Sokoli\u0107, Hrv. dr\u017eavnosti 11A<\/span><\/li><li><span style=\"color: #000000;\">Ljubica Vrban, M. P. Mi\u0161kine 46 A<\/span><\/li><li><span style=\"color: #000000;\">Slaveti\u0107, V. Nazora 6<\/span><\/li><li><span style=\"color: #000000;\">\u0160itum, Krste Hegedu\u0161i\u0107a 11<\/span><\/li><li><span style=\"color: #000000;\">Zale\u0161ak-Koprek, N. Tesle 20<\/span><\/li><li><span style=\"color: #000000;\">Mitre\u010di\u0107, Hrv. dr\u017eavnosti 11A<\/span><\/li><li><span style=\"color: #000000;\">Filip\u010di\u0107, Trg Podrav. heroja 4<\/span><\/li><li><span style=\"color: #000000;\">Ku\u010dan, M. Krle\u017ee 39<\/span><\/li><li><span style=\"color: #000000;\">\u0160iroki, Trg Slobode 1<\/span><\/li><li><span style=\"color: #000000;\">Franjo i Ana Radotovi\u0107, Oru\u017eanska 3<\/span><\/li><li><span style=\"color: #000000;\">Mario i Natalija Radotovi\u0107, Oru\u017eanska 12<\/span><\/li><li><span style=\"color: #000000;\">Stjepan Kranj\u010devi\u0107, Oru\u017eanska 11<\/span><\/li><li><span style=\"color: #000000;\">\u0110uro Glavica, Kolodvorska 7<\/span><\/li><li><span style=\"color: #000000;\">Sa\u010der, Hrv. dr\u017eavnosti 25<\/span><\/li><li><span style=\"color: #000000;\">Musa, Prav. me\u0111. narodima 9<\/span><\/li><li><span style=\"color: #000000;\">Bla\u017eekovi\u0107, Svilarska 16<\/span><\/li><li><span style=\"color: #000000;\">Barnarda Porkolab, Peteranska 32<\/span><\/li><li><span style=\"color: #000000;\">Ivandi\u0107, A. Star\u010devi\u0107a 24 A<\/span><\/li><li><span style=\"color: #000000;\">Kova\u010d, Trg Podrav. heroja 4<\/span><\/li><li><span style=\"color: #000000;\">Picig, M. Virusa 15<\/span><\/li><li><span style=\"color: #000000;\">Kani\u017eanec, A. \u0160enoe 25<\/span><\/li><\/ol>\t\t\t\t\t\t\t\t<\/div>\n\t\t\t\t<\/div>\n\t\t\t\t\t<\/div>\n\t\t<\/div>\n\t\t\t\t\t<\/div>\n\t\t<\/section>\n\t\t\t\t<\/div>\n\t\t","protected":false},"excerpt":{"rendered":"<p>Svetkovina Kr\u0161tenja Gospodinova je zadnji dan i ujedno zadnja svetkovina u bo\u017ei\u0107nom vremenu. I ova svetkovina s pravom i posebnim razlogom ima svoje mjesto u bo\u017ei\u0107nom vremenu kao kruna svih bo\u017ei\u0107nih blagdana. Od svetkovine Bo\u017ei\u0107a do danas pred na\u0161im o\u010dima je Betlehem. Poruka Bo\u017ei\u0107a: Bog Sin rodio se kao \u010dovjek uzev\u0161i lik i obli\u010dje \u010dovjeka, [&hellip;]<\/p>\n","protected":false},"author":1,"featured_media":1954,"comment_status":"closed","ping_status":"closed","sticky":false,"template":"","format":"standard","meta":{"ocean_post_layout":"","ocean_both_sidebars_style":"","ocean_both_sidebars_content_width":0,"ocean_both_sidebars_sidebars_width":0,"ocean_sidebar":"0","ocean_second_sidebar":"0","ocean_disable_margins":"enable","ocean_add_body_class":"","ocean_shortcode_before_top_bar":"","ocean_shortcode_after_top_bar":"","ocean_shortcode_before_header":"","ocean_shortcode_after_header":"","ocean_has_shortcode":"","ocean_shortcode_after_title":"","ocean_shortcode_before_footer_widgets":"","ocean_shortcode_after_footer_widgets":"","ocean_shortcode_before_footer_bottom":"","ocean_shortcode_after_footer_bottom":"","ocean_display_top_bar":"default","ocean_display_header":"default","ocean_header_style":"","ocean_center_header_left_menu":"0","ocean_custom_header_template":"0","ocean_custom_logo":0,"ocean_custom_retina_logo":0,"ocean_custom_logo_max_width":0,"ocean_custom_logo_tablet_max_width":0,"ocean_custom_logo_mobile_max_width":0,"ocean_custom_logo_max_height":0,"ocean_custom_logo_tablet_max_height":0,"ocean_custom_logo_mobile_max_height":0,"ocean_header_custom_menu":"0","ocean_menu_typo_font_family":"0","ocean_menu_typo_font_subset":"","ocean_menu_typo_font_size":0,"ocean_menu_typo_font_size_tablet":0,"ocean_menu_typo_font_size_mobile":0,"ocean_menu_typo_font_size_unit":"px","ocean_menu_typo_font_weight":"","ocean_menu_typo_font_weight_tablet":"","ocean_menu_typo_font_weight_mobile":"","ocean_menu_typo_transform":"","ocean_menu_typo_transform_tablet":"","ocean_menu_typo_transform_mobile":"","ocean_menu_typo_line_height":0,"ocean_menu_typo_line_height_tablet":0,"ocean_menu_typo_line_height_mobile":0,"ocean_menu_typo_line_height_unit":"","ocean_menu_typo_spacing":0,"ocean_menu_typo_spacing_tablet":0,"ocean_menu_typo_spacing_mobile":0,"ocean_menu_typo_spacing_unit":"","ocean_menu_link_color":"","ocean_menu_link_color_hover":"","ocean_menu_link_color_active":"","ocean_menu_link_background":"","ocean_menu_link_hover_background":"","ocean_menu_link_active_background":"","ocean_menu_social_links_bg":"","ocean_menu_social_hover_links_bg":"","ocean_menu_social_links_color":"","ocean_menu_social_hover_links_color":"","ocean_disable_title":"default","ocean_disable_heading":"default","ocean_post_title":"","ocean_post_subheading":"","ocean_post_title_style":"","ocean_post_title_background_color":"","ocean_post_title_background":0,"ocean_post_title_bg_image_position":"","ocean_post_title_bg_image_attachment":"","ocean_post_title_bg_image_repeat":"","ocean_post_title_bg_image_size":"","ocean_post_title_height":0,"ocean_post_title_bg_overlay":0.5,"ocean_post_title_bg_overlay_color":"","ocean_disable_breadcrumbs":"default","ocean_breadcrumbs_color":"","ocean_breadcrumbs_separator_color":"","ocean_breadcrumbs_links_color":"","ocean_breadcrumbs_links_hover_color":"","ocean_display_footer_widgets":"default","ocean_display_footer_bottom":"default","ocean_custom_footer_template":"0","ocean_post_oembed":"","ocean_post_self_hosted_media":"","ocean_post_video_embed":"","ocean_link_format":"","ocean_link_format_target":"self","ocean_quote_format":"","ocean_quote_format_link":"post","ocean_gallery_link_images":"off","ocean_gallery_id":[],"footnotes":""},"categories":[16],"tags":[],"class_list":["post-1953","post","type-post","status-publish","format-standard","has-post-thumbnail","hentry","category-vijesti","entry","has-media"],"views":2386,"_links":{"self":[{"href":"https:\/\/zupasvnikolakc.hr\/index.php?rest_route=\/wp\/v2\/posts\/1953","targetHints":{"allow":["GET"]}}],"collection":[{"href":"https:\/\/zupasvnikolakc.hr\/index.php?rest_route=\/wp\/v2\/posts"}],"about":[{"href":"https:\/\/zupasvnikolakc.hr\/index.php?rest_route=\/wp\/v2\/types\/post"}],"author":[{"embeddable":true,"href":"https:\/\/zupasvnikolakc.hr\/index.php?rest_route=\/wp\/v2\/users\/1"}],"replies":[{"embeddable":true,"href":"https:\/\/zupasvnikolakc.hr\/index.php?rest_route=%2Fwp%2Fv2%2Fcomments&post=1953"}],"version-history":[{"count":5,"href":"https:\/\/zupasvnikolakc.hr\/index.php?rest_route=\/wp\/v2\/posts\/1953\/revisions"}],"predecessor-version":[{"id":1959,"href":"https:\/\/zupasvnikolakc.hr\/index.php?rest_route=\/wp\/v2\/posts\/1953\/revisions\/1959"}],"wp:featuredmedia":[{"embeddable":true,"href":"https:\/\/zupasvnikolakc.hr\/index.php?rest_route=\/wp\/v2\/media\/1954"}],"wp:attachment":[{"href":"https:\/\/zupasvnikolakc.hr\/index.php?rest_route=%2Fwp%2Fv2%2Fmedia&parent=1953"}],"wp:term":[{"taxonomy":"category","embeddable":true,"href":"https:\/\/zupasvnikolakc.hr\/index.php?rest_route=%2Fwp%2Fv2%2Fcategories&post=1953"},{"taxonomy":"post_tag","embeddable":true,"href":"https:\/\/zupasvnikolakc.hr\/index.php?rest_route=%2Fwp%2Fv2%2Ftags&post=1953"}],"curies":[{"name":"wp","href":"https:\/\/api.w.org\/{rel}","templated":true}]}}