{"id":2094,"date":"2021-02-13T19:00:00","date_gmt":"2021-02-13T18:00:00","guid":{"rendered":"https:\/\/zupasvnikolakc.hr\/?p=2094"},"modified":"2021-02-12T21:53:19","modified_gmt":"2021-02-12T20:53:19","slug":"6-nedjelja-kroz-godinu","status":"publish","type":"post","link":"https:\/\/zupasvnikolakc.hr\/?p=2094","title":{"rendered":"6. nedjelja kroz godinu"},"content":{"rendered":"\t\t<div data-elementor-type=\"wp-post\" data-elementor-id=\"2094\" class=\"elementor elementor-2094\" data-elementor-post-type=\"post\">\n\t\t\t\t\t\t<section class=\"elementor-section elementor-top-section elementor-element elementor-element-46181d8 elementor-section-boxed elementor-section-height-default elementor-section-height-default\" data-id=\"46181d8\" data-element_type=\"section\" data-e-type=\"section\">\n\t\t\t\t\t\t<div class=\"elementor-container elementor-column-gap-default\">\n\t\t\t\t\t<div class=\"elementor-column elementor-col-100 elementor-top-column elementor-element elementor-element-6ad08a5\" data-id=\"6ad08a5\" data-element_type=\"column\" data-e-type=\"column\">\n\t\t\t<div class=\"elementor-widget-wrap elementor-element-populated\">\n\t\t\t\t\t\t<div class=\"elementor-element elementor-element-d42c27f elementor-widget elementor-widget-text-editor\" data-id=\"d42c27f\" data-element_type=\"widget\" data-e-type=\"widget\" data-widget_type=\"text-editor.default\">\n\t\t\t\t<div class=\"elementor-widget-container\">\n\t\t\t\t\t\t\t\t\t<p><span style=\"color: black;\"><span style=\"color: #000000;\">Dragi vjernici, dana\u0161nja nedjelja nastavlja se na pro\u0161lo nedjeljnu poruku. Dok nas je prvo \u010ditanje upoznalo s Levitskim zakonikom koji gubavce isklju\u010duje iz zajednice, evan\u0111elist Marko nam je prenio doga\u0111aj iz Isusovog \u017eivota, njegov susret s gubavcem i njegovo ozdravljenje, koji Isusa prikazuje kao onoga koji svakoga, pa i gubavce, ponovo uklju\u010duje u \u017eivot zajednice. U duhu ove poruke o Isusu koji nikoga ne isklju\u010duje nego svakoga uklju\u010duje, dana\u0161nje evan\u0111elje pred nas stavlja dvostruki zahtjev. Prvi je da se, bez obzira u kakvoj se trenutno situaciji nalazimo, osje\u0107amo li se \u201egubavima\u201c odnosno isklju\u010denima iz zajednice zbog bilo kojeg razloga, ne bojimo s gubavcem iz dana\u0161njeg evan\u0111elja pri\u0107i Isusu, kr\u0161e\u0107i \u010dak i pravila koja nam to zabranjuju, i zamoliti ga da nas o\u010disti, spasi, ponovo uklju\u010di. Gubavac se, premda mu je to zakonski bilo strogo zabranjeno, pribli\u017eio Isusu s uvjerenjem da ga on ne samo mo\u017ee nego i ho\u0107e \u201eo\u010distiti\u201c i vratiti mu dostojanstvo koje je gubom izgubio. I nije se prevario u Isusu. Isus ga nije razo\u010darao, kao \u0161to on nikoga i nikad nije razo\u010darao. Mo\u017eda su to u\u010dinili oni koji su se predstavljali da djeluju u njegovo ime, ali ne i Isus. Zato, bez obzira u kakvom se stanju nalazimo i bez obzira na zakonske i druge prepreke na koje \u0107emo nai\u0107i prije nego do\u0111emo do Isusa, krenimo prema Isusu. On nas ne\u0107e prevariti. Ne\u0107e nas razo\u010darati. Samo do\u0111imo, kleknimo i zamolimo: \u201eAko ho\u0107e\u0161, mo\u017ee\u0161 me o\u010distiti!\u201c I on \u0107e to u\u010diniti. Drugi zahtjev dana\u0161njeg evan\u0111elja je da se svi mi, a osobito mi koji pretendiramo da djelujemo i govorimo u Isusovo ime, pona\u0161amo prema \u201egubavcima\u201c, odnosno svima onima koji se osje\u0107aju isklju\u010deni, onako kako bi se prema njima pona\u0161ao Isus. A on \u201eu svojoj bezgrani\u010dnoj ljubavi ide ususret svakoj osobi, bez iznimke\u201c. Dana\u0161nje evan\u0111elje tu njegovu bezgrani\u010dnu ljubav sa\u017eima u jednu jednostavnu re\u010denicu: \u201eIsus ganut pru\u017ei ruku, dota\u010de ga se, pa \u0107e mu: &#8216;Ho\u0107u, budi \u010dist!&#8217;\u201c Evo nam primjera! Ne smijemo sa svojim zakonima i postupcima ljude isklju\u010divati, nego trebamo tra\u017eiti na\u010dina da ih uklju\u010dimo. Trebamo ih, kao i Isus, doticati sa suosje\u0107anjem. Dozvolimo da nas gane trpljenje tolike na\u0161e bra\u0107e i sestara, svih koji su i u ovom na\u0161em vremenu i dru\u0161tvu isklju\u010deni, jer po njima Krist \u017eeli o\u010ditovati svoju ljubav i potaknuti nas na milosr\u0111e.<\/span> <\/span><\/p>\t\t\t\t\t\t\t\t<\/div>\n\t\t\t\t<\/div>\n\t\t\t\t<div class=\"elementor-element elementor-element-fac7910 elementor-widget elementor-widget-text-editor\" data-id=\"fac7910\" data-element_type=\"widget\" data-e-type=\"widget\" data-widget_type=\"text-editor.default\">\n\t\t\t\t<div class=\"elementor-widget-container\">\n\t\t\t\t\t\t\t\t\t<p><span style=\"color: #ff0000;\"><strong>\u017dUPNE OBAVIJESTI<\/strong><\/span><\/p><p><span style=\"color: #ff0000;\">VA\u017dNA OBAVIJEST ZA KRIZMANIKE I PRVOPRI\u010cESNIKE<\/span><\/p><p><span style=\"color: #000000;\">Od ovog tjedna nastavljamo s vjeronaukom za na\u0161e prvopri\u010desnike i krizmanike. Prvopri\u010desnici imaju u srijedu <strong>17.02. 2021<\/strong>. u <strong>9 h<\/strong>, a krizmanici u subotu <strong>20.02. 2021<\/strong>. u <strong>9 h<\/strong> u crkvi.<\/span><\/p><p><span style=\"color: #ff0000;\">VA\u017dNA OBAVIJEST O BLAGOSLOVU OBITELJI<\/span><\/p><p><span style=\"color: #000000;\">Iako smo zbog pandemije korona virusa otkazali tradicionalni bo\u017ei\u0107ni blagoslov obitelji, na\u0161 vara\u017edinski biskup mons. Bo\u017ee Rado\u0161, ovih dana je donio odluku,\u00a0 zbog ne\u0161to povoljnije situacije s korona virusom, da se mo\u017ee i\u0107i blagoslovom obitelji po \u017eupama. Odluku o na\u010dinu blagoslova prepustio je samim\u00a0 \u017eupnicima.<\/span><\/p><p><span style=\"color: #000000;\">Svjesni da situacija s korona virusom jest ne\u0161to povoljnija, ali nikako manje opasna nego u bo\u017ei\u0107no vrijeme, odlu\u010dili smo da ne\u0107emo i\u0107i redovitim na\u010dinom (od ku\u0107e do ku\u0107e) blagoslova, nego\u00a0 \u0107emo i\u0107i u blagoslov samo onim obiteljima koje zatra\u017ee blagoslov obitelji putem prijave u \u017eupni ured. Prijaviti se mo\u017eete putem telefona u uredovno vrijeme od utorka do petka od 16:30 h do 17:30 h, nakon \u010dega \u0107emo u dogovoru s vama, do\u0107i blagoslovit vam obitelj,\u00a0 pridr\u017eavaju\u0107i se svih epidemiolo\u0161kim mjera.<\/span><\/p><p>\u00a0<\/p><p><span style=\"color: #000000;\">Dragi vjernici s obzirom na mjere na\u0161eg nacionalnog sto\u017eera na\u00a0Svetim\u00a0misama smije biti prisutno najvi\u0161e 25 ljudi. Molim vas da se toga strogo pridr\u017eavamo kako bi se ova zaraza \u0161to prije smirila.<\/span><\/p><p><span style=\"color: #000000;\">Kako bismo omogu\u0107ili \u0161to ve\u0107em broju vjernika prisustvovati na Svetoj misi uveli smo jo\u0161 jednu dodatnu\u00a0misu koja \u0107e biti\u00a0<strong>subotom nave\u010der u 18 h i bit \u0107e zamjena za\u00a0<\/strong>nedjeljnu.<\/span><\/p><p>\u00a0<\/p><p><span style=\"color: #000000;\">U vjeri i nadi da \u0107e\u00a0nas\u00a0dobri Bog sve sa\u010duvati \u017eive i zdrave, \u010duvajmo sebe i svoje bli\u017enje po\u0161tuju\u0107i mjere koje su donesene radi nas i o\u010duvanja na\u0161ega zdravlja.<\/span><\/p><p><span style=\"color: #000000;\">Bo\u017eji blagoslov svima<\/span><\/p>\t\t\t\t\t\t\t\t<\/div>\n\t\t\t\t<\/div>\n\t\t\t\t\t<\/div>\n\t\t<\/div>\n\t\t\t\t\t<\/div>\n\t\t<\/section>\n\t\t\t\t<\/div>\n\t\t","protected":false},"excerpt":{"rendered":"<p>Dragi vjernici, dana\u0161nja nedjelja nastavlja se na pro\u0161lo nedjeljnu poruku. Dok nas je prvo \u010ditanje upoznalo s Levitskim zakonikom koji gubavce isklju\u010duje iz zajednice, evan\u0111elist Marko nam je prenio doga\u0111aj iz Isusovog \u017eivota, njegov susret s gubavcem i njegovo ozdravljenje, koji Isusa prikazuje kao onoga koji svakoga, pa i gubavce, ponovo uklju\u010duje u \u017eivot zajednice. [&hellip;]<\/p>\n","protected":false},"author":1,"featured_media":952,"comment_status":"closed","ping_status":"closed","sticky":false,"template":"","format":"standard","meta":{"ocean_post_layout":"","ocean_both_sidebars_style":"","ocean_both_sidebars_content_width":0,"ocean_both_sidebars_sidebars_width":0,"ocean_sidebar":"0","ocean_second_sidebar":"0","ocean_disable_margins":"enable","ocean_add_body_class":"","ocean_shortcode_before_top_bar":"","ocean_shortcode_after_top_bar":"","ocean_shortcode_before_header":"","ocean_shortcode_after_header":"","ocean_has_shortcode":"","ocean_shortcode_after_title":"","ocean_shortcode_before_footer_widgets":"","ocean_shortcode_after_footer_widgets":"","ocean_shortcode_before_footer_bottom":"","ocean_shortcode_after_footer_bottom":"","ocean_display_top_bar":"default","ocean_display_header":"default","ocean_header_style":"","ocean_center_header_left_menu":"0","ocean_custom_header_template":"0","ocean_custom_logo":0,"ocean_custom_retina_logo":0,"ocean_custom_logo_max_width":0,"ocean_custom_logo_tablet_max_width":0,"ocean_custom_logo_mobile_max_width":0,"ocean_custom_logo_max_height":0,"ocean_custom_logo_tablet_max_height":0,"ocean_custom_logo_mobile_max_height":0,"ocean_header_custom_menu":"0","ocean_menu_typo_font_family":"0","ocean_menu_typo_font_subset":"","ocean_menu_typo_font_size":0,"ocean_menu_typo_font_size_tablet":0,"ocean_menu_typo_font_size_mobile":0,"ocean_menu_typo_font_size_unit":"px","ocean_menu_typo_font_weight":"","ocean_menu_typo_font_weight_tablet":"","ocean_menu_typo_font_weight_mobile":"","ocean_menu_typo_transform":"","ocean_menu_typo_transform_tablet":"","ocean_menu_typo_transform_mobile":"","ocean_menu_typo_line_height":0,"ocean_menu_typo_line_height_tablet":0,"ocean_menu_typo_line_height_mobile":0,"ocean_menu_typo_line_height_unit":"","ocean_menu_typo_spacing":0,"ocean_menu_typo_spacing_tablet":0,"ocean_menu_typo_spacing_mobile":0,"ocean_menu_typo_spacing_unit":"","ocean_menu_link_color":"","ocean_menu_link_color_hover":"","ocean_menu_link_color_active":"","ocean_menu_link_background":"","ocean_menu_link_hover_background":"","ocean_menu_link_active_background":"","ocean_menu_social_links_bg":"","ocean_menu_social_hover_links_bg":"","ocean_menu_social_links_color":"","ocean_menu_social_hover_links_color":"","ocean_disable_title":"default","ocean_disable_heading":"default","ocean_post_title":"","ocean_post_subheading":"","ocean_post_title_style":"","ocean_post_title_background_color":"","ocean_post_title_background":0,"ocean_post_title_bg_image_position":"","ocean_post_title_bg_image_attachment":"","ocean_post_title_bg_image_repeat":"","ocean_post_title_bg_image_size":"","ocean_post_title_height":0,"ocean_post_title_bg_overlay":0.5,"ocean_post_title_bg_overlay_color":"","ocean_disable_breadcrumbs":"default","ocean_breadcrumbs_color":"","ocean_breadcrumbs_separator_color":"","ocean_breadcrumbs_links_color":"","ocean_breadcrumbs_links_hover_color":"","ocean_display_footer_widgets":"default","ocean_display_footer_bottom":"default","ocean_custom_footer_template":"0","ocean_post_oembed":"","ocean_post_self_hosted_media":"","ocean_post_video_embed":"","ocean_link_format":"","ocean_link_format_target":"self","ocean_quote_format":"","ocean_quote_format_link":"post","ocean_gallery_link_images":"off","ocean_gallery_id":[],"footnotes":""},"categories":[16],"tags":[],"class_list":["post-2094","post","type-post","status-publish","format-standard","has-post-thumbnail","hentry","category-vijesti","entry","has-media"],"views":1926,"_links":{"self":[{"href":"https:\/\/zupasvnikolakc.hr\/index.php?rest_route=\/wp\/v2\/posts\/2094","targetHints":{"allow":["GET"]}}],"collection":[{"href":"https:\/\/zupasvnikolakc.hr\/index.php?rest_route=\/wp\/v2\/posts"}],"about":[{"href":"https:\/\/zupasvnikolakc.hr\/index.php?rest_route=\/wp\/v2\/types\/post"}],"author":[{"embeddable":true,"href":"https:\/\/zupasvnikolakc.hr\/index.php?rest_route=\/wp\/v2\/users\/1"}],"replies":[{"embeddable":true,"href":"https:\/\/zupasvnikolakc.hr\/index.php?rest_route=%2Fwp%2Fv2%2Fcomments&post=2094"}],"version-history":[{"count":9,"href":"https:\/\/zupasvnikolakc.hr\/index.php?rest_route=\/wp\/v2\/posts\/2094\/revisions"}],"predecessor-version":[{"id":2104,"href":"https:\/\/zupasvnikolakc.hr\/index.php?rest_route=\/wp\/v2\/posts\/2094\/revisions\/2104"}],"wp:featuredmedia":[{"embeddable":true,"href":"https:\/\/zupasvnikolakc.hr\/index.php?rest_route=\/wp\/v2\/media\/952"}],"wp:attachment":[{"href":"https:\/\/zupasvnikolakc.hr\/index.php?rest_route=%2Fwp%2Fv2%2Fmedia&parent=2094"}],"wp:term":[{"taxonomy":"category","embeddable":true,"href":"https:\/\/zupasvnikolakc.hr\/index.php?rest_route=%2Fwp%2Fv2%2Fcategories&post=2094"},{"taxonomy":"post_tag","embeddable":true,"href":"https:\/\/zupasvnikolakc.hr\/index.php?rest_route=%2Fwp%2Fv2%2Ftags&post=2094"}],"curies":[{"name":"wp","href":"https:\/\/api.w.org\/{rel}","templated":true}]}}