{"id":2660,"date":"2021-06-12T19:00:00","date_gmt":"2021-06-12T17:00:00","guid":{"rendered":"https:\/\/zupasvnikolakc.hr\/?p=2660"},"modified":"2021-06-11T22:45:02","modified_gmt":"2021-06-11T20:45:02","slug":"11-nedjelja-kroz-godinu-2","status":"publish","type":"post","link":"https:\/\/zupasvnikolakc.hr\/?p=2660","title":{"rendered":"11. nedjelja kroz godinu"},"content":{"rendered":"\t\t<div data-elementor-type=\"wp-post\" data-elementor-id=\"2660\" class=\"elementor elementor-2660\" data-elementor-post-type=\"post\">\n\t\t\t\t\t\t<section class=\"elementor-section elementor-top-section elementor-element elementor-element-0ae652a elementor-section-boxed elementor-section-height-default elementor-section-height-default\" data-id=\"0ae652a\" data-element_type=\"section\" data-e-type=\"section\">\n\t\t\t\t\t\t<div class=\"elementor-container elementor-column-gap-default\">\n\t\t\t\t\t<div class=\"elementor-column elementor-col-100 elementor-top-column elementor-element elementor-element-99159c7\" data-id=\"99159c7\" data-element_type=\"column\" data-e-type=\"column\">\n\t\t\t<div class=\"elementor-widget-wrap elementor-element-populated\">\n\t\t\t\t\t\t<div class=\"elementor-element elementor-element-45acc1a elementor-widget elementor-widget-text-editor\" data-id=\"45acc1a\" data-element_type=\"widget\" data-e-type=\"widget\" data-widget_type=\"text-editor.default\">\n\t\t\t\t<div class=\"elementor-widget-container\">\n\t\t\t\t\t\t\t\t\t<p><span style=\"color: #000000;\">Lijepo je uvijek iznova primijetiti kako se Isus koristi slikama iz svakodnevnog \u017eivota po kojima \u017eeli pribli\u017eiti Rije\u010d Bo\u017eju, ne samo svojim suvremenicima nego i svima nama. U dana\u0161njem evan\u0111elju to \u010dini kroz dvije slike. Prva slika je slika sjemena ba\u010denog u zemlju \u010diji rast ne ovisi o sija\u010du. Dobro nam je poznata ova slika. Ratar sije sjeme jer znade da \u0107e to sjeme u zemlji proklijati, zatim izniknuti u malenu zelenu stabljiku, polako rasti i razvijati listove, zatim i klas, pa onda zrna u klasu, sve dok zrenjem svoju zelenu boju ne promjeni u zlatnu i postane spremno za \u017eetvu. Druga slika je svojom porukom usko povezana s prvom slikom. Slika je to goru\u0161i\u010dinog zrna posijanog u zemlju. U trenutku sijanja to je sjeme manje od svega drugog sjemena na zemlji, ali posijano naraste i postane ve\u0107e od svega povr\u0107a tako da se u njemu ptice gnijezde. Tako je i s kraljevstvom Bo\u017ejim. Njegova veli\u010dina se ne smije promatrati u trenutku sijanja, nego u vrijeme dozrijevanja. Kr\u0161\u0107anima se u preno\u0161enju logike Bo\u017ejeg kraljevstva nije lako uspore\u0111ivati s drugim ponudama. Dugoro\u010dno je stvarnost druga\u010dija. Ono \u0161to je na po\u010detku izgledalo malo i bezna\u010dajno, postane veliko kad je u pitanju osmi\u0161ljavanje na\u0161eg osobnog \u017eivota i davanja smisla \u017eivotu uop\u0107e. Iz obiju prispodoba zra\u010di Isusov neobi\u010dni optimizam. On vjeruje u uspjeh onoga \u0161to \u010dini! Uvjeren je da sjeme posijane rije\u010di Bo\u017eje ima snagu nadi\u0107i sve prepreke, makar je jedna od njih i kri\u017e! Taj Isusov optimizam u skladu je s Ezekielovim proro\u010danstvom u kojemu u odlomljenoj gran\u010dici posa\u0111enoj na visokoj gori mo\u017eemo prepoznati izabrani Izraelski narod, ali i Crkvu kao narod Bo\u017eji danas. Taj mali izabrani narod postao je veliki Bo\u017eji narod po vjeri, to je to Isusovo goru\u0161i\u010dno zrno koje je izraslo u veliko stablo. Poku\u0161ajmo i mi usvojiti ovaj optimizam koji nam donosi dana\u0161nja Rije\u010d Bo\u017eja i na njemu graditi svoju vjeru kako bismo i mi bili poput plodne zemlje u kojoj \u0107e ta ista Rije\u010d posijana u nas donijeti obilat rod kako za na\u0161e spasenje, tako i za spasenje ljudi oko nas.<\/span><\/p>\t\t\t\t\t\t\t\t<\/div>\n\t\t\t\t<\/div>\n\t\t\t\t\t<\/div>\n\t\t<\/div>\n\t\t\t\t\t<\/div>\n\t\t<\/section>\n\t\t\t\t<\/div>\n\t\t","protected":false},"excerpt":{"rendered":"<p>Lijepo je uvijek iznova primijetiti kako se Isus koristi slikama iz svakodnevnog \u017eivota po kojima \u017eeli pribli\u017eiti Rije\u010d Bo\u017eju, ne samo svojim suvremenicima nego i svima nama. U dana\u0161njem evan\u0111elju to \u010dini kroz dvije slike. Prva slika je slika sjemena ba\u010denog u zemlju \u010diji rast ne ovisi o sija\u010du. Dobro nam je poznata ova slika. [&hellip;]<\/p>\n","protected":false},"author":1,"featured_media":2661,"comment_status":"closed","ping_status":"closed","sticky":false,"template":"","format":"standard","meta":{"ocean_post_layout":"","ocean_both_sidebars_style":"","ocean_both_sidebars_content_width":0,"ocean_both_sidebars_sidebars_width":0,"ocean_sidebar":"0","ocean_second_sidebar":"0","ocean_disable_margins":"enable","ocean_add_body_class":"","ocean_shortcode_before_top_bar":"","ocean_shortcode_after_top_bar":"","ocean_shortcode_before_header":"","ocean_shortcode_after_header":"","ocean_has_shortcode":"","ocean_shortcode_after_title":"","ocean_shortcode_before_footer_widgets":"","ocean_shortcode_after_footer_widgets":"","ocean_shortcode_before_footer_bottom":"","ocean_shortcode_after_footer_bottom":"","ocean_display_top_bar":"default","ocean_display_header":"default","ocean_header_style":"","ocean_center_header_left_menu":"0","ocean_custom_header_template":"0","ocean_custom_logo":0,"ocean_custom_retina_logo":0,"ocean_custom_logo_max_width":0,"ocean_custom_logo_tablet_max_width":0,"ocean_custom_logo_mobile_max_width":0,"ocean_custom_logo_max_height":0,"ocean_custom_logo_tablet_max_height":0,"ocean_custom_logo_mobile_max_height":0,"ocean_header_custom_menu":"0","ocean_menu_typo_font_family":"0","ocean_menu_typo_font_subset":"","ocean_menu_typo_font_size":0,"ocean_menu_typo_font_size_tablet":0,"ocean_menu_typo_font_size_mobile":0,"ocean_menu_typo_font_size_unit":"px","ocean_menu_typo_font_weight":"","ocean_menu_typo_font_weight_tablet":"","ocean_menu_typo_font_weight_mobile":"","ocean_menu_typo_transform":"","ocean_menu_typo_transform_tablet":"","ocean_menu_typo_transform_mobile":"","ocean_menu_typo_line_height":0,"ocean_menu_typo_line_height_tablet":0,"ocean_menu_typo_line_height_mobile":0,"ocean_menu_typo_line_height_unit":"","ocean_menu_typo_spacing":0,"ocean_menu_typo_spacing_tablet":0,"ocean_menu_typo_spacing_mobile":0,"ocean_menu_typo_spacing_unit":"","ocean_menu_link_color":"","ocean_menu_link_color_hover":"","ocean_menu_link_color_active":"","ocean_menu_link_background":"","ocean_menu_link_hover_background":"","ocean_menu_link_active_background":"","ocean_menu_social_links_bg":"","ocean_menu_social_hover_links_bg":"","ocean_menu_social_links_color":"","ocean_menu_social_hover_links_color":"","ocean_disable_title":"default","ocean_disable_heading":"default","ocean_post_title":"","ocean_post_subheading":"","ocean_post_title_style":"","ocean_post_title_background_color":"","ocean_post_title_background":0,"ocean_post_title_bg_image_position":"","ocean_post_title_bg_image_attachment":"","ocean_post_title_bg_image_repeat":"","ocean_post_title_bg_image_size":"","ocean_post_title_height":0,"ocean_post_title_bg_overlay":0.5,"ocean_post_title_bg_overlay_color":"","ocean_disable_breadcrumbs":"default","ocean_breadcrumbs_color":"","ocean_breadcrumbs_separator_color":"","ocean_breadcrumbs_links_color":"","ocean_breadcrumbs_links_hover_color":"","ocean_display_footer_widgets":"default","ocean_display_footer_bottom":"default","ocean_custom_footer_template":"0","ocean_post_oembed":"","ocean_post_self_hosted_media":"","ocean_post_video_embed":"","ocean_link_format":"","ocean_link_format_target":"self","ocean_quote_format":"","ocean_quote_format_link":"post","ocean_gallery_link_images":"off","ocean_gallery_id":[],"footnotes":""},"categories":[16],"tags":[],"class_list":["post-2660","post","type-post","status-publish","format-standard","has-post-thumbnail","hentry","category-vijesti","entry","has-media"],"views":1629,"_links":{"self":[{"href":"https:\/\/zupasvnikolakc.hr\/index.php?rest_route=\/wp\/v2\/posts\/2660","targetHints":{"allow":["GET"]}}],"collection":[{"href":"https:\/\/zupasvnikolakc.hr\/index.php?rest_route=\/wp\/v2\/posts"}],"about":[{"href":"https:\/\/zupasvnikolakc.hr\/index.php?rest_route=\/wp\/v2\/types\/post"}],"author":[{"embeddable":true,"href":"https:\/\/zupasvnikolakc.hr\/index.php?rest_route=\/wp\/v2\/users\/1"}],"replies":[{"embeddable":true,"href":"https:\/\/zupasvnikolakc.hr\/index.php?rest_route=%2Fwp%2Fv2%2Fcomments&post=2660"}],"version-history":[{"count":8,"href":"https:\/\/zupasvnikolakc.hr\/index.php?rest_route=\/wp\/v2\/posts\/2660\/revisions"}],"predecessor-version":[{"id":2669,"href":"https:\/\/zupasvnikolakc.hr\/index.php?rest_route=\/wp\/v2\/posts\/2660\/revisions\/2669"}],"wp:featuredmedia":[{"embeddable":true,"href":"https:\/\/zupasvnikolakc.hr\/index.php?rest_route=\/wp\/v2\/media\/2661"}],"wp:attachment":[{"href":"https:\/\/zupasvnikolakc.hr\/index.php?rest_route=%2Fwp%2Fv2%2Fmedia&parent=2660"}],"wp:term":[{"taxonomy":"category","embeddable":true,"href":"https:\/\/zupasvnikolakc.hr\/index.php?rest_route=%2Fwp%2Fv2%2Fcategories&post=2660"},{"taxonomy":"post_tag","embeddable":true,"href":"https:\/\/zupasvnikolakc.hr\/index.php?rest_route=%2Fwp%2Fv2%2Ftags&post=2660"}],"curies":[{"name":"wp","href":"https:\/\/api.w.org\/{rel}","templated":true}]}}