{"id":2739,"date":"2021-07-10T22:26:07","date_gmt":"2021-07-10T20:26:07","guid":{"rendered":"https:\/\/zupasvnikolakc.hr\/?p=2739"},"modified":"2021-07-10T22:29:04","modified_gmt":"2021-07-10T20:29:04","slug":"15-nedjelja-kroz-godinu-2","status":"publish","type":"post","link":"https:\/\/zupasvnikolakc.hr\/?p=2739","title":{"rendered":"15. nedjelja kroz godinu"},"content":{"rendered":"\t\t<div data-elementor-type=\"wp-post\" data-elementor-id=\"2739\" class=\"elementor elementor-2739\" data-elementor-post-type=\"post\">\n\t\t\t\t\t\t<section class=\"elementor-section elementor-top-section elementor-element elementor-element-b87b332 elementor-section-boxed elementor-section-height-default elementor-section-height-default\" data-id=\"b87b332\" data-element_type=\"section\" data-e-type=\"section\">\n\t\t\t\t\t\t<div class=\"elementor-container elementor-column-gap-default\">\n\t\t\t\t\t<div class=\"elementor-column elementor-col-100 elementor-top-column elementor-element elementor-element-5574d72\" data-id=\"5574d72\" data-element_type=\"column\" data-e-type=\"column\">\n\t\t\t<div class=\"elementor-widget-wrap elementor-element-populated\">\n\t\t\t\t\t\t<div class=\"elementor-element elementor-element-5f098f6 elementor-widget elementor-widget-text-editor\" data-id=\"5f098f6\" data-element_type=\"widget\" data-e-type=\"widget\" data-widget_type=\"text-editor.default\">\n\t\t\t\t<div class=\"elementor-widget-container\">\n\t\t\t\t\t\t\t\t\t<p><span style=\"color: #000000;\">Dana\u0161nja se nedjelja svojim \u010ditanjima nadovezuje na pro\u0161lo nedjeljnu temu, a to je odnos izraelskog naroda spram proroka koje im je Bog slao, odnosno na\u0161 odnos spram Boga. Dana\u0161nje prvo \u010ditanje nam to zorno prikazuje u liku proroka Amosa koji do\u017eivljava istu sudbinu kao i drugi proroci koje Bog \u0161alje k svome izabranom narodu da ga poziva na obra\u0107enje. Sve\u0107enik Amasja, zamjera Amosu \u0161to se usudio iz jednog kraljevstva propovijedati u drugom kraljevstvu i to u kraljevskom sveti\u0161tu i pozivati kralja i narod na obra\u0107enje k Bogu. I mi dana\u0161nji vjernici lako se mo\u017eemo prepoznati u Amasiji, jer i mi tjeramo od sebe one koji nas upozoravaju na na\u0161e lo\u0161e postupke. Radije zatiskujemo u\u0161i i ne \u017eelimo \u010duti istinu, jer istina nas poziva i obvezuje na suo\u010davanje sa samim sobom i na promjenu \u017eivota. Nerijetko smo u takovim situacijama spremni onoga koji nas opominje proglasiti gorim od nas samih i poku\u0161avamo ga pred drugima ocrniti ne bi li tako la\u017eno sebe opravdavali. Pri tom nismo svjesni da nam druga strana \u017eeli dobro i da nas iz ljubavi i prijateljstva upozorava na lo\u0161e pona\u0161anje i da nam \u017eeli pomo\u0107i. Samo onaj koji u poniznosti dopu\u0161ta da mu drugi ukazuje na njegove slabosti i spreman ih je nakon toga mijenjati mo\u017ee postati veliki \u010dovjek. Kao takav onda mo\u017ee \u010duti i prihvatiti od Boga poslanje koje mu je Bog namijenio ve\u0107 po samom kr\u0161tenju. Mi smo po kr\u0161tenju uklju\u010deni u taj Bo\u017eji plan spasenja nas ali i drugih po nama. I stoga ako vjerujemo da smo pribrojeni spa\u0161enima, onda ne bismo smjeli \u017eivjeti mimo Bo\u017ejih zapovijedi ili jo\u0161 gore kao pogani, kao oni koji Krista ne priznaju, ve\u0107 trebamo \u017eivjeti kao ljubljena djeca Bo\u017eja. Mi vjernici moramo biti poput Amosa i apostola, jer nama je upu\u0107ena Bo\u017eja rije\u010d, i mi smo ju du\u017eni \u017eivjeti tako da svojim \u017eivotom druge nukamo na obra\u0107enje. Stoga ga zamolimo da nas obdari svojim Duhom kako bi na\u0161e svjedo\u010denje za njega bilo istinsko i na dobro nama i na\u0161im bli\u017enjima kojima nas On \u0161alje.<\/span><\/p>\t\t\t\t\t\t\t\t<\/div>\n\t\t\t\t<\/div>\n\t\t\t\t<div class=\"elementor-element elementor-element-703a181 elementor-widget elementor-widget-text-editor\" data-id=\"703a181\" data-element_type=\"widget\" data-e-type=\"widget\" data-widget_type=\"text-editor.default\">\n\t\t\t\t<div class=\"elementor-widget-container\">\n\t\t\t\t\t\t\t\t\t<p><span style=\"color: #ff0000;\"><strong>\u017dUPNE OBAVIJESTI<\/strong><\/span><\/p><p><span style=\"color: #000000;\"><strong>KR\u0160TENJE:<\/strong><\/span><\/p><ul><li><span style=\"color: #000000;\">Damjan Ke\u010danovi\u0107 \u2013 nedjelja (18.7.2021.) u 12 h<\/span><\/li><\/ul>\t\t\t\t\t\t\t\t<\/div>\n\t\t\t\t<\/div>\n\t\t\t\t\t<\/div>\n\t\t<\/div>\n\t\t\t\t\t<\/div>\n\t\t<\/section>\n\t\t\t\t<\/div>\n\t\t","protected":false},"excerpt":{"rendered":"<p>Dana\u0161nja se nedjelja svojim \u010ditanjima nadovezuje na pro\u0161lo nedjeljnu temu, a to je odnos izraelskog naroda spram proroka koje im je Bog slao, odnosno na\u0161 odnos spram Boga. Dana\u0161nje prvo \u010ditanje nam to zorno prikazuje u liku proroka Amosa koji do\u017eivljava istu sudbinu kao i drugi proroci koje Bog \u0161alje k svome izabranom narodu da [&hellip;]<\/p>\n","protected":false},"author":1,"featured_media":2740,"comment_status":"closed","ping_status":"closed","sticky":false,"template":"","format":"standard","meta":{"ocean_post_layout":"","ocean_both_sidebars_style":"","ocean_both_sidebars_content_width":0,"ocean_both_sidebars_sidebars_width":0,"ocean_sidebar":"0","ocean_second_sidebar":"0","ocean_disable_margins":"enable","ocean_add_body_class":"","ocean_shortcode_before_top_bar":"","ocean_shortcode_after_top_bar":"","ocean_shortcode_before_header":"","ocean_shortcode_after_header":"","ocean_has_shortcode":"","ocean_shortcode_after_title":"","ocean_shortcode_before_footer_widgets":"","ocean_shortcode_after_footer_widgets":"","ocean_shortcode_before_footer_bottom":"","ocean_shortcode_after_footer_bottom":"","ocean_display_top_bar":"default","ocean_display_header":"default","ocean_header_style":"","ocean_center_header_left_menu":"0","ocean_custom_header_template":"0","ocean_custom_logo":0,"ocean_custom_retina_logo":0,"ocean_custom_logo_max_width":0,"ocean_custom_logo_tablet_max_width":0,"ocean_custom_logo_mobile_max_width":0,"ocean_custom_logo_max_height":0,"ocean_custom_logo_tablet_max_height":0,"ocean_custom_logo_mobile_max_height":0,"ocean_header_custom_menu":"0","ocean_menu_typo_font_family":"0","ocean_menu_typo_font_subset":"","ocean_menu_typo_font_size":0,"ocean_menu_typo_font_size_tablet":0,"ocean_menu_typo_font_size_mobile":0,"ocean_menu_typo_font_size_unit":"px","ocean_menu_typo_font_weight":"","ocean_menu_typo_font_weight_tablet":"","ocean_menu_typo_font_weight_mobile":"","ocean_menu_typo_transform":"","ocean_menu_typo_transform_tablet":"","ocean_menu_typo_transform_mobile":"","ocean_menu_typo_line_height":0,"ocean_menu_typo_line_height_tablet":0,"ocean_menu_typo_line_height_mobile":0,"ocean_menu_typo_line_height_unit":"","ocean_menu_typo_spacing":0,"ocean_menu_typo_spacing_tablet":0,"ocean_menu_typo_spacing_mobile":0,"ocean_menu_typo_spacing_unit":"","ocean_menu_link_color":"","ocean_menu_link_color_hover":"","ocean_menu_link_color_active":"","ocean_menu_link_background":"","ocean_menu_link_hover_background":"","ocean_menu_link_active_background":"","ocean_menu_social_links_bg":"","ocean_menu_social_hover_links_bg":"","ocean_menu_social_links_color":"","ocean_menu_social_hover_links_color":"","ocean_disable_title":"default","ocean_disable_heading":"default","ocean_post_title":"","ocean_post_subheading":"","ocean_post_title_style":"","ocean_post_title_background_color":"","ocean_post_title_background":0,"ocean_post_title_bg_image_position":"","ocean_post_title_bg_image_attachment":"","ocean_post_title_bg_image_repeat":"","ocean_post_title_bg_image_size":"","ocean_post_title_height":0,"ocean_post_title_bg_overlay":0.5,"ocean_post_title_bg_overlay_color":"","ocean_disable_breadcrumbs":"default","ocean_breadcrumbs_color":"","ocean_breadcrumbs_separator_color":"","ocean_breadcrumbs_links_color":"","ocean_breadcrumbs_links_hover_color":"","ocean_display_footer_widgets":"default","ocean_display_footer_bottom":"default","ocean_custom_footer_template":"0","ocean_post_oembed":"","ocean_post_self_hosted_media":"","ocean_post_video_embed":"","ocean_link_format":"","ocean_link_format_target":"self","ocean_quote_format":"","ocean_quote_format_link":"post","ocean_gallery_link_images":"off","ocean_gallery_id":[],"footnotes":""},"categories":[16],"tags":[],"class_list":["post-2739","post","type-post","status-publish","format-standard","has-post-thumbnail","hentry","category-vijesti","entry","has-media"],"views":1445,"_links":{"self":[{"href":"https:\/\/zupasvnikolakc.hr\/index.php?rest_route=\/wp\/v2\/posts\/2739","targetHints":{"allow":["GET"]}}],"collection":[{"href":"https:\/\/zupasvnikolakc.hr\/index.php?rest_route=\/wp\/v2\/posts"}],"about":[{"href":"https:\/\/zupasvnikolakc.hr\/index.php?rest_route=\/wp\/v2\/types\/post"}],"author":[{"embeddable":true,"href":"https:\/\/zupasvnikolakc.hr\/index.php?rest_route=\/wp\/v2\/users\/1"}],"replies":[{"embeddable":true,"href":"https:\/\/zupasvnikolakc.hr\/index.php?rest_route=%2Fwp%2Fv2%2Fcomments&post=2739"}],"version-history":[{"count":5,"href":"https:\/\/zupasvnikolakc.hr\/index.php?rest_route=\/wp\/v2\/posts\/2739\/revisions"}],"predecessor-version":[{"id":2745,"href":"https:\/\/zupasvnikolakc.hr\/index.php?rest_route=\/wp\/v2\/posts\/2739\/revisions\/2745"}],"wp:featuredmedia":[{"embeddable":true,"href":"https:\/\/zupasvnikolakc.hr\/index.php?rest_route=\/wp\/v2\/media\/2740"}],"wp:attachment":[{"href":"https:\/\/zupasvnikolakc.hr\/index.php?rest_route=%2Fwp%2Fv2%2Fmedia&parent=2739"}],"wp:term":[{"taxonomy":"category","embeddable":true,"href":"https:\/\/zupasvnikolakc.hr\/index.php?rest_route=%2Fwp%2Fv2%2Fcategories&post=2739"},{"taxonomy":"post_tag","embeddable":true,"href":"https:\/\/zupasvnikolakc.hr\/index.php?rest_route=%2Fwp%2Fv2%2Ftags&post=2739"}],"curies":[{"name":"wp","href":"https:\/\/api.w.org\/{rel}","templated":true}]}}