{"id":2988,"date":"2021-09-16T20:18:28","date_gmt":"2021-09-16T18:18:28","guid":{"rendered":"https:\/\/zupasvnikolakc.hr\/?p=2988"},"modified":"2021-09-16T20:19:00","modified_gmt":"2021-09-16T18:19:00","slug":"zaziv-duha-svetoga-2","status":"publish","type":"post","link":"https:\/\/zupasvnikolakc.hr\/?p=2988","title":{"rendered":"Zaziv Duha Svetoga"},"content":{"rendered":"\t\t<div data-elementor-type=\"wp-post\" data-elementor-id=\"2988\" class=\"elementor elementor-2988\" data-elementor-post-type=\"post\">\n\t\t\t\t\t\t<section class=\"elementor-section elementor-top-section elementor-element elementor-element-99e9bb4 elementor-section-boxed elementor-section-height-default elementor-section-height-default\" data-id=\"99e9bb4\" data-element_type=\"section\" data-e-type=\"section\">\n\t\t\t\t\t\t<div class=\"elementor-container elementor-column-gap-default\">\n\t\t\t\t\t<div class=\"elementor-column elementor-col-100 elementor-top-column elementor-element elementor-element-27be866\" data-id=\"27be866\" data-element_type=\"column\" data-e-type=\"column\">\n\t\t\t<div class=\"elementor-widget-wrap elementor-element-populated\">\n\t\t\t\t\t\t<div class=\"elementor-element elementor-element-a28bca3 elementor-widget elementor-widget-text-editor\" data-id=\"a28bca3\" data-element_type=\"widget\" data-e-type=\"widget\" data-widget_type=\"text-editor.default\">\n\t\t\t\t<div class=\"elementor-widget-container\">\n\t\t\t\t\t\t\t\t\t<p><span style=\"color: #000000;\">Kao kr\u0161\u0107ani i vjernici svjesni smo da svaki \u017eivotni po\u010detak, pa tako i po\u010detak nove \u0161kolske godine, trebamo zapo\u010deti s Bo\u017ejim blagoslovom. Stoga smo i mi kao \u017eupna zajednica u nedjelju, 12. rujna, zazvali Duha Svetoga na na\u0161u djecu i mlade, ali i na sve nas na misama u 11 i 18 h. <\/span><\/p><p><span style=\"color: #000000;\">\u010culi smo u evan\u0111eoskom odlomku kako nas Isus poziva da ako \u017eelimo biti njegovi u\u010denici moramo svakodnevno prihva\u0107ati svoj kri\u017e i nositi ga. Kri\u017eevi nisu nikada bili laki, u njima se o\u010dituju sve na\u0161e ljudske pote\u0161ko\u0107e, od suo\u010davanja s onim dje\u010djim pote\u0161ko\u0107ama i problemima, pa sve do onih te\u017eih \u017eivotnih s kojima se mnogi od nas suo\u010davaju. No u svakom kri\u017eu bio on lak\u0161i ili te\u017ei, mi vjernici znamo i vjerujemo da je s nama Isus koji je na\u0161 i <em>\u201e\u0160imun Cirenac\u201c<\/em> koji nam poma\u017ee nositi kri\u017e i <em>\u201eVeronika\u201c<\/em> koja bri\u0161e na\u0161e suze. <\/span><\/p><p><span style=\"color: #000000;\">Svjesni toga i mi smo euharistijama, na kojoj se okupio lijep broj djece i mladih, molili i za one koji nisu do\u0161li od Boga tra\u017eiti pomo\u0107, da smognu snage i da se vrate k Bogu. Molili smo i za u\u010ditelje i profesore, da i oni ne zaborave na talente koje im je\u00a0 Bog povjerio, ali i na odgovornu zada\u0107u koju vr\u0161e kao odgojitelji u \u0161kolama, ne samo kao oni koji prenose svoje znanje ve\u0107 kao i oni koji svojim \u017eivotom i vjerom moraju biti djeci i mladima primjer i uzor. Molili smo i za roditelje, da se istinski brinu za svoju djecu i mlade, da ih znadu voditi pravim i istinskim putovima. Vjerujemo da \u0107e stoga na\u0161a djeca i mladi potpomognuti vodstvom Duha Svetoga i njegovih darova i ovu \u0161kolsku godinu uspje\u0161no privesti kraju.<\/span><\/p><p><div id='gallery-1' class='gallery galleryid-2988 gallery-columns-3 gallery-size-full'><figure class='gallery-item'>\n\t\t\t<div class='gallery-icon landscape'>\n\t\t\t\t<a href='https:\/\/zupasvnikolakc.hr\/wp-content\/uploads\/2021\/09\/Zaziv-01-1.jpg'><img fetchpriority=\"high\" decoding=\"async\" width=\"1000\" height=\"666\" src=\"https:\/\/zupasvnikolakc.hr\/wp-content\/uploads\/2021\/09\/Zaziv-01-1.jpg\" class=\"attachment-full size-full\" alt=\"\" srcset=\"https:\/\/zupasvnikolakc.hr\/wp-content\/uploads\/2021\/09\/Zaziv-01-1.jpg 1000w, https:\/\/zupasvnikolakc.hr\/wp-content\/uploads\/2021\/09\/Zaziv-01-1-300x200.jpg 300w, https:\/\/zupasvnikolakc.hr\/wp-content\/uploads\/2021\/09\/Zaziv-01-1-768x511.jpg 768w, https:\/\/zupasvnikolakc.hr\/wp-content\/uploads\/2021\/09\/Zaziv-01-1-600x400.jpg 600w\" sizes=\"(max-width: 1000px) 100vw, 1000px\" \/><\/a>\n\t\t\t<\/div><\/figure><figure class='gallery-item'>\n\t\t\t<div class='gallery-icon landscape'>\n\t\t\t\t<a href='https:\/\/zupasvnikolakc.hr\/wp-content\/uploads\/2021\/09\/Zaziv-02.jpg'><img decoding=\"async\" width=\"1000\" height=\"666\" src=\"https:\/\/zupasvnikolakc.hr\/wp-content\/uploads\/2021\/09\/Zaziv-02.jpg\" class=\"attachment-full size-full\" alt=\"\" srcset=\"https:\/\/zupasvnikolakc.hr\/wp-content\/uploads\/2021\/09\/Zaziv-02.jpg 1000w, https:\/\/zupasvnikolakc.hr\/wp-content\/uploads\/2021\/09\/Zaziv-02-300x200.jpg 300w, https:\/\/zupasvnikolakc.hr\/wp-content\/uploads\/2021\/09\/Zaziv-02-768x511.jpg 768w, https:\/\/zupasvnikolakc.hr\/wp-content\/uploads\/2021\/09\/Zaziv-02-600x400.jpg 600w\" sizes=\"(max-width: 1000px) 100vw, 1000px\" \/><\/a>\n\t\t\t<\/div><\/figure><figure class='gallery-item'>\n\t\t\t<div class='gallery-icon portrait'>\n\t\t\t\t<a href='https:\/\/zupasvnikolakc.hr\/wp-content\/uploads\/2021\/09\/Zaziv-03.jpg'><img decoding=\"async\" width=\"1000\" height=\"1499\" src=\"https:\/\/zupasvnikolakc.hr\/wp-content\/uploads\/2021\/09\/Zaziv-03.jpg\" class=\"attachment-full size-full\" alt=\"\" srcset=\"https:\/\/zupasvnikolakc.hr\/wp-content\/uploads\/2021\/09\/Zaziv-03.jpg 1000w, https:\/\/zupasvnikolakc.hr\/wp-content\/uploads\/2021\/09\/Zaziv-03-200x300.jpg 200w, https:\/\/zupasvnikolakc.hr\/wp-content\/uploads\/2021\/09\/Zaziv-03-683x1024.jpg 683w, https:\/\/zupasvnikolakc.hr\/wp-content\/uploads\/2021\/09\/Zaziv-03-768x1151.jpg 768w, https:\/\/zupasvnikolakc.hr\/wp-content\/uploads\/2021\/09\/Zaziv-03-600x899.jpg 600w\" sizes=\"(max-width: 1000px) 100vw, 1000px\" \/><\/a>\n\t\t\t<\/div><\/figure><figure class='gallery-item'>\n\t\t\t<div class='gallery-icon portrait'>\n\t\t\t\t<a href='https:\/\/zupasvnikolakc.hr\/wp-content\/uploads\/2021\/09\/Zaziv-04.jpg'><img loading=\"lazy\" decoding=\"async\" width=\"1000\" height=\"1499\" src=\"https:\/\/zupasvnikolakc.hr\/wp-content\/uploads\/2021\/09\/Zaziv-04.jpg\" class=\"attachment-full size-full\" alt=\"\" srcset=\"https:\/\/zupasvnikolakc.hr\/wp-content\/uploads\/2021\/09\/Zaziv-04.jpg 1000w, https:\/\/zupasvnikolakc.hr\/wp-content\/uploads\/2021\/09\/Zaziv-04-200x300.jpg 200w, https:\/\/zupasvnikolakc.hr\/wp-content\/uploads\/2021\/09\/Zaziv-04-683x1024.jpg 683w, https:\/\/zupasvnikolakc.hr\/wp-content\/uploads\/2021\/09\/Zaziv-04-768x1151.jpg 768w, https:\/\/zupasvnikolakc.hr\/wp-content\/uploads\/2021\/09\/Zaziv-04-600x899.jpg 600w\" sizes=\"(max-width: 1000px) 100vw, 1000px\" \/><\/a>\n\t\t\t<\/div><\/figure><figure class='gallery-item'>\n\t\t\t<div class='gallery-icon portrait'>\n\t\t\t\t<a href='https:\/\/zupasvnikolakc.hr\/wp-content\/uploads\/2021\/09\/Zaziv-05.jpg'><img loading=\"lazy\" decoding=\"async\" width=\"1000\" height=\"1499\" src=\"https:\/\/zupasvnikolakc.hr\/wp-content\/uploads\/2021\/09\/Zaziv-05.jpg\" class=\"attachment-full size-full\" alt=\"\" srcset=\"https:\/\/zupasvnikolakc.hr\/wp-content\/uploads\/2021\/09\/Zaziv-05.jpg 1000w, https:\/\/zupasvnikolakc.hr\/wp-content\/uploads\/2021\/09\/Zaziv-05-200x300.jpg 200w, https:\/\/zupasvnikolakc.hr\/wp-content\/uploads\/2021\/09\/Zaziv-05-683x1024.jpg 683w, https:\/\/zupasvnikolakc.hr\/wp-content\/uploads\/2021\/09\/Zaziv-05-768x1151.jpg 768w, https:\/\/zupasvnikolakc.hr\/wp-content\/uploads\/2021\/09\/Zaziv-05-600x899.jpg 600w\" sizes=\"(max-width: 1000px) 100vw, 1000px\" \/><\/a>\n\t\t\t<\/div><\/figure><figure class='gallery-item'>\n\t\t\t<div class='gallery-icon portrait'>\n\t\t\t\t<a href='https:\/\/zupasvnikolakc.hr\/wp-content\/uploads\/2021\/09\/Zaziv-06.jpg'><img loading=\"lazy\" decoding=\"async\" width=\"1000\" height=\"1499\" src=\"https:\/\/zupasvnikolakc.hr\/wp-content\/uploads\/2021\/09\/Zaziv-06.jpg\" class=\"attachment-full size-full\" alt=\"\" srcset=\"https:\/\/zupasvnikolakc.hr\/wp-content\/uploads\/2021\/09\/Zaziv-06.jpg 1000w, https:\/\/zupasvnikolakc.hr\/wp-content\/uploads\/2021\/09\/Zaziv-06-200x300.jpg 200w, https:\/\/zupasvnikolakc.hr\/wp-content\/uploads\/2021\/09\/Zaziv-06-683x1024.jpg 683w, https:\/\/zupasvnikolakc.hr\/wp-content\/uploads\/2021\/09\/Zaziv-06-768x1151.jpg 768w, https:\/\/zupasvnikolakc.hr\/wp-content\/uploads\/2021\/09\/Zaziv-06-600x899.jpg 600w\" sizes=\"(max-width: 1000px) 100vw, 1000px\" \/><\/a>\n\t\t\t<\/div><\/figure><figure class='gallery-item'>\n\t\t\t<div class='gallery-icon portrait'>\n\t\t\t\t<a href='https:\/\/zupasvnikolakc.hr\/wp-content\/uploads\/2021\/09\/Zaziv-07.jpg'><img loading=\"lazy\" decoding=\"async\" width=\"1000\" height=\"1499\" src=\"https:\/\/zupasvnikolakc.hr\/wp-content\/uploads\/2021\/09\/Zaziv-07.jpg\" class=\"attachment-full size-full\" alt=\"\" srcset=\"https:\/\/zupasvnikolakc.hr\/wp-content\/uploads\/2021\/09\/Zaziv-07.jpg 1000w, https:\/\/zupasvnikolakc.hr\/wp-content\/uploads\/2021\/09\/Zaziv-07-200x300.jpg 200w, https:\/\/zupasvnikolakc.hr\/wp-content\/uploads\/2021\/09\/Zaziv-07-683x1024.jpg 683w, https:\/\/zupasvnikolakc.hr\/wp-content\/uploads\/2021\/09\/Zaziv-07-768x1151.jpg 768w, https:\/\/zupasvnikolakc.hr\/wp-content\/uploads\/2021\/09\/Zaziv-07-600x899.jpg 600w\" sizes=\"(max-width: 1000px) 100vw, 1000px\" \/><\/a>\n\t\t\t<\/div><\/figure><figure class='gallery-item'>\n\t\t\t<div class='gallery-icon portrait'>\n\t\t\t\t<a href='https:\/\/zupasvnikolakc.hr\/wp-content\/uploads\/2021\/09\/Zaziv-08.jpg'><img loading=\"lazy\" decoding=\"async\" width=\"1000\" height=\"1499\" src=\"https:\/\/zupasvnikolakc.hr\/wp-content\/uploads\/2021\/09\/Zaziv-08.jpg\" class=\"attachment-full size-full\" alt=\"\" srcset=\"https:\/\/zupasvnikolakc.hr\/wp-content\/uploads\/2021\/09\/Zaziv-08.jpg 1000w, https:\/\/zupasvnikolakc.hr\/wp-content\/uploads\/2021\/09\/Zaziv-08-200x300.jpg 200w, https:\/\/zupasvnikolakc.hr\/wp-content\/uploads\/2021\/09\/Zaziv-08-683x1024.jpg 683w, https:\/\/zupasvnikolakc.hr\/wp-content\/uploads\/2021\/09\/Zaziv-08-768x1151.jpg 768w, https:\/\/zupasvnikolakc.hr\/wp-content\/uploads\/2021\/09\/Zaziv-08-600x899.jpg 600w\" sizes=\"(max-width: 1000px) 100vw, 1000px\" \/><\/a>\n\t\t\t<\/div><\/figure><figure class='gallery-item'>\n\t\t\t<div class='gallery-icon portrait'>\n\t\t\t\t<a href='https:\/\/zupasvnikolakc.hr\/wp-content\/uploads\/2021\/09\/Zaziv-09.jpg'><img loading=\"lazy\" decoding=\"async\" width=\"1000\" height=\"1499\" src=\"https:\/\/zupasvnikolakc.hr\/wp-content\/uploads\/2021\/09\/Zaziv-09.jpg\" class=\"attachment-full size-full\" alt=\"\" srcset=\"https:\/\/zupasvnikolakc.hr\/wp-content\/uploads\/2021\/09\/Zaziv-09.jpg 1000w, https:\/\/zupasvnikolakc.hr\/wp-content\/uploads\/2021\/09\/Zaziv-09-200x300.jpg 200w, https:\/\/zupasvnikolakc.hr\/wp-content\/uploads\/2021\/09\/Zaziv-09-683x1024.jpg 683w, https:\/\/zupasvnikolakc.hr\/wp-content\/uploads\/2021\/09\/Zaziv-09-768x1151.jpg 768w, https:\/\/zupasvnikolakc.hr\/wp-content\/uploads\/2021\/09\/Zaziv-09-600x899.jpg 600w\" sizes=\"(max-width: 1000px) 100vw, 1000px\" \/><\/a>\n\t\t\t<\/div><\/figure><figure class='gallery-item'>\n\t\t\t<div class='gallery-icon landscape'>\n\t\t\t\t<a href='https:\/\/zupasvnikolakc.hr\/wp-content\/uploads\/2021\/09\/Zaziv-10.jpg'><img loading=\"lazy\" decoding=\"async\" width=\"1000\" height=\"666\" src=\"https:\/\/zupasvnikolakc.hr\/wp-content\/uploads\/2021\/09\/Zaziv-10.jpg\" class=\"attachment-full size-full\" alt=\"\" srcset=\"https:\/\/zupasvnikolakc.hr\/wp-content\/uploads\/2021\/09\/Zaziv-10.jpg 1000w, https:\/\/zupasvnikolakc.hr\/wp-content\/uploads\/2021\/09\/Zaziv-10-300x200.jpg 300w, https:\/\/zupasvnikolakc.hr\/wp-content\/uploads\/2021\/09\/Zaziv-10-768x511.jpg 768w, https:\/\/zupasvnikolakc.hr\/wp-content\/uploads\/2021\/09\/Zaziv-10-600x400.jpg 600w\" sizes=\"(max-width: 1000px) 100vw, 1000px\" \/><\/a>\n\t\t\t<\/div><\/figure><figure class='gallery-item'>\n\t\t\t<div class='gallery-icon landscape'>\n\t\t\t\t<a href='https:\/\/zupasvnikolakc.hr\/wp-content\/uploads\/2021\/09\/Zaziv-11.jpg'><img loading=\"lazy\" decoding=\"async\" width=\"1000\" height=\"666\" src=\"https:\/\/zupasvnikolakc.hr\/wp-content\/uploads\/2021\/09\/Zaziv-11.jpg\" class=\"attachment-full size-full\" alt=\"\" srcset=\"https:\/\/zupasvnikolakc.hr\/wp-content\/uploads\/2021\/09\/Zaziv-11.jpg 1000w, https:\/\/zupasvnikolakc.hr\/wp-content\/uploads\/2021\/09\/Zaziv-11-300x200.jpg 300w, https:\/\/zupasvnikolakc.hr\/wp-content\/uploads\/2021\/09\/Zaziv-11-768x511.jpg 768w, https:\/\/zupasvnikolakc.hr\/wp-content\/uploads\/2021\/09\/Zaziv-11-600x400.jpg 600w\" sizes=\"(max-width: 1000px) 100vw, 1000px\" \/><\/a>\n\t\t\t<\/div><\/figure><figure class='gallery-item'>\n\t\t\t<div class='gallery-icon landscape'>\n\t\t\t\t<a href='https:\/\/zupasvnikolakc.hr\/wp-content\/uploads\/2021\/09\/Zaziv-12.jpg'><img loading=\"lazy\" decoding=\"async\" width=\"1000\" height=\"750\" src=\"https:\/\/zupasvnikolakc.hr\/wp-content\/uploads\/2021\/09\/Zaziv-12.jpg\" class=\"attachment-full size-full\" alt=\"\" srcset=\"https:\/\/zupasvnikolakc.hr\/wp-content\/uploads\/2021\/09\/Zaziv-12.jpg 1000w, https:\/\/zupasvnikolakc.hr\/wp-content\/uploads\/2021\/09\/Zaziv-12-300x225.jpg 300w, https:\/\/zupasvnikolakc.hr\/wp-content\/uploads\/2021\/09\/Zaziv-12-768x576.jpg 768w, https:\/\/zupasvnikolakc.hr\/wp-content\/uploads\/2021\/09\/Zaziv-12-600x450.jpg 600w\" sizes=\"(max-width: 1000px) 100vw, 1000px\" \/><\/a>\n\t\t\t<\/div><\/figure><figure class='gallery-item'>\n\t\t\t<div class='gallery-icon landscape'>\n\t\t\t\t<a href='https:\/\/zupasvnikolakc.hr\/wp-content\/uploads\/2021\/09\/Zaziv-13.jpg'><img loading=\"lazy\" decoding=\"async\" width=\"1000\" height=\"750\" src=\"https:\/\/zupasvnikolakc.hr\/wp-content\/uploads\/2021\/09\/Zaziv-13.jpg\" class=\"attachment-full size-full\" alt=\"\" srcset=\"https:\/\/zupasvnikolakc.hr\/wp-content\/uploads\/2021\/09\/Zaziv-13.jpg 1000w, https:\/\/zupasvnikolakc.hr\/wp-content\/uploads\/2021\/09\/Zaziv-13-300x225.jpg 300w, https:\/\/zupasvnikolakc.hr\/wp-content\/uploads\/2021\/09\/Zaziv-13-768x576.jpg 768w, https:\/\/zupasvnikolakc.hr\/wp-content\/uploads\/2021\/09\/Zaziv-13-600x450.jpg 600w\" sizes=\"(max-width: 1000px) 100vw, 1000px\" \/><\/a>\n\t\t\t<\/div><\/figure>\n\t\t<\/div>\n<\/p>\t\t\t\t\t\t\t\t<\/div>\n\t\t\t\t<\/div>\n\t\t\t\t\t<\/div>\n\t\t<\/div>\n\t\t\t\t\t<\/div>\n\t\t<\/section>\n\t\t\t\t<\/div>\n\t\t","protected":false},"excerpt":{"rendered":"<p>Kao kr\u0161\u0107ani i vjernici svjesni smo da svaki \u017eivotni po\u010detak, pa tako i po\u010detak nove \u0161kolske godine, trebamo zapo\u010deti s Bo\u017ejim blagoslovom. Stoga smo i mi kao \u017eupna zajednica u nedjelju, 12. rujna, zazvali Duha Svetoga na na\u0161u djecu i mlade, ali i na sve nas na misama u 11 i 18 h. \u010culi smo [&hellip;]<\/p>\n","protected":false},"author":1,"featured_media":2989,"comment_status":"closed","ping_status":"closed","sticky":false,"template":"","format":"standard","meta":{"ocean_post_layout":"","ocean_both_sidebars_style":"","ocean_both_sidebars_content_width":0,"ocean_both_sidebars_sidebars_width":0,"ocean_sidebar":"0","ocean_second_sidebar":"0","ocean_disable_margins":"enable","ocean_add_body_class":"","ocean_shortcode_before_top_bar":"","ocean_shortcode_after_top_bar":"","ocean_shortcode_before_header":"","ocean_shortcode_after_header":"","ocean_has_shortcode":"","ocean_shortcode_after_title":"","ocean_shortcode_before_footer_widgets":"","ocean_shortcode_after_footer_widgets":"","ocean_shortcode_before_footer_bottom":"","ocean_shortcode_after_footer_bottom":"","ocean_display_top_bar":"default","ocean_display_header":"default","ocean_header_style":"","ocean_center_header_left_menu":"0","ocean_custom_header_template":"0","ocean_custom_logo":0,"ocean_custom_retina_logo":0,"ocean_custom_logo_max_width":0,"ocean_custom_logo_tablet_max_width":0,"ocean_custom_logo_mobile_max_width":0,"ocean_custom_logo_max_height":0,"ocean_custom_logo_tablet_max_height":0,"ocean_custom_logo_mobile_max_height":0,"ocean_header_custom_menu":"0","ocean_menu_typo_font_family":"0","ocean_menu_typo_font_subset":"","ocean_menu_typo_font_size":0,"ocean_menu_typo_font_size_tablet":0,"ocean_menu_typo_font_size_mobile":0,"ocean_menu_typo_font_size_unit":"px","ocean_menu_typo_font_weight":"","ocean_menu_typo_font_weight_tablet":"","ocean_menu_typo_font_weight_mobile":"","ocean_menu_typo_transform":"","ocean_menu_typo_transform_tablet":"","ocean_menu_typo_transform_mobile":"","ocean_menu_typo_line_height":0,"ocean_menu_typo_line_height_tablet":0,"ocean_menu_typo_line_height_mobile":0,"ocean_menu_typo_line_height_unit":"","ocean_menu_typo_spacing":0,"ocean_menu_typo_spacing_tablet":0,"ocean_menu_typo_spacing_mobile":0,"ocean_menu_typo_spacing_unit":"","ocean_menu_link_color":"","ocean_menu_link_color_hover":"","ocean_menu_link_color_active":"","ocean_menu_link_background":"","ocean_menu_link_hover_background":"","ocean_menu_link_active_background":"","ocean_menu_social_links_bg":"","ocean_menu_social_hover_links_bg":"","ocean_menu_social_links_color":"","ocean_menu_social_hover_links_color":"","ocean_disable_title":"default","ocean_disable_heading":"default","ocean_post_title":"","ocean_post_subheading":"","ocean_post_title_style":"","ocean_post_title_background_color":"","ocean_post_title_background":0,"ocean_post_title_bg_image_position":"","ocean_post_title_bg_image_attachment":"","ocean_post_title_bg_image_repeat":"","ocean_post_title_bg_image_size":"","ocean_post_title_height":0,"ocean_post_title_bg_overlay":0.5,"ocean_post_title_bg_overlay_color":"","ocean_disable_breadcrumbs":"default","ocean_breadcrumbs_color":"","ocean_breadcrumbs_separator_color":"","ocean_breadcrumbs_links_color":"","ocean_breadcrumbs_links_hover_color":"","ocean_display_footer_widgets":"default","ocean_display_footer_bottom":"default","ocean_custom_footer_template":"0","ocean_post_oembed":"","ocean_post_self_hosted_media":"","ocean_post_video_embed":"","ocean_link_format":"","ocean_link_format_target":"self","ocean_quote_format":"","ocean_quote_format_link":"post","ocean_gallery_link_images":"off","ocean_gallery_id":[],"footnotes":""},"categories":[16],"tags":[],"class_list":["post-2988","post","type-post","status-publish","format-standard","has-post-thumbnail","hentry","category-vijesti","entry","has-media"],"views":1554,"_links":{"self":[{"href":"https:\/\/zupasvnikolakc.hr\/index.php?rest_route=\/wp\/v2\/posts\/2988","targetHints":{"allow":["GET"]}}],"collection":[{"href":"https:\/\/zupasvnikolakc.hr\/index.php?rest_route=\/wp\/v2\/posts"}],"about":[{"href":"https:\/\/zupasvnikolakc.hr\/index.php?rest_route=\/wp\/v2\/types\/post"}],"author":[{"embeddable":true,"href":"https:\/\/zupasvnikolakc.hr\/index.php?rest_route=\/wp\/v2\/users\/1"}],"replies":[{"embeddable":true,"href":"https:\/\/zupasvnikolakc.hr\/index.php?rest_route=%2Fwp%2Fv2%2Fcomments&post=2988"}],"version-history":[{"count":4,"href":"https:\/\/zupasvnikolakc.hr\/index.php?rest_route=\/wp\/v2\/posts\/2988\/revisions"}],"predecessor-version":[{"id":3006,"href":"https:\/\/zupasvnikolakc.hr\/index.php?rest_route=\/wp\/v2\/posts\/2988\/revisions\/3006"}],"wp:featuredmedia":[{"embeddable":true,"href":"https:\/\/zupasvnikolakc.hr\/index.php?rest_route=\/wp\/v2\/media\/2989"}],"wp:attachment":[{"href":"https:\/\/zupasvnikolakc.hr\/index.php?rest_route=%2Fwp%2Fv2%2Fmedia&parent=2988"}],"wp:term":[{"taxonomy":"category","embeddable":true,"href":"https:\/\/zupasvnikolakc.hr\/index.php?rest_route=%2Fwp%2Fv2%2Fcategories&post=2988"},{"taxonomy":"post_tag","embeddable":true,"href":"https:\/\/zupasvnikolakc.hr\/index.php?rest_route=%2Fwp%2Fv2%2Ftags&post=2988"}],"curies":[{"name":"wp","href":"https:\/\/api.w.org\/{rel}","templated":true}]}}