{"id":3091,"date":"2021-10-16T19:00:00","date_gmt":"2021-10-16T17:00:00","guid":{"rendered":"https:\/\/zupasvnikolakc.hr\/?p=3091"},"modified":"2021-10-14T21:39:55","modified_gmt":"2021-10-14T19:39:55","slug":"29-nedjelja-kroz-godinu-2","status":"publish","type":"post","link":"https:\/\/zupasvnikolakc.hr\/?p=3091","title":{"rendered":"29. nedjelja kroz godinu"},"content":{"rendered":"\t\t<div data-elementor-type=\"wp-post\" data-elementor-id=\"3091\" class=\"elementor elementor-3091\" data-elementor-post-type=\"post\">\n\t\t\t\t\t\t<section class=\"elementor-section elementor-top-section elementor-element elementor-element-bcfe8e9 elementor-section-boxed elementor-section-height-default elementor-section-height-default\" data-id=\"bcfe8e9\" data-element_type=\"section\" data-e-type=\"section\">\n\t\t\t\t\t\t<div class=\"elementor-container elementor-column-gap-default\">\n\t\t\t\t\t<div class=\"elementor-column elementor-col-100 elementor-top-column elementor-element elementor-element-0558402\" data-id=\"0558402\" data-element_type=\"column\" data-e-type=\"column\">\n\t\t\t<div class=\"elementor-widget-wrap elementor-element-populated\">\n\t\t\t\t\t\t<div class=\"elementor-element elementor-element-35d5791 elementor-widget elementor-widget-text-editor\" data-id=\"35d5791\" data-element_type=\"widget\" data-e-type=\"widget\" data-widget_type=\"text-editor.default\">\n\t\t\t\t<div class=\"elementor-widget-container\">\n\t\t\t\t\t\t\t\t\t<p><span style=\"color: #000000;\">Dragi vjernici slu\u0161aju\u0107i dana\u0161nje evan\u0111elje 29. nedjelje kroz godinu, primje\u0107ujemo da se \u010dovjek i nakon vi\u0161e od dvije tisu\u0107e godina nije puno promijenio. Dana\u0161nje evan\u0111elje nam donosi odnos dviju logika, logike svijeta i logike neba, odnosno logike vladanja koja je na pameti i samim apostolima i logike slu\u017eenja o kojoj im govori i svjedo\u010di sam Isus. Ova dvojica Isusovih u\u010denika nisu bili druk\u010diji od drugih Isusovih u\u010denika. I drugi su s Isusom imali sli\u010dne planove. Zato su, ka\u017ee nam evan\u0111elist, bili gnjevni na ovu dvojicu. No da ne mislimo da smo mi dana\u0161nji kr\u0161\u0107ani bolji, i me\u0111u nama, ima puno onih kojima dru\u017eenje s Isusom, a ono danas zna\u010di javno se deklarirati kao kr\u0161\u0107anin, nije drugo doli prilika za zauzeti \u0161to bolja mjesta u dru\u0161tvu. Nasuprot ovoj logici, logici svijeta, odnosno logici vladanja, od koje na \u017ealost nismo po\u0161te\u0111eni ni mi, Isus i danas kao i ju\u010der predla\u017ee nebesku logiku, odnosno logiku slu\u017eenja. To je ona logika koja se u dana\u0161njem evan\u0111elju uobli\u010dila u njegov dijalog s dvojicom u\u010denika, ali i s cijelom u\u010deni\u010dkom zajednicom, koja uklju\u010duje i svakog od nas pojedina\u010dno i sve nas zajedno kao Crkvu. Isus nam nije samo govorio \u0161to trebamo \u010diniti i po kojoj logici trebamo \u017eivjeti, nego je ono \u0161to je nama preporu\u010divao i sam \u017eivio: \u201eSin \u010dovje\u010dji nije do\u0161ao da bude slu\u017een, nego da slu\u017ei i \u017eivot svoj dade kao otkupninu za mnoge.\u201c Zahvaljuju\u0107i Ivanovoj i Jakovljevoj zamolbi i prigovaranju u\u010denika, a i mi smo svi sa svojim ljudskim \u017eeljama i Jakov i Ivan koji \u017eele prva mjesta i u\u010denici koji im zbog toga prigovaraju, Isus danas i nas upozorava na opasnosti svjetovne logike vladanja, da bi nas pou\u010dio neprolaznoj vrijednosti nebeske logike slu\u017eenja. \u010cini to jer zna da je to ona logika koja je jedina sposobna ovaj svijet u\u010diniti boljim i pravednijim svijetom, jer je to logika onih koji \u017eive\u0107i ne vidi samo sebe, nego uz sebe vide bra\u0107u i sestre, osobito one koji su potrebni toga da ih vidimo i poslu\u017eimo kao bra\u0107u i sestre.<\/span><\/p>\t\t\t\t\t\t\t\t<\/div>\n\t\t\t\t<\/div>\n\t\t\t\t<div class=\"elementor-element elementor-element-a86e372 elementor-widget elementor-widget-text-editor\" data-id=\"a86e372\" data-element_type=\"widget\" data-e-type=\"widget\" data-widget_type=\"text-editor.default\">\n\t\t\t\t<div class=\"elementor-widget-container\">\n\t\t\t\t\t\t\t\t\t<p><span style=\"color: #ff0000;\"><strong>\u017dUPNE OBAVIJESTI<\/strong><\/span><\/p><p><span style=\"color: #000000;\"><strong>KR\u0160TENJE:<\/strong><\/span><\/p><ul><li><span style=\"color: #000000;\">David Turi \u2013 subota (23.10.2021.) u 12 h<\/span><\/li><li><span style=\"color: #000000;\">Matej Matekalo \u2013 subota (23.10.2021.) u 15 h<\/span><\/li><\/ul><p><span style=\"color: #000000;\"><strong>\u00a0<\/strong><strong>VJERONAUK:<\/strong><\/span><\/p><ul><li><span style=\"color: #000000;\">krizmanici \u2013 subota (23.10.2021.) u 9 h<\/span><\/li><li><span style=\"color: #000000;\">prvopri\u010desnici \u2013 srijeda (20.10.2021.) u 15 h<\/span><\/li><\/ul><p>\u00a0<\/p><p><a href=\"https:\/\/zupasvnikolakc.hr\/wp-content\/uploads\/2021\/10\/29.n.k.g-listic-2021..pdf\"><span style=\"color: #ff0000;\">\u017dUPNI LISTI\u0106<\/span><\/a><\/p>\t\t\t\t\t\t\t\t<\/div>\n\t\t\t\t<\/div>\n\t\t\t\t\t<\/div>\n\t\t<\/div>\n\t\t\t\t\t<\/div>\n\t\t<\/section>\n\t\t\t\t<\/div>\n\t\t","protected":false},"excerpt":{"rendered":"<p>Dragi vjernici slu\u0161aju\u0107i dana\u0161nje evan\u0111elje 29. nedjelje kroz godinu, primje\u0107ujemo da se \u010dovjek i nakon vi\u0161e od dvije tisu\u0107e godina nije puno promijenio. Dana\u0161nje evan\u0111elje nam donosi odnos dviju logika, logike svijeta i logike neba, odnosno logike vladanja koja je na pameti i samim apostolima i logike slu\u017eenja o kojoj im govori i svjedo\u010di sam [&hellip;]<\/p>\n","protected":false},"author":1,"featured_media":3092,"comment_status":"closed","ping_status":"closed","sticky":false,"template":"","format":"standard","meta":{"ocean_post_layout":"","ocean_both_sidebars_style":"","ocean_both_sidebars_content_width":0,"ocean_both_sidebars_sidebars_width":0,"ocean_sidebar":"0","ocean_second_sidebar":"0","ocean_disable_margins":"enable","ocean_add_body_class":"","ocean_shortcode_before_top_bar":"","ocean_shortcode_after_top_bar":"","ocean_shortcode_before_header":"","ocean_shortcode_after_header":"","ocean_has_shortcode":"","ocean_shortcode_after_title":"","ocean_shortcode_before_footer_widgets":"","ocean_shortcode_after_footer_widgets":"","ocean_shortcode_before_footer_bottom":"","ocean_shortcode_after_footer_bottom":"","ocean_display_top_bar":"default","ocean_display_header":"default","ocean_header_style":"","ocean_center_header_left_menu":"0","ocean_custom_header_template":"0","ocean_custom_logo":0,"ocean_custom_retina_logo":0,"ocean_custom_logo_max_width":0,"ocean_custom_logo_tablet_max_width":0,"ocean_custom_logo_mobile_max_width":0,"ocean_custom_logo_max_height":0,"ocean_custom_logo_tablet_max_height":0,"ocean_custom_logo_mobile_max_height":0,"ocean_header_custom_menu":"0","ocean_menu_typo_font_family":"0","ocean_menu_typo_font_subset":"","ocean_menu_typo_font_size":0,"ocean_menu_typo_font_size_tablet":0,"ocean_menu_typo_font_size_mobile":0,"ocean_menu_typo_font_size_unit":"px","ocean_menu_typo_font_weight":"","ocean_menu_typo_font_weight_tablet":"","ocean_menu_typo_font_weight_mobile":"","ocean_menu_typo_transform":"","ocean_menu_typo_transform_tablet":"","ocean_menu_typo_transform_mobile":"","ocean_menu_typo_line_height":0,"ocean_menu_typo_line_height_tablet":0,"ocean_menu_typo_line_height_mobile":0,"ocean_menu_typo_line_height_unit":"","ocean_menu_typo_spacing":0,"ocean_menu_typo_spacing_tablet":0,"ocean_menu_typo_spacing_mobile":0,"ocean_menu_typo_spacing_unit":"","ocean_menu_link_color":"","ocean_menu_link_color_hover":"","ocean_menu_link_color_active":"","ocean_menu_link_background":"","ocean_menu_link_hover_background":"","ocean_menu_link_active_background":"","ocean_menu_social_links_bg":"","ocean_menu_social_hover_links_bg":"","ocean_menu_social_links_color":"","ocean_menu_social_hover_links_color":"","ocean_disable_title":"default","ocean_disable_heading":"default","ocean_post_title":"","ocean_post_subheading":"","ocean_post_title_style":"","ocean_post_title_background_color":"","ocean_post_title_background":0,"ocean_post_title_bg_image_position":"","ocean_post_title_bg_image_attachment":"","ocean_post_title_bg_image_repeat":"","ocean_post_title_bg_image_size":"","ocean_post_title_height":0,"ocean_post_title_bg_overlay":0.5,"ocean_post_title_bg_overlay_color":"","ocean_disable_breadcrumbs":"default","ocean_breadcrumbs_color":"","ocean_breadcrumbs_separator_color":"","ocean_breadcrumbs_links_color":"","ocean_breadcrumbs_links_hover_color":"","ocean_display_footer_widgets":"default","ocean_display_footer_bottom":"default","ocean_custom_footer_template":"0","ocean_post_oembed":"","ocean_post_self_hosted_media":"","ocean_post_video_embed":"","ocean_link_format":"","ocean_link_format_target":"self","ocean_quote_format":"","ocean_quote_format_link":"post","ocean_gallery_link_images":"off","ocean_gallery_id":[],"footnotes":""},"categories":[16],"tags":[],"class_list":["post-3091","post","type-post","status-publish","format-standard","has-post-thumbnail","hentry","category-vijesti","entry","has-media"],"views":1538,"_links":{"self":[{"href":"https:\/\/zupasvnikolakc.hr\/index.php?rest_route=\/wp\/v2\/posts\/3091","targetHints":{"allow":["GET"]}}],"collection":[{"href":"https:\/\/zupasvnikolakc.hr\/index.php?rest_route=\/wp\/v2\/posts"}],"about":[{"href":"https:\/\/zupasvnikolakc.hr\/index.php?rest_route=\/wp\/v2\/types\/post"}],"author":[{"embeddable":true,"href":"https:\/\/zupasvnikolakc.hr\/index.php?rest_route=\/wp\/v2\/users\/1"}],"replies":[{"embeddable":true,"href":"https:\/\/zupasvnikolakc.hr\/index.php?rest_route=%2Fwp%2Fv2%2Fcomments&post=3091"}],"version-history":[{"count":5,"href":"https:\/\/zupasvnikolakc.hr\/index.php?rest_route=\/wp\/v2\/posts\/3091\/revisions"}],"predecessor-version":[{"id":3098,"href":"https:\/\/zupasvnikolakc.hr\/index.php?rest_route=\/wp\/v2\/posts\/3091\/revisions\/3098"}],"wp:featuredmedia":[{"embeddable":true,"href":"https:\/\/zupasvnikolakc.hr\/index.php?rest_route=\/wp\/v2\/media\/3092"}],"wp:attachment":[{"href":"https:\/\/zupasvnikolakc.hr\/index.php?rest_route=%2Fwp%2Fv2%2Fmedia&parent=3091"}],"wp:term":[{"taxonomy":"category","embeddable":true,"href":"https:\/\/zupasvnikolakc.hr\/index.php?rest_route=%2Fwp%2Fv2%2Fcategories&post=3091"},{"taxonomy":"post_tag","embeddable":true,"href":"https:\/\/zupasvnikolakc.hr\/index.php?rest_route=%2Fwp%2Fv2%2Ftags&post=3091"}],"curies":[{"name":"wp","href":"https:\/\/api.w.org\/{rel}","templated":true}]}}