{"id":3529,"date":"2021-12-25T22:09:01","date_gmt":"2021-12-25T21:09:01","guid":{"rendered":"https:\/\/zupasvnikolakc.hr\/?p=3529"},"modified":"2021-12-25T22:14:02","modified_gmt":"2021-12-25T21:14:02","slug":"nedjelja-svete-obitelji-2","status":"publish","type":"post","link":"https:\/\/zupasvnikolakc.hr\/?p=3529","title":{"rendered":"NEDJELJA SVETE OBITELJI"},"content":{"rendered":"\t\t<div data-elementor-type=\"wp-post\" data-elementor-id=\"3529\" class=\"elementor elementor-3529\" data-elementor-post-type=\"post\">\n\t\t\t\t\t\t<section class=\"elementor-section elementor-top-section elementor-element elementor-element-12effd8 elementor-section-boxed elementor-section-height-default elementor-section-height-default\" data-id=\"12effd8\" data-element_type=\"section\" data-e-type=\"section\">\n\t\t\t\t\t\t<div class=\"elementor-container elementor-column-gap-default\">\n\t\t\t\t\t<div class=\"elementor-column elementor-col-100 elementor-top-column elementor-element elementor-element-88c1c24\" data-id=\"88c1c24\" data-element_type=\"column\" data-e-type=\"column\">\n\t\t\t<div class=\"elementor-widget-wrap elementor-element-populated\">\n\t\t\t\t\t\t<div class=\"elementor-element elementor-element-50efc79 elementor-widget elementor-widget-text-editor\" data-id=\"50efc79\" data-element_type=\"widget\" data-e-type=\"widget\" data-widget_type=\"text-editor.default\">\n\t\t\t\t<div class=\"elementor-widget-container\">\n\t\t\t\t\t\t\t\t\t<p><span style=\"color: #000000;\">Dragi vjernici, prva nedjelja nakon blagdana Bo\u017ei\u0107a posve\u0107ena je obitelji. Nije to bez razloga, jer i sam Bog se rodio u obitelji, \u017eele\u0107i time svim nara\u0161tajima kroz povijest nazna\u010diti va\u017enost obitelji. U Bo\u017ejem naumu obitelj je bila i ostala najsvetija stanica ljudskog \u017eivota, ona je temeljno ognji\u0161te u kojem \u010dovjek stje\u010de svoj kulturni, vjerski i nacionalni identitet, ognji\u0161te iz kojeg izrasta u odrasla \u010dovjeka pozvana da osniva vlastitu obitelj i nastavlja tako Bo\u017eji naum opstanka \u010dovje\u010danstva na zemlji. S pravom mo\u017eemo ustvrditi da ljudsku povijest, kako god to \u010dudno izgledalo, ipak ne oblikuju silnici nego obi\u010dni, mali ljudi koji se prepu\u0161taju Bo\u017ejem vo\u0111enju! I ti ljudi nisu izrasli iz nekih instituta za proizvodnju velikana, nego iz jednostavnih, ljubavlju zalijevanih ljudskih obitelji. Obitelj je djelo Bo\u017eje ljubavi od samih po\u010detaka, a po ro\u0111enju Isusa ona postaje jo\u0161 dragocjenija kolijevka \u010dovje\u010danstva. Nazaretsku Obitelj nazivamo svetom upravo zato jer je Isus bio sredi\u0161te te obitelji! I usprkos Isusovoj prisutnosti, ni ta obitelj nije bila po\u0161te\u0111ena te\u0161ko\u0107a. No, sve je nadvladano jer su se Josip i Marija oslanjali na dobrog Boga. Svaka obitelj koja to \u017eeli mo\u017ee uvijek ra\u010dunati na Njega. Postavimo si pitanje danas, na blagdan Obitelji, ra\u010dunamo li s Njim u na\u0161im \u017eivotima i obiteljima? Koliki je zna\u010daj Bo\u017eje rije\u010di u mojoj obitelji, najvidljivije je iz toga kakvu ljestvicu ljudskih vrlina gajimo. Je li onakva kakva je vladala u Svetoj Obitelji ili neka druga? Zapitajmo se, jesu li na\u0161e obitelji ljubitelji i \u010duvari \u017eivota ili je ljudski rod postao civilizacija smrti, kako je to \u010desto upozoravao sveti papa Ivan Pavao II. Isus je \u017divot i ako mu otvorimo na njegovo kucanje, \u017eivot pu\u0161tamo u na\u0161e obitelji. U Isusovoj obitelji vladala je ljubav! Ako u na\u0161oj domovini dolazi do uni\u0161tenja svakog tre\u0107eg braka, zar onda nije o\u010dito kako temelj na\u0161im obiteljima nije ljubav, ili jo\u0161 o\u010ditije, u na\u0161im obiteljima nedostaje Ljubav pisana velikim slovom. Sv. Pavao nam jasno poru\u010duje u dana\u0161njoj poslanici: \u201eA povrh svega ljubav, to je sveza savr\u0161enstva.\u201c Za kr\u0161\u0107anske obitelji va\u017ean je Bo\u017eji poziv na ljubav. Utecimo se svi zajedno Svetoj Obitelji da temelj na kojem je ona opstala, a to je Ljubav, postane i temelj na\u0161im obiteljima i na\u0161em narodu!<\/span><\/p><p style=\"text-align: right;\"><em><span style=\"color: #000000;\">Tomislav Petri\u0107, \u017eupnik<\/span><\/em><\/p>\t\t\t\t\t\t\t\t<\/div>\n\t\t\t\t<\/div>\n\t\t\t\t<div class=\"elementor-element elementor-element-a8f55f8 elementor-widget elementor-widget-text-editor\" data-id=\"a8f55f8\" data-element_type=\"widget\" data-e-type=\"widget\" data-widget_type=\"text-editor.default\">\n\t\t\t\t<div class=\"elementor-widget-container\">\n\t\t\t\t\t\t\t\t\t<p><span style=\"color: #ff0000;\"><strong>\u017dUPNE OBAVIJESTI<\/strong><\/span><\/p><ol><li><span style=\"color: #000000;\">Ivica Popija\u010d, Vara\u017edinska c 53<\/span><\/li><li><span style=\"color: #000000;\">Obitelj Tu\u0161ek, \u010carda 66<\/span><\/li><li><span style=\"color: #000000;\">Ru\u017ea Me\u0111imorec, Lj. Gaja 19<\/span><\/li><li><span style=\"color: #000000;\">Dragica Bardek, A. \u0160enoe 1<\/span><\/li><li><span style=\"color: #000000;\">Marija Maljak, Trg Mladosti 18<\/span><\/li><li><span style=\"color: #000000;\">Obitelj So\u010dev, M. P. Mi\u0161kine 34 B<\/span><\/li><li><span style=\"color: #000000;\">Obitelj \u0110akovi\u0107, Duga ulica 8<\/span><\/li><li><span style=\"color: #000000;\">Obitelj Nemec, Ledinska 32<\/span><\/li><li><span style=\"color: #000000;\">Obitelj Novogradec i Galovi\u0107, Dom\u017ealska 20<\/span><\/li><li><span style=\"color: #000000;\">Obitelj Perika, Peteranska 70<\/span><\/li><li><span style=\"color: #000000;\">Obitelj O\u0161tarija\u0161, Trg kr. Tomislava 9<\/span><\/li><li><span style=\"color: #000000;\">Obitelj Pa\u0161a, Kr. Jelene 11<\/span><\/li><li><span style=\"color: #000000;\">Obitelj Ru\u017ei\u0107, Trg E. Kumi\u010di\u0107a 15<\/span><\/li><li><span style=\"color: #000000;\">Ru\u017ea \u010culinovi\u0107, Trg kr. Tomislava 8<\/span><\/li><li><span style=\"color: #000000;\">Obitelj Vaupoti\u0107, Trg kr. Tomislava 8<\/span><\/li><li><span style=\"color: #000000;\">Obitelj \u0160pi\u010dko, \u0110. Estera 9<\/span><\/li><li><span style=\"color: #000000;\">Obitelj Vargantoli\u0107, \u0110. Basari\u010deka 23 A<\/span><\/li><li><span style=\"color: #000000;\">Obitelj Malinovi\u0107, Vini\u010dka 11<\/span><\/li><li><span style=\"color: #000000;\">Maja Lon\u010dar Kne\u017eevi\u0107, Trg kr. Tomislava 7<\/span><\/li><li><span style=\"color: #000000;\">Sanja Crnkovi\u0107, Trg kr. Tomislava 3<\/span><\/li><li><span style=\"color: #000000;\">Bernarda Lon\u010dar, Hrv. branitelja 20<\/span><\/li><li><span style=\"color: #000000;\">Ana Tkalec, I. Me\u0161trovi\u0107a 19<\/span><\/li><li><span style=\"color: #000000;\">Obitelj Stoj\u010di\u0107, Trg E. Kumi\u010di\u0107a 13<\/span><\/li><li><span style=\"color: #000000;\">Obitelj Pavlek, D. Banovec 12<\/span><\/li><li><span style=\"color: #000000;\">Obitelj Bukvi\u0107, Peteranska 117<\/span><\/li><li><span style=\"color: #000000;\">Obitelj Solar i Bubalo, F. Galovi\u0107a 3A<\/span><\/li><li><span style=\"color: #000000;\">Bla\u017eenka Androli\u0107, \u0110. Basari\u010deka 47<\/span><\/li><li><span style=\"color: #000000;\">Obitelj Potro\u0161ko, F. Galovi\u0107a 22A<\/span><\/li><li><span style=\"color: #000000;\">Nada Gor\u0161eta, G. Karlov\u010dana 14<\/span><\/li><li><span style=\"color: #000000;\">Ru\u017eica Nesti\u0107, Trg J. J. Strossmayera 2<\/span><\/li><li><span style=\"color: #000000;\">Bo\u017eana Sabolek, Br. Radi\u0107 17<\/span><\/li><li><span style=\"color: #000000;\">Obitelj Vazdar, K. Zrinski 19 A<\/span><\/li><li><span style=\"color: #000000;\">Vesna Vi\u0161nji\u0107, Kolodvorska 17<\/span><\/li><li><span style=\"color: #000000;\">Obitelj Sever, F. Galovi\u0107a 43<\/span><\/li><li><span style=\"color: #000000;\">Obitelj Bla\u017eek, Lj. Gaja 16<\/span><\/li><li><span style=\"color: #000000;\">Obitelj Pu\u017e, D. Banovec 24<\/span><\/li><li><span style=\"color: #000000;\">Obitelj Kre\u0161e Gal, Dalmatinska 4<\/span><\/li><li><span style=\"color: #000000;\">Anica Velaj, Trg E. Kumi\u010di\u0107a 12<\/span><\/li><li><span style=\"color: #000000;\">Danica i Josip Lesar, Marofska 12A<\/span><\/li><li><span style=\"color: #000000;\">Zoran i Koraljaka Ko\u0161uta, \u0110. Basari\u010deka 2 A<\/span><\/li><li><span style=\"color: #000000;\">Obitelj Lohajner, Pavelinska 26<\/span><\/li><li><span style=\"color: #000000;\">Dar jedne osobe<\/span><\/li><li><span style=\"color: #000000;\">Obitelj Nemec, Ledinska 32<\/span><\/li><li><span style=\"color: #000000;\">Obitelj Telic, Pavelinska 5<\/span><\/li><li><span style=\"color: #000000;\">Obitelj Zagrajski, Pavelinska 5<\/span><\/li><li><span style=\"color: #000000;\">Obitelj Smok, I. Me\u0161trovi\u0107a<\/span><\/li><li><span style=\"color: #000000;\">Obitelj Podravec, I. Me\u0161trovi\u0107a<\/span><\/li><li><span style=\"color: #000000;\">Ivana Ve\u010denaj, F. Galovi\u0107a 45<\/span><\/li><li><span style=\"color: #000000;\">Obitelj Matijevi\u0107, \u010carda 47<\/span><\/li><li><span style=\"color: #000000;\">Obitelj Tanackovi\u0107, Trg Mladosti 15<\/span><\/li><li><span style=\"color: #000000;\">Obitelj \u0160alamon, F. Ga\u017eija 12 A<\/span><\/li><li><span style=\"color: #000000;\">Jozo Samar\u017eija, M. P. Mi\u0161kine 62 A<\/span><\/li><li><span style=\"color: #000000;\">Obitelj Novak, M. P. Mi\u0161kine 64 A<\/span><\/li><li><span style=\"color: #000000;\">Josip i Katica Feren\u010dak, Duga ulica7<\/span><\/li><li><span style=\"color: #000000;\">Obitelj Strmecki, Trg Podrav. heroja 5<\/span><\/li><li><span style=\"color: #000000;\">Obitelj Plav\u0161i\u0107, Trg kr. Kre\u0161imira 9<\/span><\/li><li><span style=\"color: #000000;\">Obitelj Bo\u017ei\u0107, F. Ga\u017eija 17<\/span><\/li><li><span style=\"color: #000000;\">Bo\u017eica Bartolec, A. Nem\u010di\u0107a 4<\/span><\/li><li><span style=\"color: #000000;\">Katica Vrbo\u0161i\u0107, I. Me\u0161trovi\u0107a 28<\/span><\/li><li><span style=\"color: #000000;\">Obitelj Novak Ljepojevi\u0107, A. \u0160enoe 23<\/span><\/li><li><span style=\"color: #000000;\">Obitelj Jakopec, Peteranska 2 C<\/span><\/li><li><span style=\"color: #000000;\">Obitelj Zagor\u0161\u010dak, \u0160taglinec 1<\/span><\/li><li><span style=\"color: #000000;\">Obitelj Milanovi\u0107, Ivanjska 21<\/span><\/li><li><span style=\"color: #000000;\">Obitelj \u0110ukin, Miklinovec 168 A<\/span><\/li><li><span style=\"color: #000000;\">Pogrebno 5 P Internacional<\/span><\/li><li><span style=\"color: #000000;\">Obitelj Mihotek, F. glovi\u0107a 6<\/span><\/li><li><span style=\"color: #000000;\">Obitelj \u0160ef, D. Banovac 19<\/span><\/li><li><span style=\"color: #000000;\">Obitelj Grube\u0161i\u0107, Prav. Me\u0111u narodima 7<\/span><\/li><li><span style=\"color: #000000;\">Obitelj Pancir, G. Banovec 23<\/span><\/li><li><span style=\"color: #000000;\">Obitelj Galinec, I. Me\u0161trovi\u0107a 20A<\/span><\/li><li><span style=\"color: #000000;\">Marica Ogrinec, Frankopanska 23 B<\/span><\/li><\/ol>\t\t\t\t\t\t\t\t<\/div>\n\t\t\t\t<\/div>\n\t\t\t\t\t<\/div>\n\t\t<\/div>\n\t\t\t\t\t<\/div>\n\t\t<\/section>\n\t\t\t\t<\/div>\n\t\t","protected":false},"excerpt":{"rendered":"<p>Dragi vjernici, prva nedjelja nakon blagdana Bo\u017ei\u0107a posve\u0107ena je obitelji. Nije to bez razloga, jer i sam Bog se rodio u obitelji, \u017eele\u0107i time svim nara\u0161tajima kroz povijest nazna\u010diti va\u017enost obitelji. U Bo\u017ejem naumu obitelj je bila i ostala najsvetija stanica ljudskog \u017eivota, ona je temeljno ognji\u0161te u kojem \u010dovjek stje\u010de svoj kulturni, vjerski i [&hellip;]<\/p>\n","protected":false},"author":1,"featured_media":3530,"comment_status":"closed","ping_status":"closed","sticky":false,"template":"","format":"standard","meta":{"ocean_post_layout":"","ocean_both_sidebars_style":"","ocean_both_sidebars_content_width":0,"ocean_both_sidebars_sidebars_width":0,"ocean_sidebar":"0","ocean_second_sidebar":"0","ocean_disable_margins":"enable","ocean_add_body_class":"","ocean_shortcode_before_top_bar":"","ocean_shortcode_after_top_bar":"","ocean_shortcode_before_header":"","ocean_shortcode_after_header":"","ocean_has_shortcode":"","ocean_shortcode_after_title":"","ocean_shortcode_before_footer_widgets":"","ocean_shortcode_after_footer_widgets":"","ocean_shortcode_before_footer_bottom":"","ocean_shortcode_after_footer_bottom":"","ocean_display_top_bar":"default","ocean_display_header":"default","ocean_header_style":"","ocean_center_header_left_menu":"0","ocean_custom_header_template":"0","ocean_custom_logo":0,"ocean_custom_retina_logo":0,"ocean_custom_logo_max_width":0,"ocean_custom_logo_tablet_max_width":0,"ocean_custom_logo_mobile_max_width":0,"ocean_custom_logo_max_height":0,"ocean_custom_logo_tablet_max_height":0,"ocean_custom_logo_mobile_max_height":0,"ocean_header_custom_menu":"0","ocean_menu_typo_font_family":"0","ocean_menu_typo_font_subset":"","ocean_menu_typo_font_size":0,"ocean_menu_typo_font_size_tablet":0,"ocean_menu_typo_font_size_mobile":0,"ocean_menu_typo_font_size_unit":"px","ocean_menu_typo_font_weight":"","ocean_menu_typo_font_weight_tablet":"","ocean_menu_typo_font_weight_mobile":"","ocean_menu_typo_transform":"","ocean_menu_typo_transform_tablet":"","ocean_menu_typo_transform_mobile":"","ocean_menu_typo_line_height":0,"ocean_menu_typo_line_height_tablet":0,"ocean_menu_typo_line_height_mobile":0,"ocean_menu_typo_line_height_unit":"","ocean_menu_typo_spacing":0,"ocean_menu_typo_spacing_tablet":0,"ocean_menu_typo_spacing_mobile":0,"ocean_menu_typo_spacing_unit":"","ocean_menu_link_color":"","ocean_menu_link_color_hover":"","ocean_menu_link_color_active":"","ocean_menu_link_background":"","ocean_menu_link_hover_background":"","ocean_menu_link_active_background":"","ocean_menu_social_links_bg":"","ocean_menu_social_hover_links_bg":"","ocean_menu_social_links_color":"","ocean_menu_social_hover_links_color":"","ocean_disable_title":"default","ocean_disable_heading":"default","ocean_post_title":"","ocean_post_subheading":"","ocean_post_title_style":"","ocean_post_title_background_color":"","ocean_post_title_background":0,"ocean_post_title_bg_image_position":"","ocean_post_title_bg_image_attachment":"","ocean_post_title_bg_image_repeat":"","ocean_post_title_bg_image_size":"","ocean_post_title_height":0,"ocean_post_title_bg_overlay":0.5,"ocean_post_title_bg_overlay_color":"","ocean_disable_breadcrumbs":"default","ocean_breadcrumbs_color":"","ocean_breadcrumbs_separator_color":"","ocean_breadcrumbs_links_color":"","ocean_breadcrumbs_links_hover_color":"","ocean_display_footer_widgets":"default","ocean_display_footer_bottom":"default","ocean_custom_footer_template":"0","ocean_post_oembed":"","ocean_post_self_hosted_media":"","ocean_post_video_embed":"","ocean_link_format":"","ocean_link_format_target":"self","ocean_quote_format":"","ocean_quote_format_link":"post","ocean_gallery_link_images":"off","ocean_gallery_id":[],"footnotes":""},"categories":[16],"tags":[],"class_list":["post-3529","post","type-post","status-publish","format-standard","has-post-thumbnail","hentry","category-vijesti","entry","has-media"],"views":1527,"_links":{"self":[{"href":"https:\/\/zupasvnikolakc.hr\/index.php?rest_route=\/wp\/v2\/posts\/3529","targetHints":{"allow":["GET"]}}],"collection":[{"href":"https:\/\/zupasvnikolakc.hr\/index.php?rest_route=\/wp\/v2\/posts"}],"about":[{"href":"https:\/\/zupasvnikolakc.hr\/index.php?rest_route=\/wp\/v2\/types\/post"}],"author":[{"embeddable":true,"href":"https:\/\/zupasvnikolakc.hr\/index.php?rest_route=\/wp\/v2\/users\/1"}],"replies":[{"embeddable":true,"href":"https:\/\/zupasvnikolakc.hr\/index.php?rest_route=%2Fwp%2Fv2%2Fcomments&post=3529"}],"version-history":[{"count":7,"href":"https:\/\/zupasvnikolakc.hr\/index.php?rest_route=\/wp\/v2\/posts\/3529\/revisions"}],"predecessor-version":[{"id":3537,"href":"https:\/\/zupasvnikolakc.hr\/index.php?rest_route=\/wp\/v2\/posts\/3529\/revisions\/3537"}],"wp:featuredmedia":[{"embeddable":true,"href":"https:\/\/zupasvnikolakc.hr\/index.php?rest_route=\/wp\/v2\/media\/3530"}],"wp:attachment":[{"href":"https:\/\/zupasvnikolakc.hr\/index.php?rest_route=%2Fwp%2Fv2%2Fmedia&parent=3529"}],"wp:term":[{"taxonomy":"category","embeddable":true,"href":"https:\/\/zupasvnikolakc.hr\/index.php?rest_route=%2Fwp%2Fv2%2Fcategories&post=3529"},{"taxonomy":"post_tag","embeddable":true,"href":"https:\/\/zupasvnikolakc.hr\/index.php?rest_route=%2Fwp%2Fv2%2Ftags&post=3529"}],"curies":[{"name":"wp","href":"https:\/\/api.w.org\/{rel}","templated":true}]}}