{"id":3731,"date":"2022-01-29T23:55:04","date_gmt":"2022-01-29T22:55:04","guid":{"rendered":"https:\/\/zupasvnikolakc.hr\/?p=3731"},"modified":"2022-01-29T23:55:56","modified_gmt":"2022-01-29T22:55:56","slug":"4-nedjelja-kroz-godinu-2","status":"publish","type":"post","link":"https:\/\/zupasvnikolakc.hr\/?p=3731","title":{"rendered":"4. nedjelja kroz godinu"},"content":{"rendered":"\t\t<div data-elementor-type=\"wp-post\" data-elementor-id=\"3731\" class=\"elementor elementor-3731\" data-elementor-post-type=\"post\">\n\t\t\t\t\t\t<section class=\"elementor-section elementor-top-section elementor-element elementor-element-70ca7bb elementor-section-boxed elementor-section-height-default elementor-section-height-default\" data-id=\"70ca7bb\" data-element_type=\"section\" data-e-type=\"section\">\n\t\t\t\t\t\t<div class=\"elementor-container elementor-column-gap-default\">\n\t\t\t\t\t<div class=\"elementor-column elementor-col-100 elementor-top-column elementor-element elementor-element-ab8a1e4\" data-id=\"ab8a1e4\" data-element_type=\"column\" data-e-type=\"column\">\n\t\t\t<div class=\"elementor-widget-wrap elementor-element-populated\">\n\t\t\t\t\t\t<div class=\"elementor-element elementor-element-307dd9d elementor-widget elementor-widget-text-editor\" data-id=\"307dd9d\" data-element_type=\"widget\" data-e-type=\"widget\" data-widget_type=\"text-editor.default\">\n\t\t\t\t<div class=\"elementor-widget-container\">\n\t\t\t\t\t\t\t\t\t<p><span style=\"color: #000000;\">Dragi vjernici evan\u0111elje dana\u0161nje nedjelje nastavak je na pro\u0161lo nedjeljno evan\u0111elje. U njemu nam evan\u0111elista opisuje reakciju prisutnih u sinagogi kod kojih se dogodio nagli obrat odnosa prema Isusu, koji je prije toga, kao \u0161to smo slu\u0161ali pro\u0161le nedjelje, bio prihva\u0107en u svojoj sredini i to sve do trenutka kada se nije javno o\u010ditovao kao Mesija. Tada se po\u010dinje mijenjati stav i mi\u0161ljenje njegovih sunarodnjaka spram njega. \u010culi smo prvo da od njega zahtijevaju da i kod njih u\u010dini ista \u010dudesa koja je u Kafarnaumu i drugim mjestima koja su bila poganska. Smatraju da kao njegovi sumje\u0161tani imaju pravo u najmanju ruku na te iste znake, \u010dudesa ako ne i ve\u0107e. Kada im Isus jasno daje do znanja da nije zbog toga do\u0161ao u svoj rodni Nazaret, oni se napune bijesom i izbace ga iz sinagoge i grada s namjerom da ga ubiju. Nisu mogli prihvatiti da netko, koga oni znaju i \u010diju obitelj poznaju, sebe naziva mesijom i Bo\u017ejim Sinom. Nisu mogli prihvatiti da je Isus iznad njih, da je poslan od Boga. I danas u ovo na\u0161e vrijeme ima mnogo onih koji samo znake i\u0161tu poput Nazare\u010dana, koji \u017eele temeljiti svoju vjeru samo na \u010dudesima, a ne na prihva\u0107anju i \u017eivljenju rije\u010di Bo\u017eje koju nam Isus donosi. Takva vjera koja se temelji samo na znakovima je prividna i lako nestane kada \u010dovjek u svojoj oholosti misli da Bog za njega dovoljno ne \u010dini jer mu nije u\u010dinio ovo ili ono \u010dudo, usli\u0161io ovu ili onu molitvu u trenutku kada je ba\u0161 to on tra\u017eio. Koliki \u0107e takvi vjernici prigovarati Bogu \u0161to nije u\u010dinio \u010dudo i spasio narod od ratova, potresa ili drugih prirodnih katastrofa, pa i ove s korona virusom s kojom se \u010ditav svijet bori ve\u0107 dvije godine i koja je odnijela mnoge \u017eivote. Mnogo je na\u0161ih vjernika koji sami sebe opravdavaju na taj na\u010din izbacuju\u0107i Isusa na marginu svoga \u017eivota isto kao i neko\u0107 njegovi sunarodnjaci. Stoga dana\u0161nja nedjelja poziva nas da budemo svojim \u017eivotom primjer i poticaj takvim vjernicima koji su se udaljili od Boga i Crkve i koji su udaljili Boga i Crkvu iz svojega srca i \u017eivota, da se ponovno vrate i da ponovno vrate Boga u svoje srce. A to mo\u017eemo jedino ako i mi sami ispravno shva\u0107amo i prihva\u0107amo vjeru i Boga u svojem \u017eivotu, te ako se otvaramo najve\u0107em Bo\u017ejem daru, o kojem nam progovara Sv. Pavao u dana\u0161njem drugom \u010ditanju, a on se zove ljubav. Ljubav je jedina snaga koja je dar Bo\u017eji nama ljudima i s kojom \u010dovjek, ako ju \u017eivi mo\u017ee \u010diniti sve u \u017eivotu, mo\u017ee pribli\u017eiti Boga drugima oko sebe i tako usre\u0107iti druge i samoga sebe.<\/span><\/p>\t\t\t\t\t\t\t\t<\/div>\n\t\t\t\t<\/div>\n\t\t\t\t<div class=\"elementor-element elementor-element-c0d4d7c elementor-widget elementor-widget-text-editor\" data-id=\"c0d4d7c\" data-element_type=\"widget\" data-e-type=\"widget\" data-widget_type=\"text-editor.default\">\n\t\t\t\t<div class=\"elementor-widget-container\">\n\t\t\t\t\t\t\t\t\t<p><span style=\"color: #ff0000;\"><strong>\u017dUPNE OBAVIJESTI<\/strong><\/span><\/p><p><span style=\"color: #000000;\"><strong>VJERONAUK:<\/strong><\/span><\/p><ul><li><span style=\"color: #000000;\">zbog pogor\u0161anja situacije s korona virusom vjeronauka za prvopri\u010desnike i krizmanike ne\u0107e biti ovaj tjedan<\/span><\/li><\/ul><p>\u00a0<\/p><p><span style=\"color: #000000;\"><strong>DAROVATELJI ZA POTREBE CRKVE U 1. MJESECU<\/strong><\/span><\/p><ol><li><span style=\"color: #000000;\">Obit. Grube\u0161i\u0107, Prav. me\u0111u narodima 7<\/span><\/li><li><span style=\"color: #000000;\">Obit. Pancir, G. Banovec 23<\/span><\/li><li><span style=\"color: #000000;\">Obit. Galinec, I. Me\u0161trovi\u0107a 20A<\/span><\/li><li><span style=\"color: #000000;\">Marica Ogrinec, Frankopanska 23 B<\/span><\/li><li><span style=\"color: #000000;\">Janja Ljubojevi\u0107, Trg kr. Tomislava 5<\/span><\/li><li><span style=\"color: #000000;\">Obit. Matekalo, Hrv. branitelja 9<\/span><\/li><li><span style=\"color: #000000;\">Obit. \u0160pi\u010dko, \u0110. Estera 9<\/span><\/li><li><span style=\"color: #000000;\">Dijana Mesarek, Miklinovec 2<\/span><\/li><li><span style=\"color: #000000;\">Obit. Kramar, Trg Slobode 1A<\/span><\/li><li><span style=\"color: #000000;\">Obit. Sermek, Trg kr. Tomislava 2<\/span><\/li><li><span style=\"color: #000000;\">Marija Bi\u0161kup, Dom Baka Ilona Br. Radi\u0107 25<\/span><\/li><li><span style=\"color: #000000;\">Obit. Kataleni\u0107 &#8211; Markovi\u0107, K. Hegedu\u0161i\u0107a 9 A<\/span><\/li><li><span style=\"color: #000000;\">Obit. Groti\u0107, F. Galovi\u0107a 22<\/span><\/li><li><span style=\"color: #000000;\">Obit. Fege\u0161, Br. Radi\u0107 47<\/span><\/li><li><span style=\"color: #000000;\">Obit. Golubi\u0107, Miklinovec 223<\/span><\/li><li><span style=\"color: #000000;\">Obit. Gregur, Miklinovec 216<\/span><\/li><li><span style=\"color: #000000;\">Bo\u017eo i Marija Vukoni\u0107, I. Me\u0161trovi\u0107a 18 B<\/span><\/li><li><span style=\"color: #000000;\">Obit. Grmek, Trg Zlate Bartl 14 A<\/span><\/li><li><span style=\"color: #000000;\">Ana Bizek, \u0110. Estera 11<\/span><\/li><li><span style=\"color: #000000;\">Obit. Potro\u0161ko, F. Galovi\u0107a 22A<\/span><\/li><li><span style=\"color: #000000;\">Vera Antoli\u0107, Trg Podrav. heroja 6<\/span><\/li><li><span style=\"color: #000000;\">Obit. Orehovec, Podravska 31<\/span><\/li><li><span style=\"color: #000000;\">Obit. Vuljak, M. P. Mi\u0161kine 55<\/span><\/li><li><span style=\"color: #000000;\">Nevenka \u010cikovi\u0107, \u010carda 40<\/span><\/li><li><span style=\"color: #000000;\">Stanko Ve\u010denaj, \u010carda 34 B<\/span><\/li><li><span style=\"color: #000000;\">Obit. Genc, Peteranska 33<\/span><\/li><li><span style=\"color: #000000;\">Obit. Jura\u0161i\u0107, Peteranska 4<\/span><\/li><li><span style=\"color: #000000;\">Obit. Vugrinec, Kri\u017eeva\u010dka 31 A<\/span><\/li><li><span style=\"color: #000000;\">Obit. Sokoli\u0107, Hrv. dr\u017eavnosti 11E<\/span><\/li><li><span style=\"color: #000000;\">Obit. Canjuga, Miklinovec 106<\/span><\/li><li><span style=\"color: #000000;\">Obit. \u0160a\u0161, D. Banovec 23<\/span><\/li><li><span style=\"color: #000000;\">Obit. Tre\u0161\u010dec, Trg kr. Tomislava 6<\/span><\/li><li><span style=\"color: #000000;\">Marija Imri\u0161ak, Hrv. dr\u017eavnosti 20<\/span><\/li><li><span style=\"color: #000000;\">Katarina \u010ci\u017emak, M. P. Mi\u0161kine 41<\/span><\/li><li><span style=\"color: #000000;\">Dar jedne osobe<\/span><\/li><li><span style=\"color: #000000;\">Mirjana Pandur, S. Miklau\u0161i\u0107a 12 A<\/span><\/li><li><span style=\"color: #000000;\">Lidija Batorek, S. Miklau\u0161i\u0107a 15 A<\/span><\/li><li><span style=\"color: #000000;\">Mateo Saboli\u0107, Miklinovec 261<\/span><\/li><li><span style=\"color: #000000;\">Ljiljana Jedvaj Peterlin, M. Viriusa 5<\/span><\/li><li><span style=\"color: #000000;\">Obit. Bukvi\u0107, Peteranska 117<\/span><\/li><li><span style=\"color: #000000;\">Obit. Bla\u017eekovi\u0107, Svilarska 16<\/span><\/li><li><span style=\"color: #000000;\">Obit. Strmecki, Trg Podrav. heroja 5<\/span><\/li><li><span style=\"color: #000000;\">Obit. Buhanec, N. Tesle 5<\/span><\/li><li><span style=\"color: #000000;\">Obit. Porkolab, M. Krle\u017ee 38<\/span><\/li><li><span style=\"color: #000000;\">Obit. Hajdukovi\u0107, Gibani\u010dna 16<\/span><\/li><li><span style=\"color: #000000;\">Ljubica Oro\u0161, K. Hegedu\u0161i\u0107a 5<\/span><\/li><li><span style=\"color: #000000;\">Josipa Par, Lj. Gaja 20<\/span><\/li><li><span style=\"color: #000000;\">Obit. Markovi\u0107, Peteranska 85<\/span><\/li><li><span style=\"color: #000000;\">Obit. Budaj, Hrv. branitelja 28<\/span><\/li><li><span style=\"color: #000000;\">Dar jedne osobe<\/span><\/li><li><span style=\"color: #000000;\">Obit. Serti\u0107, Starogradska 23<\/span><\/li><li><span style=\"color: #000000;\">Josipa Oberan, Trg kr. Tomislava 9<\/span><\/li><li><span style=\"color: #000000;\">Obit. Ra\u0161an, Strosmayerova 15<\/span><\/li><li><span style=\"color: #000000;\">Obit. Femec, F. Galovi\u0107a 16<\/span><\/li><li><span style=\"color: #000000;\">\u017dupanijske ljekarne, Florijanski trg 4<\/span><\/li><li><span style=\"color: #000000;\">Marija Kova\u010d, Marofska 6<\/span><\/li><li><span style=\"color: #000000;\">Obit. Andra\u0161ek &#8211; Stubi\u010dar, P. V. Pavlovi\u0107a 14<\/span><\/li><li><span style=\"color: #000000;\">Obit. Kave\u0111ija, \u0110. Basari\u010deka 41<\/span><\/li><li><span style=\"color: #000000;\">Obit. Golubi\u0107 i Vincek, Lj. Gaja 25<\/span><\/li><li><span style=\"color: #000000;\">Dar jedne osobe<\/span><\/li><li><span style=\"color: #000000;\">Obit. Bukvi\u0107, Peteranska 117<\/span><\/li><li><span style=\"color: #000000;\">Obit. Kova\u010di\u0107, Hrv. dr\u017eavnsoti 11A<\/span><\/li><li><span style=\"color: #000000;\">Dom \u201e Baka Ilona\u201c, Br. Radi\u0107 25<\/span><\/li><li><span style=\"color: #000000;\">Obit. Plav\u0161i\u0107, Trg kr. Kre\u0161imira 9<\/span><\/li><li><span style=\"color: #000000;\">Obit. Jendrijev, F. Ga\u017eija 31<\/span><\/li><li><span style=\"color: #000000;\">Obit. Turk, Hercegova\u010dka 26<\/span><\/li><li><span style=\"color: #000000;\">Obit. Canjuga, Miklinovec 106<\/span><\/li><li><span style=\"color: #000000;\">Stjepan Glavica, V. Nazora 3<\/span><\/li><li><span style=\"color: #000000;\">Katica Vrbo\u0161i\u0107, I. Me\u0161trovi\u0107a 28<\/span><\/li><li><span style=\"color: #000000;\">Obit. \u017delimorski, Gibani\u010dna 15 A<\/span><\/li><li><span style=\"color: #000000;\">Obit. Krajina, Trg kr. Kre\u0161imira 6<\/span><\/li><li><span style=\"color: #000000;\">Obit. Pa\u0161a, Kr. Jelene 11<\/span><\/li><li><span style=\"color: #000000;\">Ivica Popija\u010d, Vara\u017edinska c 53<\/span><\/li><li><span style=\"color: #000000;\">Obit. Sabolovi\u0107, Istarska 18<\/span><\/li><li><span style=\"color: #000000;\">Obit. Dragani\u0107, Podravska 29<\/span><\/li><li><span style=\"color: #000000;\">Valentina Trnski, Trg kr. Tommislava 4<\/span><\/li><li><span style=\"color: #000000;\">Marija Vedri\u0161, Trg kr. Zvonimira 6<\/span><\/li><\/ol><p><a href=\"https:\/\/zupasvnikolakc.hr\/wp-content\/uploads\/2022\/01\/4.n.k.g-listic-2022.pdf\"><span style=\"color: #ff0000;\">\u017dUPNI LISTI\u0106<\/span><\/a><\/p>\t\t\t\t\t\t\t\t<\/div>\n\t\t\t\t<\/div>\n\t\t\t\t\t<\/div>\n\t\t<\/div>\n\t\t\t\t\t<\/div>\n\t\t<\/section>\n\t\t\t\t<\/div>\n\t\t","protected":false},"excerpt":{"rendered":"<p>Dragi vjernici evan\u0111elje dana\u0161nje nedjelje nastavak je na pro\u0161lo nedjeljno evan\u0111elje. U njemu nam evan\u0111elista opisuje reakciju prisutnih u sinagogi kod kojih se dogodio nagli obrat odnosa prema Isusu, koji je prije toga, kao \u0161to smo slu\u0161ali pro\u0161le nedjelje, bio prihva\u0107en u svojoj sredini i to sve do trenutka kada se nije javno o\u010ditovao kao [&hellip;]<\/p>\n","protected":false},"author":1,"featured_media":3732,"comment_status":"closed","ping_status":"closed","sticky":false,"template":"","format":"standard","meta":{"ocean_post_layout":"","ocean_both_sidebars_style":"","ocean_both_sidebars_content_width":0,"ocean_both_sidebars_sidebars_width":0,"ocean_sidebar":"0","ocean_second_sidebar":"0","ocean_disable_margins":"enable","ocean_add_body_class":"","ocean_shortcode_before_top_bar":"","ocean_shortcode_after_top_bar":"","ocean_shortcode_before_header":"","ocean_shortcode_after_header":"","ocean_has_shortcode":"","ocean_shortcode_after_title":"","ocean_shortcode_before_footer_widgets":"","ocean_shortcode_after_footer_widgets":"","ocean_shortcode_before_footer_bottom":"","ocean_shortcode_after_footer_bottom":"","ocean_display_top_bar":"default","ocean_display_header":"default","ocean_header_style":"","ocean_center_header_left_menu":"0","ocean_custom_header_template":"0","ocean_custom_logo":0,"ocean_custom_retina_logo":0,"ocean_custom_logo_max_width":0,"ocean_custom_logo_tablet_max_width":0,"ocean_custom_logo_mobile_max_width":0,"ocean_custom_logo_max_height":0,"ocean_custom_logo_tablet_max_height":0,"ocean_custom_logo_mobile_max_height":0,"ocean_header_custom_menu":"0","ocean_menu_typo_font_family":"0","ocean_menu_typo_font_subset":"","ocean_menu_typo_font_size":0,"ocean_menu_typo_font_size_tablet":0,"ocean_menu_typo_font_size_mobile":0,"ocean_menu_typo_font_size_unit":"px","ocean_menu_typo_font_weight":"","ocean_menu_typo_font_weight_tablet":"","ocean_menu_typo_font_weight_mobile":"","ocean_menu_typo_transform":"","ocean_menu_typo_transform_tablet":"","ocean_menu_typo_transform_mobile":"","ocean_menu_typo_line_height":0,"ocean_menu_typo_line_height_tablet":0,"ocean_menu_typo_line_height_mobile":0,"ocean_menu_typo_line_height_unit":"","ocean_menu_typo_spacing":0,"ocean_menu_typo_spacing_tablet":0,"ocean_menu_typo_spacing_mobile":0,"ocean_menu_typo_spacing_unit":"","ocean_menu_link_color":"","ocean_menu_link_color_hover":"","ocean_menu_link_color_active":"","ocean_menu_link_background":"","ocean_menu_link_hover_background":"","ocean_menu_link_active_background":"","ocean_menu_social_links_bg":"","ocean_menu_social_hover_links_bg":"","ocean_menu_social_links_color":"","ocean_menu_social_hover_links_color":"","ocean_disable_title":"default","ocean_disable_heading":"default","ocean_post_title":"","ocean_post_subheading":"","ocean_post_title_style":"","ocean_post_title_background_color":"","ocean_post_title_background":0,"ocean_post_title_bg_image_position":"","ocean_post_title_bg_image_attachment":"","ocean_post_title_bg_image_repeat":"","ocean_post_title_bg_image_size":"","ocean_post_title_height":0,"ocean_post_title_bg_overlay":0.5,"ocean_post_title_bg_overlay_color":"","ocean_disable_breadcrumbs":"default","ocean_breadcrumbs_color":"","ocean_breadcrumbs_separator_color":"","ocean_breadcrumbs_links_color":"","ocean_breadcrumbs_links_hover_color":"","ocean_display_footer_widgets":"default","ocean_display_footer_bottom":"default","ocean_custom_footer_template":"0","ocean_post_oembed":"","ocean_post_self_hosted_media":"","ocean_post_video_embed":"","ocean_link_format":"","ocean_link_format_target":"self","ocean_quote_format":"","ocean_quote_format_link":"post","ocean_gallery_link_images":"off","ocean_gallery_id":[],"footnotes":""},"categories":[16],"tags":[],"class_list":["post-3731","post","type-post","status-publish","format-standard","has-post-thumbnail","hentry","category-vijesti","entry","has-media"],"views":1317,"_links":{"self":[{"href":"https:\/\/zupasvnikolakc.hr\/index.php?rest_route=\/wp\/v2\/posts\/3731","targetHints":{"allow":["GET"]}}],"collection":[{"href":"https:\/\/zupasvnikolakc.hr\/index.php?rest_route=\/wp\/v2\/posts"}],"about":[{"href":"https:\/\/zupasvnikolakc.hr\/index.php?rest_route=\/wp\/v2\/types\/post"}],"author":[{"embeddable":true,"href":"https:\/\/zupasvnikolakc.hr\/index.php?rest_route=\/wp\/v2\/users\/1"}],"replies":[{"embeddable":true,"href":"https:\/\/zupasvnikolakc.hr\/index.php?rest_route=%2Fwp%2Fv2%2Fcomments&post=3731"}],"version-history":[{"count":4,"href":"https:\/\/zupasvnikolakc.hr\/index.php?rest_route=\/wp\/v2\/posts\/3731\/revisions"}],"predecessor-version":[{"id":3736,"href":"https:\/\/zupasvnikolakc.hr\/index.php?rest_route=\/wp\/v2\/posts\/3731\/revisions\/3736"}],"wp:featuredmedia":[{"embeddable":true,"href":"https:\/\/zupasvnikolakc.hr\/index.php?rest_route=\/wp\/v2\/media\/3732"}],"wp:attachment":[{"href":"https:\/\/zupasvnikolakc.hr\/index.php?rest_route=%2Fwp%2Fv2%2Fmedia&parent=3731"}],"wp:term":[{"taxonomy":"category","embeddable":true,"href":"https:\/\/zupasvnikolakc.hr\/index.php?rest_route=%2Fwp%2Fv2%2Fcategories&post=3731"},{"taxonomy":"post_tag","embeddable":true,"href":"https:\/\/zupasvnikolakc.hr\/index.php?rest_route=%2Fwp%2Fv2%2Ftags&post=3731"}],"curies":[{"name":"wp","href":"https:\/\/api.w.org\/{rel}","templated":true}]}}