{"id":3827,"date":"2022-02-26T19:00:00","date_gmt":"2022-02-26T18:00:00","guid":{"rendered":"https:\/\/zupasvnikolakc.hr\/?p=3827"},"modified":"2022-02-24T19:57:22","modified_gmt":"2022-02-24T18:57:22","slug":"8-nedjelja-kroz-godinu","status":"publish","type":"post","link":"https:\/\/zupasvnikolakc.hr\/?p=3827","title":{"rendered":"8. nedjelja kroz godinu"},"content":{"rendered":"\t\t<div data-elementor-type=\"wp-post\" data-elementor-id=\"3827\" class=\"elementor elementor-3827\" data-elementor-post-type=\"post\">\n\t\t\t\t\t\t<section class=\"elementor-section elementor-top-section elementor-element elementor-element-2335cef elementor-section-boxed elementor-section-height-default elementor-section-height-default\" data-id=\"2335cef\" data-element_type=\"section\" data-e-type=\"section\">\n\t\t\t\t\t\t<div class=\"elementor-container elementor-column-gap-default\">\n\t\t\t\t\t<div class=\"elementor-column elementor-col-100 elementor-top-column elementor-element elementor-element-bd35499\" data-id=\"bd35499\" data-element_type=\"column\" data-e-type=\"column\">\n\t\t\t<div class=\"elementor-widget-wrap elementor-element-populated\">\n\t\t\t\t\t\t<div class=\"elementor-element elementor-element-25989d7 elementor-widget elementor-widget-text-editor\" data-id=\"25989d7\" data-element_type=\"widget\" data-e-type=\"widget\" data-widget_type=\"text-editor.default\">\n\t\t\t\t<div class=\"elementor-widget-container\">\n\t\t\t\t\t\t\t\t\t<p><span style=\"color: #000000;\">Dragi vjernici, u dana\u0161njem evan\u0111eoskom odlomku \u010ditamo nekoliko Isusovih preporuka za duhovni \u017eivot, koje je sveti Luka stavio zajedno u svom Evan\u0111elju. Jedna od tih usporedbi je i slika slijepe osobe koja nije u stanju voditi drugu osobu, jer obojici onda prijeti opasnost da ne zavr\u0161e u jami i tako naude samima sebi:\u00a0<em>Mo\u017ee li slijepac slijepca voditi? Ne\u0107e li obojica u jamu upasti<\/em>? Ovdje Isus nije imao namjeru govoriti o tjelesnoj sljepo\u0107i, nego je htio upozoriti svoje slu\u0161atelje na duhovnu sljepo\u0107u. No nije htio upozoriti samo svoje suvremenike nego i sve nas, jer na \u017ealost i dana\u0161nji \u010dovjek sebe dr\u017ei samosvjesnim i odraslim, do te mjere da je uvjeren kako mu ne treba nikakav pomo\u0107nik za hod na putu \u017eivota, te zbog toga odbacuje Boga i njegovu pomo\u0107 kao suvi\u0161nu, pa \u010dak i previ\u0161e ograni\u010davaju\u0107u. U vrijeme kad se \u010dovjek osje\u0107a dovoljno prosvjetljenim u odnosu na neka vremena, vrlo lako odbacuje svaki poku\u0161aj pouke i svakoga tko mu se nudi kao u\u010ditelj bo\u017eanskoga \u017eivota. Upravo zato je Isus o tome razmi\u0161ljao i zato je smatrao potrebnim ostaviti trajno vrijednu pouku. Njemu je sasvim jasno kako mi na na\u0161emu \u017eivotnom putu, ako ga shva\u0107amo kao put do neba i vje\u010dnosti, ne mo\u017eemo hoditi sami, ve\u0107 nam treba pomo\u0107. Samo je veliko pitanje koga izabiremo sebi za pomo\u0107, jer su \u010dinjenice svakako da mi ljudi nemamo tako dobar pogled koji mo\u017ee sam po sebi doprijeti do nebesa i prodrijeti kroz nebesa. U tom smislu svi smo doista slijepi i treba nam pomo\u0107. Ali ako nam pomo\u0107 ne do\u0111e od Boga, od onoga koji jedini mo\u017ee vidjeti ono \u0161to je ljudskome oku skriveno i nepoznato, onda ostajemo zarobljeni u ovo zemnu stvarnost i bez mogu\u0107nosti da nam netko prisko\u010di u pomo\u0107. Upravo pred svime re\u010denim \u010dovjek ipak u dnu bi\u0107a osje\u0107a i priznaje slabost, pogotovo \u0161to je u taj proces u\u0161ao odbacuju\u0107i Boga. \u010covjek u svakom vremenu povijesti zna da mu je potrebna pomo\u0107 od Boga, ali je \u010desto zarobljen samodostatno\u0161\u0107u i pouzdanjem u napredak civilizacije i suvremene tehnike stavio Boga po strani. Za\u0161to? Zato \u0161to se koriste\u0107i dobrima ovoga svijeta i talentima koji su dar Bo\u017eji, \u010desto pona\u0161a mimo Bo\u017ejih i ljudskih zakona, zlorabe\u0107i slobodu koju mu je Bog darovao. Dragi vjernici dana\u0161nja nedjelja nam poru\u010duje da Bog \u017eeli biti na\u0161 suputnik i putokaz, jer nas ljubi i stalo mu je do na\u0161e vremenite, ali i vje\u010dne sre\u0107e, samo je pitanje dopu\u0161tamo li mi to Njemu ili se vi\u0161e pouzdajemo u sami sebe i svoje sposobnosti.<\/span><\/p>\t\t\t\t\t\t\t\t<\/div>\n\t\t\t\t<\/div>\n\t\t\t\t<div class=\"elementor-element elementor-element-1e7d53b elementor-widget elementor-widget-text-editor\" data-id=\"1e7d53b\" data-element_type=\"widget\" data-e-type=\"widget\" data-widget_type=\"text-editor.default\">\n\t\t\t\t<div class=\"elementor-widget-container\">\n\t\t\t\t\t\t\t\t\t<p><span style=\"color: #ff0000;\"><strong>\u017dUPNE OBAVIJESTI<\/strong><\/span><\/p><p><span style=\"color: #ff0000;\">VJERONAUK:<\/span><\/p><ul><li><span style=\"color: #000000;\">prvopri\u010desnici \u2013 srijeda (2.3.2022.) u 9 h<\/span><\/li><li><span style=\"color: #000000;\">krizmanici \u2013 subota (5.3.2022.) u 9 h<\/span><\/li><\/ul><p><span style=\"color: #ff0000;\">DAROVATELJI ZA \u00a0POTREBE CRKVE U 2. MJESECU<\/span><\/p><ol><li><span style=\"color: #000000;\">Ivica Popija\u010d, Vara\u017edinska c 53<\/span><\/li><li><span style=\"color: #000000;\">Obit. Sabolovi\u0107, Istarska 18<\/span><\/li><li><span style=\"color: #000000;\">Obit. Dragani\u0107, Podravska 29<\/span><\/li><li><span style=\"color: #000000;\">Valentina Trnski, Trg kr. Tomislava 4<\/span><\/li><li><span style=\"color: #000000;\">Marija Vedri\u0161, Trg kr. Zvonimira 6<\/span><\/li><li><span style=\"color: #000000;\">Obit. Vuli\u0107, Kozarnjak 25<\/span><\/li><li><span style=\"color: #000000;\">Ksenija Horvat, F. Galovi\u0107a 18, Reka<\/span><\/li><li><span style=\"color: #000000;\">Manda Ivan\u010di\u0107, Kri\u017eeva\u010dka 23<\/span><\/li><li><span style=\"color: #000000;\">Obit. Bukvi\u0107, Peteranska 117<\/span><\/li><li><span style=\"color: #000000;\">Obit. Bo\u017ei\u0107, F. Ga\u017eija 17<\/span><\/li><li><span style=\"color: #000000;\">Obit. Ferlinde\u0161, T. Bla\u017eeka 1<\/span><\/li><li><span style=\"color: #000000;\">Ljubica Oro\u0161, K. Hegedu\u0161i\u0107a 5<\/span><\/li><li><span style=\"color: #000000;\">Obit. Premec, Stj. Radi\u0107a 44, Gotalovo<\/span><\/li><li><span style=\"color: #000000;\">Obit. Pa\u0161a, Kr. Jelene 11<\/span><\/li><li><span style=\"color: #000000;\">Obit. Vuj\u010dec, Dubove\u010dki brijeg 83<\/span><\/li><li><span style=\"color: #000000;\">Irena Pavli\u0107, F. Rusana 17<\/span><\/li><li><span style=\"color: #000000;\">Obit. Car, \u010carda 17A<\/span><\/li><li><span style=\"color: #000000;\">Obit. \u0160imuni\u0107, A. Star\u010devi\u0107a 49<\/span><\/li><li><span style=\"color: #000000;\">Obit. Pintarec, M. Viriusa 39<\/span><\/li><li><span style=\"color: #000000;\">Terezija Herceg, Kri\u017eeva\u010dka 31 A<\/span><\/li><li><span style=\"color: #000000;\">Ivan Vukoti\u0107, Lj. Gaja 3<\/span><\/li><li><span style=\"color: #000000;\">Dar jedne osobe<\/span><\/li><li><span style=\"color: #000000;\">Dar jedne obitelji<\/span><\/li><li><span style=\"color: #000000;\">Barica Kova\u010d, Trg Podrav. heroja 4<\/span><\/li><li><span style=\"color: #000000;\">Hrvoje Maljak, Gibani\u010dna 16<\/span><\/li><li><span style=\"color: #000000;\">Marija Pandur, Stj. Miklau\u0161i\u0107a 12A<\/span><\/li><li><span style=\"color: #000000;\">Obit. Erne\u010di\u0107, Trg Slobeode 2<\/span><\/li><li><span style=\"color: #000000;\">Obit. Potro\u0161ko, F. Galovi\u0107a 22<\/span><\/li><li><span style=\"color: #000000;\">Obit. Kolarek, Vinogr. Put 27, Draganovec<\/span><\/li><li><span style=\"color: #000000;\">Obit. \u0110ur\u0111a, Duga ul. 28<\/span><\/li><li><span style=\"color: #000000;\">Obit. Tre\u0161\u010dec, Trg kr. Tomislava 6<\/span><\/li><li><span style=\"color: #000000;\">Obit. Horvat, Lj. Gaja 2 B<\/span><\/li><li><span style=\"color: #000000;\">Obit. Markota, Lj. Gaja 4<\/span><\/li><li><span style=\"color: #000000;\">Obit. Femec, F. Galovi\u0107a 16 A<\/span><\/li><li><span style=\"color: #000000;\">Obit. Strmecki, Podrav. heroja 5<\/span><\/li><li><span style=\"color: #000000;\">Bo\u017eica Radinovi\u0107, Trg Podrav. heroja 3<\/span><\/li><li><span style=\"color: #000000;\">Obit. Zale\u0161ak i Koprek, N. Tesle 20<\/span><\/li><li><span style=\"color: #000000;\">Veronika Petri\u010devi\u0107, Trg Podrav. heroja 2<\/span><\/li><li><span style=\"color: #000000;\">Ljiljana Jedvaj Peterlin, M. Virusa 5<\/span><\/li><li><span style=\"color: #000000;\">Katica Vrbo\u0161i\u0107, I. Me\u0161trovi\u0107a 28<\/span><\/li><li><span style=\"color: #000000;\">Ana Tkalec, I. Me\u0161trovi\u0107a 19<\/span><\/li><li><span style=\"color: #000000;\">Dragica i Vjekoslav Feren\u010dak, Duga ul. 7<\/span><\/li><li><span style=\"color: #000000;\">Obit. Franjo, G. Banovec 12<\/span><\/li><li><span style=\"color: #000000;\">Obit. Novosel, \u00a0Dubovec 13<\/span><\/li><li><span style=\"color: #000000;\">Ivanka \u0160kof, M. P. Mi\u0161kine 75A<\/span><\/li><li><span style=\"color: #000000;\">Josip Lesar, Marofska 12<\/span><\/li><li><span style=\"color: #000000;\">Obit. Hajdukovi\u0107, Gibani\u010dna 16<\/span><\/li><li><span style=\"color: #000000;\">Obit. Koluder, I. Me\u0161trovi\u0107a 12<\/span><\/li><li><span style=\"color: #000000;\">Obit. Kaji\u0107, Pavelinska 2A<\/span><\/li><li><span style=\"color: #000000;\">Josip Halavuk, Vije\u0107ni\u010dka 7A<\/span><\/li><li><span style=\"color: #000000;\">Obit. Buzina, Peteranska 59 A<\/span><\/li><li><span style=\"color: #000000;\">Stjepan Kova\u010d, Trg E. Kumi\u010di\u0107a 3<\/span><\/li><li><span style=\"color: #000000;\">Obit. Bukvi\u0107, Peteranska 117<\/span><\/li><li><span style=\"color: #000000;\">Obit. \u0160estanj, Peteranska 76<\/span><\/li><li><span style=\"color: #000000;\">Obit. Pancir, G. Banovec 23<\/span><\/li><li><span style=\"color: #000000;\">Obit. Kani\u017eanec, A. \u0160enoe 25<\/span><\/li><li><span style=\"color: #000000;\">Obit. Rogulji\u0107, F. Mraza 2<\/span><\/li><li><span style=\"color: #000000;\">Obit. Femec, I. Me\u0161trovi\u0107a 23<\/span><\/li><li><span style=\"color: #000000;\">Obit. Kordina, Miklinovec 79<\/span><\/li><\/ol><p>\u00a0<\/p><p><a href=\"https:\/\/zupasvnikolakc.hr\/wp-content\/uploads\/2022\/02\/8.N.K.G-LISTIC-2022.pdf\"><span style=\"color: #ff0000;\">\u017dUPNI LISTI\u0106<\/span><\/a><\/p>\t\t\t\t\t\t\t\t<\/div>\n\t\t\t\t<\/div>\n\t\t\t\t<div class=\"elementor-element elementor-element-714a432 elementor-widget elementor-widget-text-editor\" data-id=\"714a432\" data-element_type=\"widget\" data-e-type=\"widget\" data-widget_type=\"text-editor.default\">\n\t\t\t\t<div class=\"elementor-widget-container\">\n\t\t\t\t\t\t\t\t\t<p><span style=\"color: #000000;\">Upitnik za sve vjernike i sudionike sinodskoga hoda Vara\u017edinske biskupije:<\/span><\/p><p><a href=\"https:\/\/docs.google.com\/forms\/d\/e\/1FAIpQLSdwRD1R9Jj0o5JFQWnRzhpdJntQdIHl082uS0_HPJjPs4tQVA\/viewform\"><img decoding=\"async\" class=\"alignnone wp-image-3830 size-thumbnail\" src=\"https:\/\/zupasvnikolakc.hr\/wp-content\/uploads\/2022\/02\/sinoda-150x150.jpg\" alt=\"\" width=\"150\" height=\"150\" srcset=\"https:\/\/zupasvnikolakc.hr\/wp-content\/uploads\/2022\/02\/sinoda-150x150.jpg 150w, https:\/\/zupasvnikolakc.hr\/wp-content\/uploads\/2022\/02\/sinoda-300x300.jpg 300w, https:\/\/zupasvnikolakc.hr\/wp-content\/uploads\/2022\/02\/sinoda-100x100.jpg 100w\" sizes=\"(max-width: 150px) 100vw, 150px\" \/><\/a><\/p>\t\t\t\t\t\t\t\t<\/div>\n\t\t\t\t<\/div>\n\t\t\t\t\t<\/div>\n\t\t<\/div>\n\t\t\t\t\t<\/div>\n\t\t<\/section>\n\t\t\t\t<\/div>\n\t\t","protected":false},"excerpt":{"rendered":"<p>Dragi vjernici, u dana\u0161njem evan\u0111eoskom odlomku \u010ditamo nekoliko Isusovih preporuka za duhovni \u017eivot, koje je sveti Luka stavio zajedno u svom Evan\u0111elju. Jedna od tih usporedbi je i slika slijepe osobe koja nije u stanju voditi drugu osobu, jer obojici onda prijeti opasnost da ne zavr\u0161e u jami i tako naude samima sebi:\u00a0Mo\u017ee li slijepac [&hellip;]<\/p>\n","protected":false},"author":1,"featured_media":3828,"comment_status":"closed","ping_status":"closed","sticky":false,"template":"","format":"standard","meta":{"ocean_post_layout":"","ocean_both_sidebars_style":"","ocean_both_sidebars_content_width":0,"ocean_both_sidebars_sidebars_width":0,"ocean_sidebar":"0","ocean_second_sidebar":"0","ocean_disable_margins":"enable","ocean_add_body_class":"","ocean_shortcode_before_top_bar":"","ocean_shortcode_after_top_bar":"","ocean_shortcode_before_header":"","ocean_shortcode_after_header":"","ocean_has_shortcode":"","ocean_shortcode_after_title":"","ocean_shortcode_before_footer_widgets":"","ocean_shortcode_after_footer_widgets":"","ocean_shortcode_before_footer_bottom":"","ocean_shortcode_after_footer_bottom":"","ocean_display_top_bar":"default","ocean_display_header":"default","ocean_header_style":"","ocean_center_header_left_menu":"0","ocean_custom_header_template":"0","ocean_custom_logo":0,"ocean_custom_retina_logo":0,"ocean_custom_logo_max_width":0,"ocean_custom_logo_tablet_max_width":0,"ocean_custom_logo_mobile_max_width":0,"ocean_custom_logo_max_height":0,"ocean_custom_logo_tablet_max_height":0,"ocean_custom_logo_mobile_max_height":0,"ocean_header_custom_menu":"0","ocean_menu_typo_font_family":"0","ocean_menu_typo_font_subset":"","ocean_menu_typo_font_size":0,"ocean_menu_typo_font_size_tablet":0,"ocean_menu_typo_font_size_mobile":0,"ocean_menu_typo_font_size_unit":"px","ocean_menu_typo_font_weight":"","ocean_menu_typo_font_weight_tablet":"","ocean_menu_typo_font_weight_mobile":"","ocean_menu_typo_transform":"","ocean_menu_typo_transform_tablet":"","ocean_menu_typo_transform_mobile":"","ocean_menu_typo_line_height":0,"ocean_menu_typo_line_height_tablet":0,"ocean_menu_typo_line_height_mobile":0,"ocean_menu_typo_line_height_unit":"","ocean_menu_typo_spacing":0,"ocean_menu_typo_spacing_tablet":0,"ocean_menu_typo_spacing_mobile":0,"ocean_menu_typo_spacing_unit":"","ocean_menu_link_color":"","ocean_menu_link_color_hover":"","ocean_menu_link_color_active":"","ocean_menu_link_background":"","ocean_menu_link_hover_background":"","ocean_menu_link_active_background":"","ocean_menu_social_links_bg":"","ocean_menu_social_hover_links_bg":"","ocean_menu_social_links_color":"","ocean_menu_social_hover_links_color":"","ocean_disable_title":"default","ocean_disable_heading":"default","ocean_post_title":"","ocean_post_subheading":"","ocean_post_title_style":"","ocean_post_title_background_color":"","ocean_post_title_background":0,"ocean_post_title_bg_image_position":"","ocean_post_title_bg_image_attachment":"","ocean_post_title_bg_image_repeat":"","ocean_post_title_bg_image_size":"","ocean_post_title_height":0,"ocean_post_title_bg_overlay":0.5,"ocean_post_title_bg_overlay_color":"","ocean_disable_breadcrumbs":"default","ocean_breadcrumbs_color":"","ocean_breadcrumbs_separator_color":"","ocean_breadcrumbs_links_color":"","ocean_breadcrumbs_links_hover_color":"","ocean_display_footer_widgets":"default","ocean_display_footer_bottom":"default","ocean_custom_footer_template":"0","ocean_post_oembed":"","ocean_post_self_hosted_media":"","ocean_post_video_embed":"","ocean_link_format":"","ocean_link_format_target":"self","ocean_quote_format":"","ocean_quote_format_link":"post","ocean_gallery_link_images":"off","ocean_gallery_id":[],"footnotes":""},"categories":[16],"tags":[],"class_list":["post-3827","post","type-post","status-publish","format-standard","has-post-thumbnail","hentry","category-vijesti","entry","has-media"],"views":1187,"_links":{"self":[{"href":"https:\/\/zupasvnikolakc.hr\/index.php?rest_route=\/wp\/v2\/posts\/3827","targetHints":{"allow":["GET"]}}],"collection":[{"href":"https:\/\/zupasvnikolakc.hr\/index.php?rest_route=\/wp\/v2\/posts"}],"about":[{"href":"https:\/\/zupasvnikolakc.hr\/index.php?rest_route=\/wp\/v2\/types\/post"}],"author":[{"embeddable":true,"href":"https:\/\/zupasvnikolakc.hr\/index.php?rest_route=\/wp\/v2\/users\/1"}],"replies":[{"embeddable":true,"href":"https:\/\/zupasvnikolakc.hr\/index.php?rest_route=%2Fwp%2Fv2%2Fcomments&post=3827"}],"version-history":[{"count":8,"href":"https:\/\/zupasvnikolakc.hr\/index.php?rest_route=\/wp\/v2\/posts\/3827\/revisions"}],"predecessor-version":[{"id":3838,"href":"https:\/\/zupasvnikolakc.hr\/index.php?rest_route=\/wp\/v2\/posts\/3827\/revisions\/3838"}],"wp:featuredmedia":[{"embeddable":true,"href":"https:\/\/zupasvnikolakc.hr\/index.php?rest_route=\/wp\/v2\/media\/3828"}],"wp:attachment":[{"href":"https:\/\/zupasvnikolakc.hr\/index.php?rest_route=%2Fwp%2Fv2%2Fmedia&parent=3827"}],"wp:term":[{"taxonomy":"category","embeddable":true,"href":"https:\/\/zupasvnikolakc.hr\/index.php?rest_route=%2Fwp%2Fv2%2Fcategories&post=3827"},{"taxonomy":"post_tag","embeddable":true,"href":"https:\/\/zupasvnikolakc.hr\/index.php?rest_route=%2Fwp%2Fv2%2Ftags&post=3827"}],"curies":[{"name":"wp","href":"https:\/\/api.w.org\/{rel}","templated":true}]}}