{"id":3937,"date":"2022-03-12T19:00:00","date_gmt":"2022-03-12T18:00:00","guid":{"rendered":"https:\/\/zupasvnikolakc.hr\/?p=3937"},"modified":"2022-03-12T20:46:24","modified_gmt":"2022-03-12T19:46:24","slug":"2-korizmena-nedjelja-2","status":"publish","type":"post","link":"https:\/\/zupasvnikolakc.hr\/?p=3937","title":{"rendered":"2. korizmena nedjelja"},"content":{"rendered":"\t\t<div data-elementor-type=\"wp-post\" data-elementor-id=\"3937\" class=\"elementor elementor-3937\" data-elementor-post-type=\"post\">\n\t\t\t\t\t\t<section class=\"elementor-section elementor-top-section elementor-element elementor-element-3b84d95 elementor-section-boxed elementor-section-height-default elementor-section-height-default\" data-id=\"3b84d95\" data-element_type=\"section\" data-e-type=\"section\">\n\t\t\t\t\t\t<div class=\"elementor-container elementor-column-gap-default\">\n\t\t\t\t\t<div class=\"elementor-column elementor-col-100 elementor-top-column elementor-element elementor-element-4b5d928\" data-id=\"4b5d928\" data-element_type=\"column\" data-e-type=\"column\">\n\t\t\t<div class=\"elementor-widget-wrap elementor-element-populated\">\n\t\t\t\t\t\t<div class=\"elementor-element elementor-element-ede6913 elementor-widget elementor-widget-text-editor\" data-id=\"ede6913\" data-element_type=\"widget\" data-e-type=\"widget\" data-widget_type=\"text-editor.default\">\n\t\t\t\t<div class=\"elementor-widget-container\">\n\t\t\t\t\t\t\t\t\t<p><span style=\"color: #000000;\">Dragi vjernici, za nas kr\u0161\u0107ane pripremiti se u ovoj korizmi zna\u010di i posvetiti se. Zato u dana\u0161njoj darovnoj molitvi molimo: da nam ova \u017ertva posveti du\u0161u i tijelo za slavlje vazmenih blagdana. Naravno, mi prepoznajemo da se pripremamo \u2013 posve\u0107ujemo za ne\u0161to veliko, za ne\u0161to za \u0161to se isplati ulo\u017eiti sve. Za nas nema ni\u0161ta ve\u0107e nego ostvariti pravo zajedni\u0161tvo s Bogom u kona\u010dnom osobnom uskrsnu\u0107u. A to nam omogu\u0107uje slavljenje vazmenih blagdana, tj. osobno ula\u017eenje u vazmeno otajstvo muke, smrti i uskrsnu\u0107a na\u0161ega Gospodina Isusa. Korizma je vrijeme obnove na\u0161eg hoda s Bogom kroz \u017eivot prema tom cilju. Abraham je po\u010deo svoj hod s Bogom onim korakom kad napu\u0161ta stvarnost \u017eivljenja koju je do sada \u017eivio i kre\u0107e u novu zemlju koju \u0107e mu Bog pokazati. Put u tu novu stvarnost nama je do\u0161ao pokazati sam Gospodin Isus. Mo\u017eemo si zamisliti koliko je odluka na taj korak morala ko\u0161tati Abrahama. Isus, kad govori o tom hodu, ne propu\u0161ta izri\u010dito iznijeti koliko je taj put te\u017eak, kamenit, trnovit\u2026 Ali ne propu\u0161ta niti pokazati svu ljepotu i vrijednost kona\u010dnog ostvarenje cilja na kraju toga puta. O tome nam vrlo razumljivo govori i dana\u0161nje evan\u0111elje. Kod u\u010denika vidimo kako ne razumiju ba\u0161 Isusa niti onda kad im govori o kona\u010dnoj slavi, a jo\u0161 te\u017ee kad im govori o kri\u017enom putu koji do te stvarnosti vodi. Unato\u010d svega toga jedno je \u0161to u svemu vidimo: od osobe u\u010ditelja Isusa oni se ne odvajaju ni u kojem slu\u010daju. Kao da spoznaju stvarnost koju ne mogu niti razumjeti, a jo\u0161 manje pojasniti: Bez Isusa ni\u0161ta, bez Isusa nikamo. Petar \u0107e to u ime svih izre\u0107i rije\u010dima: &#8220;Gospodine, kome da idemo? Ti ima\u0161 rije\u010di \u017eivota vje\u010dnoga!\u201c (Iv. 6,68). Dragi vjernici, Isus nas i u ovoj korizmi upu\u0107uje da otajstvo muke, smrti u uskrsnu\u0107a promatramo u cjelini i da ga pro\u0111emo zajedno s njime, jer jedino tako mo\u017eemo ga nastaviti \u017eivjeti u vje\u010dnosti.<\/span><\/p><p><span style=\"color: #000000;\">Tomislav Petri\u0107, \u017eupnik<\/span><\/p>\t\t\t\t\t\t\t\t<\/div>\n\t\t\t\t<\/div>\n\t\t\t\t<div class=\"elementor-element elementor-element-5d1040c elementor-widget elementor-widget-text-editor\" data-id=\"5d1040c\" data-element_type=\"widget\" data-e-type=\"widget\" data-widget_type=\"text-editor.default\">\n\t\t\t\t<div class=\"elementor-widget-container\">\n\t\t\t\t\t\t\t\t\t<p><span style=\"color: #ff0000;\"><strong>\u017dUPNE OBAVIJESTI<\/strong><\/span><\/p><p><span style=\"color: #000000;\"><strong>DRUGI SINODALNI SUSRET:<\/strong><\/span><\/p><ul><li><span style=\"color: #000000;\">srijeda (16.3.2022.) u 18:45 h u \u017eupnoj crkvi Sv. Nikole b.<\/span><\/li><\/ul><p><span style=\"color: #000000;\"><strong>VJERONAUK:<\/strong><\/span><\/p><ul><li><span style=\"color: #000000;\">prvopri\u010desnici \u2013 srijeda (16.3.2022.) u 9 h<\/span><\/li><li><span style=\"color: #000000;\">krizmanici \u2013 subota (19.3.2022.) u 9 h<\/span><\/li><\/ul><p><span style=\"color: #000000;\">Sakrament Prve svete pri\u010desti u na\u0161oj \u017eupi bit \u0107e u nedjelju 8.5.2022. u 11 h, a sakrament svete Potvrde u subotu 14.5.2022. u 10 h.<\/span><\/p><p><a href=\"https:\/\/zupasvnikolakc.hr\/wp-content\/uploads\/2022\/03\/2.-korizm.-nedj-listic-2022.pdf\"><span style=\"color: #ff0000;\">\u017dUPNI LISTI\u0106<\/span><\/a><\/p>\t\t\t\t\t\t\t\t<\/div>\n\t\t\t\t<\/div>\n\t\t\t\t\t<\/div>\n\t\t<\/div>\n\t\t\t\t\t<\/div>\n\t\t<\/section>\n\t\t\t\t<\/div>\n\t\t","protected":false},"excerpt":{"rendered":"<p>Dragi vjernici, za nas kr\u0161\u0107ane pripremiti se u ovoj korizmi zna\u010di i posvetiti se. Zato u dana\u0161njoj darovnoj molitvi molimo: da nam ova \u017ertva posveti du\u0161u i tijelo za slavlje vazmenih blagdana. Naravno, mi prepoznajemo da se pripremamo \u2013 posve\u0107ujemo za ne\u0161to veliko, za ne\u0161to za \u0161to se isplati ulo\u017eiti sve. Za nas nema ni\u0161ta [&hellip;]<\/p>\n","protected":false},"author":1,"featured_media":3939,"comment_status":"closed","ping_status":"closed","sticky":false,"template":"","format":"standard","meta":{"ocean_post_layout":"","ocean_both_sidebars_style":"","ocean_both_sidebars_content_width":0,"ocean_both_sidebars_sidebars_width":0,"ocean_sidebar":"0","ocean_second_sidebar":"0","ocean_disable_margins":"enable","ocean_add_body_class":"","ocean_shortcode_before_top_bar":"","ocean_shortcode_after_top_bar":"","ocean_shortcode_before_header":"","ocean_shortcode_after_header":"","ocean_has_shortcode":"","ocean_shortcode_after_title":"","ocean_shortcode_before_footer_widgets":"","ocean_shortcode_after_footer_widgets":"","ocean_shortcode_before_footer_bottom":"","ocean_shortcode_after_footer_bottom":"","ocean_display_top_bar":"default","ocean_display_header":"default","ocean_header_style":"","ocean_center_header_left_menu":"0","ocean_custom_header_template":"0","ocean_custom_logo":0,"ocean_custom_retina_logo":0,"ocean_custom_logo_max_width":0,"ocean_custom_logo_tablet_max_width":0,"ocean_custom_logo_mobile_max_width":0,"ocean_custom_logo_max_height":0,"ocean_custom_logo_tablet_max_height":0,"ocean_custom_logo_mobile_max_height":0,"ocean_header_custom_menu":"0","ocean_menu_typo_font_family":"0","ocean_menu_typo_font_subset":"","ocean_menu_typo_font_size":0,"ocean_menu_typo_font_size_tablet":0,"ocean_menu_typo_font_size_mobile":0,"ocean_menu_typo_font_size_unit":"px","ocean_menu_typo_font_weight":"","ocean_menu_typo_font_weight_tablet":"","ocean_menu_typo_font_weight_mobile":"","ocean_menu_typo_transform":"","ocean_menu_typo_transform_tablet":"","ocean_menu_typo_transform_mobile":"","ocean_menu_typo_line_height":0,"ocean_menu_typo_line_height_tablet":0,"ocean_menu_typo_line_height_mobile":0,"ocean_menu_typo_line_height_unit":"","ocean_menu_typo_spacing":0,"ocean_menu_typo_spacing_tablet":0,"ocean_menu_typo_spacing_mobile":0,"ocean_menu_typo_spacing_unit":"","ocean_menu_link_color":"","ocean_menu_link_color_hover":"","ocean_menu_link_color_active":"","ocean_menu_link_background":"","ocean_menu_link_hover_background":"","ocean_menu_link_active_background":"","ocean_menu_social_links_bg":"","ocean_menu_social_hover_links_bg":"","ocean_menu_social_links_color":"","ocean_menu_social_hover_links_color":"","ocean_disable_title":"default","ocean_disable_heading":"default","ocean_post_title":"","ocean_post_subheading":"","ocean_post_title_style":"","ocean_post_title_background_color":"","ocean_post_title_background":0,"ocean_post_title_bg_image_position":"","ocean_post_title_bg_image_attachment":"","ocean_post_title_bg_image_repeat":"","ocean_post_title_bg_image_size":"","ocean_post_title_height":0,"ocean_post_title_bg_overlay":0.5,"ocean_post_title_bg_overlay_color":"","ocean_disable_breadcrumbs":"default","ocean_breadcrumbs_color":"","ocean_breadcrumbs_separator_color":"","ocean_breadcrumbs_links_color":"","ocean_breadcrumbs_links_hover_color":"","ocean_display_footer_widgets":"default","ocean_display_footer_bottom":"default","ocean_custom_footer_template":"0","ocean_post_oembed":"","ocean_post_self_hosted_media":"","ocean_post_video_embed":"","ocean_link_format":"","ocean_link_format_target":"self","ocean_quote_format":"","ocean_quote_format_link":"post","ocean_gallery_link_images":"off","ocean_gallery_id":[],"footnotes":""},"categories":[16],"tags":[],"class_list":["post-3937","post","type-post","status-publish","format-standard","has-post-thumbnail","hentry","category-vijesti","entry","has-media"],"views":1298,"_links":{"self":[{"href":"https:\/\/zupasvnikolakc.hr\/index.php?rest_route=\/wp\/v2\/posts\/3937","targetHints":{"allow":["GET"]}}],"collection":[{"href":"https:\/\/zupasvnikolakc.hr\/index.php?rest_route=\/wp\/v2\/posts"}],"about":[{"href":"https:\/\/zupasvnikolakc.hr\/index.php?rest_route=\/wp\/v2\/types\/post"}],"author":[{"embeddable":true,"href":"https:\/\/zupasvnikolakc.hr\/index.php?rest_route=\/wp\/v2\/users\/1"}],"replies":[{"embeddable":true,"href":"https:\/\/zupasvnikolakc.hr\/index.php?rest_route=%2Fwp%2Fv2%2Fcomments&post=3937"}],"version-history":[{"count":8,"href":"https:\/\/zupasvnikolakc.hr\/index.php?rest_route=\/wp\/v2\/posts\/3937\/revisions"}],"predecessor-version":[{"id":3951,"href":"https:\/\/zupasvnikolakc.hr\/index.php?rest_route=\/wp\/v2\/posts\/3937\/revisions\/3951"}],"wp:featuredmedia":[{"embeddable":true,"href":"https:\/\/zupasvnikolakc.hr\/index.php?rest_route=\/wp\/v2\/media\/3939"}],"wp:attachment":[{"href":"https:\/\/zupasvnikolakc.hr\/index.php?rest_route=%2Fwp%2Fv2%2Fmedia&parent=3937"}],"wp:term":[{"taxonomy":"category","embeddable":true,"href":"https:\/\/zupasvnikolakc.hr\/index.php?rest_route=%2Fwp%2Fv2%2Fcategories&post=3937"},{"taxonomy":"post_tag","embeddable":true,"href":"https:\/\/zupasvnikolakc.hr\/index.php?rest_route=%2Fwp%2Fv2%2Ftags&post=3937"}],"curies":[{"name":"wp","href":"https:\/\/api.w.org\/{rel}","templated":true}]}}