{"id":4997,"date":"2022-09-03T19:00:00","date_gmt":"2022-09-03T17:00:00","guid":{"rendered":"https:\/\/zupasvnikolakc.hr\/?p=4997"},"modified":"2022-09-01T01:43:41","modified_gmt":"2022-08-31T23:43:41","slug":"23-nedjelja-kroz-godinu-3","status":"publish","type":"post","link":"https:\/\/zupasvnikolakc.hr\/?p=4997","title":{"rendered":"23. nedjelja kroz godinu"},"content":{"rendered":"\t\t<div data-elementor-type=\"wp-post\" data-elementor-id=\"4997\" class=\"elementor elementor-4997\" data-elementor-post-type=\"post\">\n\t\t\t\t\t\t<section class=\"elementor-section elementor-top-section elementor-element elementor-element-858f807 elementor-section-boxed elementor-section-height-default elementor-section-height-default\" data-id=\"858f807\" data-element_type=\"section\" data-e-type=\"section\">\n\t\t\t\t\t\t<div class=\"elementor-container elementor-column-gap-default\">\n\t\t\t\t\t<div class=\"elementor-column elementor-col-100 elementor-top-column elementor-element elementor-element-c87db48\" data-id=\"c87db48\" data-element_type=\"column\" data-e-type=\"column\">\n\t\t\t<div class=\"elementor-widget-wrap elementor-element-populated\">\n\t\t\t\t\t\t<div class=\"elementor-element elementor-element-9c6908b elementor-widget elementor-widget-text-editor\" data-id=\"9c6908b\" data-element_type=\"widget\" data-e-type=\"widget\" data-widget_type=\"text-editor.default\">\n\t\t\t\t<div class=\"elementor-widget-container\">\n\t\t\t\t\t\t\t\t\t<p><span style=\"color: #000000;\">Dana\u0161nja nedjelja nastavlja nas podsje\u0107ati na va\u017enost kr\u0161\u0107anske brige za vje\u010dni \u017eivot. Razmi\u0161ljaju\u0107i o dana\u0161njem evan\u0111elju, kr\u0161\u0107anin lako mo\u017ee do\u0107i do zaklju\u010dka da Isus tra\u017ei od nas suprotno onome \u0161to je cijelo vrijeme nau\u010davao i \u017eivio. No Isus ni slu\u010dajno ne \u017eeli dokinuti zapovijed ljubavi prema bli\u017enjemu, pogotovo ne prema vlastitim roditeljima, djeci, bra\u010dnom drugu. On nas ovdje ne poziva na mr\u017enju iako nam se to u prvi mah tako \u010dini. Glagol mrziti ovdje ima sasvim drugo zna\u010denje, on se koristi kako bi nam ukazao na va\u017enost Isusova nasljedovanja. Nije li sam rekao da nije do\u0161ao dokinuti Zakon i Proroke nego ih dopuniti. Sve to ostaje na snazi. Ali na prvom mjestu mora biti Bog. Tko \u017eeli k Bogu Isusovim putem, mora ra\u010dunati da je to naporan i strm put. Rije\u010d je o ozbiljnom zahtjevu koji Isus izri\u010de: onomu tko \u017eeli biti njegov u\u010denik ne smije biti ni\u0161ta na svijetu va\u017enije od toga, pa bili to i vlastiti roditelji ili najbli\u017ei srodnici. To je izre\u010deno i drugom Isusovom poukom: \u201eI tko ne nosi svoga kri\u017ea i ne ide za mnom, ne mo\u017ee biti moj u\u010denik!\u201c. Ne mo\u017ee se za Isusom i\u0107i iz znati\u017eelje. A neki su Isusovi slu\u0161atelji upravo tako po\u0161li, jer ga je slijedilo \u201esilno mno\u0161tvo\u201c. Isusu je jasno da mnogi od njih idu zato jer im je to privla\u010dno, jer on \u010dini \u010dudesa i hrani gladne, lije\u010di bolesne, zanimljivo pri\u010da, a sve besplatno. Oni o\u010dekuju lagodan i zabavan \u017eivot, bez obveza. A time su posve krivo razumjeli Isusa. Zato im on jasno govori koje uvjete mora ispuniti onaj tko ga \u017eeli slijediti. Tko nije za to spreman, bolje da na vrijeme odustane. To se ti\u010de i nas dana\u0161njih vjernika! Isus i od nas tra\u017ei definitivnu odluku. Ona nije laka, ali je nu\u017ena, jer biti kr\u0161\u0107anin ne zna\u010di samo sve\u010dano slaviti Bo\u017ei\u0107, nego znati ostati Isusu vjeran i kad do\u0111e na\u0161 Veliki petak; slijediti ga odu\u0161evljeno ne samo kad primamo sakramente, nego i kad do\u0111e te\u0161ka zbilja \u017eivota; dr\u017eati se Isusovih moralnih na\u010dela u svijetu koji ta na\u010dela ne prihva\u0107a; imati hrabrosti plivati protiv struje kad su u pitanju Bo\u017eji zakon i kr\u0161\u0107anska moralna na\u010dela; ne pokolebati se ni kad nas sa svih strana napadaju, pa i kad treba zbog svoga uvjerenja i trpjeti. Jedino tako ostajemo pravi kr\u0161\u0107ani i Isusovi u\u010denici.<\/span><\/p><p><span style=\"color: #000000;\">Tomislav Petri\u0107, \u017eupnik<\/span><\/p>\t\t\t\t\t\t\t\t<\/div>\n\t\t\t\t<\/div>\n\t\t\t\t<div class=\"elementor-element elementor-element-4382d96 elementor-widget elementor-widget-text-editor\" data-id=\"4382d96\" data-element_type=\"widget\" data-e-type=\"widget\" data-widget_type=\"text-editor.default\">\n\t\t\t\t<div class=\"elementor-widget-container\">\n\t\t\t\t\t\t\t\t\t<p><span style=\"color: #ff0000;\"><strong>\u017dUPNE OBAVIJESTI<\/strong><\/span><\/p><p><span style=\"color: #000000;\">Od utorka, 6.9.2022., ve\u010dernje svete mise \u0107e biti u 18 h.<\/span><\/p><p><span style=\"color: #000000;\"><strong>Radno vrijeme<\/strong> \u017eupnog ureda je od 16:30 do 17:30 h (osim ponedjeljka i vikenda).<\/span><\/p><p><span style=\"color: #000000;\"><strong>Sastanak<\/strong> ekonomskog i pastoralnog vije\u0107a je u utorak (6.9.) u 18:30 h u crkvi.<\/span><\/p><p><span style=\"color: #000000;\"><strong>Upis<\/strong>:<\/span><\/p><ul><li><span style=\"color: #000000;\"><strong>kandidata za krizmu<\/strong> \u2013 subota (10.9.2022.) u 10 h u crkvi<\/span><\/li><li><span style=\"color: #000000;\"><strong>prvopri\u010desnika<\/strong> \u2013 subota (10.9.2022.) u 10:30 h u crkvi<\/span><\/li><\/ul><p><span style=\"color: #000000;\">Naknadnih upisa nema. Upisnicu mo\u017eete uzeti u crkvi na pokrajnjim oltarima ili preuzeti <span style=\"color: #ff0000;\"><a style=\"color: #ff0000;\" href=\"https:\/\/zupasvnikolakc.hr\/wp-content\/uploads\/2022\/09\/Prijavnica-za-sakramente.pdf\">OVDJE<\/a><\/span>.\u00a0<\/span><\/p><p><span style=\"color: #000000;\"><strong>Zaziv Duha Svetoga<\/strong> je u nedjelju (11.9.2022.) u 11 te u 18 h.<\/span><\/p><p><a href=\"https:\/\/zupasvnikolakc.hr\/wp-content\/uploads\/2022\/09\/23.N.K.G-LISTIC-2022.pdf\"><span style=\"color: #ff0000;\">\u017dUPNI LISTI\u0106<\/span><\/a><\/p>\t\t\t\t\t\t\t\t<\/div>\n\t\t\t\t<\/div>\n\t\t\t\t\t<\/div>\n\t\t<\/div>\n\t\t\t\t\t<\/div>\n\t\t<\/section>\n\t\t\t\t<\/div>\n\t\t","protected":false},"excerpt":{"rendered":"<p>Dana\u0161nja nedjelja nastavlja nas podsje\u0107ati na va\u017enost kr\u0161\u0107anske brige za vje\u010dni \u017eivot. Razmi\u0161ljaju\u0107i o dana\u0161njem evan\u0111elju, kr\u0161\u0107anin lako mo\u017ee do\u0107i do zaklju\u010dka da Isus tra\u017ei od nas suprotno onome \u0161to je cijelo vrijeme nau\u010davao i \u017eivio. No Isus ni slu\u010dajno ne \u017eeli dokinuti zapovijed ljubavi prema bli\u017enjemu, pogotovo ne prema vlastitim roditeljima, djeci, bra\u010dnom drugu. [&hellip;]<\/p>\n","protected":false},"author":1,"featured_media":4998,"comment_status":"closed","ping_status":"closed","sticky":false,"template":"","format":"standard","meta":{"ocean_post_layout":"","ocean_both_sidebars_style":"","ocean_both_sidebars_content_width":0,"ocean_both_sidebars_sidebars_width":0,"ocean_sidebar":"0","ocean_second_sidebar":"0","ocean_disable_margins":"enable","ocean_add_body_class":"","ocean_shortcode_before_top_bar":"","ocean_shortcode_after_top_bar":"","ocean_shortcode_before_header":"","ocean_shortcode_after_header":"","ocean_has_shortcode":"","ocean_shortcode_after_title":"","ocean_shortcode_before_footer_widgets":"","ocean_shortcode_after_footer_widgets":"","ocean_shortcode_before_footer_bottom":"","ocean_shortcode_after_footer_bottom":"","ocean_display_top_bar":"default","ocean_display_header":"default","ocean_header_style":"","ocean_center_header_left_menu":"0","ocean_custom_header_template":"0","ocean_custom_logo":0,"ocean_custom_retina_logo":0,"ocean_custom_logo_max_width":0,"ocean_custom_logo_tablet_max_width":0,"ocean_custom_logo_mobile_max_width":0,"ocean_custom_logo_max_height":0,"ocean_custom_logo_tablet_max_height":0,"ocean_custom_logo_mobile_max_height":0,"ocean_header_custom_menu":"0","ocean_menu_typo_font_family":"0","ocean_menu_typo_font_subset":"","ocean_menu_typo_font_size":0,"ocean_menu_typo_font_size_tablet":0,"ocean_menu_typo_font_size_mobile":0,"ocean_menu_typo_font_size_unit":"px","ocean_menu_typo_font_weight":"","ocean_menu_typo_font_weight_tablet":"","ocean_menu_typo_font_weight_mobile":"","ocean_menu_typo_transform":"","ocean_menu_typo_transform_tablet":"","ocean_menu_typo_transform_mobile":"","ocean_menu_typo_line_height":0,"ocean_menu_typo_line_height_tablet":0,"ocean_menu_typo_line_height_mobile":0,"ocean_menu_typo_line_height_unit":"","ocean_menu_typo_spacing":0,"ocean_menu_typo_spacing_tablet":0,"ocean_menu_typo_spacing_mobile":0,"ocean_menu_typo_spacing_unit":"","ocean_menu_link_color":"","ocean_menu_link_color_hover":"","ocean_menu_link_color_active":"","ocean_menu_link_background":"","ocean_menu_link_hover_background":"","ocean_menu_link_active_background":"","ocean_menu_social_links_bg":"","ocean_menu_social_hover_links_bg":"","ocean_menu_social_links_color":"","ocean_menu_social_hover_links_color":"","ocean_disable_title":"default","ocean_disable_heading":"default","ocean_post_title":"","ocean_post_subheading":"","ocean_post_title_style":"","ocean_post_title_background_color":"","ocean_post_title_background":0,"ocean_post_title_bg_image_position":"","ocean_post_title_bg_image_attachment":"","ocean_post_title_bg_image_repeat":"","ocean_post_title_bg_image_size":"","ocean_post_title_height":0,"ocean_post_title_bg_overlay":0.5,"ocean_post_title_bg_overlay_color":"","ocean_disable_breadcrumbs":"default","ocean_breadcrumbs_color":"","ocean_breadcrumbs_separator_color":"","ocean_breadcrumbs_links_color":"","ocean_breadcrumbs_links_hover_color":"","ocean_display_footer_widgets":"default","ocean_display_footer_bottom":"default","ocean_custom_footer_template":"0","ocean_post_oembed":"","ocean_post_self_hosted_media":"","ocean_post_video_embed":"","ocean_link_format":"","ocean_link_format_target":"self","ocean_quote_format":"","ocean_quote_format_link":"post","ocean_gallery_link_images":"off","ocean_gallery_id":[],"footnotes":""},"categories":[16],"tags":[],"class_list":["post-4997","post","type-post","status-publish","format-standard","has-post-thumbnail","hentry","category-vijesti","entry","has-media"],"views":872,"_links":{"self":[{"href":"https:\/\/zupasvnikolakc.hr\/index.php?rest_route=\/wp\/v2\/posts\/4997","targetHints":{"allow":["GET"]}}],"collection":[{"href":"https:\/\/zupasvnikolakc.hr\/index.php?rest_route=\/wp\/v2\/posts"}],"about":[{"href":"https:\/\/zupasvnikolakc.hr\/index.php?rest_route=\/wp\/v2\/types\/post"}],"author":[{"embeddable":true,"href":"https:\/\/zupasvnikolakc.hr\/index.php?rest_route=\/wp\/v2\/users\/1"}],"replies":[{"embeddable":true,"href":"https:\/\/zupasvnikolakc.hr\/index.php?rest_route=%2Fwp%2Fv2%2Fcomments&post=4997"}],"version-history":[{"count":11,"href":"https:\/\/zupasvnikolakc.hr\/index.php?rest_route=\/wp\/v2\/posts\/4997\/revisions"}],"predecessor-version":[{"id":5010,"href":"https:\/\/zupasvnikolakc.hr\/index.php?rest_route=\/wp\/v2\/posts\/4997\/revisions\/5010"}],"wp:featuredmedia":[{"embeddable":true,"href":"https:\/\/zupasvnikolakc.hr\/index.php?rest_route=\/wp\/v2\/media\/4998"}],"wp:attachment":[{"href":"https:\/\/zupasvnikolakc.hr\/index.php?rest_route=%2Fwp%2Fv2%2Fmedia&parent=4997"}],"wp:term":[{"taxonomy":"category","embeddable":true,"href":"https:\/\/zupasvnikolakc.hr\/index.php?rest_route=%2Fwp%2Fv2%2Fcategories&post=4997"},{"taxonomy":"post_tag","embeddable":true,"href":"https:\/\/zupasvnikolakc.hr\/index.php?rest_route=%2Fwp%2Fv2%2Ftags&post=4997"}],"curies":[{"name":"wp","href":"https:\/\/api.w.org\/{rel}","templated":true}]}}