{"id":5094,"date":"2022-09-14T19:25:29","date_gmt":"2022-09-14T17:25:29","guid":{"rendered":"https:\/\/zupasvnikolakc.hr\/?p=5094"},"modified":"2022-09-14T19:38:37","modified_gmt":"2022-09-14T17:38:37","slug":"hodocasce-muzeva-zupe-sv-nikole-biskupa-na-mariju-bistricu-10-i-11-9-2022","status":"publish","type":"post","link":"https:\/\/zupasvnikolakc.hr\/?p=5094","title":{"rendered":"Hodo\u010da\u0161\u0107e mu\u017eeva \u017eupe sv. Nikole Biskupa na Mariju Bistricu, 10. i 11.9.2022."},"content":{"rendered":"\t\t<div data-elementor-type=\"wp-post\" data-elementor-id=\"5094\" class=\"elementor elementor-5094\" data-elementor-post-type=\"post\">\n\t\t\t\t\t\t<section class=\"elementor-section elementor-top-section elementor-element elementor-element-0b8a738 elementor-section-boxed elementor-section-height-default elementor-section-height-default\" data-id=\"0b8a738\" data-element_type=\"section\" data-e-type=\"section\">\n\t\t\t\t\t\t<div class=\"elementor-container elementor-column-gap-default\">\n\t\t\t\t\t<div class=\"elementor-column elementor-col-100 elementor-top-column elementor-element elementor-element-a5448ff\" data-id=\"a5448ff\" data-element_type=\"column\" data-e-type=\"column\">\n\t\t\t<div class=\"elementor-widget-wrap elementor-element-populated\">\n\t\t\t\t\t\t<div class=\"elementor-element elementor-element-5a88b69 elementor-widget elementor-widget-text-editor\" data-id=\"5a88b69\" data-element_type=\"widget\" data-e-type=\"widget\" data-widget_type=\"text-editor.default\">\n\t\t\t\t<div class=\"elementor-widget-container\">\n\t\t\t\t\t\t\t\t\t<div dir=\"auto\"><span style=\"color: #000000;\">Ovako je to po\u010delo prije 10 godina:<\/span><\/div><div dir=\"auto\"><span style=\"color: #000000;\">Jedne nedjelje poslije svete mise u \u017eupnoj dvorani ro\u0111ena je ideja o pje\u0161a\u010dkom hodo\u010da\u0161\u0107u u Mariju Bistricu. Nakon podu\u017eeg usugla\u0161avanja oko termina, odlu\u010deno je da \u0107e se i\u0107i 15. rujna 2012. i trebao nam je jo\u0161 samo vo\u0111a puta. Kako je to trebalo biti prvo takvo hodo\u010da\u0161\u0107e iz na\u0161e \u017eupe, donesena je odluka da hodo\u010dasnici budu samo mu\u017eevi kao pravi predstavnici \u017eupe.\u017dupnik je dvije nedjelje nakon mise oglasio da \u0107e se i\u0107i na hodo\u010da\u0161\u0107e, kako bi se mogli prijaviti svi kandidati.<\/span><\/div><div dir=\"auto\"><span style=\"color: #000000;\">Kona\u010dno, u srijedu 12. rujna 2012., nakon ve\u010dernje svete mise sastali smo se svi koji smo se osje\u0107ali spremnima za hodo\u010da\u0161\u0107e. Dogovorili smo potankosti oko potrebnih stvari, opreme, o putu te vremenu i mjestu polaska. Goran Bi\u0161kup, koji ve\u0107 ima veliko sedmogodi\u0161nje iskustvo kao predvodnik hodo\u010dasnika na Mariju Bistricu, pristao je i nama biti vo\u0111om. Do\u0161li smo do broja osam, odnosno sakupila nas se osmorica hrabrih i odlu\u010dnih. Uz g. Bi\u0161kupa to su bila i\u00a0<\/span><span style=\"color: #000000;\">sedmorica \u017eupljana: na\u0161 \u0111akon Miljenko Flajs, Josip Hajdukovi\u0107, Davor Podgorelec, Igor\u00a0<\/span><span style=\"color: #000000;\">Lugomeri\u0107, Ivica Benoti\u0107, Bo\u017eo Vukoni\u0107 i Kre\u0161imir Sever.<\/span><\/div><div dir=\"auto\"><span style=\"color: #000000;\">Napokon je do\u0161lo i to dugoo\u010dekivano subotnje jutro 15.09.2012.\u00a0<\/span><span style=\"color: #000000;\">U 03:30 sati okupili smo se u \u017eupnoj crkvi kako bismo se pomolili i zatra\u017eili za\u0161titu i blagoslov\u00a0<\/span><span style=\"color: #000000;\">sv. Nikole biskupa, za\u0161titnika putnika.\u00a0<\/span><span style=\"color: #000000;\">Nakon molitve i prikazanja svojih nakana, blagoslovio nas je na\u0161 \u0111akon Miljenko Flajs.\u00a0<\/span><span style=\"color: #000000;\">Krenuli smo na put.\u00a0<\/span><span style=\"color: #000000;\">Po\u010detak je bio ispred druge barake na Vinici u 04:00 sati&#8230;.<\/span><\/div><div dir=\"auto\">\u00a0<\/div><div dir=\"auto\"><span style=\"color: #000000;\">A ovako je bilo ove godine&#8230;broj se pove\u0107ao na 13 hodo\u010dasnika, a pregled ova dva mo\u017eete vidjet u <a href=\"https:\/\/www.facebook.com\/%C5%BDupa-svetog-Nikole-biskupa-Koprivnica-440866492628754\"><span style=\"color: #ff0000;\">video uratku na Facebook stranici \u017eupe<\/span><\/a>.<\/span><\/div><div dir=\"auto\">\u00a0<\/div><div dir=\"auto\"><span style=\"color: #000000;\">Majko Bo\u017eja Bistri\u010dka hvala ti za sve, moli za nas i budi uz nas i na\u0161e drage.<\/span><\/div><div dir=\"auto\" style=\"text-align: right;\"><span style=\"color: #000000;\"><em>Zdenka\u00a0 Podhra\u0161ki Relja<\/em><\/span><\/div><div dir=\"auto\"><p><div id='gallery-1' class='gallery galleryid-5094 gallery-columns-3 gallery-size-full'><figure class='gallery-item'>\n\t\t\t<div class='gallery-icon landscape'>\n\t\t\t\t<a href='https:\/\/zupasvnikolakc.hr\/wp-content\/uploads\/2022\/09\/Bistrica-01.jpg'><img fetchpriority=\"high\" decoding=\"async\" width=\"1024\" height=\"768\" src=\"https:\/\/zupasvnikolakc.hr\/wp-content\/uploads\/2022\/09\/Bistrica-01.jpg\" class=\"attachment-full size-full\" alt=\"\" srcset=\"https:\/\/zupasvnikolakc.hr\/wp-content\/uploads\/2022\/09\/Bistrica-01.jpg 1024w, https:\/\/zupasvnikolakc.hr\/wp-content\/uploads\/2022\/09\/Bistrica-01-300x225.jpg 300w, https:\/\/zupasvnikolakc.hr\/wp-content\/uploads\/2022\/09\/Bistrica-01-768x576.jpg 768w, https:\/\/zupasvnikolakc.hr\/wp-content\/uploads\/2022\/09\/Bistrica-01-600x450.jpg 600w\" sizes=\"(max-width: 1024px) 100vw, 1024px\" \/><\/a>\n\t\t\t<\/div><\/figure><figure class='gallery-item'>\n\t\t\t<div class='gallery-icon landscape'>\n\t\t\t\t<a href='https:\/\/zupasvnikolakc.hr\/wp-content\/uploads\/2022\/09\/Bistrica-02.jpg'><img decoding=\"async\" width=\"1024\" height=\"768\" src=\"https:\/\/zupasvnikolakc.hr\/wp-content\/uploads\/2022\/09\/Bistrica-02.jpg\" class=\"attachment-full size-full\" alt=\"\" srcset=\"https:\/\/zupasvnikolakc.hr\/wp-content\/uploads\/2022\/09\/Bistrica-02.jpg 1024w, https:\/\/zupasvnikolakc.hr\/wp-content\/uploads\/2022\/09\/Bistrica-02-300x225.jpg 300w, https:\/\/zupasvnikolakc.hr\/wp-content\/uploads\/2022\/09\/Bistrica-02-768x576.jpg 768w, https:\/\/zupasvnikolakc.hr\/wp-content\/uploads\/2022\/09\/Bistrica-02-600x450.jpg 600w\" sizes=\"(max-width: 1024px) 100vw, 1024px\" \/><\/a>\n\t\t\t<\/div><\/figure><figure class='gallery-item'>\n\t\t\t<div class='gallery-icon landscape'>\n\t\t\t\t<a href='https:\/\/zupasvnikolakc.hr\/wp-content\/uploads\/2022\/09\/Bistrica-03-1.jpg'><img decoding=\"async\" width=\"1024\" height=\"768\" src=\"https:\/\/zupasvnikolakc.hr\/wp-content\/uploads\/2022\/09\/Bistrica-03-1.jpg\" class=\"attachment-full size-full\" alt=\"\" srcset=\"https:\/\/zupasvnikolakc.hr\/wp-content\/uploads\/2022\/09\/Bistrica-03-1.jpg 1024w, https:\/\/zupasvnikolakc.hr\/wp-content\/uploads\/2022\/09\/Bistrica-03-1-300x225.jpg 300w, https:\/\/zupasvnikolakc.hr\/wp-content\/uploads\/2022\/09\/Bistrica-03-1-768x576.jpg 768w, https:\/\/zupasvnikolakc.hr\/wp-content\/uploads\/2022\/09\/Bistrica-03-1-600x450.jpg 600w\" sizes=\"(max-width: 1024px) 100vw, 1024px\" \/><\/a>\n\t\t\t<\/div><\/figure><figure class='gallery-item'>\n\t\t\t<div class='gallery-icon landscape'>\n\t\t\t\t<a href='https:\/\/zupasvnikolakc.hr\/wp-content\/uploads\/2022\/09\/Bistrica-04.jpg'><img loading=\"lazy\" decoding=\"async\" width=\"1024\" height=\"768\" src=\"https:\/\/zupasvnikolakc.hr\/wp-content\/uploads\/2022\/09\/Bistrica-04.jpg\" class=\"attachment-full size-full\" alt=\"\" srcset=\"https:\/\/zupasvnikolakc.hr\/wp-content\/uploads\/2022\/09\/Bistrica-04.jpg 1024w, https:\/\/zupasvnikolakc.hr\/wp-content\/uploads\/2022\/09\/Bistrica-04-300x225.jpg 300w, https:\/\/zupasvnikolakc.hr\/wp-content\/uploads\/2022\/09\/Bistrica-04-768x576.jpg 768w, https:\/\/zupasvnikolakc.hr\/wp-content\/uploads\/2022\/09\/Bistrica-04-600x450.jpg 600w\" sizes=\"(max-width: 1024px) 100vw, 1024px\" \/><\/a>\n\t\t\t<\/div><\/figure>\n\t\t<\/div>\n<\/p><\/div>\t\t\t\t\t\t\t\t<\/div>\n\t\t\t\t<\/div>\n\t\t\t\t\t<\/div>\n\t\t<\/div>\n\t\t\t\t\t<\/div>\n\t\t<\/section>\n\t\t\t\t<\/div>\n\t\t","protected":false},"excerpt":{"rendered":"<p>Ovako je to po\u010delo prije 10 godina:Jedne nedjelje poslije svete mise u \u017eupnoj dvorani ro\u0111ena je ideja o pje\u0161a\u010dkom hodo\u010da\u0161\u0107u u Mariju Bistricu. Nakon podu\u017eeg usugla\u0161avanja oko termina, odlu\u010deno je da \u0107e se i\u0107i 15. rujna 2012. i trebao nam je jo\u0161 samo vo\u0111a puta. Kako je to trebalo biti prvo takvo hodo\u010da\u0161\u0107e iz na\u0161e [&hellip;]<\/p>\n","protected":false},"author":1,"featured_media":5095,"comment_status":"closed","ping_status":"closed","sticky":false,"template":"","format":"standard","meta":{"ocean_post_layout":"","ocean_both_sidebars_style":"","ocean_both_sidebars_content_width":0,"ocean_both_sidebars_sidebars_width":0,"ocean_sidebar":"0","ocean_second_sidebar":"0","ocean_disable_margins":"enable","ocean_add_body_class":"","ocean_shortcode_before_top_bar":"","ocean_shortcode_after_top_bar":"","ocean_shortcode_before_header":"","ocean_shortcode_after_header":"","ocean_has_shortcode":"","ocean_shortcode_after_title":"","ocean_shortcode_before_footer_widgets":"","ocean_shortcode_after_footer_widgets":"","ocean_shortcode_before_footer_bottom":"","ocean_shortcode_after_footer_bottom":"","ocean_display_top_bar":"default","ocean_display_header":"default","ocean_header_style":"","ocean_center_header_left_menu":"0","ocean_custom_header_template":"0","ocean_custom_logo":0,"ocean_custom_retina_logo":0,"ocean_custom_logo_max_width":0,"ocean_custom_logo_tablet_max_width":0,"ocean_custom_logo_mobile_max_width":0,"ocean_custom_logo_max_height":0,"ocean_custom_logo_tablet_max_height":0,"ocean_custom_logo_mobile_max_height":0,"ocean_header_custom_menu":"0","ocean_menu_typo_font_family":"0","ocean_menu_typo_font_subset":"","ocean_menu_typo_font_size":0,"ocean_menu_typo_font_size_tablet":0,"ocean_menu_typo_font_size_mobile":0,"ocean_menu_typo_font_size_unit":"px","ocean_menu_typo_font_weight":"","ocean_menu_typo_font_weight_tablet":"","ocean_menu_typo_font_weight_mobile":"","ocean_menu_typo_transform":"","ocean_menu_typo_transform_tablet":"","ocean_menu_typo_transform_mobile":"","ocean_menu_typo_line_height":0,"ocean_menu_typo_line_height_tablet":0,"ocean_menu_typo_line_height_mobile":0,"ocean_menu_typo_line_height_unit":"","ocean_menu_typo_spacing":0,"ocean_menu_typo_spacing_tablet":0,"ocean_menu_typo_spacing_mobile":0,"ocean_menu_typo_spacing_unit":"","ocean_menu_link_color":"","ocean_menu_link_color_hover":"","ocean_menu_link_color_active":"","ocean_menu_link_background":"","ocean_menu_link_hover_background":"","ocean_menu_link_active_background":"","ocean_menu_social_links_bg":"","ocean_menu_social_hover_links_bg":"","ocean_menu_social_links_color":"","ocean_menu_social_hover_links_color":"","ocean_disable_title":"default","ocean_disable_heading":"default","ocean_post_title":"","ocean_post_subheading":"","ocean_post_title_style":"","ocean_post_title_background_color":"","ocean_post_title_background":0,"ocean_post_title_bg_image_position":"","ocean_post_title_bg_image_attachment":"","ocean_post_title_bg_image_repeat":"","ocean_post_title_bg_image_size":"","ocean_post_title_height":0,"ocean_post_title_bg_overlay":0.5,"ocean_post_title_bg_overlay_color":"","ocean_disable_breadcrumbs":"default","ocean_breadcrumbs_color":"","ocean_breadcrumbs_separator_color":"","ocean_breadcrumbs_links_color":"","ocean_breadcrumbs_links_hover_color":"","ocean_display_footer_widgets":"default","ocean_display_footer_bottom":"default","ocean_custom_footer_template":"0","ocean_post_oembed":"","ocean_post_self_hosted_media":"","ocean_post_video_embed":"","ocean_link_format":"","ocean_link_format_target":"self","ocean_quote_format":"","ocean_quote_format_link":"post","ocean_gallery_link_images":"off","ocean_gallery_id":[],"footnotes":""},"categories":[16],"tags":[],"class_list":["post-5094","post","type-post","status-publish","format-standard","has-post-thumbnail","hentry","category-vijesti","entry","has-media"],"views":932,"_links":{"self":[{"href":"https:\/\/zupasvnikolakc.hr\/index.php?rest_route=\/wp\/v2\/posts\/5094","targetHints":{"allow":["GET"]}}],"collection":[{"href":"https:\/\/zupasvnikolakc.hr\/index.php?rest_route=\/wp\/v2\/posts"}],"about":[{"href":"https:\/\/zupasvnikolakc.hr\/index.php?rest_route=\/wp\/v2\/types\/post"}],"author":[{"embeddable":true,"href":"https:\/\/zupasvnikolakc.hr\/index.php?rest_route=\/wp\/v2\/users\/1"}],"replies":[{"embeddable":true,"href":"https:\/\/zupasvnikolakc.hr\/index.php?rest_route=%2Fwp%2Fv2%2Fcomments&post=5094"}],"version-history":[{"count":7,"href":"https:\/\/zupasvnikolakc.hr\/index.php?rest_route=\/wp\/v2\/posts\/5094\/revisions"}],"predecessor-version":[{"id":5106,"href":"https:\/\/zupasvnikolakc.hr\/index.php?rest_route=\/wp\/v2\/posts\/5094\/revisions\/5106"}],"wp:featuredmedia":[{"embeddable":true,"href":"https:\/\/zupasvnikolakc.hr\/index.php?rest_route=\/wp\/v2\/media\/5095"}],"wp:attachment":[{"href":"https:\/\/zupasvnikolakc.hr\/index.php?rest_route=%2Fwp%2Fv2%2Fmedia&parent=5094"}],"wp:term":[{"taxonomy":"category","embeddable":true,"href":"https:\/\/zupasvnikolakc.hr\/index.php?rest_route=%2Fwp%2Fv2%2Fcategories&post=5094"},{"taxonomy":"post_tag","embeddable":true,"href":"https:\/\/zupasvnikolakc.hr\/index.php?rest_route=%2Fwp%2Fv2%2Ftags&post=5094"}],"curies":[{"name":"wp","href":"https:\/\/api.w.org\/{rel}","templated":true}]}}