{"id":5172,"date":"2022-10-01T19:00:00","date_gmt":"2022-10-01T17:00:00","guid":{"rendered":"https:\/\/zupasvnikolakc.hr\/?p=5172"},"modified":"2022-09-27T13:08:06","modified_gmt":"2022-09-27T11:08:06","slug":"27-nedjelja-kroz-godinu-3","status":"publish","type":"post","link":"https:\/\/zupasvnikolakc.hr\/?p=5172","title":{"rendered":"27. nedjelja kroz godinu"},"content":{"rendered":"\t\t<div data-elementor-type=\"wp-post\" data-elementor-id=\"5172\" class=\"elementor elementor-5172\" data-elementor-post-type=\"post\">\n\t\t\t\t\t\t<section class=\"elementor-section elementor-top-section elementor-element elementor-element-4e0c840 elementor-section-boxed elementor-section-height-default elementor-section-height-default\" data-id=\"4e0c840\" data-element_type=\"section\" data-e-type=\"section\">\n\t\t\t\t\t\t<div class=\"elementor-container elementor-column-gap-default\">\n\t\t\t\t\t<div class=\"elementor-column elementor-col-100 elementor-top-column elementor-element elementor-element-e0165d7\" data-id=\"e0165d7\" data-element_type=\"column\" data-e-type=\"column\">\n\t\t\t<div class=\"elementor-widget-wrap elementor-element-populated\">\n\t\t\t\t\t\t<div class=\"elementor-element elementor-element-ce9d52d elementor-widget elementor-widget-text-editor\" data-id=\"ce9d52d\" data-element_type=\"widget\" data-e-type=\"widget\" data-widget_type=\"text-editor.default\">\n\t\t\t\t<div class=\"elementor-widget-container\">\n\t\t\t\t\t\t\t\t\t<p><span style=\"color: #000000;\">Dana\u0161nja nedjelja nastavlja niz nedjelja u kojima nas Gospodin poziva da ozbiljno shvatimo brigu uz ovaj vremeniti i za onaj neprolazni, vje\u010dni \u017eivot. Na tom putu ostvarenja Gospodinove zada\u0107e preva\u017enu ulogu ima na\u0161a vjera. Stoga nam i dana\u0161nja nedjelja kroz prispodobu o dudu koji se \u010dupa i premje\u0161ta u more, \u017eeli re\u0107i da je potrebno imati vjeru koja se odr\u017eava i \u017eivi i onda kad je ljudski govore\u0107i te\u0161ko vjerovati. Vjera je stil \u017eivota gdje se Isusove rije\u010di jednostavno prihva\u0107aju kao vlastito mjerilo, kao odgovor na pitanja koja \u017eivot postavlja. Drugim rije\u010dima, vjerovati zna\u010di priznati da Isus uvijek ima pravo, \u0161to god on \u010dinio, govorio, makar nam to izgleda tu\u0111e, odbojno, nerazumljivo, mimo na\u0161ih o\u010dekivanja. Pa i onda kad nas opominje i kori. Na ustrajnost u vjeri opominje i apostol Timotej. Treba podignuti glavu, ne se stidjeti Gospodina. \u010cuvati poklad vjere, unato\u010d neprijateljskom svijetu. Makar vjera bila sablazan i ludost za one oko mene, makar \u010dovjek bio u unakrsnoj paljbi u svijetu, makar se \u010dinilo da je kr\u0161\u0107anstvo nemo\u0107no i obilje\u017eeno proma\u0161ajima \u2013 unato\u010d svega valja ostati u vjeri. Za\u0161to? Jer upravo u nemo\u0107i o\u010dituje se Bo\u017eja snaga, mo\u0107, milost. Istine vjere nisu nikakva proizvoljnost s kojom se dade ovako ili onako kockati u svijetu. Vjera iziskuje cjelovita \u010dovjeka, \u010dvrsta, postojana i do kraja obra\u0107ena. \u010cini se da je danas aktualnije pitanje imamo li jo\u0161 vjere, nego molba &#8211; Gospodine umno\u017ei nam vjeru. Primjer nam je u tome dana\u0161nje dru\u0161tvo u kojem je sve manje i manje vjere, gdje se liberalizam veli\u010da i name\u0107e kao alternativa vjeri. Na\u017ealost mnogi \u017eele na mala vrata takove vrijednosti progurati i u na\u0161u domovinu i u na\u0161 narod. Vjeru se progla\u0161ava ne\u010dim nazadnim i zaostalim. Zaboravlja se, naime, da je vjera plod svijesti o vlastitoj ukorijenjenosti u Bogu, u Isusovoj rije\u010di, da je vjera hod za Kristom, da zavr\u0161ava \u010desto u tajni Kri\u017ea i Golgote, u totalnom proma\u0161aju pred o\u010dima ovoga svijeta, jer se ne mjeri ljudskim mjerilima nego Bo\u017ejim. Jedino s vjerom u Raspetoga mogu\u0107e je \u010dovjeku \u017eivjeti kao novi \u010dovjek, preobra\u017eavaju\u0107i svoj \u017eivot uvijek i svakoga dana ponovno na sliku Kristovu, postaju\u0107i drugi Krist.<\/span><\/p><p style=\"text-align: right;\"><span style=\"color: #000000;\"><em>Tomislav Petri\u0107, \u017eupnik<\/em><\/span><\/p>\t\t\t\t\t\t\t\t<\/div>\n\t\t\t\t<\/div>\n\t\t\t\t<div class=\"elementor-element elementor-element-abbfb19 elementor-widget elementor-widget-text-editor\" data-id=\"abbfb19\" data-element_type=\"widget\" data-e-type=\"widget\" data-widget_type=\"text-editor.default\">\n\t\t\t\t<div class=\"elementor-widget-container\">\n\t\t\t\t\t\t\t\t\t<p><span style=\"color: #ff0000;\"><strong>\u017dUPNE OBAVIJESTI<\/strong><\/span><\/p><p><span style=\"color: #000000;\"><strong>KR\u0160TENJE:<\/strong><\/span><\/p><ul><li><span style=\"color: #000000;\">Mihael Ga\u0161pari\u0107 &#8211; subota (8.10.2022.) u 11 h<\/span><\/li><\/ul><p><span style=\"color: #000000;\"><strong>\u00a0<\/strong><\/span><span style=\"color: #000000;\"><strong>VJERONAUK:<\/strong><\/span><\/p><ul><li><span style=\"color: #000000;\">krizmanici &#8211; subota (8.10.2022.) u 9 h<\/span><\/li><li><span style=\"color: #000000;\">prvopri\u010desnici &#8211; subota (8.10.2022.) u 10 h<\/span><\/li><\/ul><p><span style=\"color: #000000;\"><strong>\u00a0<\/strong><\/span><span style=\"color: #000000;\"><strong>SUSRET MINISTRANATA:<\/strong><\/span><\/p><ul><li><span style=\"color: #000000;\">subota (8.10.2022.) u 11 h u \u017eupnoj dvorani<\/span><\/li><\/ul><p><span style=\"color: #000000;\"><strong>\u00a0<\/strong><\/span><span style=\"color: #000000;\"><strong>PJEVANJE ZA DJE\u010cJI ZBOR:<\/strong><\/span><\/p><ul><li><span style=\"color: #000000;\">petak (7.10.2022.) u 19 h<\/span><\/li><\/ul><p><span style=\"color: #000000;\"><strong>PJEVANJE ZA ZBOR MLADIH:<\/strong><\/span><\/p><ul><li><span style=\"color: #000000;\">nedjelja (9.10.2022.) u 17 h<\/span><\/li><\/ul><p><a href=\"https:\/\/zupasvnikolakc.hr\/wp-content\/uploads\/2022\/09\/27.N.K.G-LISTIC-2022.pdf\"><span style=\"color: #ff0000;\">\u017dUPNI LISTI\u0106<\/span><\/a><\/p>\t\t\t\t\t\t\t\t<\/div>\n\t\t\t\t<\/div>\n\t\t\t\t\t<\/div>\n\t\t<\/div>\n\t\t\t\t\t<\/div>\n\t\t<\/section>\n\t\t\t\t<\/div>\n\t\t","protected":false},"excerpt":{"rendered":"<p>Dana\u0161nja nedjelja nastavlja niz nedjelja u kojima nas Gospodin poziva da ozbiljno shvatimo brigu uz ovaj vremeniti i za onaj neprolazni, vje\u010dni \u017eivot. Na tom putu ostvarenja Gospodinove zada\u0107e preva\u017enu ulogu ima na\u0161a vjera. Stoga nam i dana\u0161nja nedjelja kroz prispodobu o dudu koji se \u010dupa i premje\u0161ta u more, \u017eeli re\u0107i da je potrebno [&hellip;]<\/p>\n","protected":false},"author":1,"featured_media":5173,"comment_status":"closed","ping_status":"closed","sticky":false,"template":"","format":"standard","meta":{"ocean_post_layout":"","ocean_both_sidebars_style":"","ocean_both_sidebars_content_width":0,"ocean_both_sidebars_sidebars_width":0,"ocean_sidebar":"0","ocean_second_sidebar":"0","ocean_disable_margins":"enable","ocean_add_body_class":"","ocean_shortcode_before_top_bar":"","ocean_shortcode_after_top_bar":"","ocean_shortcode_before_header":"","ocean_shortcode_after_header":"","ocean_has_shortcode":"","ocean_shortcode_after_title":"","ocean_shortcode_before_footer_widgets":"","ocean_shortcode_after_footer_widgets":"","ocean_shortcode_before_footer_bottom":"","ocean_shortcode_after_footer_bottom":"","ocean_display_top_bar":"default","ocean_display_header":"default","ocean_header_style":"","ocean_center_header_left_menu":"0","ocean_custom_header_template":"0","ocean_custom_logo":0,"ocean_custom_retina_logo":0,"ocean_custom_logo_max_width":0,"ocean_custom_logo_tablet_max_width":0,"ocean_custom_logo_mobile_max_width":0,"ocean_custom_logo_max_height":0,"ocean_custom_logo_tablet_max_height":0,"ocean_custom_logo_mobile_max_height":0,"ocean_header_custom_menu":"0","ocean_menu_typo_font_family":"0","ocean_menu_typo_font_subset":"","ocean_menu_typo_font_size":0,"ocean_menu_typo_font_size_tablet":0,"ocean_menu_typo_font_size_mobile":0,"ocean_menu_typo_font_size_unit":"px","ocean_menu_typo_font_weight":"","ocean_menu_typo_font_weight_tablet":"","ocean_menu_typo_font_weight_mobile":"","ocean_menu_typo_transform":"","ocean_menu_typo_transform_tablet":"","ocean_menu_typo_transform_mobile":"","ocean_menu_typo_line_height":0,"ocean_menu_typo_line_height_tablet":0,"ocean_menu_typo_line_height_mobile":0,"ocean_menu_typo_line_height_unit":"","ocean_menu_typo_spacing":0,"ocean_menu_typo_spacing_tablet":0,"ocean_menu_typo_spacing_mobile":0,"ocean_menu_typo_spacing_unit":"","ocean_menu_link_color":"","ocean_menu_link_color_hover":"","ocean_menu_link_color_active":"","ocean_menu_link_background":"","ocean_menu_link_hover_background":"","ocean_menu_link_active_background":"","ocean_menu_social_links_bg":"","ocean_menu_social_hover_links_bg":"","ocean_menu_social_links_color":"","ocean_menu_social_hover_links_color":"","ocean_disable_title":"default","ocean_disable_heading":"default","ocean_post_title":"","ocean_post_subheading":"","ocean_post_title_style":"","ocean_post_title_background_color":"","ocean_post_title_background":0,"ocean_post_title_bg_image_position":"","ocean_post_title_bg_image_attachment":"","ocean_post_title_bg_image_repeat":"","ocean_post_title_bg_image_size":"","ocean_post_title_height":0,"ocean_post_title_bg_overlay":0.5,"ocean_post_title_bg_overlay_color":"","ocean_disable_breadcrumbs":"default","ocean_breadcrumbs_color":"","ocean_breadcrumbs_separator_color":"","ocean_breadcrumbs_links_color":"","ocean_breadcrumbs_links_hover_color":"","ocean_display_footer_widgets":"default","ocean_display_footer_bottom":"default","ocean_custom_footer_template":"0","ocean_post_oembed":"","ocean_post_self_hosted_media":"","ocean_post_video_embed":"","ocean_link_format":"","ocean_link_format_target":"self","ocean_quote_format":"","ocean_quote_format_link":"post","ocean_gallery_link_images":"off","ocean_gallery_id":[],"footnotes":""},"categories":[16],"tags":[],"class_list":["post-5172","post","type-post","status-publish","format-standard","has-post-thumbnail","hentry","category-vijesti","entry","has-media"],"views":893,"_links":{"self":[{"href":"https:\/\/zupasvnikolakc.hr\/index.php?rest_route=\/wp\/v2\/posts\/5172","targetHints":{"allow":["GET"]}}],"collection":[{"href":"https:\/\/zupasvnikolakc.hr\/index.php?rest_route=\/wp\/v2\/posts"}],"about":[{"href":"https:\/\/zupasvnikolakc.hr\/index.php?rest_route=\/wp\/v2\/types\/post"}],"author":[{"embeddable":true,"href":"https:\/\/zupasvnikolakc.hr\/index.php?rest_route=\/wp\/v2\/users\/1"}],"replies":[{"embeddable":true,"href":"https:\/\/zupasvnikolakc.hr\/index.php?rest_route=%2Fwp%2Fv2%2Fcomments&post=5172"}],"version-history":[{"count":7,"href":"https:\/\/zupasvnikolakc.hr\/index.php?rest_route=\/wp\/v2\/posts\/5172\/revisions"}],"predecessor-version":[{"id":5181,"href":"https:\/\/zupasvnikolakc.hr\/index.php?rest_route=\/wp\/v2\/posts\/5172\/revisions\/5181"}],"wp:featuredmedia":[{"embeddable":true,"href":"https:\/\/zupasvnikolakc.hr\/index.php?rest_route=\/wp\/v2\/media\/5173"}],"wp:attachment":[{"href":"https:\/\/zupasvnikolakc.hr\/index.php?rest_route=%2Fwp%2Fv2%2Fmedia&parent=5172"}],"wp:term":[{"taxonomy":"category","embeddable":true,"href":"https:\/\/zupasvnikolakc.hr\/index.php?rest_route=%2Fwp%2Fv2%2Fcategories&post=5172"},{"taxonomy":"post_tag","embeddable":true,"href":"https:\/\/zupasvnikolakc.hr\/index.php?rest_route=%2Fwp%2Fv2%2Ftags&post=5172"}],"curies":[{"name":"wp","href":"https:\/\/api.w.org\/{rel}","templated":true}]}}