{"id":5278,"date":"2022-10-22T19:00:00","date_gmt":"2022-10-22T17:00:00","guid":{"rendered":"https:\/\/zupasvnikolakc.hr\/?p=5278"},"modified":"2022-10-16T22:38:48","modified_gmt":"2022-10-16T20:38:48","slug":"30-nedjelja-kroz-godinu-3","status":"publish","type":"post","link":"https:\/\/zupasvnikolakc.hr\/?p=5278","title":{"rendered":"30. nedjelja kroz godinu"},"content":{"rendered":"\t\t<div data-elementor-type=\"wp-post\" data-elementor-id=\"5278\" class=\"elementor elementor-5278\" data-elementor-post-type=\"post\">\n\t\t\t\t\t\t<section class=\"elementor-section elementor-top-section elementor-element elementor-element-0e2d683 elementor-section-boxed elementor-section-height-default elementor-section-height-default\" data-id=\"0e2d683\" data-element_type=\"section\" data-e-type=\"section\">\n\t\t\t\t\t\t<div class=\"elementor-container elementor-column-gap-default\">\n\t\t\t\t\t<div class=\"elementor-column elementor-col-100 elementor-top-column elementor-element elementor-element-b857440\" data-id=\"b857440\" data-element_type=\"column\" data-e-type=\"column\">\n\t\t\t<div class=\"elementor-widget-wrap elementor-element-populated\">\n\t\t\t\t\t\t<div class=\"elementor-element elementor-element-6f682b2 elementor-widget elementor-widget-text-editor\" data-id=\"6f682b2\" data-element_type=\"widget\" data-e-type=\"widget\" data-widget_type=\"text-editor.default\">\n\t\t\t\t<div class=\"elementor-widget-container\">\n\t\t\t\t\t\t\t\t\t<p style=\"margin-top: 0cm; text-align: justify; background: white;\"><em><span style=\"color: #333333;\">Iz poslanice pape Franje za Svjetski dan Misija 2022.<\/span><\/em><\/p><p style=\"margin-top: 0cm; text-align: justify; background: white;\"><em><span style=\"color: #333333;\">Draga bra\u0107o i sestre!<\/span><\/em><\/p><p style=\"margin-top: 0cm; text-align: justify; background: white;\"><span style=\"color: #333333;\">Te je rije\u010di Uskrsli Isus izrekao u posljednjem razgovoru sa svojim u\u010denicima, prije njegova uza\u0161a\u0161\u0107a na nebo, opisanom u Djelima apostolskim: \u00bbprimit \u0107ete snagu Duha Svetoga koji \u0107e si\u0107i na vas i bit \u0107ete mi svjedoci u Jeruzalemu, po svoj Judeji i Samariji i sve do kraja zemlje\u00ab (1, 8). To je ujedno i tema Svjetskog dana misija 2022. koji nam, kao i uvijek, poma\u017ee posvijestiti \u010dinjenicu da je Crkva po svojoj naravi misijska. Ova nam godina pru\u017ea priliku spomenuti se nekoliko va\u017enih obljetnica za \u017eivot i poslanje Crkve: 400. obljetnice osnutka Kongregacije\u00a0<em>de propaganda fide<\/em>\u00a0\u2013 danas za evangelizaciju naroda \u2013 i 200. obljetnice Djela za \u0161irenje vjere, koje je, zajedno s Djelom svetog djetinjstva i Djelom svetoga Petra apostola, prije stotinu godina priznato \u201cpapinskim\u201d.<\/span><\/p><p style=\"margin-top: 0cm; text-align: justify; background: white;\"><span style=\"color: #333333;\">Zadr\u017eimo se na ta tri klju\u010dna izraza koja sa\u017eimaju tri temelja \u017eivota i poslanja u\u010denik\u00e2: \u00bbbit \u0107ete mi svjedoci\u00ab, \u00bbsve do kraja zemlje\u00ab i \u00bbprimit \u0107ete snagu Duha Svetoga\u00ab.<\/span><\/p><p style=\"margin-top: 0cm; text-align: justify; background: white;\"><em><span style=\"color: #333333;\">1. \u00bbBit \u0107ete mi svjedoci\u00ab \u2013 Poziv svih kr\u0161\u0107ana svjedo\u010diti Krista<\/span><\/em><\/p><p style=\"margin-top: 0cm; text-align: justify; background: white;\"><span style=\"color: #333333;\">To je sredi\u0161nja to\u010dka, b\u00eet u\u010denja koje je Isus predao u\u010denicima u pogledu njihova poslanja u svijetu. Svi \u0107e u\u010denici biti Isusovi svjedoci po Duhu Svetome kojega \u0107e primiti: to \u0107e postati po milosti. Ma gdje i\u0161li, ma gdje bili. Kao \u0161to je Krist prvi poslan, odnosno O\u010dev misionar (usp.\u00a0<em>Iv\u00a0<\/em>20, 21) i njegov \u201cvjerni svjedok\u201d (usp.\u00a0<em>Otk\u00a0<\/em>1,5), tako je i svaki kr\u0161\u0107anin pozvan biti Kristov misionar i svjedok. A Crkva, kao zajednica Kristovih u\u010denika, nema drugog poslanja nego evangelizirati svijet, daju\u0107i svjedo\u010danstvo za Krista. Identitet Crkve je evangelizirati.<\/span><\/p><p style=\"margin-top: 0cm; text-align: justify; background: white;\"><span style=\"color: #333333;\">Dubljim ponovnim \u010ditanjem cijelog teksta jasnije se uo\u010davaju neki vidovi koji su trajno aktualni za poslanje koje je Krist povjerio svojim u\u010denicima: \u00bbBit \u0107ete mi svjedoci\u00ab. Kori\u0161tenjem mno\u017eine nagla\u0161ava se\u00a0<em>zajedni\u010dki i crkveni zna\u010daj<\/em>\u00a0misijskog poziva u\u010denik\u00e2. Svaki kr\u0161tenik pozvan je na poslanje u Crkvi i po nalogu Crkve: poslanje se stoga provodi zajedno, a ne pojedina\u010dno, u zajedni\u0161tvu sa crkvenim zajednicama, a ne na vlastitu inicijativu. Pa \u010dak i ako postoji netko tko u nekoj vrlo odre\u0111enoj situaciji s\u00e2m provodi evangelizacijsko poslanje, on ga provodi i uvijek ga mora provoditi u zajedni\u0161tvu s Crkvom koja ga je poslala. Kao \u0161to je u\u010dio sveti Pavao VI. u apostolskoj pobudnici\u00a0<em>Evangelii nuntiandi<\/em>, ina\u010de meni jako dragom dokumentu: \u00bbevangeliziranje ni za koga nije nekakvo usamljeno djelovanje pojedinca nego je to duboko crkveni \u010din. Dok neki neznani propovjednik, kateheta ili Pastir u nekom najudaljenijem kraju propovijeda Evan\u0111elje, okuplja svoju malu zajednicu ili podjeljuje neki sakrament, \u010dak i osamljen on \u010dini djelo Crkve i njegov rad sigurno se dovezuje, preko institucionalnih odnosa ali i po nevidljivoj povezanosti i po tajnim \u017eilama milosnog reda, na evangelizacijsko djelovanje cijele Crkve\u00ab (br. 60). Doista, nije slu\u010dajno \u0161to je Gospodin slao svoje u\u010denike po dvojicu. Svjedo\u010denje kr\u0161\u0107ana za Krista po svom je zna\u010daju zajedni\u010dko. Otud bitna va\u017enost prisutnosti zajednice, ma koliko mala bila, u ispunjavanju poslanja&#8230;<\/span><\/p><p style=\"margin-top: 0cm; text-align: justify; background: white;\"><em><span style=\"color: #333333;\">2. \u00bbSve do kraja zemlje\u00ab \u2013 Neprolazna aktualnost sveop\u0107eg poslanja evangelizacije<\/span><\/em><\/p><p style=\"margin-top: 0cm; text-align: justify; background: white;\"><span style=\"color: #333333;\">\u2026Rije\u010di \u201csve do kraja zemlje\u201d trebale bi biti poticajni izazov Isusovim u\u010denicima svih vremena i uvijek ih iznova potaknuti da idu izvan uobi\u010dajenih mjesta davati svjedo\u010danstvo o njemu. Uz sve pogodnosti i blagodati koje sa sobom donosi suvremeni napredak, jo\u0161 uvijek postoje zemljopisna podru\u010dja u koja jo\u0161 nisu stigli misionari, ti Kristovi svjedoci s radosnom vije\u0161\u0107u o njegovoj ljubavi. S druge strane, nijedna ljudska stvarnost ne\u0107e proma\u0107i pa\u017enji Kristovih u\u010denika u njihovu poslanju. Kristova Crkva je bila, jest i uvijek \u0107e \u201cizlaziti\u201d na nove geografske, dru\u0161tvene, egzistencijalne horizonte, na \u201cgrani\u010dna\u201d mjesta i ljudske situacije, da svjedo\u010di Krista i njegovu ljubav svim mu\u0161karcima i \u017eenama svih naroda, kultura i dru\u0161tvenih polo\u017eaja. U tome smislu poslanje \u0107e uvijek biti i\u00a0<em>missio ad gentes<\/em>, kako nas je u\u010dio Drugi vatikanski koncil, jer \u0107e Crkva uvijek morati i\u0107i dalje, izvan svojih granica, kako bi svjedo\u010dila svu Kristovu ljubav. \u017delio bih, u vezi s tim, spomenuti i zahvaliti brojnim misionarima koji su u to ulo\u017eili sav svoj \u017eivot, uosobljuju\u0107i Kristovu ljubav prema brojnoj bra\u0107i i sestrama koje su susreli.<\/span><\/p><p style=\"margin-top: 0cm; text-align: justify; background: white;\"><em><span style=\"color: #333333;\">3. \u00bbPrimit \u0107ete snagu Duha Svetoga\u00ab \u2013 Dopustiti Duhu da nas uvijek ja\u010da i vodi<\/span><\/em><\/p><p style=\"margin-top: 0cm; text-align: justify; background: white;\"><span style=\"color: #333333;\">\u2026Kao \u0161to \u00bbnitko ne mo\u017ee re\u0107i: \u201cGospodin Isus\u201d osim u Duhu Svetom\u00ab (<em>1 Kor\u00a0<\/em>12, 3), tako nijedan kr\u0161\u0107anin ne\u0107e mo\u0107i dati puno i istinsko svjedo\u010danstvo za Krista Gospodina bez nadahnu\u0107a i pomo\u0107i Duha. Stoga je svaki Kristov u\u010denik misionar pozvan prepoznati temeljnu va\u017enost djelovanja Duha, \u017eivjeti s njim u svakodnevnom \u017eivotu i neprestano od njega primati snagu i nadahnu\u0107e. \u0160tovi\u0161e, upravo kada se osje\u0107amo umornima, nemotiviranima, izgubljenima, utecimo se u molitvi Duhu Svetome, koji \u2013 \u017eelim to jo\u0161 jednom istaknuti \u2013 ima temeljnu ulogu u misijskom \u017eivotu, i dopustimo da nas on krijepi i ja\u010da, On koji je nepresu\u0161ni bo\u017eanski izvor nove energije i radosti dijeljenja Kristova \u017eivota s drugima. \u00bbPrimanje radosti Duha je milost. I to je\u00a0<em>jedina snaga<\/em>\u00a0koju mo\u017eemo imati da navije\u0161tamo Evan\u0111elje, da ispovijedamo vjeru u Gospodina\u00ab (<em>Poruka \u010dlanovima Papinskih misijskih djela<\/em>, 21. svibnja 2020.). Duh Sveti je, dakle, istinski protagonist poslanja: On daje pravu rije\u010d u pravo vrijeme i na pravi na\u010din.<\/span><\/p><p style=\"margin-top: 0cm; text-align: justify; background: white;\"><span style=\"color: #333333;\">I misijske obljetnice u ovoj 2022. godini \u017eelimo promatrati kroz prizmu djelovanja Duha Svetoga. Osnivanje Svete kongregacije\u00a0<em>de propaganda fide<\/em>\u00a01622. bilo je potaknuto \u017eeljom da se promi\u010de misijsko poslanje na novim podru\u010djima. Bio je to pravi dar Bo\u017eje providnosti! Kongregacija je odigrala klju\u010dnu ulogu u tome da se osigura da evangelizacijsko poslanje Crkve doista bude to \u0161to treba biti, bez uplitanja svjetovnih vlasti, kako bi se osnovale one mjesne Crkve koje dan-danas pokazuju tako veliku snagu. Nadamo se da \u0107e, kao i u protekla \u010detiri stolje\u0107a, Kongregacija, uz svjetlo i snagu Duha Svetoga, nastaviti pa i intenzivirati svoj rad na koordinaciji, organiziranju i animiranju misijskog djelovanja Crkve.<\/span><\/p>\t\t\t\t\t\t\t\t<\/div>\n\t\t\t\t<\/div>\n\t\t\t\t<div class=\"elementor-element elementor-element-54f2f78 elementor-widget elementor-widget-text-editor\" data-id=\"54f2f78\" data-element_type=\"widget\" data-e-type=\"widget\" data-widget_type=\"text-editor.default\">\n\t\t\t\t<div class=\"elementor-widget-container\">\n\t\t\t\t\t\t\t\t\t<p><span style=\"color: #ff0000;\"><strong>\u017dUPNE OBAVIJESTI<\/strong><\/span><\/p><p><span style=\"color: #000000;\"><strong>VJERONAUK:<\/strong><\/span><\/p><ul><li><span style=\"color: #000000;\">krizmanici &#8211; subota (29.10.2022.) u 9 h<\/span><\/li><li><span style=\"color: #000000;\">prvopri\u010desnici &#8211; subota (29.10.2022.) u 10 h<\/span><\/li><\/ul><p><span style=\"color: #000000;\"><strong>SUSRET MINISTRANATA:<\/strong><\/span><\/p><ul><li><span style=\"color: #000000;\">subota (29.10.2022.) u 11 h u \u017eupnoj dvorani<\/span><\/li><\/ul><p><span style=\"color: #000000;\"><strong>PJEVANJE:<\/strong><\/span><\/p><ul><li><span style=\"color: #000000;\">dje\u010dji zbor &#8211; petak (28.10.2022.) u 19 h<\/span><\/li><li><span style=\"color: #000000;\">zbor mladih &#8211; nedjelja (30.10.2022.) u 17 h<\/span><\/li><li><span style=\"color: #000000;\">veliki zbor &#8211; srijeda (26.10.2022.) u 18:45 h<\/span><\/li><\/ul><p><a href=\"https:\/\/zupasvnikolakc.hr\/wp-content\/uploads\/2022\/10\/30.-N.K.G-LISTIC-2022.pdf\"><span style=\"color: #ff0000;\">\u017dUPNI LISTI\u0106<\/span><\/a><\/p>\t\t\t\t\t\t\t\t<\/div>\n\t\t\t\t<\/div>\n\t\t\t\t\t<\/div>\n\t\t<\/div>\n\t\t\t\t\t<\/div>\n\t\t<\/section>\n\t\t\t\t<\/div>\n\t\t","protected":false},"excerpt":{"rendered":"<p>Iz poslanice pape Franje za Svjetski dan Misija 2022. Draga bra\u0107o i sestre! Te je rije\u010di Uskrsli Isus izrekao u posljednjem razgovoru sa svojim u\u010denicima, prije njegova uza\u0161a\u0161\u0107a na nebo, opisanom u Djelima apostolskim: \u00bbprimit \u0107ete snagu Duha Svetoga koji \u0107e si\u0107i na vas i bit \u0107ete mi svjedoci u Jeruzalemu, po svoj Judeji i [&hellip;]<\/p>\n","protected":false},"author":1,"featured_media":5279,"comment_status":"closed","ping_status":"closed","sticky":false,"template":"","format":"standard","meta":{"ocean_post_layout":"","ocean_both_sidebars_style":"","ocean_both_sidebars_content_width":0,"ocean_both_sidebars_sidebars_width":0,"ocean_sidebar":"0","ocean_second_sidebar":"0","ocean_disable_margins":"enable","ocean_add_body_class":"","ocean_shortcode_before_top_bar":"","ocean_shortcode_after_top_bar":"","ocean_shortcode_before_header":"","ocean_shortcode_after_header":"","ocean_has_shortcode":"","ocean_shortcode_after_title":"","ocean_shortcode_before_footer_widgets":"","ocean_shortcode_after_footer_widgets":"","ocean_shortcode_before_footer_bottom":"","ocean_shortcode_after_footer_bottom":"","ocean_display_top_bar":"default","ocean_display_header":"default","ocean_header_style":"","ocean_center_header_left_menu":"0","ocean_custom_header_template":"0","ocean_custom_logo":0,"ocean_custom_retina_logo":0,"ocean_custom_logo_max_width":0,"ocean_custom_logo_tablet_max_width":0,"ocean_custom_logo_mobile_max_width":0,"ocean_custom_logo_max_height":0,"ocean_custom_logo_tablet_max_height":0,"ocean_custom_logo_mobile_max_height":0,"ocean_header_custom_menu":"0","ocean_menu_typo_font_family":"0","ocean_menu_typo_font_subset":"","ocean_menu_typo_font_size":0,"ocean_menu_typo_font_size_tablet":0,"ocean_menu_typo_font_size_mobile":0,"ocean_menu_typo_font_size_unit":"px","ocean_menu_typo_font_weight":"","ocean_menu_typo_font_weight_tablet":"","ocean_menu_typo_font_weight_mobile":"","ocean_menu_typo_transform":"","ocean_menu_typo_transform_tablet":"","ocean_menu_typo_transform_mobile":"","ocean_menu_typo_line_height":0,"ocean_menu_typo_line_height_tablet":0,"ocean_menu_typo_line_height_mobile":0,"ocean_menu_typo_line_height_unit":"","ocean_menu_typo_spacing":0,"ocean_menu_typo_spacing_tablet":0,"ocean_menu_typo_spacing_mobile":0,"ocean_menu_typo_spacing_unit":"","ocean_menu_link_color":"","ocean_menu_link_color_hover":"","ocean_menu_link_color_active":"","ocean_menu_link_background":"","ocean_menu_link_hover_background":"","ocean_menu_link_active_background":"","ocean_menu_social_links_bg":"","ocean_menu_social_hover_links_bg":"","ocean_menu_social_links_color":"","ocean_menu_social_hover_links_color":"","ocean_disable_title":"default","ocean_disable_heading":"default","ocean_post_title":"","ocean_post_subheading":"","ocean_post_title_style":"","ocean_post_title_background_color":"","ocean_post_title_background":0,"ocean_post_title_bg_image_position":"","ocean_post_title_bg_image_attachment":"","ocean_post_title_bg_image_repeat":"","ocean_post_title_bg_image_size":"","ocean_post_title_height":0,"ocean_post_title_bg_overlay":0.5,"ocean_post_title_bg_overlay_color":"","ocean_disable_breadcrumbs":"default","ocean_breadcrumbs_color":"","ocean_breadcrumbs_separator_color":"","ocean_breadcrumbs_links_color":"","ocean_breadcrumbs_links_hover_color":"","ocean_display_footer_widgets":"default","ocean_display_footer_bottom":"default","ocean_custom_footer_template":"0","ocean_post_oembed":"","ocean_post_self_hosted_media":"","ocean_post_video_embed":"","ocean_link_format":"","ocean_link_format_target":"self","ocean_quote_format":"","ocean_quote_format_link":"post","ocean_gallery_link_images":"off","ocean_gallery_id":[],"footnotes":""},"categories":[16],"tags":[],"class_list":["post-5278","post","type-post","status-publish","format-standard","has-post-thumbnail","hentry","category-vijesti","entry","has-media"],"views":821,"_links":{"self":[{"href":"https:\/\/zupasvnikolakc.hr\/index.php?rest_route=\/wp\/v2\/posts\/5278","targetHints":{"allow":["GET"]}}],"collection":[{"href":"https:\/\/zupasvnikolakc.hr\/index.php?rest_route=\/wp\/v2\/posts"}],"about":[{"href":"https:\/\/zupasvnikolakc.hr\/index.php?rest_route=\/wp\/v2\/types\/post"}],"author":[{"embeddable":true,"href":"https:\/\/zupasvnikolakc.hr\/index.php?rest_route=\/wp\/v2\/users\/1"}],"replies":[{"embeddable":true,"href":"https:\/\/zupasvnikolakc.hr\/index.php?rest_route=%2Fwp%2Fv2%2Fcomments&post=5278"}],"version-history":[{"count":10,"href":"https:\/\/zupasvnikolakc.hr\/index.php?rest_route=\/wp\/v2\/posts\/5278\/revisions"}],"predecessor-version":[{"id":5290,"href":"https:\/\/zupasvnikolakc.hr\/index.php?rest_route=\/wp\/v2\/posts\/5278\/revisions\/5290"}],"wp:featuredmedia":[{"embeddable":true,"href":"https:\/\/zupasvnikolakc.hr\/index.php?rest_route=\/wp\/v2\/media\/5279"}],"wp:attachment":[{"href":"https:\/\/zupasvnikolakc.hr\/index.php?rest_route=%2Fwp%2Fv2%2Fmedia&parent=5278"}],"wp:term":[{"taxonomy":"category","embeddable":true,"href":"https:\/\/zupasvnikolakc.hr\/index.php?rest_route=%2Fwp%2Fv2%2Fcategories&post=5278"},{"taxonomy":"post_tag","embeddable":true,"href":"https:\/\/zupasvnikolakc.hr\/index.php?rest_route=%2Fwp%2Fv2%2Ftags&post=5278"}],"curies":[{"name":"wp","href":"https:\/\/api.w.org\/{rel}","templated":true}]}}