{"id":5890,"date":"2022-12-19T22:31:04","date_gmt":"2022-12-19T21:31:04","guid":{"rendered":"https:\/\/zupasvnikolakc.hr\/?p=5890"},"modified":"2022-12-19T22:32:30","modified_gmt":"2022-12-19T21:32:30","slug":"bozicni-koncert-mjesovitog-pjevackog-zbora-pravnog-fakulteta","status":"publish","type":"post","link":"https:\/\/zupasvnikolakc.hr\/?p=5890","title":{"rendered":"Bo\u017ei\u0107ni koncert mje\u0161ovitog pjeva\u010dkog zbora Pravnog fakulteta"},"content":{"rendered":"\t\t<div data-elementor-type=\"wp-post\" data-elementor-id=\"5890\" class=\"elementor elementor-5890\" data-elementor-post-type=\"post\">\n\t\t\t\t\t\t<section class=\"elementor-section elementor-top-section elementor-element elementor-element-617df97 elementor-section-boxed elementor-section-height-default elementor-section-height-default\" data-id=\"617df97\" data-element_type=\"section\" data-e-type=\"section\">\n\t\t\t\t\t\t<div class=\"elementor-container elementor-column-gap-default\">\n\t\t\t\t\t<div class=\"elementor-column elementor-col-100 elementor-top-column elementor-element elementor-element-afcc3ef\" data-id=\"afcc3ef\" data-element_type=\"column\" data-e-type=\"column\">\n\t\t\t<div class=\"elementor-widget-wrap elementor-element-populated\">\n\t\t\t\t\t\t<div class=\"elementor-element elementor-element-8139ac8 elementor-widget elementor-widget-text-editor\" data-id=\"8139ac8\" data-element_type=\"widget\" data-e-type=\"widget\" data-widget_type=\"text-editor.default\">\n\t\t\t\t<div class=\"elementor-widget-container\">\n\t\t\t\t\t\t\t\t\t<p><span style=\"color: #000000;\">Mje\u0161oviti pjeva\u010dki zbor Pravnog fakulteta u Zagrebu odr\u017eao je ove nedjelje tradicionalni bo\u017ei\u0107ni koncert klasi\u010dne glazbe. Dugogodi\u0161nja \u010dlanica zbora je na\u0161a \u017eupljanka Monika Horvat. Koncert su nazvali A ceremony of carols, po zborskoj skladbi za Bo\u017ei\u0107 Benjamina Brittena koju su kasnije i izveli.<\/span><\/p><p><span style=\"color: #000000;\">Capella juris mje\u0161oviti je pjeva\u010dki zbor Pravnog fakulteta u Zagrebu koji okuplja tridesetak studenata prava i prijatelja. Osnovan je 2006.godine na inicijativu prof. Ive Josipovi\u0107a i prof. Wolfganga Rusha koji je bio i prvi dirigent zbora. Zbor nastupa na ve\u0107ini akademskih sve\u010danosti ali je s godinama nadrastao tu funkciju te odr\u017eava samostalne koncerte. U svibnju ove godine obilje\u017eili su 16 godina postojanja, a pro\u0161le godine objavili monografiju \u201eCapella juirs- prvih 15 godina\u201c u izdanju pravnog fakulteta. U 16 godina postojanja zbor je dobitnik 15 zlatnih, srebrnih i bron\u010danih plaketa i nagrada na raznim natjecanjima i smotrama, bilo regionalnih ili me\u0111unarodnih.<\/span><\/p><p><span style=\"color: #000000;\">Koncertom je ravnala nova dirigentica Nika Ko\u017ear. Solistica je bila Antonija \u017darkovi\u0107, a klavirist Marijan Rugani.<\/span><\/p><p><span style=\"color: #000000;\">Drago nam je da je tako poznati zbor odr\u017eao koncert i u na\u0161oj \u017eupi i gradu Koprivnici. Tome svjedo\u010de i brojni slu\u0161atelji koji su se vratili svojim domovima oboga\u0107eni duhovno i kulturno.<\/span><\/p><p><div id='gallery-1' class='gallery galleryid-5890 gallery-columns-3 gallery-size-full'><figure class='gallery-item'>\n\t\t\t<div class='gallery-icon portrait'>\n\t\t\t\t<a href='https:\/\/zupasvnikolakc.hr\/wp-content\/uploads\/2022\/12\/Koncert-01-1.jpg'><img fetchpriority=\"high\" decoding=\"async\" width=\"768\" height=\"1024\" src=\"https:\/\/zupasvnikolakc.hr\/wp-content\/uploads\/2022\/12\/Koncert-01-1.jpg\" class=\"attachment-full size-full\" alt=\"\" srcset=\"https:\/\/zupasvnikolakc.hr\/wp-content\/uploads\/2022\/12\/Koncert-01-1.jpg 768w, https:\/\/zupasvnikolakc.hr\/wp-content\/uploads\/2022\/12\/Koncert-01-1-225x300.jpg 225w\" sizes=\"(max-width: 768px) 100vw, 768px\" \/><\/a>\n\t\t\t<\/div><\/figure><figure class='gallery-item'>\n\t\t\t<div class='gallery-icon landscape'>\n\t\t\t\t<a href='https:\/\/zupasvnikolakc.hr\/wp-content\/uploads\/2022\/12\/Koncert-02-1.jpg'><img decoding=\"async\" width=\"1024\" height=\"768\" src=\"https:\/\/zupasvnikolakc.hr\/wp-content\/uploads\/2022\/12\/Koncert-02-1.jpg\" class=\"attachment-full size-full\" alt=\"\" srcset=\"https:\/\/zupasvnikolakc.hr\/wp-content\/uploads\/2022\/12\/Koncert-02-1.jpg 1024w, https:\/\/zupasvnikolakc.hr\/wp-content\/uploads\/2022\/12\/Koncert-02-1-300x225.jpg 300w, https:\/\/zupasvnikolakc.hr\/wp-content\/uploads\/2022\/12\/Koncert-02-1-768x576.jpg 768w\" sizes=\"(max-width: 1024px) 100vw, 1024px\" \/><\/a>\n\t\t\t<\/div><\/figure><figure class='gallery-item'>\n\t\t\t<div class='gallery-icon landscape'>\n\t\t\t\t<a href='https:\/\/zupasvnikolakc.hr\/wp-content\/uploads\/2022\/12\/Koncert-03-1.jpg'><img decoding=\"async\" width=\"1024\" height=\"768\" src=\"https:\/\/zupasvnikolakc.hr\/wp-content\/uploads\/2022\/12\/Koncert-03-1.jpg\" class=\"attachment-full size-full\" alt=\"\" srcset=\"https:\/\/zupasvnikolakc.hr\/wp-content\/uploads\/2022\/12\/Koncert-03-1.jpg 1024w, https:\/\/zupasvnikolakc.hr\/wp-content\/uploads\/2022\/12\/Koncert-03-1-300x225.jpg 300w, https:\/\/zupasvnikolakc.hr\/wp-content\/uploads\/2022\/12\/Koncert-03-1-768x576.jpg 768w\" sizes=\"(max-width: 1024px) 100vw, 1024px\" \/><\/a>\n\t\t\t<\/div><\/figure><figure class='gallery-item'>\n\t\t\t<div class='gallery-icon landscape'>\n\t\t\t\t<a href='https:\/\/zupasvnikolakc.hr\/wp-content\/uploads\/2022\/12\/Koncert-04-1.jpg'><img loading=\"lazy\" decoding=\"async\" width=\"1024\" height=\"768\" src=\"https:\/\/zupasvnikolakc.hr\/wp-content\/uploads\/2022\/12\/Koncert-04-1.jpg\" class=\"attachment-full size-full\" alt=\"\" srcset=\"https:\/\/zupasvnikolakc.hr\/wp-content\/uploads\/2022\/12\/Koncert-04-1.jpg 1024w, https:\/\/zupasvnikolakc.hr\/wp-content\/uploads\/2022\/12\/Koncert-04-1-300x225.jpg 300w, https:\/\/zupasvnikolakc.hr\/wp-content\/uploads\/2022\/12\/Koncert-04-1-768x576.jpg 768w\" sizes=\"(max-width: 1024px) 100vw, 1024px\" \/><\/a>\n\t\t\t<\/div><\/figure><figure class='gallery-item'>\n\t\t\t<div class='gallery-icon landscape'>\n\t\t\t\t<a href='https:\/\/zupasvnikolakc.hr\/wp-content\/uploads\/2022\/12\/Koncert-05-2.jpg'><img loading=\"lazy\" decoding=\"async\" width=\"1024\" height=\"768\" src=\"https:\/\/zupasvnikolakc.hr\/wp-content\/uploads\/2022\/12\/Koncert-05-2.jpg\" class=\"attachment-full size-full\" alt=\"\" srcset=\"https:\/\/zupasvnikolakc.hr\/wp-content\/uploads\/2022\/12\/Koncert-05-2.jpg 1024w, https:\/\/zupasvnikolakc.hr\/wp-content\/uploads\/2022\/12\/Koncert-05-2-300x225.jpg 300w, https:\/\/zupasvnikolakc.hr\/wp-content\/uploads\/2022\/12\/Koncert-05-2-768x576.jpg 768w\" sizes=\"(max-width: 1024px) 100vw, 1024px\" \/><\/a>\n\t\t\t<\/div><\/figure><figure class='gallery-item'>\n\t\t\t<div class='gallery-icon landscape'>\n\t\t\t\t<a href='https:\/\/zupasvnikolakc.hr\/wp-content\/uploads\/2022\/12\/Koncert-06-1.jpg'><img loading=\"lazy\" decoding=\"async\" width=\"1024\" height=\"768\" src=\"https:\/\/zupasvnikolakc.hr\/wp-content\/uploads\/2022\/12\/Koncert-06-1.jpg\" class=\"attachment-full size-full\" alt=\"\" srcset=\"https:\/\/zupasvnikolakc.hr\/wp-content\/uploads\/2022\/12\/Koncert-06-1.jpg 1024w, https:\/\/zupasvnikolakc.hr\/wp-content\/uploads\/2022\/12\/Koncert-06-1-300x225.jpg 300w, https:\/\/zupasvnikolakc.hr\/wp-content\/uploads\/2022\/12\/Koncert-06-1-768x576.jpg 768w\" sizes=\"(max-width: 1024px) 100vw, 1024px\" \/><\/a>\n\t\t\t<\/div><\/figure><figure class='gallery-item'>\n\t\t\t<div class='gallery-icon landscape'>\n\t\t\t\t<a href='https:\/\/zupasvnikolakc.hr\/wp-content\/uploads\/2022\/12\/Koncert-07-1.jpg'><img loading=\"lazy\" decoding=\"async\" width=\"1024\" height=\"768\" src=\"https:\/\/zupasvnikolakc.hr\/wp-content\/uploads\/2022\/12\/Koncert-07-1.jpg\" class=\"attachment-full size-full\" alt=\"\" srcset=\"https:\/\/zupasvnikolakc.hr\/wp-content\/uploads\/2022\/12\/Koncert-07-1.jpg 1024w, https:\/\/zupasvnikolakc.hr\/wp-content\/uploads\/2022\/12\/Koncert-07-1-300x225.jpg 300w, https:\/\/zupasvnikolakc.hr\/wp-content\/uploads\/2022\/12\/Koncert-07-1-768x576.jpg 768w\" sizes=\"(max-width: 1024px) 100vw, 1024px\" \/><\/a>\n\t\t\t<\/div><\/figure><figure class='gallery-item'>\n\t\t\t<div class='gallery-icon landscape'>\n\t\t\t\t<a href='https:\/\/zupasvnikolakc.hr\/wp-content\/uploads\/2022\/12\/Koncert-08-2.jpg'><img loading=\"lazy\" decoding=\"async\" width=\"1024\" height=\"768\" src=\"https:\/\/zupasvnikolakc.hr\/wp-content\/uploads\/2022\/12\/Koncert-08-2.jpg\" class=\"attachment-full size-full\" alt=\"\" srcset=\"https:\/\/zupasvnikolakc.hr\/wp-content\/uploads\/2022\/12\/Koncert-08-2.jpg 1024w, https:\/\/zupasvnikolakc.hr\/wp-content\/uploads\/2022\/12\/Koncert-08-2-300x225.jpg 300w, https:\/\/zupasvnikolakc.hr\/wp-content\/uploads\/2022\/12\/Koncert-08-2-768x576.jpg 768w\" sizes=\"(max-width: 1024px) 100vw, 1024px\" \/><\/a>\n\t\t\t<\/div><\/figure><figure class='gallery-item'>\n\t\t\t<div class='gallery-icon landscape'>\n\t\t\t\t<a href='https:\/\/zupasvnikolakc.hr\/wp-content\/uploads\/2022\/12\/Koncert-09-1.jpg'><img loading=\"lazy\" decoding=\"async\" width=\"1024\" height=\"768\" src=\"https:\/\/zupasvnikolakc.hr\/wp-content\/uploads\/2022\/12\/Koncert-09-1.jpg\" class=\"attachment-full size-full\" alt=\"\" srcset=\"https:\/\/zupasvnikolakc.hr\/wp-content\/uploads\/2022\/12\/Koncert-09-1.jpg 1024w, https:\/\/zupasvnikolakc.hr\/wp-content\/uploads\/2022\/12\/Koncert-09-1-300x225.jpg 300w, https:\/\/zupasvnikolakc.hr\/wp-content\/uploads\/2022\/12\/Koncert-09-1-768x576.jpg 768w\" sizes=\"(max-width: 1024px) 100vw, 1024px\" \/><\/a>\n\t\t\t<\/div><\/figure><figure class='gallery-item'>\n\t\t\t<div class='gallery-icon landscape'>\n\t\t\t\t<a href='https:\/\/zupasvnikolakc.hr\/wp-content\/uploads\/2022\/12\/Koncert-10-1.jpg'><img loading=\"lazy\" decoding=\"async\" width=\"1024\" height=\"768\" src=\"https:\/\/zupasvnikolakc.hr\/wp-content\/uploads\/2022\/12\/Koncert-10-1.jpg\" class=\"attachment-full size-full\" alt=\"\" srcset=\"https:\/\/zupasvnikolakc.hr\/wp-content\/uploads\/2022\/12\/Koncert-10-1.jpg 1024w, https:\/\/zupasvnikolakc.hr\/wp-content\/uploads\/2022\/12\/Koncert-10-1-300x225.jpg 300w, https:\/\/zupasvnikolakc.hr\/wp-content\/uploads\/2022\/12\/Koncert-10-1-768x576.jpg 768w\" sizes=\"(max-width: 1024px) 100vw, 1024px\" \/><\/a>\n\t\t\t<\/div><\/figure><figure class='gallery-item'>\n\t\t\t<div class='gallery-icon landscape'>\n\t\t\t\t<a href='https:\/\/zupasvnikolakc.hr\/wp-content\/uploads\/2022\/12\/Koncert-11-1.jpg'><img loading=\"lazy\" decoding=\"async\" width=\"1024\" height=\"768\" src=\"https:\/\/zupasvnikolakc.hr\/wp-content\/uploads\/2022\/12\/Koncert-11-1.jpg\" class=\"attachment-full size-full\" alt=\"\" srcset=\"https:\/\/zupasvnikolakc.hr\/wp-content\/uploads\/2022\/12\/Koncert-11-1.jpg 1024w, https:\/\/zupasvnikolakc.hr\/wp-content\/uploads\/2022\/12\/Koncert-11-1-300x225.jpg 300w, https:\/\/zupasvnikolakc.hr\/wp-content\/uploads\/2022\/12\/Koncert-11-1-768x576.jpg 768w\" sizes=\"(max-width: 1024px) 100vw, 1024px\" \/><\/a>\n\t\t\t<\/div><\/figure><figure class='gallery-item'>\n\t\t\t<div class='gallery-icon landscape'>\n\t\t\t\t<a href='https:\/\/zupasvnikolakc.hr\/wp-content\/uploads\/2022\/12\/Koncert-12-1.jpg'><img loading=\"lazy\" decoding=\"async\" width=\"1024\" height=\"768\" src=\"https:\/\/zupasvnikolakc.hr\/wp-content\/uploads\/2022\/12\/Koncert-12-1.jpg\" class=\"attachment-full size-full\" alt=\"\" srcset=\"https:\/\/zupasvnikolakc.hr\/wp-content\/uploads\/2022\/12\/Koncert-12-1.jpg 1024w, https:\/\/zupasvnikolakc.hr\/wp-content\/uploads\/2022\/12\/Koncert-12-1-300x225.jpg 300w, https:\/\/zupasvnikolakc.hr\/wp-content\/uploads\/2022\/12\/Koncert-12-1-768x576.jpg 768w\" sizes=\"(max-width: 1024px) 100vw, 1024px\" \/><\/a>\n\t\t\t<\/div><\/figure><figure class='gallery-item'>\n\t\t\t<div class='gallery-icon landscape'>\n\t\t\t\t<a href='https:\/\/zupasvnikolakc.hr\/wp-content\/uploads\/2022\/12\/Koncert-13.jpg'><img loading=\"lazy\" decoding=\"async\" width=\"1024\" height=\"768\" src=\"https:\/\/zupasvnikolakc.hr\/wp-content\/uploads\/2022\/12\/Koncert-13.jpg\" class=\"attachment-full size-full\" alt=\"\" srcset=\"https:\/\/zupasvnikolakc.hr\/wp-content\/uploads\/2022\/12\/Koncert-13.jpg 1024w, https:\/\/zupasvnikolakc.hr\/wp-content\/uploads\/2022\/12\/Koncert-13-300x225.jpg 300w, https:\/\/zupasvnikolakc.hr\/wp-content\/uploads\/2022\/12\/Koncert-13-768x576.jpg 768w\" sizes=\"(max-width: 1024px) 100vw, 1024px\" \/><\/a>\n\t\t\t<\/div><\/figure>\n\t\t<\/div>\n<\/p>\t\t\t\t\t\t\t\t<\/div>\n\t\t\t\t<\/div>\n\t\t\t\t\t<\/div>\n\t\t<\/div>\n\t\t\t\t\t<\/div>\n\t\t<\/section>\n\t\t\t\t<\/div>\n\t\t","protected":false},"excerpt":{"rendered":"<p>Mje\u0161oviti pjeva\u010dki zbor Pravnog fakulteta u Zagrebu odr\u017eao je ove nedjelje tradicionalni bo\u017ei\u0107ni koncert klasi\u010dne glazbe. Dugogodi\u0161nja \u010dlanica zbora je na\u0161a \u017eupljanka Monika Horvat. Koncert su nazvali A ceremony of carols, po zborskoj skladbi za Bo\u017ei\u0107 Benjamina Brittena koju su kasnije i izveli. Capella juris mje\u0161oviti je pjeva\u010dki zbor Pravnog fakulteta u Zagrebu koji okuplja [&hellip;]<\/p>\n","protected":false},"author":1,"featured_media":5891,"comment_status":"closed","ping_status":"closed","sticky":false,"template":"","format":"standard","meta":{"ocean_post_layout":"","ocean_both_sidebars_style":"","ocean_both_sidebars_content_width":0,"ocean_both_sidebars_sidebars_width":0,"ocean_sidebar":"0","ocean_second_sidebar":"0","ocean_disable_margins":"enable","ocean_add_body_class":"","ocean_shortcode_before_top_bar":"","ocean_shortcode_after_top_bar":"","ocean_shortcode_before_header":"","ocean_shortcode_after_header":"","ocean_has_shortcode":"","ocean_shortcode_after_title":"","ocean_shortcode_before_footer_widgets":"","ocean_shortcode_after_footer_widgets":"","ocean_shortcode_before_footer_bottom":"","ocean_shortcode_after_footer_bottom":"","ocean_display_top_bar":"default","ocean_display_header":"default","ocean_header_style":"","ocean_center_header_left_menu":"0","ocean_custom_header_template":"0","ocean_custom_logo":0,"ocean_custom_retina_logo":0,"ocean_custom_logo_max_width":0,"ocean_custom_logo_tablet_max_width":0,"ocean_custom_logo_mobile_max_width":0,"ocean_custom_logo_max_height":0,"ocean_custom_logo_tablet_max_height":0,"ocean_custom_logo_mobile_max_height":0,"ocean_header_custom_menu":"0","ocean_menu_typo_font_family":"0","ocean_menu_typo_font_subset":"","ocean_menu_typo_font_size":0,"ocean_menu_typo_font_size_tablet":0,"ocean_menu_typo_font_size_mobile":0,"ocean_menu_typo_font_size_unit":"px","ocean_menu_typo_font_weight":"","ocean_menu_typo_font_weight_tablet":"","ocean_menu_typo_font_weight_mobile":"","ocean_menu_typo_transform":"","ocean_menu_typo_transform_tablet":"","ocean_menu_typo_transform_mobile":"","ocean_menu_typo_line_height":0,"ocean_menu_typo_line_height_tablet":0,"ocean_menu_typo_line_height_mobile":0,"ocean_menu_typo_line_height_unit":"","ocean_menu_typo_spacing":0,"ocean_menu_typo_spacing_tablet":0,"ocean_menu_typo_spacing_mobile":0,"ocean_menu_typo_spacing_unit":"","ocean_menu_link_color":"","ocean_menu_link_color_hover":"","ocean_menu_link_color_active":"","ocean_menu_link_background":"","ocean_menu_link_hover_background":"","ocean_menu_link_active_background":"","ocean_menu_social_links_bg":"","ocean_menu_social_hover_links_bg":"","ocean_menu_social_links_color":"","ocean_menu_social_hover_links_color":"","ocean_disable_title":"default","ocean_disable_heading":"default","ocean_post_title":"","ocean_post_subheading":"","ocean_post_title_style":"","ocean_post_title_background_color":"","ocean_post_title_background":0,"ocean_post_title_bg_image_position":"","ocean_post_title_bg_image_attachment":"","ocean_post_title_bg_image_repeat":"","ocean_post_title_bg_image_size":"","ocean_post_title_height":0,"ocean_post_title_bg_overlay":0.5,"ocean_post_title_bg_overlay_color":"","ocean_disable_breadcrumbs":"default","ocean_breadcrumbs_color":"","ocean_breadcrumbs_separator_color":"","ocean_breadcrumbs_links_color":"","ocean_breadcrumbs_links_hover_color":"","ocean_display_footer_widgets":"default","ocean_display_footer_bottom":"default","ocean_custom_footer_template":"0","ocean_post_oembed":"","ocean_post_self_hosted_media":"","ocean_post_video_embed":"","ocean_link_format":"","ocean_link_format_target":"self","ocean_quote_format":"","ocean_quote_format_link":"post","ocean_gallery_link_images":"off","ocean_gallery_id":[],"footnotes":""},"categories":[16],"tags":[],"class_list":["post-5890","post","type-post","status-publish","format-standard","has-post-thumbnail","hentry","category-vijesti","entry","has-media"],"views":939,"_links":{"self":[{"href":"https:\/\/zupasvnikolakc.hr\/index.php?rest_route=\/wp\/v2\/posts\/5890","targetHints":{"allow":["GET"]}}],"collection":[{"href":"https:\/\/zupasvnikolakc.hr\/index.php?rest_route=\/wp\/v2\/posts"}],"about":[{"href":"https:\/\/zupasvnikolakc.hr\/index.php?rest_route=\/wp\/v2\/types\/post"}],"author":[{"embeddable":true,"href":"https:\/\/zupasvnikolakc.hr\/index.php?rest_route=\/wp\/v2\/users\/1"}],"replies":[{"embeddable":true,"href":"https:\/\/zupasvnikolakc.hr\/index.php?rest_route=%2Fwp%2Fv2%2Fcomments&post=5890"}],"version-history":[{"count":4,"href":"https:\/\/zupasvnikolakc.hr\/index.php?rest_route=\/wp\/v2\/posts\/5890\/revisions"}],"predecessor-version":[{"id":5908,"href":"https:\/\/zupasvnikolakc.hr\/index.php?rest_route=\/wp\/v2\/posts\/5890\/revisions\/5908"}],"wp:featuredmedia":[{"embeddable":true,"href":"https:\/\/zupasvnikolakc.hr\/index.php?rest_route=\/wp\/v2\/media\/5891"}],"wp:attachment":[{"href":"https:\/\/zupasvnikolakc.hr\/index.php?rest_route=%2Fwp%2Fv2%2Fmedia&parent=5890"}],"wp:term":[{"taxonomy":"category","embeddable":true,"href":"https:\/\/zupasvnikolakc.hr\/index.php?rest_route=%2Fwp%2Fv2%2Fcategories&post=5890"},{"taxonomy":"post_tag","embeddable":true,"href":"https:\/\/zupasvnikolakc.hr\/index.php?rest_route=%2Fwp%2Fv2%2Ftags&post=5890"}],"curies":[{"name":"wp","href":"https:\/\/api.w.org\/{rel}","templated":true}]}}