{"id":6224,"date":"2023-01-14T19:00:00","date_gmt":"2023-01-14T18:00:00","guid":{"rendered":"https:\/\/zupasvnikolakc.hr\/?p=6224"},"modified":"2023-01-14T21:24:23","modified_gmt":"2023-01-14T20:24:23","slug":"2-nedjelja-kroz-godinu-3","status":"publish","type":"post","link":"https:\/\/zupasvnikolakc.hr\/?p=6224","title":{"rendered":"2. nedjelja kroz godinu"},"content":{"rendered":"\t\t<div data-elementor-type=\"wp-post\" data-elementor-id=\"6224\" class=\"elementor elementor-6224\" data-elementor-post-type=\"post\">\n\t\t\t\t\t\t<section class=\"elementor-section elementor-top-section elementor-element elementor-element-9b7b77a elementor-section-boxed elementor-section-height-default elementor-section-height-default\" data-id=\"9b7b77a\" data-element_type=\"section\" data-e-type=\"section\">\n\t\t\t\t\t\t<div class=\"elementor-container elementor-column-gap-default\">\n\t\t\t\t\t<div class=\"elementor-column elementor-col-100 elementor-top-column elementor-element elementor-element-28384fc\" data-id=\"28384fc\" data-element_type=\"column\" data-e-type=\"column\">\n\t\t\t<div class=\"elementor-widget-wrap elementor-element-populated\">\n\t\t\t\t\t\t<div class=\"elementor-element elementor-element-c08175b elementor-widget elementor-widget-text-editor\" data-id=\"c08175b\" data-element_type=\"widget\" data-e-type=\"widget\" data-widget_type=\"text-editor.default\">\n\t\t\t\t<div class=\"elementor-widget-container\">\n\t\t\t\t\t\t\t\t\t<p><span style=\"color: #000000;\">\u201eEvo Jaganjca Bo\u017ejega koji odnosi grijeh svijeta! To je onaj o kojem rekoh: Za mnom dolazi \u010dovjek koji je preda mnom jer bija\u0161e prije mene!\u201c<\/span><\/p><p><span style=\"color: #000000;\">Dragi vjernici, pro\u0161lom nedjeljom, nedjeljom kr\u0161tenja Gospodinova zapo\u010deli smo liturgijsko vrijeme kroz godinu. Danas slavimo drugu nedjelju kroz crkvenu godinu. U misnom evan\u0111elju \u010duli smo kratki odlomak iz Ivanova evan\u0111elja u kojemu Ivan Krstitelj ukazuje na Isusa kao na Jaganjca Bo\u017ejega koji oduzima grijeh svijeta. Poslije kr\u0161tenja kojim je zapo\u010delo Gospodinovo javno poslanje evan\u0111elist Ivan na usta Ivana Krstitelja ukazuje i na ono zadnje, ono kona\u010dno u \u017eivotu i poslanju Isusa Krista, ukazuje na \u017ertveni zna\u010daj njegova \u017eivota. To zna\u010di da Krist oduzimaju\u0107i grijeh svijeta i grijehe svijeta, odnosi moje osobne grijehe te meni osobno iznova nudi mogu\u0107nost stupanja u zajedni\u0161tvo s Bogom, mogu\u0107nost ula\u017eenja u prostore Bo\u017eje svjetlosti, \u017eivota i svetosti. Potrebno nam je uvijek iznova moliti Gospodina da nam o\u010disti o\u010di srca da u Kristu Isusu prepoznamo Jaganjca Bo\u017ejega koji nas pomiruje s Bogom i me\u0111usobno na na\u010din da na sebe uzima na\u0161a otu\u0111enja i na\u0161e rane. Na\u017ealost pre\u010desto je pogled na\u0161e du\u0161e zamagljen krivim prioritetima i krivim putovima pronalaska Boga i sebe. Ono \u0161to je bilo u sredi\u0161tu \u017eidovske religije, a i svake druge religije, dakle o\u010di\u0161\u0107enje od grijeha, nama danas ne predstavlja gotovo ni\u0161ta. Mi se u biti ne smatramo grje\u0161nima. Na taj na\u010din samo svjedo\u010dimo koliko su nam savjesti otupjele i koliko nam je zaista potrebno i obra\u0107enje i nutarnje pro\u010di\u0161\u0107enje. Stoga neka nam i dana\u0161nja nedjelja kroz svoju Rije\u010d pomogne da shvatimo da je jedino Bog bezgre\u0161an, a mi ljudi smo potrebni opro\u0161tenja. Jer smo gre\u0161ni potrebno je svakog dana vapiti Isusu Jaganjcu da nam se smiluje i oprosti nam na\u0161e grijehe.<\/span><\/p>\t\t\t\t\t\t\t\t<\/div>\n\t\t\t\t<\/div>\n\t\t\t\t<div class=\"elementor-element elementor-element-1634bda elementor-widget elementor-widget-text-editor\" data-id=\"1634bda\" data-element_type=\"widget\" data-e-type=\"widget\" data-widget_type=\"text-editor.default\">\n\t\t\t\t<div class=\"elementor-widget-container\">\n\t\t\t\t\t\t\t\t\t<p><span style=\"color: #ff0000;\"><strong>\u017dUPNE OBAVIJESTI<\/strong><\/span><\/p><p><span style=\"color: #000000;\"><strong>VJERONAUK:<\/strong><\/span><\/p><ul><li><span style=\"color: #000000;\">krizmanici \u2013 subota (21.1.2023.) u 9 h<\/span><\/li><li><span style=\"color: #000000;\">prvopri\u010desnici &#8211; subota (21.1.2023.) u 10 h<\/span><\/li><\/ul><p><span style=\"color: #000000;\"><strong>SUSRET MINISTRANATA:<\/strong><\/span><\/p><ul><li><span style=\"color: #000000;\">subota (21.1.2023.) u 11 h<\/span><\/li><\/ul><p><span style=\"color: #000000;\"><strong>RASPORED PJEVANJA \u017dUPNIH ZBOROVA: <\/strong><\/span><\/p><ul><li><span style=\"color: #000000;\">po redovitom rasporedu<\/span><\/li><\/ul><p><a href=\"https:\/\/zupasvnikolakc.hr\/wp-content\/uploads\/2023\/01\/2.N.K.GOD-LISTIC-2023..pdf\" target=\"_blank\" rel=\"noopener\"><span style=\"color: #ff0000;\">\u017dUPNI LISTI\u0106<\/span><\/a><\/p>\t\t\t\t\t\t\t\t<\/div>\n\t\t\t\t<\/div>\n\t\t\t\t\t<\/div>\n\t\t<\/div>\n\t\t\t\t\t<\/div>\n\t\t<\/section>\n\t\t\t\t<\/div>\n\t\t","protected":false},"excerpt":{"rendered":"<p>\u201eEvo Jaganjca Bo\u017ejega koji odnosi grijeh svijeta! To je onaj o kojem rekoh: Za mnom dolazi \u010dovjek koji je preda mnom jer bija\u0161e prije mene!\u201c Dragi vjernici, pro\u0161lom nedjeljom, nedjeljom kr\u0161tenja Gospodinova zapo\u010deli smo liturgijsko vrijeme kroz godinu. Danas slavimo drugu nedjelju kroz crkvenu godinu. U misnom evan\u0111elju \u010duli smo kratki odlomak iz Ivanova evan\u0111elja [&hellip;]<\/p>\n","protected":false},"author":1,"featured_media":6225,"comment_status":"closed","ping_status":"closed","sticky":false,"template":"","format":"standard","meta":{"ocean_post_layout":"","ocean_both_sidebars_style":"","ocean_both_sidebars_content_width":0,"ocean_both_sidebars_sidebars_width":0,"ocean_sidebar":"0","ocean_second_sidebar":"0","ocean_disable_margins":"enable","ocean_add_body_class":"","ocean_shortcode_before_top_bar":"","ocean_shortcode_after_top_bar":"","ocean_shortcode_before_header":"","ocean_shortcode_after_header":"","ocean_has_shortcode":"","ocean_shortcode_after_title":"","ocean_shortcode_before_footer_widgets":"","ocean_shortcode_after_footer_widgets":"","ocean_shortcode_before_footer_bottom":"","ocean_shortcode_after_footer_bottom":"","ocean_display_top_bar":"default","ocean_display_header":"default","ocean_header_style":"","ocean_center_header_left_menu":"0","ocean_custom_header_template":"0","ocean_custom_logo":0,"ocean_custom_retina_logo":0,"ocean_custom_logo_max_width":0,"ocean_custom_logo_tablet_max_width":0,"ocean_custom_logo_mobile_max_width":0,"ocean_custom_logo_max_height":0,"ocean_custom_logo_tablet_max_height":0,"ocean_custom_logo_mobile_max_height":0,"ocean_header_custom_menu":"0","ocean_menu_typo_font_family":"0","ocean_menu_typo_font_subset":"","ocean_menu_typo_font_size":0,"ocean_menu_typo_font_size_tablet":0,"ocean_menu_typo_font_size_mobile":0,"ocean_menu_typo_font_size_unit":"px","ocean_menu_typo_font_weight":"","ocean_menu_typo_font_weight_tablet":"","ocean_menu_typo_font_weight_mobile":"","ocean_menu_typo_transform":"","ocean_menu_typo_transform_tablet":"","ocean_menu_typo_transform_mobile":"","ocean_menu_typo_line_height":0,"ocean_menu_typo_line_height_tablet":0,"ocean_menu_typo_line_height_mobile":0,"ocean_menu_typo_line_height_unit":"","ocean_menu_typo_spacing":0,"ocean_menu_typo_spacing_tablet":0,"ocean_menu_typo_spacing_mobile":0,"ocean_menu_typo_spacing_unit":"","ocean_menu_link_color":"","ocean_menu_link_color_hover":"","ocean_menu_link_color_active":"","ocean_menu_link_background":"","ocean_menu_link_hover_background":"","ocean_menu_link_active_background":"","ocean_menu_social_links_bg":"","ocean_menu_social_hover_links_bg":"","ocean_menu_social_links_color":"","ocean_menu_social_hover_links_color":"","ocean_disable_title":"default","ocean_disable_heading":"default","ocean_post_title":"","ocean_post_subheading":"","ocean_post_title_style":"","ocean_post_title_background_color":"","ocean_post_title_background":0,"ocean_post_title_bg_image_position":"","ocean_post_title_bg_image_attachment":"","ocean_post_title_bg_image_repeat":"","ocean_post_title_bg_image_size":"","ocean_post_title_height":0,"ocean_post_title_bg_overlay":0.5,"ocean_post_title_bg_overlay_color":"","ocean_disable_breadcrumbs":"default","ocean_breadcrumbs_color":"","ocean_breadcrumbs_separator_color":"","ocean_breadcrumbs_links_color":"","ocean_breadcrumbs_links_hover_color":"","ocean_display_footer_widgets":"default","ocean_display_footer_bottom":"default","ocean_custom_footer_template":"0","ocean_post_oembed":"","ocean_post_self_hosted_media":"","ocean_post_video_embed":"","ocean_link_format":"","ocean_link_format_target":"self","ocean_quote_format":"","ocean_quote_format_link":"post","ocean_gallery_link_images":"off","ocean_gallery_id":[],"footnotes":""},"categories":[16],"tags":[],"class_list":["post-6224","post","type-post","status-publish","format-standard","has-post-thumbnail","hentry","category-vijesti","entry","has-media"],"views":595,"_links":{"self":[{"href":"https:\/\/zupasvnikolakc.hr\/index.php?rest_route=\/wp\/v2\/posts\/6224","targetHints":{"allow":["GET"]}}],"collection":[{"href":"https:\/\/zupasvnikolakc.hr\/index.php?rest_route=\/wp\/v2\/posts"}],"about":[{"href":"https:\/\/zupasvnikolakc.hr\/index.php?rest_route=\/wp\/v2\/types\/post"}],"author":[{"embeddable":true,"href":"https:\/\/zupasvnikolakc.hr\/index.php?rest_route=\/wp\/v2\/users\/1"}],"replies":[{"embeddable":true,"href":"https:\/\/zupasvnikolakc.hr\/index.php?rest_route=%2Fwp%2Fv2%2Fcomments&post=6224"}],"version-history":[{"count":7,"href":"https:\/\/zupasvnikolakc.hr\/index.php?rest_route=\/wp\/v2\/posts\/6224\/revisions"}],"predecessor-version":[{"id":6236,"href":"https:\/\/zupasvnikolakc.hr\/index.php?rest_route=\/wp\/v2\/posts\/6224\/revisions\/6236"}],"wp:featuredmedia":[{"embeddable":true,"href":"https:\/\/zupasvnikolakc.hr\/index.php?rest_route=\/wp\/v2\/media\/6225"}],"wp:attachment":[{"href":"https:\/\/zupasvnikolakc.hr\/index.php?rest_route=%2Fwp%2Fv2%2Fmedia&parent=6224"}],"wp:term":[{"taxonomy":"category","embeddable":true,"href":"https:\/\/zupasvnikolakc.hr\/index.php?rest_route=%2Fwp%2Fv2%2Fcategories&post=6224"},{"taxonomy":"post_tag","embeddable":true,"href":"https:\/\/zupasvnikolakc.hr\/index.php?rest_route=%2Fwp%2Fv2%2Ftags&post=6224"}],"curies":[{"name":"wp","href":"https:\/\/api.w.org\/{rel}","templated":true}]}}