{"id":6494,"date":"2023-03-04T19:00:00","date_gmt":"2023-03-04T18:00:00","guid":{"rendered":"https:\/\/zupasvnikolakc.hr\/?p=6494"},"modified":"2023-03-04T10:20:34","modified_gmt":"2023-03-04T09:20:34","slug":"2-korizmena-nedjelja-3","status":"publish","type":"post","link":"https:\/\/zupasvnikolakc.hr\/?p=6494","title":{"rendered":"2. korizmena nedjelja"},"content":{"rendered":"\t\t<div data-elementor-type=\"wp-post\" data-elementor-id=\"6494\" class=\"elementor elementor-6494\" data-elementor-post-type=\"post\">\n\t\t\t\t\t\t<section class=\"elementor-section elementor-top-section elementor-element elementor-element-3cc515d elementor-section-boxed elementor-section-height-default elementor-section-height-default\" data-id=\"3cc515d\" data-element_type=\"section\" data-e-type=\"section\">\n\t\t\t\t\t\t<div class=\"elementor-container elementor-column-gap-default\">\n\t\t\t\t\t<div class=\"elementor-column elementor-col-100 elementor-top-column elementor-element elementor-element-61bb025\" data-id=\"61bb025\" data-element_type=\"column\" data-e-type=\"column\">\n\t\t\t<div class=\"elementor-widget-wrap elementor-element-populated\">\n\t\t\t\t\t\t<div class=\"elementor-element elementor-element-b23f8d3 elementor-widget elementor-widget-text-editor\" data-id=\"b23f8d3\" data-element_type=\"widget\" data-e-type=\"widget\" data-widget_type=\"text-editor.default\">\n\t\t\t\t<div class=\"elementor-widget-container\">\n\t\t\t\t\t\t\t\t\t<p><span style=\"color: #000000;\">Dragi vjernici, dana\u0161nja druga nedjelja korizmenog hoda stavlja pred nas velike uzore koji nas u\u010de kako i mi mo\u017eemo zapo\u010deti svoj cjelo\u017eivotni korizmeni hod. Jer korizma nije samo vrijeme od \u010detrdeset dana promi\u0161ljanja o Bo\u017ejoj ljubavi, nego ona ima za cilj potaknuti nas da tih \u010detrdeset dana preto\u010dimo u svoj cjelo\u017eivotni hod za i s Kristom. Prvo \u010ditanje stavlja pred nas najve\u0107eg vjernika kojega sveto pismo naziva praocem na\u0161e vjere, Abrahama, kojega Bog poziva da ostavi sigurnost svoga doma i da po\u0111e u njemu nepoznato. Abrahamu nepoznato, ali ne i Bogu! Bog znade kamo \u0161alje Abrahama i za\u0161to ga upravo tamo \u0161alje. I stoga tra\u017ei od njega apsolutno povjerenje i odlu\u010dnost slu\u0161anja Bo\u017ejeg glasa. Mi sada\u0161nji vjernici znademo da je Abraham ispravno odlu\u010dio jer o tome \u010ditamo, ali Abrahamu je bila potrebna vjera kako bi povjerovao Bogu i kako bi mu se ura\u010dunalo u pravednost kako nam svjedo\u010di Sveto Pismo. Abrahamov put u nepoznato i njegova vjera bila je nagra\u0111ena izvr\u0161avanjem Bo\u017ejeg obe\u0107anja da \u0107e mu umno\u017eiti potomstvo poput zvijezda na nebu i pijeska u moru.<\/span><\/p><p><span style=\"color: #000000;\">Korizma u koju smo zakora\u010dili poziva i nas dana\u0161nje vjernike da se i mi nau\u010dimo od Abrahama povjerenju spram Boga. I mi \u010desto u svojem \u017eivotu ne shva\u0107amo za\u0161to Bog neke stvari i doga\u0111aje tra\u017ei od nas, ali ako ih s vjerom i povjerenjem u njega prihvatimo ubrzo uvidimo da je Bog za nas htio samo ono najbolje. Stoga i nas dana\u0161nja nedjelja \u017eeli kroz svoju rije\u010d Bo\u017eju potaknuti na korizmeno preobra\u017eenje, ali ne ono trenutno nego cjelo\u017eivotno. Apostoli, iako su do\u017eivjeli to Kristovo iskustvo na gori, nisu shva\u0107ali \u0161to im Isus \u017eeli kroz preobra\u017eenje poru\u010diti i na \u0161to ih \u017eeli pozvati. I mi smo u opasnosti da krivo shvatimo Kristovu poruku dana\u0161nje nedjelje. Isus poziva i nas, kao neko\u0107 i svoje u\u010denike, na preobra\u017eenje odnosno promjenu \u017eivota. Zato nam daje primjer u preobra\u017eenju, jer da bi se drugome pomoglo da se preobrazi, promijeni, mora se najprije to osobno do\u017eivjeti poput Isusa. Da bi svijet mijenjali potrebno je sam sebe promijeniti. Tako nas pou\u010dava Isus, tako nas u\u010di Crkva.<\/span><\/p>\t\t\t\t\t\t\t\t<\/div>\n\t\t\t\t<\/div>\n\t\t\t\t<div class=\"elementor-element elementor-element-1af0070 elementor-widget elementor-widget-text-editor\" data-id=\"1af0070\" data-element_type=\"widget\" data-e-type=\"widget\" data-widget_type=\"text-editor.default\">\n\t\t\t\t<div class=\"elementor-widget-container\">\n\t\t\t\t\t\t\t\t\t<p><span style=\"color: #ff0000;\"><strong>\u017dUPNE OBAVIJESTI<\/strong><\/span><\/p><p><span style=\"color: #000000;\"><strong>VJERONAUK:<\/strong><\/span><\/p><ul><li><span style=\"color: #000000;\">krizmanici \u2013 subota (11.3.2023.) u 9 h<\/span><\/li><li><span style=\"color: #000000;\">prvopri\u010desnici &#8211; subota (11.3.2023.) u 10 h<\/span><\/li><\/ul><p><span style=\"color: #000000;\"><strong>SUSRET MINISTRANATA:<\/strong><\/span><\/p><ul><li><span style=\"color: #000000;\">subota (11.3.2023.) u 11 h<\/span><\/li><\/ul><p><span style=\"color: #000000;\"><strong>RASPORED PJEVANJA \u017dUPNIH ZBOROVA:<\/strong><\/span><\/p><ul><li><span style=\"color: #000000;\">po redovitom rasporedu<\/span><\/li><\/ul><p><span style=\"color: #000000;\"><strong>BIBLIJSKA GRUPA:<\/strong><\/span><\/p><ul><li><span style=\"color: #000000;\">srijeda (8.3.2023.) u 18:30 h u \u017eupnoj dvorani<\/span><\/li><\/ul><p><span style=\"color: #000000;\"><strong>SASTANAK EKONOMSKOG VIJE\u0106A:<\/strong><\/span><\/p><ul><li><span style=\"color: #000000;\">petak (10.3.2023.) u 18:30 h u \u017eupnoj dvorani<\/span><\/li><\/ul><p><span style=\"color: #000000;\">Kroz ovaj tjedan upisujemo (u sakristiji i \u017eupnom uredu) stare, bolesne i nemo\u0107ne za uskr\u0161nju ispovijed po ku\u0107ama (prilikom prijave ostaviti broj telefona).<\/span><\/p><p><a href=\"https:\/\/zupasvnikolakc.hr\/wp-content\/uploads\/2023\/03\/2.n.korizme-listic-2023..pdf\" target=\"_blank\" rel=\"noopener\"><span style=\"color: #ff0000;\">\u017dUPNI LISTI\u0106<\/span><\/a><\/p>\t\t\t\t\t\t\t\t<\/div>\n\t\t\t\t<\/div>\n\t\t\t\t<div class=\"elementor-element elementor-element-d6a3c34 elementor-widget elementor-widget-text-editor\" data-id=\"d6a3c34\" data-element_type=\"widget\" data-e-type=\"widget\" data-widget_type=\"text-editor.default\">\n\t\t\t\t<div class=\"elementor-widget-container\">\n\t\t\t\t\t\t\t\t\t<p><span style=\"color: #000000;\"><strong>DAROVATELJI ZA POTREBE CRKVE<\/strong><\/span><\/p><ol><li><span style=\"color: #000000;\">Obit. Sever, F. Galovi\u0107a 43<\/span><\/li><li><span style=\"color: #000000;\">Marija Vedri\u0161, Trg kr. Zvonimira 6<\/span><\/li><li><span style=\"color: #000000;\">Matija Eva\u010di\u0107, Br. Radi\u0107 12<\/span><\/li><li><span style=\"color: #000000;\">Obit. Kostanjevec, Br. Radi\u0107 12<\/span><\/li><li><span style=\"color: #000000;\">Dar jedne osobe<\/span><\/li><li><span style=\"color: #000000;\">Obit. Prka, Trg E. Kumi\u010di\u0107a 8<\/span><\/li><li><span style=\"color: #000000;\">Obit. Plav\u0161i\u0107, Trg kr. Kre\u0161imira 9<\/span><\/li><li><span style=\"color: #000000;\">Obit. \u017dufika Mar\u0111etko, Trg Podrav. heroja 6<\/span><\/li><li><span style=\"color: #000000;\">Obit. Skelin, D. Cubinec 56<\/span><\/li><li><span style=\"color: #000000;\">Obit. Bar\u010danec i Dolenec, M. Viriusa 19<\/span><\/li><li><span style=\"color: #000000;\">Romano \u010corda\u0161ev, \u0110. Basari\u010deka 34<\/span><\/li><li><span style=\"color: #000000;\">Katarina Rak, Trg kr. Tomislava 9<\/span><\/li><li><span style=\"color: #000000;\">Ana Tkalec, I. Me\u0161trovi\u0107a 19<\/span><\/li><li><span style=\"color: #000000;\">Anica \u010curaj, Hrv. dr\u017eavnosti 22<\/span><\/li><li><span style=\"color: #000000;\">Ljubica Jakupanec, Hrv. dr\u017eavnosti 11B<\/span><\/li><li><span style=\"color: #000000;\">Obit. Franjo, G. Banovec 12<\/span><\/li><li><span style=\"color: #000000;\">Obit. Vrhovec, M. P. Mi\u0161kine 42<\/span><\/li><li><span style=\"color: #000000;\">Obit. Erne\u010di\u0107, Trg Slobode 2<\/span><\/li><li><span style=\"color: #000000;\">Obit. Prlog, M. Krle\u017ee 18<\/span><\/li><li><span style=\"color: #000000;\">Obit. \u0106ori\u0107, M. Gubca 24, Peteranec<\/span><\/li><li><span style=\"color: #000000;\">Dar jedne obitelji<\/span><\/li><li><span style=\"color: #000000;\">Obit. Lon\u010dari\u0107 i Flatz, Kri\u017eeva\u010dka 51 A<\/span><\/li><li><span style=\"color: #000000;\">Obit. Emer\u0161i\u0107, Gibani\u010dna 34<\/span><\/li><li><span style=\"color: #000000;\">Obit. Genc, Peteranska c 33<\/span><\/li><li><span style=\"color: #000000;\">Katica Vrbo\u0161i\u0107, I. Me\u0161trovi\u0107a 28<\/span><\/li><li><span style=\"color: #000000;\">Obit. Balog, Podravska 35<\/span><\/li><li><span style=\"color: #000000;\">Goran Kvakari\u0107, Bokeljska 25, Dubrovnik<\/span><\/li><li><span style=\"color: #000000;\">Obit. \u0110akovi\u0107, Duga ulica 8<\/span><\/li><li><span style=\"color: #000000;\">Obit. \u0160ijak, \u010carda 60 C<\/span><\/li><li><span style=\"color: #000000;\">Obit. Rudni\u010dki, Dalmatinska 3<\/span><\/li><li><span style=\"color: #000000;\">Obit. Hunjadi, Trg Slobode 6<\/span><\/li><li><span style=\"color: #000000;\">Obit. Ga\u0161pari\u0107 i Dugina, Pavelinska 8 A<\/span><\/li><li><span style=\"color: #000000;\">Obit. Koponi\u0107, Miklinovec 87 B<\/span><\/li><li><span style=\"color: #000000;\">Obit. Car, \u010carda 17 A<\/span><\/li><li><span style=\"color: #000000;\">Ljerka Palec, F. Ga\u017eija 7<\/span><\/li><li><span style=\"color: #000000;\">Obit. \u0160imunija, Be\u010d 2<\/span><\/li><li><span style=\"color: #000000;\">Obit. Kani\u017eanec, A. \u0160enoe 25<\/span><\/li><li><span style=\"color: #000000;\">Obit. Bardek, A. \u0160enoe 1<\/span><\/li><li><span style=\"color: #000000;\">Dragan Markovi\u0107, Kn. Domagoja 25<\/span><\/li><li><span style=\"color: #000000;\">Obit. Milo\u0161, Prav. me\u0111u narodima 9<\/span><\/li><li><span style=\"color: #000000;\">Josip Lovrinovi\u0107, M. Gubca 24, Peteranec<\/span><\/li><li><span style=\"color: #000000;\">Obit. Kordina, Miklinovec 79<\/span><\/li><li><span style=\"color: #000000;\">Obit. \u0160tajdohar, M. Viriusa 16<\/span><\/li><li><span style=\"color: #000000;\">Obit. Alagi\u0107, Peteranska 10<\/span><\/li><li><span style=\"color: #000000;\">Brankica Sinjeri, Trg kr. Zvonimira 6<\/span><\/li><li><span style=\"color: #000000;\">Josip Samar\u017eija, M. P. Mi\u0161kine 62 A<\/span><\/li><li><span style=\"color: #000000;\">Dar jedne osobe<\/span><\/li><\/ol>\t\t\t\t\t\t\t\t<\/div>\n\t\t\t\t<\/div>\n\t\t\t\t\t<\/div>\n\t\t<\/div>\n\t\t\t\t\t<\/div>\n\t\t<\/section>\n\t\t\t\t<\/div>\n\t\t","protected":false},"excerpt":{"rendered":"<p>Dragi vjernici, dana\u0161nja druga nedjelja korizmenog hoda stavlja pred nas velike uzore koji nas u\u010de kako i mi mo\u017eemo zapo\u010deti svoj cjelo\u017eivotni korizmeni hod. Jer korizma nije samo vrijeme od \u010detrdeset dana promi\u0161ljanja o Bo\u017ejoj ljubavi, nego ona ima za cilj potaknuti nas da tih \u010detrdeset dana preto\u010dimo u svoj cjelo\u017eivotni hod za i s [&hellip;]<\/p>\n","protected":false},"author":1,"featured_media":6495,"comment_status":"closed","ping_status":"closed","sticky":false,"template":"","format":"standard","meta":{"ocean_post_layout":"","ocean_both_sidebars_style":"","ocean_both_sidebars_content_width":0,"ocean_both_sidebars_sidebars_width":0,"ocean_sidebar":"0","ocean_second_sidebar":"0","ocean_disable_margins":"enable","ocean_add_body_class":"","ocean_shortcode_before_top_bar":"","ocean_shortcode_after_top_bar":"","ocean_shortcode_before_header":"","ocean_shortcode_after_header":"","ocean_has_shortcode":"","ocean_shortcode_after_title":"","ocean_shortcode_before_footer_widgets":"","ocean_shortcode_after_footer_widgets":"","ocean_shortcode_before_footer_bottom":"","ocean_shortcode_after_footer_bottom":"","ocean_display_top_bar":"default","ocean_display_header":"default","ocean_header_style":"","ocean_center_header_left_menu":"0","ocean_custom_header_template":"0","ocean_custom_logo":0,"ocean_custom_retina_logo":0,"ocean_custom_logo_max_width":0,"ocean_custom_logo_tablet_max_width":0,"ocean_custom_logo_mobile_max_width":0,"ocean_custom_logo_max_height":0,"ocean_custom_logo_tablet_max_height":0,"ocean_custom_logo_mobile_max_height":0,"ocean_header_custom_menu":"0","ocean_menu_typo_font_family":"0","ocean_menu_typo_font_subset":"","ocean_menu_typo_font_size":0,"ocean_menu_typo_font_size_tablet":0,"ocean_menu_typo_font_size_mobile":0,"ocean_menu_typo_font_size_unit":"px","ocean_menu_typo_font_weight":"","ocean_menu_typo_font_weight_tablet":"","ocean_menu_typo_font_weight_mobile":"","ocean_menu_typo_transform":"","ocean_menu_typo_transform_tablet":"","ocean_menu_typo_transform_mobile":"","ocean_menu_typo_line_height":0,"ocean_menu_typo_line_height_tablet":0,"ocean_menu_typo_line_height_mobile":0,"ocean_menu_typo_line_height_unit":"","ocean_menu_typo_spacing":0,"ocean_menu_typo_spacing_tablet":0,"ocean_menu_typo_spacing_mobile":0,"ocean_menu_typo_spacing_unit":"","ocean_menu_link_color":"","ocean_menu_link_color_hover":"","ocean_menu_link_color_active":"","ocean_menu_link_background":"","ocean_menu_link_hover_background":"","ocean_menu_link_active_background":"","ocean_menu_social_links_bg":"","ocean_menu_social_hover_links_bg":"","ocean_menu_social_links_color":"","ocean_menu_social_hover_links_color":"","ocean_disable_title":"default","ocean_disable_heading":"default","ocean_post_title":"","ocean_post_subheading":"","ocean_post_title_style":"","ocean_post_title_background_color":"","ocean_post_title_background":0,"ocean_post_title_bg_image_position":"","ocean_post_title_bg_image_attachment":"","ocean_post_title_bg_image_repeat":"","ocean_post_title_bg_image_size":"","ocean_post_title_height":0,"ocean_post_title_bg_overlay":0.5,"ocean_post_title_bg_overlay_color":"","ocean_disable_breadcrumbs":"default","ocean_breadcrumbs_color":"","ocean_breadcrumbs_separator_color":"","ocean_breadcrumbs_links_color":"","ocean_breadcrumbs_links_hover_color":"","ocean_display_footer_widgets":"default","ocean_display_footer_bottom":"default","ocean_custom_footer_template":"0","ocean_post_oembed":"","ocean_post_self_hosted_media":"","ocean_post_video_embed":"","ocean_link_format":"","ocean_link_format_target":"self","ocean_quote_format":"","ocean_quote_format_link":"post","ocean_gallery_link_images":"off","ocean_gallery_id":[],"footnotes":""},"categories":[16],"tags":[],"class_list":["post-6494","post","type-post","status-publish","format-standard","has-post-thumbnail","hentry","category-vijesti","entry","has-media"],"views":710,"_links":{"self":[{"href":"https:\/\/zupasvnikolakc.hr\/index.php?rest_route=\/wp\/v2\/posts\/6494","targetHints":{"allow":["GET"]}}],"collection":[{"href":"https:\/\/zupasvnikolakc.hr\/index.php?rest_route=\/wp\/v2\/posts"}],"about":[{"href":"https:\/\/zupasvnikolakc.hr\/index.php?rest_route=\/wp\/v2\/types\/post"}],"author":[{"embeddable":true,"href":"https:\/\/zupasvnikolakc.hr\/index.php?rest_route=\/wp\/v2\/users\/1"}],"replies":[{"embeddable":true,"href":"https:\/\/zupasvnikolakc.hr\/index.php?rest_route=%2Fwp%2Fv2%2Fcomments&post=6494"}],"version-history":[{"count":13,"href":"https:\/\/zupasvnikolakc.hr\/index.php?rest_route=\/wp\/v2\/posts\/6494\/revisions"}],"predecessor-version":[{"id":6511,"href":"https:\/\/zupasvnikolakc.hr\/index.php?rest_route=\/wp\/v2\/posts\/6494\/revisions\/6511"}],"wp:featuredmedia":[{"embeddable":true,"href":"https:\/\/zupasvnikolakc.hr\/index.php?rest_route=\/wp\/v2\/media\/6495"}],"wp:attachment":[{"href":"https:\/\/zupasvnikolakc.hr\/index.php?rest_route=%2Fwp%2Fv2%2Fmedia&parent=6494"}],"wp:term":[{"taxonomy":"category","embeddable":true,"href":"https:\/\/zupasvnikolakc.hr\/index.php?rest_route=%2Fwp%2Fv2%2Fcategories&post=6494"},{"taxonomy":"post_tag","embeddable":true,"href":"https:\/\/zupasvnikolakc.hr\/index.php?rest_route=%2Fwp%2Fv2%2Ftags&post=6494"}],"curies":[{"name":"wp","href":"https:\/\/api.w.org\/{rel}","templated":true}]}}