{"id":6628,"date":"2023-04-01T19:00:00","date_gmt":"2023-04-01T17:00:00","guid":{"rendered":"https:\/\/zupasvnikolakc.hr\/?p=6628"},"modified":"2023-03-31T11:34:55","modified_gmt":"2023-03-31T09:34:55","slug":"6-korizmena-nedjelja-cvjetnica","status":"publish","type":"post","link":"https:\/\/zupasvnikolakc.hr\/?p=6628","title":{"rendered":"6. korizmena nedjelja &#8211; CVJETNICA"},"content":{"rendered":"\t\t<div data-elementor-type=\"wp-post\" data-elementor-id=\"6628\" class=\"elementor elementor-6628\" data-elementor-post-type=\"post\">\n\t\t\t\t\t\t<section class=\"elementor-section elementor-top-section elementor-element elementor-element-fdadb82 elementor-section-boxed elementor-section-height-default elementor-section-height-default\" data-id=\"fdadb82\" data-element_type=\"section\" data-e-type=\"section\">\n\t\t\t\t\t\t<div class=\"elementor-container elementor-column-gap-default\">\n\t\t\t\t\t<div class=\"elementor-column elementor-col-100 elementor-top-column elementor-element elementor-element-7e28e10\" data-id=\"7e28e10\" data-element_type=\"column\" data-e-type=\"column\">\n\t\t\t<div class=\"elementor-widget-wrap elementor-element-populated\">\n\t\t\t\t\t\t<div class=\"elementor-element elementor-element-f60dd49 elementor-widget elementor-widget-text-editor\" data-id=\"f60dd49\" data-element_type=\"widget\" data-e-type=\"widget\" data-widget_type=\"text-editor.default\">\n\t\t\t\t<div class=\"elementor-widget-container\">\n\t\t\t\t\t\t\t\t\t<p style=\"text-align: justify; line-height: 150%;\"><span style=\"color: #000000;\">Nedjelja Cvjetnice je dan kada se spominjemo Isusova slavnog ulaska u Jeruzalem, ulaska koji nije bio slu\u010dajan, ve\u0107 je bio ulazak koji je on pomno isplanirao u duhu starozavjetnih proro\u010danstava, kako bi skrenuo pozornost onima koji \u0107e biti dionici njegova ulaska. Cvjetnica je vrhunac Isusova poslanja koje \u0107e zavr\u0161iti velikim petkom i njegovim predanjem na kri\u017eu, ali je ujedno i vrhunac na\u0161eg korizmenog hoda koji nas uvijek iznova podsje\u0107a na cijenu na\u0161ega spasenja i otkupljenja. Svjetina, koja mu je klicala u trenutku njegovoga ulaska u Jeruzalem, nije shva\u0107ala niti prihva\u0107ala tu temeljnu poruku Isusovog poslanja na zemlji: predanje iz ljubavi. Zato je va\u017eno na Cvjetnicu misliti upravo o tome \u2013 da se ljubav Bo\u017eja najvi\u0161e o\u010ditovala u kri\u017eu Kristovom te da kr\u0161\u0107ani tu istu ljubav u svojim \u017eivotima samo po kri\u017eu i s kri\u017eem mogu navijestiti i posvjedo\u010diti. Zato se svako crkveno slavlje, gdje se okuplja zajednica Isusovih vjernika, doga\u0111a u sjeni i znaku kri\u017ea. Znakom kri\u017ea zapo\u010dinjemo svoj \u017eivot u kr\u0161tenju, znakom kri\u017ea zapo\u010dinjemo svaki svoj dan, svaki svoj posao, svaku svoju molitvu, a znakom kri\u017ea tako\u0111er zavr\u0161avamo svoj zemaljski hod. Ne postanemo li svjesni da je kri\u017e sastavni dio na\u0161eg svakodnevnog \u017eivota, da bez njega nema nasljedovanja Isusa Krista, u opasnosti smo da se i nama dogodi ono isto \u0161to se dogodilo \u017didovima: da mu danas kli\u010demo \u2013 \u201eHosana!\u201c, a ve\u0107 sutra \u201eRaspni ga!\u201c Cijeli liturgijski doga\u0111aj Cvjetnice usmjeren je upravo tome da zapali oganj ljubavi u svima koji Krista slijede, jer \u201eOd ove moje ljubavi nema ve\u0107e: \u017eivot svoj pola\u017eem za one koje ljubim.\u201c A da bi ta ljubav Kristova do\u0161la na vidjelo i da bi nam bila zorno prikazana, u centru svega danas je muka po Mateju, koja je najop\u0161irnija, a u isto vrijeme i najsve\u010danija. Dozvolimo si biti potaknuti porukama iz \u010ditanja Muke. Jer \u0107e nas ona dodatno utvrditi u istini kako je Isus do\u0161ao donijeti mir daju\u0107i svoj \u017eivot i izmiruju\u0107i sve nas s Ocem svojom krvlju. Budimo mu podlo\u017eni i stavimo se na raspolaganje kako bi i u na\u0161 \u017eivot, a i na\u0161e dru\u0161tvo, u\u0161ao kao pravi Mesija i mironosni kralj \u010dija nas rije\u010d vodi putem \u017eivota vje\u010dnoga.<\/span><\/p>\t\t\t\t\t\t\t\t<\/div>\n\t\t\t\t<\/div>\n\t\t\t\t<div class=\"elementor-element elementor-element-a945661 elementor-widget elementor-widget-text-editor\" data-id=\"a945661\" data-element_type=\"widget\" data-e-type=\"widget\" data-widget_type=\"text-editor.default\">\n\t\t\t\t<div class=\"elementor-widget-container\">\n\t\t\t\t\t\t\t\t\t<p><span style=\"color: #ff0000;\"><strong>\u017dUPNE OBAVIJESTI<\/strong><\/span><\/p><p><span style=\"color: #000000;\"><strong>VJERONAUK:<\/strong><\/span><\/p><ul><li><span style=\"color: #000000;\">ove subote za na\u0161e prvopri\u010desnike i krizmanike nema vjeronauka, ali su obavezni do\u0107i na mise i obrede u Vazmenom trodnevlju ( \u010detvrtak, petak i subota), Uskrs i uskrsni ponedjeljak<\/span><\/li><\/ul><p><span style=\"color: #000000;\"><strong>Milostinja od klanjanja Kri\u017eu <\/strong>na Veliki petak ide za Bo\u017eji grob u Jeruzalemu.<\/span><\/p><p><span style=\"color: #000000;\"><strong>Blagoslov hrane <\/strong>bit \u0107e na Veliku subotu u 17 h i na Uskrs na ranoj misi u 7 h!<\/span><\/p><p><a href=\"https:\/\/zupasvnikolakc.hr\/wp-content\/uploads\/2023\/03\/6.-KORIZMENA-CVJETNICA-2023.-LISTIC.pdf\" target=\"_blank\" rel=\"noopener\"><span style=\"color: #ff0000;\">\u017dUPNI LISTI\u0106<\/span><\/a><\/p>\t\t\t\t\t\t\t\t<\/div>\n\t\t\t\t<\/div>\n\t\t\t\t<div class=\"elementor-element elementor-element-be3d5a7 elementor-widget elementor-widget-text-editor\" data-id=\"be3d5a7\" data-element_type=\"widget\" data-e-type=\"widget\" data-widget_type=\"text-editor.default\">\n\t\t\t\t<div class=\"elementor-widget-container\">\n\t\t\t\t\t\t\t\t\t<p><span style=\"color: #000000;\"><strong>DAROVATELJI ZA POTREBE CRKVE<\/strong><\/span><\/p><ol><li><span style=\"color: #000000;\">Obit. Solar, F. Galovi\u0107a 3A<\/span><\/li><li><span style=\"color: #000000;\">Svjetlana Perika, Peteranska c 70<\/span><\/li><li><span style=\"color: #000000;\">Anita Lon\u010dari\u0107, Marofska 2 B, Here\u0161in<\/span><\/li><li><span style=\"color: #000000;\">Manda Kadi\u0107, Trg Podrav. heroja 3<\/span><\/li><li><span style=\"color: #000000;\">Dar jedne osobe<\/span><\/li><li><span style=\"color: #000000;\">Branko \u0110udajek, Ledinska 11<\/span><\/li><li><span style=\"color: #000000;\">Obit. Furdi\u0107, Trg kr. Tomislava 3<\/span><\/li><li><span style=\"color: #000000;\">Obit. Habijanec, Peteranska c 61<\/span><\/li><li><span style=\"color: #000000;\">Obit. Hajdukovi\u0107, Gibani\u010dna 16<\/span><\/li><li><span style=\"color: #000000;\">Obit. Pernjak, \u0110. Estera 7<\/span><\/li><li><span style=\"color: #000000;\">Obit. Mihotek, F. Galovi\u0107a 6<\/span><\/li><li><span style=\"color: #000000;\">Obit. Koprek i Zale\u0161ak, N. Tesle 20<\/span><\/li><li><span style=\"color: #000000;\">Katica Vrbo\u0161i\u0107, I. Me\u0161trovi\u0107a 28<\/span><\/li><li><span style=\"color: #000000;\">Obit. Markota, Lj. Gaja 4<\/span><\/li><li><span style=\"color: #000000;\">Danijel Buzina, Peteranska c 59 A<\/span><\/li><li><span style=\"color: #000000;\">Dejan Bra\u010dko, Peteranska c 45 A<\/span><\/li><li><span style=\"color: #000000;\">Obit. Sminderovac, Kn. Domagoja 3A<\/span><\/li><li><span style=\"color: #000000;\">Ivana Ve\u010denaj, F. Galovi\u0107a 45<\/span><\/li><li><span style=\"color: #000000;\">Jozo Samar\u017eija, M. P. Mi\u0161kine 62 A<\/span><\/li><li><span style=\"color: #000000;\">Obit. Bo\u017ei\u0107, F. Ga\u017eija 17<\/span><\/li><li><span style=\"color: #000000;\">Obit. Juki\u0107, Vije\u0107ni\u010dka 1<\/span><\/li><li><span style=\"color: #000000;\">Dar jedne osobe<\/span><\/li><li><span style=\"color: #000000;\">Obit. \u017dufika Mar\u0111etko, Trg Podrav. heroja 6<\/span><\/li><li><span style=\"color: #000000;\">Jelica Horvat, P. V. Pavlovi\u0107a 2<\/span><\/li><li><span style=\"color: #000000;\">Obit. Cenkov\u010dan, M. Gubca 26, Here\u0161in<\/span><\/li><li><span style=\"color: #000000;\">Elizabeta Horvati\u0107, F. Galovi\u0107a 24<\/span><\/li><li><span style=\"color: #000000;\">Obit. \u0160iroki, Gajeva 5<\/span><\/li><li><span style=\"color: #000000;\">Obit. Erne\u010di\u0107, Trg Slobode 2<\/span><\/li><li><span style=\"color: #000000;\">Obit. Koruc, Trg Zlate Bartl 5<\/span><\/li><li><span style=\"color: #000000;\">Obit. Androli\u0107, \u0110. Basari\u010deka 47<\/span><\/li><li><span style=\"color: #000000;\">Obit. Cremer, Miklinovec 83<\/span><\/li><li><span style=\"color: #000000;\">Obit. \u0160imuni\u0107, \u010carda 39<\/span><\/li><li><span style=\"color: #000000;\">Obit. Franjo, G. Banovec 12<\/span><\/li><li><span style=\"color: #000000;\">Obit. Gregur, Miklinovec 111<\/span><\/li><li><span style=\"color: #000000;\">Slavica Kukec, M.P. Mi\u0161kine 60 A<\/span><\/li><li><span style=\"color: #000000;\">Marija Kralj, Kri\u017eeva\u010dka 31 A<\/span><\/li><li><span style=\"color: #000000;\">Mirko Golubi\u0107, Ledinska 18<\/span><\/li><li><span style=\"color: #000000;\">Ljiljana Zagrajski, Dubove\u010dki breg 16<\/span><\/li><li><span style=\"color: #000000;\">Obit. \u0160imunovi\u0107, Proljetna 13<\/span><\/li><li><span style=\"color: #000000;\">Obit. Matotan, \u010carda 17 B<\/span><\/li><li><span style=\"color: #000000;\">Valentina Trnski, Trg kr. Tomislava 4<\/span><\/li><li><span style=\"color: #000000;\">Jelica Jal\u0161evec, Trg Podrav. heroja 3 A<\/span><\/li><li><span style=\"color: #000000;\">Ljubica Vrhovec, M. P. Mi\u0161kine 42 A<\/span><\/li><li><span style=\"color: #000000;\">Obit. Petrovi\u0107, Prav. Me\u0111u narodima 4<\/span><\/li><li><span style=\"color: #000000;\">Ljubica \u0160vec, F. Galovi\u0107a 6<\/span><\/li><li><span style=\"color: #000000;\">Obit. Sever, F. Galovi\u0107a 43<\/span><\/li><li><span style=\"color: #000000;\">Obit. Novak, Br. Radi\u0107 19<\/span><\/li><li><span style=\"color: #000000;\">Stjepan Kova\u010d, Trg E. Kumi\u010di\u0107a 3<\/span><\/li><li><span style=\"color: #000000;\">Damir Glavica, V. Nazora 3<\/span><\/li><li><span style=\"color: #000000;\">Obit. Baran, A. G. Mato\u0161a 6<\/span><\/li><li><span style=\"color: #000000;\">Obit. Orehovec, Podravska ul. 31<\/span><\/li><\/ol><p>\u00a0<\/p>\t\t\t\t\t\t\t\t<\/div>\n\t\t\t\t<\/div>\n\t\t\t\t\t<\/div>\n\t\t<\/div>\n\t\t\t\t\t<\/div>\n\t\t<\/section>\n\t\t\t\t<\/div>\n\t\t","protected":false},"excerpt":{"rendered":"<p>Nedjelja Cvjetnice je dan kada se spominjemo Isusova slavnog ulaska u Jeruzalem, ulaska koji nije bio slu\u010dajan, ve\u0107 je bio ulazak koji je on pomno isplanirao u duhu starozavjetnih proro\u010danstava, kako bi skrenuo pozornost onima koji \u0107e biti dionici njegova ulaska. Cvjetnica je vrhunac Isusova poslanja koje \u0107e zavr\u0161iti velikim petkom i njegovim predanjem na [&hellip;]<\/p>\n","protected":false},"author":1,"featured_media":6629,"comment_status":"closed","ping_status":"closed","sticky":false,"template":"","format":"standard","meta":{"ocean_post_layout":"","ocean_both_sidebars_style":"","ocean_both_sidebars_content_width":0,"ocean_both_sidebars_sidebars_width":0,"ocean_sidebar":"0","ocean_second_sidebar":"0","ocean_disable_margins":"enable","ocean_add_body_class":"","ocean_shortcode_before_top_bar":"","ocean_shortcode_after_top_bar":"","ocean_shortcode_before_header":"","ocean_shortcode_after_header":"","ocean_has_shortcode":"","ocean_shortcode_after_title":"","ocean_shortcode_before_footer_widgets":"","ocean_shortcode_after_footer_widgets":"","ocean_shortcode_before_footer_bottom":"","ocean_shortcode_after_footer_bottom":"","ocean_display_top_bar":"default","ocean_display_header":"default","ocean_header_style":"","ocean_center_header_left_menu":"0","ocean_custom_header_template":"0","ocean_custom_logo":0,"ocean_custom_retina_logo":0,"ocean_custom_logo_max_width":0,"ocean_custom_logo_tablet_max_width":0,"ocean_custom_logo_mobile_max_width":0,"ocean_custom_logo_max_height":0,"ocean_custom_logo_tablet_max_height":0,"ocean_custom_logo_mobile_max_height":0,"ocean_header_custom_menu":"0","ocean_menu_typo_font_family":"0","ocean_menu_typo_font_subset":"","ocean_menu_typo_font_size":0,"ocean_menu_typo_font_size_tablet":0,"ocean_menu_typo_font_size_mobile":0,"ocean_menu_typo_font_size_unit":"px","ocean_menu_typo_font_weight":"","ocean_menu_typo_font_weight_tablet":"","ocean_menu_typo_font_weight_mobile":"","ocean_menu_typo_transform":"","ocean_menu_typo_transform_tablet":"","ocean_menu_typo_transform_mobile":"","ocean_menu_typo_line_height":0,"ocean_menu_typo_line_height_tablet":0,"ocean_menu_typo_line_height_mobile":0,"ocean_menu_typo_line_height_unit":"","ocean_menu_typo_spacing":0,"ocean_menu_typo_spacing_tablet":0,"ocean_menu_typo_spacing_mobile":0,"ocean_menu_typo_spacing_unit":"","ocean_menu_link_color":"","ocean_menu_link_color_hover":"","ocean_menu_link_color_active":"","ocean_menu_link_background":"","ocean_menu_link_hover_background":"","ocean_menu_link_active_background":"","ocean_menu_social_links_bg":"","ocean_menu_social_hover_links_bg":"","ocean_menu_social_links_color":"","ocean_menu_social_hover_links_color":"","ocean_disable_title":"default","ocean_disable_heading":"default","ocean_post_title":"","ocean_post_subheading":"","ocean_post_title_style":"","ocean_post_title_background_color":"","ocean_post_title_background":0,"ocean_post_title_bg_image_position":"","ocean_post_title_bg_image_attachment":"","ocean_post_title_bg_image_repeat":"","ocean_post_title_bg_image_size":"","ocean_post_title_height":0,"ocean_post_title_bg_overlay":0.5,"ocean_post_title_bg_overlay_color":"","ocean_disable_breadcrumbs":"default","ocean_breadcrumbs_color":"","ocean_breadcrumbs_separator_color":"","ocean_breadcrumbs_links_color":"","ocean_breadcrumbs_links_hover_color":"","ocean_display_footer_widgets":"default","ocean_display_footer_bottom":"default","ocean_custom_footer_template":"0","ocean_post_oembed":"","ocean_post_self_hosted_media":"","ocean_post_video_embed":"","ocean_link_format":"","ocean_link_format_target":"self","ocean_quote_format":"","ocean_quote_format_link":"post","ocean_gallery_link_images":"off","ocean_gallery_id":[],"footnotes":""},"categories":[16],"tags":[],"class_list":["post-6628","post","type-post","status-publish","format-standard","has-post-thumbnail","hentry","category-vijesti","entry","has-media"],"views":927,"_links":{"self":[{"href":"https:\/\/zupasvnikolakc.hr\/index.php?rest_route=\/wp\/v2\/posts\/6628","targetHints":{"allow":["GET"]}}],"collection":[{"href":"https:\/\/zupasvnikolakc.hr\/index.php?rest_route=\/wp\/v2\/posts"}],"about":[{"href":"https:\/\/zupasvnikolakc.hr\/index.php?rest_route=\/wp\/v2\/types\/post"}],"author":[{"embeddable":true,"href":"https:\/\/zupasvnikolakc.hr\/index.php?rest_route=\/wp\/v2\/users\/1"}],"replies":[{"embeddable":true,"href":"https:\/\/zupasvnikolakc.hr\/index.php?rest_route=%2Fwp%2Fv2%2Fcomments&post=6628"}],"version-history":[{"count":7,"href":"https:\/\/zupasvnikolakc.hr\/index.php?rest_route=\/wp\/v2\/posts\/6628\/revisions"}],"predecessor-version":[{"id":6637,"href":"https:\/\/zupasvnikolakc.hr\/index.php?rest_route=\/wp\/v2\/posts\/6628\/revisions\/6637"}],"wp:featuredmedia":[{"embeddable":true,"href":"https:\/\/zupasvnikolakc.hr\/index.php?rest_route=\/wp\/v2\/media\/6629"}],"wp:attachment":[{"href":"https:\/\/zupasvnikolakc.hr\/index.php?rest_route=%2Fwp%2Fv2%2Fmedia&parent=6628"}],"wp:term":[{"taxonomy":"category","embeddable":true,"href":"https:\/\/zupasvnikolakc.hr\/index.php?rest_route=%2Fwp%2Fv2%2Fcategories&post=6628"},{"taxonomy":"post_tag","embeddable":true,"href":"https:\/\/zupasvnikolakc.hr\/index.php?rest_route=%2Fwp%2Fv2%2Ftags&post=6628"}],"curies":[{"name":"wp","href":"https:\/\/api.w.org\/{rel}","templated":true}]}}