{"id":6722,"date":"2023-04-08T19:00:00","date_gmt":"2023-04-08T17:00:00","guid":{"rendered":"https:\/\/zupasvnikolakc.hr\/?p=6722"},"modified":"2023-04-05T20:08:18","modified_gmt":"2023-04-05T18:08:18","slug":"nedjelja-uskrsnuca-2","status":"publish","type":"post","link":"https:\/\/zupasvnikolakc.hr\/?p=6722","title":{"rendered":"Nedjelja Uskrsnu\u0107a"},"content":{"rendered":"\t\t<div data-elementor-type=\"wp-post\" data-elementor-id=\"6722\" class=\"elementor elementor-6722\" data-elementor-post-type=\"post\">\n\t\t\t\t\t\t<section class=\"elementor-section elementor-top-section elementor-element elementor-element-8073bc7 elementor-section-boxed elementor-section-height-default elementor-section-height-default\" data-id=\"8073bc7\" data-element_type=\"section\" data-e-type=\"section\">\n\t\t\t\t\t\t<div class=\"elementor-container elementor-column-gap-default\">\n\t\t\t\t\t<div class=\"elementor-column elementor-col-100 elementor-top-column elementor-element elementor-element-9a28ea6\" data-id=\"9a28ea6\" data-element_type=\"column\" data-e-type=\"column\">\n\t\t\t<div class=\"elementor-widget-wrap elementor-element-populated\">\n\t\t\t\t\t\t<div class=\"elementor-element elementor-element-0097075 elementor-widget elementor-widget-text-editor\" data-id=\"0097075\" data-element_type=\"widget\" data-e-type=\"widget\" data-widget_type=\"text-editor.default\">\n\t\t\t\t<div class=\"elementor-widget-container\">\n\t\t\t\t\t\t\t\t\t<p><span style=\"color: #000000;\">Dragi vjernici, dana\u0161nji blagdan je najve\u0107a proslava Kristova i najsjajniji te neoborivi dokaz njegova bo\u017eanstva, ujedno i najsigurniji temelj na\u0161e svete vjere. Sveti Pavao apostol to potvr\u0111uje kad ka\u017ee: da Krist nije uskrsnuo, uzaludna bi bila na\u0161a vjera, uzaludno bi bilo na\u0161e propovijedanje. Na toj vjeri u Isusovo uskrsnu\u0107e po\u010diva Crkva. Slavno Isusovo uskrsnu\u0107e koje s radosnim srcem danas slavimo ima veliku va\u017enost i veliko zna\u010denje za na\u0161 kr\u0161\u0107anski \u017eivot. Kristovo nas uskrsnu\u0107e u\u010dvr\u0161\u0107uje u ljubavi i nadi da \u0107emo i mi jednog dana uskrsnuti. Njegovo je uskrsnu\u0107e temelj i zalog na\u0161eg uskrsnu\u0107a. Zato se danas sveta Crkva posebno veseli i zanosno kli\u010de. Ovo je dan \u0161to ga u\u010dini Gospodin, radujmo se i veselimo se u njemu! Kristovo je uskrsnu\u0107e \u010dinjenica koja nas mora taknuti u najdubljim dubinama na\u0161eg bi\u0107a, dirnuti ne samo na\u0161e osje\u0107aje nego i ispuniti sav na\u0161 nadnaravni kr\u0161\u0107anski \u017eivot. Prvi koji su osjetili veliku va\u017enost Isusova uskrsnu\u0107a u svome \u017eivotu bili su Isusovi u\u010denici. Iako je njihova vjera poljuljana njegovom mukom i smr\u0107u na kri\u017eu u srcu su osje\u0107ali da je On \u017eiv. Susret s Isusom uskrsnulim potvrdio je \u017eelje njihova srca i povratio u njih poljuljanu vjeru i nadu. Sad znaju da ni\u0161ta nije bilo uzaludno, svjesni su da samo ljubav mo\u017ee pobijediti ljudsku zlo\u0107u i mr\u017enju. I nama danas Uskrsnuli poru\u010duje da ne gubimo nadu, da ne malak\u0161e na\u0161a vjera unato\u010d \u017eivotnim kri\u017eevima koje nam valja nositi i pod kojima \u010desto padamo, jer zora uskrsnu\u0107a nagrada je svakome tko ustraje u vjeri u Gospodina. Dragi vjernici uskrsnu\u0107em slavimo i svoju budu\u0107nost, iako ne znamo to\u010dno kako \u0107e ona izgledati, vjerujmo rije\u010dima Krista Gospodina koji je rekao da ide pripraviti nam mjesto kod svojega i na\u0161ega Oca koji je na nebesima.<\/span><\/p><p><span style=\"color: #000000;\">Neka uskrsna radost ispuni Va\u0161a srca i dadne Vam snage kako bi mogli radosno i hrabro kro\u010diti kroz \u017eivot \u017eive\u0107i u nadi u vje\u010dni \u017eivot i u na\u0161 Uskrs!<\/span><\/p>\t\t\t\t\t\t\t\t<\/div>\n\t\t\t\t<\/div>\n\t\t\t\t<div class=\"elementor-element elementor-element-27d9f6e elementor-widget elementor-widget-text-editor\" data-id=\"27d9f6e\" data-element_type=\"widget\" data-e-type=\"widget\" data-widget_type=\"text-editor.default\">\n\t\t\t\t<div class=\"elementor-widget-container\">\n\t\t\t\t\t\t\t\t\t<p><span style=\"color: #ff0000;\"><strong>\u017dUPNE OBAVIJESTI<\/strong><\/span><\/p><p><span style=\"color: #000000;\">U ime \u017eupljana zahvaljujem svima koji su na bilo koji na\u010din doprinijeli lijepoj proslavi na\u0161eg najve\u0107eg blagdana Uskrsa. Zahvaljujem svima koji su darovali svoj dar za ure\u0111enje \u201eBo\u017ejeg groba\u201c, osobito zahvaljujem obitelji Fege\u0161 i Agro ku\u0107i.d.o.o, te g\u0111i. Nevenki Catela. Svima neka uskrsnuli Isus udjeli obilje milosti za svaki dar i trud koji su ulo\u017eili.<\/span><\/p><p><span style=\"color: #000000;\"><strong>Sretan i blagoslovljen Uskrs \u017eele Vam \u017eupnik Tomislav i \u0111akon Miljenko sa \u017eupnim suradnicima! <\/strong><\/span><\/p><p><span style=\"color: #000000;\"><strong>\u00a0<\/strong><strong>VJERONAUK:<\/strong><\/span><\/p><ul><li><span style=\"color: #000000;\">ove subote za na\u0161e prvopri\u010desnike i krizmanike nema vjeronauka, ali su obavezni do\u0107i na mise<\/span><\/li><\/ul><p><span style=\"color: #000000;\"><strong>\u00a0<\/strong><strong>KR\u0160TENJE:<\/strong><\/span><\/p><ul><li><span style=\"color: #000000;\">Tin Sikavica i Teo Travini\u0107 &#8211; subota (15.04.2023.) u 12 h<\/span><\/li><li><span style=\"color: #000000;\">Lucija Golubi\u0107 &#8211; subota (15.04.2023.) u 13 h<\/span><\/li><li><span style=\"color: #000000;\">Ela Ken\u0111eli\u0107 &#8211; subota (15.04.2023.) u 16 h<\/span><\/li><\/ul><p><a href=\"https:\/\/zupasvnikolakc.hr\/wp-content\/uploads\/2023\/04\/LISTIC-NEDJELJA-USKRSNUCA-2023.pdf\" target=\"_blank\" rel=\"noopener\"><span style=\"color: #ff0000;\">\u017dUPNI LISTI\u0106<\/span><\/a><\/p>\t\t\t\t\t\t\t\t<\/div>\n\t\t\t\t<\/div>\n\t\t\t\t\t<\/div>\n\t\t<\/div>\n\t\t\t\t\t<\/div>\n\t\t<\/section>\n\t\t\t\t<\/div>\n\t\t","protected":false},"excerpt":{"rendered":"<p>Dragi vjernici, dana\u0161nji blagdan je najve\u0107a proslava Kristova i najsjajniji te neoborivi dokaz njegova bo\u017eanstva, ujedno i najsigurniji temelj na\u0161e svete vjere. Sveti Pavao apostol to potvr\u0111uje kad ka\u017ee: da Krist nije uskrsnuo, uzaludna bi bila na\u0161a vjera, uzaludno bi bilo na\u0161e propovijedanje. Na toj vjeri u Isusovo uskrsnu\u0107e po\u010diva Crkva. Slavno Isusovo uskrsnu\u0107e koje [&hellip;]<\/p>\n","protected":false},"author":1,"featured_media":6723,"comment_status":"closed","ping_status":"closed","sticky":false,"template":"","format":"standard","meta":{"ocean_post_layout":"","ocean_both_sidebars_style":"","ocean_both_sidebars_content_width":0,"ocean_both_sidebars_sidebars_width":0,"ocean_sidebar":"0","ocean_second_sidebar":"0","ocean_disable_margins":"enable","ocean_add_body_class":"","ocean_shortcode_before_top_bar":"","ocean_shortcode_after_top_bar":"","ocean_shortcode_before_header":"","ocean_shortcode_after_header":"","ocean_has_shortcode":"","ocean_shortcode_after_title":"","ocean_shortcode_before_footer_widgets":"","ocean_shortcode_after_footer_widgets":"","ocean_shortcode_before_footer_bottom":"","ocean_shortcode_after_footer_bottom":"","ocean_display_top_bar":"default","ocean_display_header":"default","ocean_header_style":"","ocean_center_header_left_menu":"0","ocean_custom_header_template":"0","ocean_custom_logo":0,"ocean_custom_retina_logo":0,"ocean_custom_logo_max_width":0,"ocean_custom_logo_tablet_max_width":0,"ocean_custom_logo_mobile_max_width":0,"ocean_custom_logo_max_height":0,"ocean_custom_logo_tablet_max_height":0,"ocean_custom_logo_mobile_max_height":0,"ocean_header_custom_menu":"0","ocean_menu_typo_font_family":"0","ocean_menu_typo_font_subset":"","ocean_menu_typo_font_size":0,"ocean_menu_typo_font_size_tablet":0,"ocean_menu_typo_font_size_mobile":0,"ocean_menu_typo_font_size_unit":"px","ocean_menu_typo_font_weight":"","ocean_menu_typo_font_weight_tablet":"","ocean_menu_typo_font_weight_mobile":"","ocean_menu_typo_transform":"","ocean_menu_typo_transform_tablet":"","ocean_menu_typo_transform_mobile":"","ocean_menu_typo_line_height":0,"ocean_menu_typo_line_height_tablet":0,"ocean_menu_typo_line_height_mobile":0,"ocean_menu_typo_line_height_unit":"","ocean_menu_typo_spacing":0,"ocean_menu_typo_spacing_tablet":0,"ocean_menu_typo_spacing_mobile":0,"ocean_menu_typo_spacing_unit":"","ocean_menu_link_color":"","ocean_menu_link_color_hover":"","ocean_menu_link_color_active":"","ocean_menu_link_background":"","ocean_menu_link_hover_background":"","ocean_menu_link_active_background":"","ocean_menu_social_links_bg":"","ocean_menu_social_hover_links_bg":"","ocean_menu_social_links_color":"","ocean_menu_social_hover_links_color":"","ocean_disable_title":"default","ocean_disable_heading":"default","ocean_post_title":"","ocean_post_subheading":"","ocean_post_title_style":"","ocean_post_title_background_color":"","ocean_post_title_background":0,"ocean_post_title_bg_image_position":"","ocean_post_title_bg_image_attachment":"","ocean_post_title_bg_image_repeat":"","ocean_post_title_bg_image_size":"","ocean_post_title_height":0,"ocean_post_title_bg_overlay":0.5,"ocean_post_title_bg_overlay_color":"","ocean_disable_breadcrumbs":"default","ocean_breadcrumbs_color":"","ocean_breadcrumbs_separator_color":"","ocean_breadcrumbs_links_color":"","ocean_breadcrumbs_links_hover_color":"","ocean_display_footer_widgets":"default","ocean_display_footer_bottom":"default","ocean_custom_footer_template":"0","ocean_post_oembed":"","ocean_post_self_hosted_media":"","ocean_post_video_embed":"","ocean_link_format":"","ocean_link_format_target":"self","ocean_quote_format":"","ocean_quote_format_link":"post","ocean_gallery_link_images":"off","ocean_gallery_id":[],"footnotes":""},"categories":[16],"tags":[],"class_list":["post-6722","post","type-post","status-publish","format-standard","has-post-thumbnail","hentry","category-vijesti","entry","has-media"],"views":920,"_links":{"self":[{"href":"https:\/\/zupasvnikolakc.hr\/index.php?rest_route=\/wp\/v2\/posts\/6722","targetHints":{"allow":["GET"]}}],"collection":[{"href":"https:\/\/zupasvnikolakc.hr\/index.php?rest_route=\/wp\/v2\/posts"}],"about":[{"href":"https:\/\/zupasvnikolakc.hr\/index.php?rest_route=\/wp\/v2\/types\/post"}],"author":[{"embeddable":true,"href":"https:\/\/zupasvnikolakc.hr\/index.php?rest_route=\/wp\/v2\/users\/1"}],"replies":[{"embeddable":true,"href":"https:\/\/zupasvnikolakc.hr\/index.php?rest_route=%2Fwp%2Fv2%2Fcomments&post=6722"}],"version-history":[{"count":5,"href":"https:\/\/zupasvnikolakc.hr\/index.php?rest_route=\/wp\/v2\/posts\/6722\/revisions"}],"predecessor-version":[{"id":6729,"href":"https:\/\/zupasvnikolakc.hr\/index.php?rest_route=\/wp\/v2\/posts\/6722\/revisions\/6729"}],"wp:featuredmedia":[{"embeddable":true,"href":"https:\/\/zupasvnikolakc.hr\/index.php?rest_route=\/wp\/v2\/media\/6723"}],"wp:attachment":[{"href":"https:\/\/zupasvnikolakc.hr\/index.php?rest_route=%2Fwp%2Fv2%2Fmedia&parent=6722"}],"wp:term":[{"taxonomy":"category","embeddable":true,"href":"https:\/\/zupasvnikolakc.hr\/index.php?rest_route=%2Fwp%2Fv2%2Fcategories&post=6722"},{"taxonomy":"post_tag","embeddable":true,"href":"https:\/\/zupasvnikolakc.hr\/index.php?rest_route=%2Fwp%2Fv2%2Ftags&post=6722"}],"curies":[{"name":"wp","href":"https:\/\/api.w.org\/{rel}","templated":true}]}}