{"id":6890,"date":"2023-04-22T19:00:00","date_gmt":"2023-04-22T17:00:00","guid":{"rendered":"https:\/\/zupasvnikolakc.hr\/?p=6890"},"modified":"2023-04-20T23:45:37","modified_gmt":"2023-04-20T21:45:37","slug":"3-uskrsna-nedjelja-3","status":"publish","type":"post","link":"https:\/\/zupasvnikolakc.hr\/?p=6890","title":{"rendered":"3. uskrsna nedjelja"},"content":{"rendered":"\t\t<div data-elementor-type=\"wp-post\" data-elementor-id=\"6890\" class=\"elementor elementor-6890\" data-elementor-post-type=\"post\">\n\t\t\t\t\t\t<section class=\"elementor-section elementor-top-section elementor-element elementor-element-9faa293 elementor-section-boxed elementor-section-height-default elementor-section-height-default\" data-id=\"9faa293\" data-element_type=\"section\" data-e-type=\"section\">\n\t\t\t\t\t\t<div class=\"elementor-container elementor-column-gap-default\">\n\t\t\t\t\t<div class=\"elementor-column elementor-col-100 elementor-top-column elementor-element elementor-element-6ba015d\" data-id=\"6ba015d\" data-element_type=\"column\" data-e-type=\"column\">\n\t\t\t<div class=\"elementor-widget-wrap elementor-element-populated\">\n\t\t\t\t\t\t<div class=\"elementor-element elementor-element-8d89bd5 elementor-widget elementor-widget-text-editor\" data-id=\"8d89bd5\" data-element_type=\"widget\" data-e-type=\"widget\" data-widget_type=\"text-editor.default\">\n\t\t\t\t<div class=\"elementor-widget-container\">\n\t\t\t\t\t\t\t\t\t<p><span style=\"color: #000000;\">Koji puta \u010dovjek neke stvari ne vidi kraj zdravih o\u010diju. Toliki oko njega mu govore, pokazuju mu, ali on jednostavno ne vidi i ne razumije. I onda, odjednom, kao da mu ne\u0161to pukne pred o\u010dima, u jednome trenutku u jednome hipu shva\u0107a razumije i gleda posve druga\u010dije. Tako je nekako bilo i s Isusovim uskrsnu\u0107em. \u010culi smo na Uskrs kako je onaj ljubljeni u\u010denik \u2013 vrlo vjerojatno Ivan \u2013 vidio prazan grob i plahte uredno slo\u017eene i u taj isti \u010das \u2013 povjerovao. Druge smo nedjelje \u010duli kako je Tomi trebalo puno vi\u0161e da bi povjerovao. I danas Bo\u017eja rije\u010d govori o slaboj vjeri dvojice Isusovih u\u010denika, koji nisu prepoznali Isusa na putu u selo Emaus, a koji im se pridru\u017eio. Prepoznali su ga tek kada je s njima sjeo za stol i kada je razlomio kruh i davao im, tada im se otvori\u0161e o\u010di, a on im i\u0161\u010deznu s o\u010diju. Sna\u017ean je to znak za dana\u0161nju Crkvu. To se i danas doga\u0111a. U lomljenju kruha, u svetoj misi na najbli\u017ei na\u010din do\u017eivljavamo Isusa. Ako \u010dujemo Isusov glas dok se u misi navije\u0161ta evan\u0111elje, onda jednako tako susre\u0107emo samog uskrslog Isusa u cjelokupnom slavlju svete mise. Ta \u0161to je sveta misa, odnosno euharistijsko slavlje? To je Krist uskrsnuli me\u0111u nama, to je uprisutnjenje, ostvarivanje na\u0161ega spasenja po Kristovoj smrti i uskrsnu\u0107u. Dok slavimo svetu misu mi na otajstven, ali posvema stvaran na\u010din susre\u0107emo Isusa i njegovo spasenje jednako kao ona dvojica u\u010denika u Emausu, jednako kao apostol Ivan pod kri\u017eem, jednako kao apostol Toma koji je mogao prstom dotaknuti rane na Isusovu uskrslom tijelu\u2026Zato je za nas euharistijsko slavlje najve\u0107e blago. Ono je izvor i vrhunac cjelokupnog \u017eivota Crkve. Ono \u0107e se po Bo\u017ejem naumu nastaviti u vje\u010dnosti. Lijepo je da to blago njegujemo. Nedjeljna euharistija temeljna je zada\u0107a kr\u0161\u0107anina, ona je izvor na\u0161e nade i radosti, ona je zalog na\u0161e vje\u010dnosti, ona je bitna oznaka na\u0161e vjere. Jer da nema nedjeljne euharistije koja slavi i ostvaruje Kristovo spasiteljsko djelo, kojega bi smisla za nas imalo Kristovo uskrsnu\u0107e? Ovako, u svakoj misi, a pogotovo onoj nedjeljnoj, slavimo uskrsnu\u0107e Kristovo i uskrsnu\u0107e na\u0161e, proslavu Kristovu i proslavu na\u0161u. Jer, dionici smo njegova uskrsnu\u0107a, njegove proslave, dionici smo njegove bo\u017eanske naravi.<\/span><\/p><p><span style=\"color: #000000;\"><em>Tomislav Petri\u0107, \u017eupnik<\/em><\/span><\/p>\t\t\t\t\t\t\t\t<\/div>\n\t\t\t\t<\/div>\n\t\t\t\t<div class=\"elementor-element elementor-element-d83e73d elementor-widget elementor-widget-text-editor\" data-id=\"d83e73d\" data-element_type=\"widget\" data-e-type=\"widget\" data-widget_type=\"text-editor.default\">\n\t\t\t\t<div class=\"elementor-widget-container\">\n\t\t\t\t\t\t\t\t\t<p><span style=\"color: #ff0000;\"><strong>\u017dUPNE OBAVIJESTI<\/strong><\/span><\/p><p><span style=\"color: #000000;\"><strong>VJEN\u010cANJE:<\/strong><\/span><\/p><ul><li><span style=\"color: #000000;\">Ivan Valent i Nikolina Mehkek &#8211; petak (27.4.2023.) u 17 h<\/span><\/li><li><span style=\"color: #000000;\">Tomislav Gregur i Barbara Mari\u0107 &#8211; subota (28.4. 2023.) u 17 h<\/span><\/li><\/ul><p><span style=\"color: #000000;\"><strong>VJERONAUK:<\/strong><\/span><\/p><ul><li><span style=\"color: #000000;\">krizmanici \u2013 subota (28.4. 2023.) u 9 h<\/span><\/li><li><span style=\"color: #000000;\">prvopri\u010desnici &#8211; subota (28.4. 2023.) u 10 h<\/span><\/li><\/ul><p><span style=\"color: #000000;\"><strong>SUSRET MINISTRANATA:<\/strong><\/span><\/p><ul><li><span style=\"color: #000000;\">subota (28.4. 2023.) u 11 h<\/span><\/li><\/ul><p><span style=\"color: #000000;\"><strong>RASPORED PJEVANJA \u017dUPNIH ZBOROVA:<\/strong><\/span><\/p><ul><li><span style=\"color: #000000;\">po redovitom rasporedu<\/span><\/li><\/ul><p><a href=\"https:\/\/zupasvnikolakc.hr\/wp-content\/uploads\/2023\/04\/3.-USKRSNA-LISTIC-2023.pdf\" target=\"_blank\" rel=\"noopener\"><span style=\"color: #ff0000;\">\u017dUPNI LISTI\u0106<\/span><\/a><\/p>\t\t\t\t\t\t\t\t<\/div>\n\t\t\t\t<\/div>\n\t\t\t\t\t<\/div>\n\t\t<\/div>\n\t\t\t\t\t<\/div>\n\t\t<\/section>\n\t\t\t\t<\/div>\n\t\t","protected":false},"excerpt":{"rendered":"<p>Koji puta \u010dovjek neke stvari ne vidi kraj zdravih o\u010diju. Toliki oko njega mu govore, pokazuju mu, ali on jednostavno ne vidi i ne razumije. I onda, odjednom, kao da mu ne\u0161to pukne pred o\u010dima, u jednome trenutku u jednome hipu shva\u0107a razumije i gleda posve druga\u010dije. Tako je nekako bilo i s Isusovim uskrsnu\u0107em. [&hellip;]<\/p>\n","protected":false},"author":1,"featured_media":6892,"comment_status":"closed","ping_status":"closed","sticky":false,"template":"","format":"standard","meta":{"ocean_post_layout":"","ocean_both_sidebars_style":"","ocean_both_sidebars_content_width":0,"ocean_both_sidebars_sidebars_width":0,"ocean_sidebar":"0","ocean_second_sidebar":"0","ocean_disable_margins":"enable","ocean_add_body_class":"","ocean_shortcode_before_top_bar":"","ocean_shortcode_after_top_bar":"","ocean_shortcode_before_header":"","ocean_shortcode_after_header":"","ocean_has_shortcode":"","ocean_shortcode_after_title":"","ocean_shortcode_before_footer_widgets":"","ocean_shortcode_after_footer_widgets":"","ocean_shortcode_before_footer_bottom":"","ocean_shortcode_after_footer_bottom":"","ocean_display_top_bar":"default","ocean_display_header":"default","ocean_header_style":"","ocean_center_header_left_menu":"0","ocean_custom_header_template":"0","ocean_custom_logo":0,"ocean_custom_retina_logo":0,"ocean_custom_logo_max_width":0,"ocean_custom_logo_tablet_max_width":0,"ocean_custom_logo_mobile_max_width":0,"ocean_custom_logo_max_height":0,"ocean_custom_logo_tablet_max_height":0,"ocean_custom_logo_mobile_max_height":0,"ocean_header_custom_menu":"0","ocean_menu_typo_font_family":"0","ocean_menu_typo_font_subset":"","ocean_menu_typo_font_size":0,"ocean_menu_typo_font_size_tablet":0,"ocean_menu_typo_font_size_mobile":0,"ocean_menu_typo_font_size_unit":"px","ocean_menu_typo_font_weight":"","ocean_menu_typo_font_weight_tablet":"","ocean_menu_typo_font_weight_mobile":"","ocean_menu_typo_transform":"","ocean_menu_typo_transform_tablet":"","ocean_menu_typo_transform_mobile":"","ocean_menu_typo_line_height":0,"ocean_menu_typo_line_height_tablet":0,"ocean_menu_typo_line_height_mobile":0,"ocean_menu_typo_line_height_unit":"","ocean_menu_typo_spacing":0,"ocean_menu_typo_spacing_tablet":0,"ocean_menu_typo_spacing_mobile":0,"ocean_menu_typo_spacing_unit":"","ocean_menu_link_color":"","ocean_menu_link_color_hover":"","ocean_menu_link_color_active":"","ocean_menu_link_background":"","ocean_menu_link_hover_background":"","ocean_menu_link_active_background":"","ocean_menu_social_links_bg":"","ocean_menu_social_hover_links_bg":"","ocean_menu_social_links_color":"","ocean_menu_social_hover_links_color":"","ocean_disable_title":"default","ocean_disable_heading":"default","ocean_post_title":"","ocean_post_subheading":"","ocean_post_title_style":"","ocean_post_title_background_color":"","ocean_post_title_background":0,"ocean_post_title_bg_image_position":"","ocean_post_title_bg_image_attachment":"","ocean_post_title_bg_image_repeat":"","ocean_post_title_bg_image_size":"","ocean_post_title_height":0,"ocean_post_title_bg_overlay":0.5,"ocean_post_title_bg_overlay_color":"","ocean_disable_breadcrumbs":"default","ocean_breadcrumbs_color":"","ocean_breadcrumbs_separator_color":"","ocean_breadcrumbs_links_color":"","ocean_breadcrumbs_links_hover_color":"","ocean_display_footer_widgets":"default","ocean_display_footer_bottom":"default","ocean_custom_footer_template":"0","ocean_post_oembed":"","ocean_post_self_hosted_media":"","ocean_post_video_embed":"","ocean_link_format":"","ocean_link_format_target":"self","ocean_quote_format":"","ocean_quote_format_link":"post","ocean_gallery_link_images":"off","ocean_gallery_id":[],"footnotes":""},"categories":[16],"tags":[],"class_list":["post-6890","post","type-post","status-publish","format-standard","has-post-thumbnail","hentry","category-vijesti","entry","has-media"],"views":710,"_links":{"self":[{"href":"https:\/\/zupasvnikolakc.hr\/index.php?rest_route=\/wp\/v2\/posts\/6890","targetHints":{"allow":["GET"]}}],"collection":[{"href":"https:\/\/zupasvnikolakc.hr\/index.php?rest_route=\/wp\/v2\/posts"}],"about":[{"href":"https:\/\/zupasvnikolakc.hr\/index.php?rest_route=\/wp\/v2\/types\/post"}],"author":[{"embeddable":true,"href":"https:\/\/zupasvnikolakc.hr\/index.php?rest_route=\/wp\/v2\/users\/1"}],"replies":[{"embeddable":true,"href":"https:\/\/zupasvnikolakc.hr\/index.php?rest_route=%2Fwp%2Fv2%2Fcomments&post=6890"}],"version-history":[{"count":4,"href":"https:\/\/zupasvnikolakc.hr\/index.php?rest_route=\/wp\/v2\/posts\/6890\/revisions"}],"predecessor-version":[{"id":6897,"href":"https:\/\/zupasvnikolakc.hr\/index.php?rest_route=\/wp\/v2\/posts\/6890\/revisions\/6897"}],"wp:featuredmedia":[{"embeddable":true,"href":"https:\/\/zupasvnikolakc.hr\/index.php?rest_route=\/wp\/v2\/media\/6892"}],"wp:attachment":[{"href":"https:\/\/zupasvnikolakc.hr\/index.php?rest_route=%2Fwp%2Fv2%2Fmedia&parent=6890"}],"wp:term":[{"taxonomy":"category","embeddable":true,"href":"https:\/\/zupasvnikolakc.hr\/index.php?rest_route=%2Fwp%2Fv2%2Fcategories&post=6890"},{"taxonomy":"post_tag","embeddable":true,"href":"https:\/\/zupasvnikolakc.hr\/index.php?rest_route=%2Fwp%2Fv2%2Ftags&post=6890"}],"curies":[{"name":"wp","href":"https:\/\/api.w.org\/{rel}","templated":true}]}}