{"id":6917,"date":"2023-04-29T22:41:49","date_gmt":"2023-04-29T20:41:49","guid":{"rendered":"https:\/\/zupasvnikolakc.hr\/?p=6917"},"modified":"2023-04-29T22:46:01","modified_gmt":"2023-04-29T20:46:01","slug":"4-uskrsna-nedjelja-3","status":"publish","type":"post","link":"https:\/\/zupasvnikolakc.hr\/?p=6917","title":{"rendered":"4. uskrsna nedjelja"},"content":{"rendered":"\t\t<div data-elementor-type=\"wp-post\" data-elementor-id=\"6917\" class=\"elementor elementor-6917\" data-elementor-post-type=\"post\">\n\t\t\t\t\t\t<section class=\"elementor-section elementor-top-section elementor-element elementor-element-ec84a0e elementor-section-boxed elementor-section-height-default elementor-section-height-default\" data-id=\"ec84a0e\" data-element_type=\"section\" data-e-type=\"section\">\n\t\t\t\t\t\t<div class=\"elementor-container elementor-column-gap-default\">\n\t\t\t\t\t<div class=\"elementor-column elementor-col-100 elementor-top-column elementor-element elementor-element-7ef1910\" data-id=\"7ef1910\" data-element_type=\"column\" data-e-type=\"column\">\n\t\t\t<div class=\"elementor-widget-wrap elementor-element-populated\">\n\t\t\t\t\t\t<div class=\"elementor-element elementor-element-d9b8974 elementor-widget elementor-widget-text-editor\" data-id=\"d9b8974\" data-element_type=\"widget\" data-e-type=\"widget\" data-widget_type=\"text-editor.default\">\n\t\t\t\t<div class=\"elementor-widget-container\">\n\t\t\t\t\t\t\t\t\t<p><span style=\"color: #000000;\">Dragi vjernici, \u010detvrtu vazmenu nedjelju tradicionalno slavimo kao nedjelju molitve za duhovna zvanja ili nedjelju Dobroga Pastira jer je dana\u0161nje evan\u0111elje posve\u0107eno Isusovom govoru o Dobrome Pastiru i njegovoj slu\u017ebi i skrbi za Bo\u017eje ovce. Pravi pastir onih koji se spa\u0161avaju je on, na\u0161 Gospodin, koji je svojim uskrsnu\u0107em o\u010ditovao pastirsku skrb oko svoga naroda, to jest oko svih koje je do\u0161ao otkupiti i privesti u vje\u010dni Bo\u017eji ov\u010dinjak. Kako u ovom odlomku, tako i u drugim tekstovima u kojima govori o svojoj pastirskoj slu\u017ebi, Isus jasno isti\u010de da je on jedini pravi pastir Bo\u017ejega ov\u010dinjaka i stada, dok su svi ostali prije njega bili kradljivci i razbojnici. Mo\u017eda bi se netko mogao i uvrijediti na njegove odlu\u010dne rije\u010di, no on je htio istaknuti da je on jedini do\u0161ao ne samo s dobrim ciljem i nakanom, ve\u0107 jedini koji je bio u mogu\u0107nosti otvoriti vrata vje\u010dnoga ov\u010dinjaka i uvesti Bo\u017eje stado u vje\u010dni pokoj. Jasno je htio istaknuti da je on jedini bio mo\u0107an spasiti Bo\u017eje ovce iz smrtne pogibelji i podariti im \u017eivot vje\u010dni svojim uskrsnu\u0107em, dok nitko drugi od mogu\u0107ih samozvanih propovjednika prije njega, a i poslije, nisu bili to u stanju napraviti. Zato \u0107e u dana\u0161njem odlomku i re\u0107i da je do\u0161ao biti vrata i uspostaviti \u010dvrstu, stabilnu komunikaciju koja iz ovoga \u017eivota vodi u vje\u010dnost, te napokon ovce iz Bo\u017ejeg ov\u010dinjaka mogu sigurno izlaziti i nesmetano pronalaziti pa\u0161u, to jest sigurno hoditi u \u017eivot vje\u010dni. No ova nedjelja je va\u017ena ne samo radi Kristove pastirske slu\u017ebe, nego i radi toga \u0161to je Krist svoju pastirsku slu\u017ebu povjerio ljudima. Zato nas poti\u010de na dublje preispitivanje i gorljiviju molitvu za one osobe koje su u Crkvi Bo\u017ejoj ovla\u0161teni vr\u0161iti slu\u017ebu koju im on povjerava, a to su biskupi i sve\u0107enici. A budu\u0107i da pojedinci koje je Isus zadu\u017eio da budu pastiri nikad nisu na stupnju savr\u0161enstva njegova \u017eivota i slu\u017eenja, onda je ova nedjelja ujedno i dan molitve za duhovna zvanja, kako postoje\u0107e pastire, tako i za one koji \u0107e biti pozvani u ovu slu\u017ebu. Molimo stoga svakodnevno Nebeskog Oca za pastire i nova duhovna zvanja.<\/span><\/p><p><span style=\"color: #000000;\"><em>Tomislav Petri\u0107, \u017eupnik<\/em><\/span><\/p>\t\t\t\t\t\t\t\t<\/div>\n\t\t\t\t<\/div>\n\t\t\t\t<div class=\"elementor-element elementor-element-b6825b3 elementor-widget elementor-widget-text-editor\" data-id=\"b6825b3\" data-element_type=\"widget\" data-e-type=\"widget\" data-widget_type=\"text-editor.default\">\n\t\t\t\t<div class=\"elementor-widget-container\">\n\t\t\t\t\t\t\t\t\t<p><span style=\"color: #ff0000;\"><strong>\u017dUPNE OBAVIJESTI<\/strong><\/span><\/p><p><span style=\"color: #000000;\"><strong>SVIBANJSKE POBO\u017dNOSTI:<\/strong><\/span><\/p><ul><li><span style=\"color: #000000;\">svakog dana pola sata prije mise<\/span><\/li><\/ul><p><span style=\"color: #000000;\"><strong>VJERONAUK:<\/strong><\/span><\/p><ul><li><span style=\"color: #000000;\">krizmanici &#8211; subota (6.5.2023.) u 9 h<\/span><\/li><\/ul><p><span style=\"color: #000000;\"><strong>ISPOVIJED ZA PRVOPRI\u010cESNIKE I RODITELJE:<\/strong><\/span><\/p><ul><li><span style=\"color: #000000;\">subota (6.5.2023.) u 10 h<\/span><\/li><li><span style=\"color: #000000;\">nakon ispovijedi generalna proba za prvopri\u010desnike<\/span><\/li><\/ul><p><span style=\"color: #000000;\"><strong>KR\u0160TENJE:<\/strong><\/span><\/p><ul><li><span style=\"color: #000000;\">Lovro i Luka \u0160vagelj &#8211; petak (5.5.2023.) u 16:30 h<\/span><\/li><li><span style=\"color: #000000;\">Ian Bla\u0161kovi\u0107 \u2013 subota (6.5.2023.) u 17 h<\/span><\/li><\/ul><p><span style=\"color: #000000;\"><strong>PROSLAVA ZLATNOG JUBILEJA:<\/strong><\/span><\/p><ul><li><span style=\"color: #000000;\">Bo\u017eidar i Nada Ile\u0161 \u2013 petak (5.5.2023.) na misi u 19 h<\/span><\/li><\/ul><p><span style=\"color: #000000;\"><strong>PROBE ZBOROVA:<\/strong><\/span><\/p><ul><li><span style=\"color: #000000;\">po ustaljenom rasporedu<\/span><\/li><\/ul><p><a href=\"https:\/\/zupasvnikolakc.hr\/wp-content\/uploads\/2023\/04\/4.-uskrsna-nedjeljelja-listic-2023.pdf\" target=\"_blank\" rel=\"noopener\"><span style=\"color: #ff0000;\">\u017dUPNI LISTI\u0106<\/span><\/a><\/p>\t\t\t\t\t\t\t\t<\/div>\n\t\t\t\t<\/div>\n\t\t\t\t<div class=\"elementor-element elementor-element-6d5bd5d elementor-widget elementor-widget-text-editor\" data-id=\"6d5bd5d\" data-element_type=\"widget\" data-e-type=\"widget\" data-widget_type=\"text-editor.default\">\n\t\t\t\t<div class=\"elementor-widget-container\">\n\t\t\t\t\t\t\t\t\t<p><span style=\"color: #000000;\"><strong>DAROVATELJI ZA POTREBE CRKVE<\/strong><\/span><\/p><ol><li><span style=\"color: #000000;\">Damir Glavica, V. Nazora 3<\/span><\/li><li><span style=\"color: #000000;\">Stjepan Kova\u010d, Trg E. Kumi\u010di\u0107a 3<\/span><\/li><li><span style=\"color: #000000;\">Obit. Baran, A. G. Mato\u0161a 6<\/span><\/li><li><span style=\"color: #000000;\">Obit. Orehovec, Podravska 31<\/span><\/li><li><span style=\"color: #000000;\">Obit. Mami\u0107, F. Ga\u017eija 7<\/span><\/li><li><span style=\"color: #000000;\">Dar jedne obitelji<\/span><\/li><li><span style=\"color: #000000;\">Milica Peri\u0107, Peteranska 98<\/span><\/li><li><span style=\"color: #000000;\">Obit. Vazdar, K. Zrinski 19 A<\/span><\/li><li><span style=\"color: #000000;\">Obit. Sabolovi\u0107, Istarska 18<\/span><\/li><li><span style=\"color: #000000;\">Obit. Matulec, M. Viriusa 14<\/span><\/li><li><span style=\"color: #000000;\">Obit. Pintar, I. Generali\u0107a 3<\/span><\/li><li><span style=\"color: #000000;\">Obit. Kukolja, I. Me\u0161trovi\u0107a 19<\/span><\/li><li><span style=\"color: #000000;\">Obit. \u0110iko &#8211; Horvat, Hrv. dr\u017eavnosti 33<\/span><\/li><li><span style=\"color: #000000;\">Obit. Stubi\u010dar, I. Me\u0161trovi\u0107a 17<\/span><\/li><li><span style=\"color: #000000;\">Obit. Kuhanec, Trg kr. Tomislava 1<\/span><\/li><li><span style=\"color: #000000;\">Obit. Gajski, Graz<\/span><\/li><li><span style=\"color: #000000;\">Katica Vrbo\u0161i\u0107, I. Me\u0161trovi\u0107a 28<\/span><\/li><li><span style=\"color: #000000;\">Veronika Patr\u010devi\u0107, Trg Podrav. heroja 2<\/span><\/li><li><span style=\"color: #000000;\">Obit. \u0160ijak, \u010carda 60 C<\/span><\/li><li><span style=\"color: #000000;\">Anica Velaj, Trg E. Kumi\u010di\u0107a 12<\/span><\/li><li><span style=\"color: #000000;\">Obit. Mikulec, \u010carda 41<\/span><\/li><li><span style=\"color: #000000;\">Obit. Picig, M. Virusa 15<\/span><\/li><li><span style=\"color: #000000;\">Lidija Vugrin\u010di\u0107, Trg kr. Tomislava 5<\/span><\/li><li><span style=\"color: #000000;\">Marija i Snje\u017eana Vugrin\u010di\u0107, Kn. Domagoja 9<\/span><\/li><li><span style=\"color: #000000;\">Obit. Matotan, \u010carda 17 B<\/span><\/li><li><span style=\"color: #000000;\">Obit. Ogrinec, Frankopanska 23 B<\/span><\/li><li><span style=\"color: #000000;\">Obit. Golubi\u0107, Kri\u017eeva\u010dka 70<\/span><\/li><li><span style=\"color: #000000;\">Barbara So\u010dev, Miklinovec 50 E<\/span><\/li><li><span style=\"color: #000000;\">Obit. Perika, Peteranska c 70<\/span><\/li><li><span style=\"color: #000000;\">Obit. Drvenkar, Ledinska 8<\/span><\/li><li><span style=\"color: #000000;\">Obit. Picek, Zagorska 12, Here\u0161in<\/span><\/li><li><span style=\"color: #000000;\">Obit. Vargantoli\u0107, \u0110. Basari\u010deka 23 A<\/span><\/li><li><span style=\"color: #000000;\">Dragica Pa\u0161ica, Trg Podrav. heroja 4<\/span><\/li><li><span style=\"color: #000000;\">Ljubica Vrban, M. P. Mi\u0161kine 46 A<\/span><\/li><li><span style=\"color: #000000;\">Dar jedne osobe<\/span><\/li><li><span style=\"color: #000000;\">Obit. Sikavica, Kn. Domagoja 21<\/span><\/li><li><span style=\"color: #000000;\">Dino Mikulinjak, Gorica 37<\/span><\/li><li><span style=\"color: #000000;\">Dar jedne osobe<\/span><\/li><li><span style=\"color: #000000;\">Obit. Rihtari\u0107, F. Galovi\u0107a 17 A<\/span><\/li><li><span style=\"color: #000000;\">Obit. Franjo, G. Banovec 12<\/span><\/li><li><span style=\"color: #000000;\">Mirjana Mami\u0107, F. Ga\u017eija 7<\/span><\/li><li><span style=\"color: #000000;\">Obit. Tre\u0161\u010dec, Trg kr. Tomislava 6<\/span><\/li><li><span style=\"color: #000000;\">Obit. Vukoni\u0107, I. Me\u0161trovi\u0107a 18 B<\/span><\/li><li><span style=\"color: #000000;\">Obit. Ku\u010dan, M. Krle\u017ee 39<\/span><\/li><li><span style=\"color: #000000;\">Obit. \u0160poljari\u0107, I. G. Kova\u010di\u0107a 5<\/span><\/li><li><span style=\"color: #000000;\">Obit. Svr\u017enjak, \u0160taglinec 64<\/span><\/li><li><span style=\"color: #000000;\">Obit. Jakopovi\u0107, Br. Radi\u0107 19<\/span><\/li><li><span style=\"color: #000000;\">Obit. \u0160kudar i Genter, Kri\u017eeva\u010dka 31 B<\/span><\/li><li><span style=\"color: #000000;\">Obit. Strbad, \u0110. Basari\u010deka 38 A<\/span><\/li><li><span style=\"color: #000000;\">Obit. \u0160ola, Zl. Bartl 8<\/span><\/li><li><span style=\"color: #000000;\">Obit. Babi\u0107, \u010carda 23<\/span><\/li><li><span style=\"color: #000000;\">Obit. Pu\u017e, D. Banovec 24<\/span><\/li><li><span style=\"color: #000000;\">Obit. \u010cehok, Pavelinska 2<\/span><\/li><li><span style=\"color: #000000;\">Obit. \u0160imuni\u0107, \u010carda 39<\/span><\/li><li><span style=\"color: #000000;\">Obit. Grmek, Trg Zl. Bartl 14 A<\/span><\/li><li><span style=\"color: #000000;\">Obit. Genc, F. Galovi\u0107a 17<\/span><\/li><li><span style=\"color: #000000;\">Alen Vrhoci, Trg J. b. Jela\u010di\u0107a 5<\/span><\/li><li><span style=\"color: #000000;\">Obit. Feren\u010dak, Duga ulica 10<\/span><\/li><li><span style=\"color: #000000;\">Obit. \u0160ijak, \u010carda 60 C<\/span><\/li><li><span style=\"color: #000000;\">Obit. Ivandi\u0107, A. Star\u010devi\u0107a 24 A<\/span><\/li><li><span style=\"color: #000000;\">Obit. Perika, \u0160tander Peteranska 70<\/span><\/li><li><span style=\"color: #000000;\">Tatjana Kolari\u0107, Duga ulica 8<\/span><\/li><\/ol>\t\t\t\t\t\t\t\t<\/div>\n\t\t\t\t<\/div>\n\t\t\t\t\t<\/div>\n\t\t<\/div>\n\t\t\t\t\t<\/div>\n\t\t<\/section>\n\t\t\t\t<\/div>\n\t\t","protected":false},"excerpt":{"rendered":"<p>Dragi vjernici, \u010detvrtu vazmenu nedjelju tradicionalno slavimo kao nedjelju molitve za duhovna zvanja ili nedjelju Dobroga Pastira jer je dana\u0161nje evan\u0111elje posve\u0107eno Isusovom govoru o Dobrome Pastiru i njegovoj slu\u017ebi i skrbi za Bo\u017eje ovce. Pravi pastir onih koji se spa\u0161avaju je on, na\u0161 Gospodin, koji je svojim uskrsnu\u0107em o\u010ditovao pastirsku skrb oko svoga naroda, [&hellip;]<\/p>\n","protected":false},"author":1,"featured_media":6918,"comment_status":"closed","ping_status":"closed","sticky":false,"template":"","format":"standard","meta":{"ocean_post_layout":"","ocean_both_sidebars_style":"","ocean_both_sidebars_content_width":0,"ocean_both_sidebars_sidebars_width":0,"ocean_sidebar":"0","ocean_second_sidebar":"0","ocean_disable_margins":"enable","ocean_add_body_class":"","ocean_shortcode_before_top_bar":"","ocean_shortcode_after_top_bar":"","ocean_shortcode_before_header":"","ocean_shortcode_after_header":"","ocean_has_shortcode":"","ocean_shortcode_after_title":"","ocean_shortcode_before_footer_widgets":"","ocean_shortcode_after_footer_widgets":"","ocean_shortcode_before_footer_bottom":"","ocean_shortcode_after_footer_bottom":"","ocean_display_top_bar":"default","ocean_display_header":"default","ocean_header_style":"","ocean_center_header_left_menu":"0","ocean_custom_header_template":"0","ocean_custom_logo":0,"ocean_custom_retina_logo":0,"ocean_custom_logo_max_width":0,"ocean_custom_logo_tablet_max_width":0,"ocean_custom_logo_mobile_max_width":0,"ocean_custom_logo_max_height":0,"ocean_custom_logo_tablet_max_height":0,"ocean_custom_logo_mobile_max_height":0,"ocean_header_custom_menu":"0","ocean_menu_typo_font_family":"0","ocean_menu_typo_font_subset":"","ocean_menu_typo_font_size":0,"ocean_menu_typo_font_size_tablet":0,"ocean_menu_typo_font_size_mobile":0,"ocean_menu_typo_font_size_unit":"px","ocean_menu_typo_font_weight":"","ocean_menu_typo_font_weight_tablet":"","ocean_menu_typo_font_weight_mobile":"","ocean_menu_typo_transform":"","ocean_menu_typo_transform_tablet":"","ocean_menu_typo_transform_mobile":"","ocean_menu_typo_line_height":0,"ocean_menu_typo_line_height_tablet":0,"ocean_menu_typo_line_height_mobile":0,"ocean_menu_typo_line_height_unit":"","ocean_menu_typo_spacing":0,"ocean_menu_typo_spacing_tablet":0,"ocean_menu_typo_spacing_mobile":0,"ocean_menu_typo_spacing_unit":"","ocean_menu_link_color":"","ocean_menu_link_color_hover":"","ocean_menu_link_color_active":"","ocean_menu_link_background":"","ocean_menu_link_hover_background":"","ocean_menu_link_active_background":"","ocean_menu_social_links_bg":"","ocean_menu_social_hover_links_bg":"","ocean_menu_social_links_color":"","ocean_menu_social_hover_links_color":"","ocean_disable_title":"default","ocean_disable_heading":"default","ocean_post_title":"","ocean_post_subheading":"","ocean_post_title_style":"","ocean_post_title_background_color":"","ocean_post_title_background":0,"ocean_post_title_bg_image_position":"","ocean_post_title_bg_image_attachment":"","ocean_post_title_bg_image_repeat":"","ocean_post_title_bg_image_size":"","ocean_post_title_height":0,"ocean_post_title_bg_overlay":0.5,"ocean_post_title_bg_overlay_color":"","ocean_disable_breadcrumbs":"default","ocean_breadcrumbs_color":"","ocean_breadcrumbs_separator_color":"","ocean_breadcrumbs_links_color":"","ocean_breadcrumbs_links_hover_color":"","ocean_display_footer_widgets":"default","ocean_display_footer_bottom":"default","ocean_custom_footer_template":"0","ocean_post_oembed":"","ocean_post_self_hosted_media":"","ocean_post_video_embed":"","ocean_link_format":"","ocean_link_format_target":"self","ocean_quote_format":"","ocean_quote_format_link":"post","ocean_gallery_link_images":"off","ocean_gallery_id":[],"footnotes":""},"categories":[16],"tags":[],"class_list":["post-6917","post","type-post","status-publish","format-standard","has-post-thumbnail","hentry","category-vijesti","entry","has-media"],"views":911,"_links":{"self":[{"href":"https:\/\/zupasvnikolakc.hr\/index.php?rest_route=\/wp\/v2\/posts\/6917","targetHints":{"allow":["GET"]}}],"collection":[{"href":"https:\/\/zupasvnikolakc.hr\/index.php?rest_route=\/wp\/v2\/posts"}],"about":[{"href":"https:\/\/zupasvnikolakc.hr\/index.php?rest_route=\/wp\/v2\/types\/post"}],"author":[{"embeddable":true,"href":"https:\/\/zupasvnikolakc.hr\/index.php?rest_route=\/wp\/v2\/users\/1"}],"replies":[{"embeddable":true,"href":"https:\/\/zupasvnikolakc.hr\/index.php?rest_route=%2Fwp%2Fv2%2Fcomments&post=6917"}],"version-history":[{"count":4,"href":"https:\/\/zupasvnikolakc.hr\/index.php?rest_route=\/wp\/v2\/posts\/6917\/revisions"}],"predecessor-version":[{"id":6922,"href":"https:\/\/zupasvnikolakc.hr\/index.php?rest_route=\/wp\/v2\/posts\/6917\/revisions\/6922"}],"wp:featuredmedia":[{"embeddable":true,"href":"https:\/\/zupasvnikolakc.hr\/index.php?rest_route=\/wp\/v2\/media\/6918"}],"wp:attachment":[{"href":"https:\/\/zupasvnikolakc.hr\/index.php?rest_route=%2Fwp%2Fv2%2Fmedia&parent=6917"}],"wp:term":[{"taxonomy":"category","embeddable":true,"href":"https:\/\/zupasvnikolakc.hr\/index.php?rest_route=%2Fwp%2Fv2%2Fcategories&post=6917"},{"taxonomy":"post_tag","embeddable":true,"href":"https:\/\/zupasvnikolakc.hr\/index.php?rest_route=%2Fwp%2Fv2%2Ftags&post=6917"}],"curies":[{"name":"wp","href":"https:\/\/api.w.org\/{rel}","templated":true}]}}