{"id":7064,"date":"2023-05-28T05:36:11","date_gmt":"2023-05-28T03:36:11","guid":{"rendered":"https:\/\/zupasvnikolakc.hr\/?p=7064"},"modified":"2023-05-28T05:41:32","modified_gmt":"2023-05-28T03:41:32","slug":"nedjelja-duhova-pedesetnica","status":"publish","type":"post","link":"https:\/\/zupasvnikolakc.hr\/?p=7064","title":{"rendered":"Nedjelja Duhova &#8211; Pedesetnica"},"content":{"rendered":"\t\t<div data-elementor-type=\"wp-post\" data-elementor-id=\"7064\" class=\"elementor elementor-7064\" data-elementor-post-type=\"post\">\n\t\t\t\t\t\t<section class=\"elementor-section elementor-top-section elementor-element elementor-element-d0c1e55 elementor-section-boxed elementor-section-height-default elementor-section-height-default\" data-id=\"d0c1e55\" data-element_type=\"section\" data-e-type=\"section\">\n\t\t\t\t\t\t<div class=\"elementor-container elementor-column-gap-default\">\n\t\t\t\t\t<div class=\"elementor-column elementor-col-100 elementor-top-column elementor-element elementor-element-4a7bd91\" data-id=\"4a7bd91\" data-element_type=\"column\" data-e-type=\"column\">\n\t\t\t<div class=\"elementor-widget-wrap elementor-element-populated\">\n\t\t\t\t\t\t<div class=\"elementor-element elementor-element-1e9324a elementor-widget elementor-widget-text-editor\" data-id=\"1e9324a\" data-element_type=\"widget\" data-e-type=\"widget\" data-widget_type=\"text-editor.default\">\n\t\t\t\t<div class=\"elementor-widget-container\">\n\t\t\t\t\t\t\t\t\t<p><span style=\"color: #000000;\">Dragi vjernici, pedeseti dan nakon blagdana uskrsnu\u0107a Gospodinova, Crkva slavi svoj ro\u0111endan. Slavi ro\u0111enje u Duhu Svetom. Razmi\u0161ljaju\u0107i nad odlomkom svetog evan\u0111elja \u0161to nam ga dana\u0161nja svetkovina nudi, mo\u017eemo lako prepoznati situaciju iz na\u0161eg svakodnevnog \u017eivota u kojoj se i mi nalazimo. I mi kao vjernici tako \u010desto upadamo u ozra\u010dje duboke poti\u0161tenosti i straha pred neizvjesnom budu\u0107no\u0161\u0107u, zbog koje se zaklju\u010davamo u svoj mali svijet u strahu pred stvarnostima ovoga svijeta boje\u0107i se iza\u0107i na svjetlo dana i suo\u010diti se sa \u017eivotnim problemima i pote\u0161ko\u0107ama. Upravo poput u\u010denika koji su zatvoreni u dvorani posljednje ve\u010dere u strahu za vlastite \u017eivote, jer Onaj u koga su polo\u017eili sve svoje nade je mrtav i ne znaju kako dalje. A onda se neo\u010dekivano pojavljuje on, Isus, posred njih i progovara: \u201eMir vama! Primite Duha Svetoga!\u201c I sve se odjednom mijenja. Strah je i\u0161\u010deznuo i nastala je radost, pouzdanje. Isus im daje Duha Svetoga koji ih \u010dini novim ljudima i koji im daje snagu da idu u svijet i da se suo\u010de sa svijetom. Apostoli su se suo\u010dili sa svijetom jer su vjerovali i pouzdali se u Duha Svetoga. Vjerujemo li da Duh Sveti i danas djeluje i pokre\u0107e i nas na dobro? Slaviti danas blagdan Duhova zna\u010di \u010duti poziv na povjerenje! Biti uvjeren da na\u0161 svijet nije predan na milost i nemilost Zloga i njegovih podanika, ve\u0107 je to uvijek Bo\u017eji svijet u kojemu djeluje Duh Sveti. Slaviti Duhove zna\u010di imati povjerenje da se isplati \u017eivjeti, boriti, djelovati u ovom svijetu. Slaviti Duhove zna\u010di vjerovati da se ipak ne\u0161to mo\u017ee u\u010diniti, upaliti svjetiljku, a ne proklinjati tamu<strong>. <\/strong>Dana\u0161nji odlomak iz Djela apostolskih opisuje kako je Duh Sveti ispunio mladu zajednicu poput oluje, \u0161um s neba ulazi u srce u\u010denika i ispunja ih hrabro\u0161\u0107u, vatrom vjere i ljubavi, snagom svjedo\u010denja i drugim darovima. Bilo bi lijepo kada bi se i danas tako ne\u0161to dogodilo u \u017eivoj Crkvi, me\u0111u nama vjernicima, da nas snaga Duha Svetoga potakne na odu\u0161evljenje, pokretljivost, odlu\u010dnost i\u00a0 odva\u017enost \u017eivljenja vjere. Mi smo ti koji bismo trebali dr\u017eati Isusovu poruku budnom. Svaki dan imamo priliku unijeti pozitivna iskustva, \u201esilu odozgor\u201c u na\u0161 \u017eivot, u na\u0161e kr\u0161\u0107anske zajednice. Dana\u0161nja svetkovina nas \u017eeli ohrabriti da i mi dopustimo da nas Duh Sveti zahvati i pokrene kao \u0161to je pokrenuo apostola Petra i druge u\u010denike, da bez bojazni svojim \u017eivotom svjedo\u010dimo Evan\u0111elje.<\/span><\/p>\t\t\t\t\t\t\t\t<\/div>\n\t\t\t\t<\/div>\n\t\t\t\t<div class=\"elementor-element elementor-element-a48d31d elementor-widget elementor-widget-text-editor\" data-id=\"a48d31d\" data-element_type=\"widget\" data-e-type=\"widget\" data-widget_type=\"text-editor.default\">\n\t\t\t\t<div class=\"elementor-widget-container\">\n\t\t\t\t\t\t\t\t\t<p><span style=\"color: #ff0000;\"><strong>\u017dUPNE OBAVIJESTI<\/strong><\/span><\/p><p><span style=\"color: #000000;\">Polazak na hodo\u010da\u0161\u0107e Majci Bo\u017ejoj Bistri\u010dkoj je 10.6.2023. u 5:45 h ispred crkve Sv. Nikole. Budimo to\u010dni, da nas drugi ne \u010dekaju. Hvala!<\/span><\/p><p><span style=\"color: #000000;\"><strong>KR\u0160TENJE:<\/strong><\/span><\/p><ul><li><span style=\"color: #000000;\">Kan Martinaga i Filip Glavica \u2013 subota (3.6.2023.) u 12 h<\/span><\/li><li><span style=\"color: #000000;\">Izak Britvi\u0107 &#8211; nedjelja (4.6.2023.) u 12 h<\/span><\/li><\/ul><p><a href=\"https:\/\/zupasvnikolakc.hr\/wp-content\/uploads\/2023\/05\/DUHOVI-LISTIC-2023.pdf\" target=\"_blank\" rel=\"noopener\"><span style=\"color: #ff0000;\">\u017dUPNI LISTI\u0106<\/span><\/a><\/p>\t\t\t\t\t\t\t\t<\/div>\n\t\t\t\t<\/div>\n\t\t\t\t<div class=\"elementor-element elementor-element-098ecae elementor-widget elementor-widget-text-editor\" data-id=\"098ecae\" data-element_type=\"widget\" data-e-type=\"widget\" data-widget_type=\"text-editor.default\">\n\t\t\t\t<div class=\"elementor-widget-container\">\n\t\t\t\t\t\t\t\t\t<p><span style=\"color: #000000;\"><strong>DAROVATELJI ZA POTREBE CRKVE<\/strong><\/span><\/p><ol><li><span style=\"color: #000000;\">Obit. Josipa Feren\u010dak, Duga ulica 7<\/span><\/li><li><span style=\"color: #000000;\">Obit. \u0160ijak, \u010carda 60 c<\/span><\/li><li><span style=\"color: #000000;\">Obit. Ivandi\u0107, A. Star\u010devi\u0107a 24 A<\/span><\/li><li><span style=\"color: #000000;\">Alen Vrhoci, Trg J. b. Jela\u010di\u0107a 5<\/span><\/li><li><span style=\"color: #000000;\">Obit. Perika i \u0160tander, Petranska 70<\/span><\/li><li><span style=\"color: #000000;\">Tatjana Kolari\u0107, Duga ulica 10<\/span><\/li><li><span style=\"color: #000000;\">Darko Kedemnec, Trg kr. Tomislava 7<\/span><\/li><li><span style=\"color: #000000;\">Milica Buhiun, Trg kr. Zvonimira 6<\/span><\/li><li><span style=\"color: #000000;\">Obit. Papp, Hrv. dr\u017eavnosti 20<\/span><\/li><li><span style=\"color: #000000;\">Dar jedne osobe<\/span><\/li><li><span style=\"color: #000000;\">Obit. \u0160vagelj, Gibani\u010dna 9A<\/span><\/li><li><span style=\"color: #000000;\">Bo\u017eidar i Nada Ile\u0161, M. Grabi\u010dani 2 B<\/span><\/li><li><span style=\"color: #000000;\">Erik Skupnjak, Trg kr. Zvonimira 4<\/span><\/li><li><span style=\"color: #000000;\">Obit. Pr\u0111un, T. Hana, Starigrad<\/span><\/li><li><span style=\"color: #000000;\">Obit. Mesari\u0107, Trg Podrav. heroja 6<\/span><\/li><li><span style=\"color: #000000;\">Nada Panduri\u0107, Hrv. branitelja 21<\/span><\/li><li><span style=\"color: #000000;\">Valentina O\u0161tarija\u0161, Trg kr. Tomislava 9<\/span><\/li><li><span style=\"color: #000000;\">Marija Posavec, Hrv. dr\u017eavnosti 11 E<\/span><\/li><li><span style=\"color: #000000;\">\u017deljka \u0110in\u0111i\u0107, Hrv. dr\u017eavnosti 11 B<\/span><\/li><li><span style=\"color: #000000;\">Zlata Benoti\u0107, Prav. Me\u0111u narodima 7<\/span><\/li><li><span style=\"color: #000000;\">Obit. \u0160imi\u0107, Podravska ul 20<\/span><\/li><li><span style=\"color: #000000;\">Obit. Ferlinde\u0161, T. Bla\u017eeka 1<\/span><\/li><li><span style=\"color: #000000;\">Anica Ku\u010dan, Duga ul. 24<\/span><\/li><li><span style=\"color: #000000;\">Obit. Posavec, D. Banovec 9<\/span><\/li><li><span style=\"color: #000000;\">\u0110ur\u0111ica Jagarinec, Trg Podrav. heroja 6<\/span><\/li><li><span style=\"color: #000000;\">Obit. Horvat, Dubovec 12<\/span><\/li><li><span style=\"color: #000000;\">Obit. Talan, Dravska 2<\/span><\/li><li><span style=\"color: #000000;\">Anita Lon\u010dari\u0107, Marofska 2B, Here\u0161in<\/span><\/li><li><span style=\"color: #000000;\">An\u0111elka Stoji\u010di\u0107, Trg E. Kumi\u010di\u0107a 13<\/span><\/li><li><span style=\"color: #000000;\">Marija Maljak, Trg Mladosti 18<\/span><\/li><li><span style=\"color: #000000;\">Dar jedne osobe<\/span><\/li><li><span style=\"color: #000000;\">Bo\u017eica Bartolec, A. Nem\u010di\u0107a 4<\/span><\/li><li><span style=\"color: #000000;\">Dar jedne obitelji<\/span><\/li><li><span style=\"color: #000000;\">Obit. Jagu\u0161i\u0107, \u0110elekove\u010dka c 14<\/span><\/li><li><span style=\"color: #000000;\">Obit. Hegedu\u0161i\u0107, Proljetna 14<\/span><\/li><li><span style=\"color: #000000;\">Josipa i Mario Indir, M. Viriusa 70 A, \u0110elekovec<\/span><\/li><li><span style=\"color: #000000;\">Mladen Kova\u010d, Trg Podrav. heroja 4<\/span><\/li><li><span style=\"color: #000000;\">Zvonimir i Korina \u0160arlija, M. Viriusa 35<\/span><\/li><li><span style=\"color: #000000;\">Obit. Rudni\u010dki, Dalmatinska 3<\/span><\/li><li><span style=\"color: #000000;\">\u0110uro Glavica, Kolodvorska 7<\/span><\/li><li><span style=\"color: #000000;\">Obit. \u017daja, Kr. Jelene 18<\/span><\/li><li><span style=\"color: #000000;\">Josipa Oberan, Trg kr. Tomislava 9<\/span><\/li><li><span style=\"color: #000000;\">Obit. \u0160imonek, Trg Z. Bartl 11A<\/span><\/li><li><span style=\"color: #000000;\">Katica Vrbo\u0161i\u0107, I. Me\u0161trovi\u0107a 28<\/span><\/li><li><span style=\"color: #000000;\">Obit. Franjo, G. Banovec 12<\/span><\/li><li><span style=\"color: #000000;\">Obit. Medvedac, M. Viriusa 52<\/span><\/li><li><span style=\"color: #000000;\">Obit. Van\u0111ija, Gibani\u010dna 30<\/span><\/li><li><span style=\"color: #000000;\">Obit. Stubi\u010dar, I. Me\u0161trovi\u0107a 17<\/span><\/li><li><span style=\"color: #000000;\">Terezija Herceg, Kri\u017eeva\u010dka 31 A<\/span><\/li><li><span style=\"color: #000000;\">Obit. Knipli\u0107, \u010carda 2 A<\/span><\/li><\/ol>\t\t\t\t\t\t\t\t<\/div>\n\t\t\t\t<\/div>\n\t\t\t\t\t<\/div>\n\t\t<\/div>\n\t\t\t\t\t<\/div>\n\t\t<\/section>\n\t\t\t\t<\/div>\n\t\t","protected":false},"excerpt":{"rendered":"<p>Dragi vjernici, pedeseti dan nakon blagdana uskrsnu\u0107a Gospodinova, Crkva slavi svoj ro\u0111endan. Slavi ro\u0111enje u Duhu Svetom. Razmi\u0161ljaju\u0107i nad odlomkom svetog evan\u0111elja \u0161to nam ga dana\u0161nja svetkovina nudi, mo\u017eemo lako prepoznati situaciju iz na\u0161eg svakodnevnog \u017eivota u kojoj se i mi nalazimo. I mi kao vjernici tako \u010desto upadamo u ozra\u010dje duboke poti\u0161tenosti i straha [&hellip;]<\/p>\n","protected":false},"author":1,"featured_media":7065,"comment_status":"closed","ping_status":"closed","sticky":false,"template":"","format":"standard","meta":{"ocean_post_layout":"","ocean_both_sidebars_style":"","ocean_both_sidebars_content_width":0,"ocean_both_sidebars_sidebars_width":0,"ocean_sidebar":"0","ocean_second_sidebar":"0","ocean_disable_margins":"enable","ocean_add_body_class":"","ocean_shortcode_before_top_bar":"","ocean_shortcode_after_top_bar":"","ocean_shortcode_before_header":"","ocean_shortcode_after_header":"","ocean_has_shortcode":"","ocean_shortcode_after_title":"","ocean_shortcode_before_footer_widgets":"","ocean_shortcode_after_footer_widgets":"","ocean_shortcode_before_footer_bottom":"","ocean_shortcode_after_footer_bottom":"","ocean_display_top_bar":"default","ocean_display_header":"default","ocean_header_style":"","ocean_center_header_left_menu":"0","ocean_custom_header_template":"0","ocean_custom_logo":0,"ocean_custom_retina_logo":0,"ocean_custom_logo_max_width":0,"ocean_custom_logo_tablet_max_width":0,"ocean_custom_logo_mobile_max_width":0,"ocean_custom_logo_max_height":0,"ocean_custom_logo_tablet_max_height":0,"ocean_custom_logo_mobile_max_height":0,"ocean_header_custom_menu":"0","ocean_menu_typo_font_family":"0","ocean_menu_typo_font_subset":"","ocean_menu_typo_font_size":0,"ocean_menu_typo_font_size_tablet":0,"ocean_menu_typo_font_size_mobile":0,"ocean_menu_typo_font_size_unit":"px","ocean_menu_typo_font_weight":"","ocean_menu_typo_font_weight_tablet":"","ocean_menu_typo_font_weight_mobile":"","ocean_menu_typo_transform":"","ocean_menu_typo_transform_tablet":"","ocean_menu_typo_transform_mobile":"","ocean_menu_typo_line_height":0,"ocean_menu_typo_line_height_tablet":0,"ocean_menu_typo_line_height_mobile":0,"ocean_menu_typo_line_height_unit":"","ocean_menu_typo_spacing":0,"ocean_menu_typo_spacing_tablet":0,"ocean_menu_typo_spacing_mobile":0,"ocean_menu_typo_spacing_unit":"","ocean_menu_link_color":"","ocean_menu_link_color_hover":"","ocean_menu_link_color_active":"","ocean_menu_link_background":"","ocean_menu_link_hover_background":"","ocean_menu_link_active_background":"","ocean_menu_social_links_bg":"","ocean_menu_social_hover_links_bg":"","ocean_menu_social_links_color":"","ocean_menu_social_hover_links_color":"","ocean_disable_title":"default","ocean_disable_heading":"default","ocean_post_title":"","ocean_post_subheading":"","ocean_post_title_style":"","ocean_post_title_background_color":"","ocean_post_title_background":0,"ocean_post_title_bg_image_position":"","ocean_post_title_bg_image_attachment":"","ocean_post_title_bg_image_repeat":"","ocean_post_title_bg_image_size":"","ocean_post_title_height":0,"ocean_post_title_bg_overlay":0.5,"ocean_post_title_bg_overlay_color":"","ocean_disable_breadcrumbs":"default","ocean_breadcrumbs_color":"","ocean_breadcrumbs_separator_color":"","ocean_breadcrumbs_links_color":"","ocean_breadcrumbs_links_hover_color":"","ocean_display_footer_widgets":"default","ocean_display_footer_bottom":"default","ocean_custom_footer_template":"0","ocean_post_oembed":"","ocean_post_self_hosted_media":"","ocean_post_video_embed":"","ocean_link_format":"","ocean_link_format_target":"self","ocean_quote_format":"","ocean_quote_format_link":"post","ocean_gallery_link_images":"off","ocean_gallery_id":[],"footnotes":""},"categories":[16],"tags":[],"class_list":["post-7064","post","type-post","status-publish","format-standard","has-post-thumbnail","hentry","category-vijesti","entry","has-media"],"views":729,"_links":{"self":[{"href":"https:\/\/zupasvnikolakc.hr\/index.php?rest_route=\/wp\/v2\/posts\/7064","targetHints":{"allow":["GET"]}}],"collection":[{"href":"https:\/\/zupasvnikolakc.hr\/index.php?rest_route=\/wp\/v2\/posts"}],"about":[{"href":"https:\/\/zupasvnikolakc.hr\/index.php?rest_route=\/wp\/v2\/types\/post"}],"author":[{"embeddable":true,"href":"https:\/\/zupasvnikolakc.hr\/index.php?rest_route=\/wp\/v2\/users\/1"}],"replies":[{"embeddable":true,"href":"https:\/\/zupasvnikolakc.hr\/index.php?rest_route=%2Fwp%2Fv2%2Fcomments&post=7064"}],"version-history":[{"count":4,"href":"https:\/\/zupasvnikolakc.hr\/index.php?rest_route=\/wp\/v2\/posts\/7064\/revisions"}],"predecessor-version":[{"id":7069,"href":"https:\/\/zupasvnikolakc.hr\/index.php?rest_route=\/wp\/v2\/posts\/7064\/revisions\/7069"}],"wp:featuredmedia":[{"embeddable":true,"href":"https:\/\/zupasvnikolakc.hr\/index.php?rest_route=\/wp\/v2\/media\/7065"}],"wp:attachment":[{"href":"https:\/\/zupasvnikolakc.hr\/index.php?rest_route=%2Fwp%2Fv2%2Fmedia&parent=7064"}],"wp:term":[{"taxonomy":"category","embeddable":true,"href":"https:\/\/zupasvnikolakc.hr\/index.php?rest_route=%2Fwp%2Fv2%2Fcategories&post=7064"},{"taxonomy":"post_tag","embeddable":true,"href":"https:\/\/zupasvnikolakc.hr\/index.php?rest_route=%2Fwp%2Fv2%2Ftags&post=7064"}],"curies":[{"name":"wp","href":"https:\/\/api.w.org\/{rel}","templated":true}]}}