{"id":7579,"date":"2023-09-23T18:42:22","date_gmt":"2023-09-23T16:42:22","guid":{"rendered":"https:\/\/zupasvnikolakc.hr\/?p=7579"},"modified":"2023-09-23T18:44:07","modified_gmt":"2023-09-23T16:44:07","slug":"25-nedjelja-kroz-godinu-4","status":"publish","type":"post","link":"https:\/\/zupasvnikolakc.hr\/?p=7579","title":{"rendered":"25. nedjelja kroz godinu"},"content":{"rendered":"\t\t<div data-elementor-type=\"wp-post\" data-elementor-id=\"7579\" class=\"elementor elementor-7579\" data-elementor-post-type=\"post\">\n\t\t\t\t\t\t<section class=\"elementor-section elementor-top-section elementor-element elementor-element-6f6a2ef elementor-section-boxed elementor-section-height-default elementor-section-height-default\" data-id=\"6f6a2ef\" data-element_type=\"section\" data-e-type=\"section\">\n\t\t\t\t\t\t<div class=\"elementor-container elementor-column-gap-default\">\n\t\t\t\t\t<div class=\"elementor-column elementor-col-100 elementor-top-column elementor-element elementor-element-600237e\" data-id=\"600237e\" data-element_type=\"column\" data-e-type=\"column\">\n\t\t\t<div class=\"elementor-widget-wrap elementor-element-populated\">\n\t\t\t\t\t\t<div class=\"elementor-element elementor-element-c701de9 elementor-widget elementor-widget-text-editor\" data-id=\"c701de9\" data-element_type=\"widget\" data-e-type=\"widget\" data-widget_type=\"text-editor.default\">\n\t\t\t\t<div class=\"elementor-widget-container\">\n\t\t\t\t\t\t\t\t\t<p><span style=\"color: #000000;\">Dana\u0161nja nedjelja nam donosi za nas vjernike pomalo zbunjuju\u0107u prispodobu. Ako ju promatramo samo kroz materijalnu stvarnost onda ona u nama budi osje\u0107aj nepravednosti, kao i u radnicima cijelog dana iz prispodobe, no Isus \u017eeli da njegovi suvremenici, a onda slijedom toga i mi dana\u0161nji vjernici promatramo na njegovu prispodobu kroz duhovnu stvarnost. U materijalnoj stvarnosti se vrijednost rada mjeri pla\u0107om pa je normalno da onaj tko vi\u0161e radi, vi\u0161e i zaradi. U duhovnoj stvarnosti \u2013 u tu stvarnost bi trebalo biti uklju\u010deno svako ljudsko zvanje, kao npr. roditelja, odgojitelja, lije\u010dnika, sve\u0107enika, profesora, da i profesora, itd. \u2013 vrijednost rada nije u pla\u0107i, makar je ona nu\u017ena, nego u radu kao takvom. Ovu poruku o vrijednosti rada u sebi i bez obzira na pla\u0107u dana\u0161nje evan\u0111elje izra\u017eava slikom mogu\u0107nosti rada u vinogradu Gospodnjem. Evo za\u0161to \u0107e za sve one koje su dobili priliku rada u tom vinogradu, a Bog tu priliku nudi svima na njima svojstven na\u010din, kona\u010dna pla\u0107a biti ista. Ta kona\u010dna pla\u0107a nije novac. Ovdje je rije\u010d o ne\u010dem puno vrjednijem. Isus govori o raju kao nagradi za rad u vinogradu, a u raju ne\u0107e biti i ne mo\u017ee biti podjela po va\u017enosti i po zaslugama, pa samim tim niti razloga za bilo kakvu i bilo \u010diju zavist. Radnici prvog sata koji to nisu shva\u0107ali, a i oni kasnijih sati koji se tome nisu usu\u0111ivali niti nadati, nisu uvijek isti. To tko su radnici prvih, odnosno posljednjih sati, ovisi o vremenima u kojima se navije\u0161ta evan\u0111elje koje smo \u010duli. U vremenu u kojemu je dana\u0161nje evan\u0111elje izgovoreno radnici prvoga sata su bili farizeji i pismoznanci, nasuprot bludnica, carinika, gre\u0161nika, pa \u010dak i samih u\u010denika i apostola s kojima se Isus dru\u017eio, a koji su bili radnici posljednjeg sata. U prvoj Crkvi kad je evan\u0111elje zapisano, radnici prvog sata su bili kr\u0161\u0107ani iz \u017eidovstva, za razliku od kr\u0161\u0107ana iz poganstva koji su bili radnici posljednjeg sata. U na\u0161em vremenu radnici prvog sata smo mi koji smo od djetinjstva kr\u0161teni i kr\u0161\u0107anski odgajani, nasuprot onima koji su se tek kasnije obratili i postali vjernici. Svima nama, radnicima prvog sata svog vremena i svih kasnijih vremena, me\u0111u njima i na\u0161eg vremena, Isus \u017eeli dozvati u pamet ono \u010demu nas je ve\u0107 u Starom zavjetu u\u010dio Bog po prorocima, u dana\u0161njim \u010ditanjima je to po proroku Izaiji, a to je da Bog nikad i nikoga ne odbacuje, nego svakoga, pa ako je rije\u010d i o bezbo\u017eniku koji \u201eput svoj ostavi\u201c ili zlikovcu koji napusti svoje naume i milostivo mu se obrati, prima \u201ejer je velikodu\u0161an u pra\u0161tanju.\u201c Osim ove poruke o radnicima prvog i posljednjeg sata koja nas poziva na me\u0111usobno razumijevanje i po\u0161tivanje, dana\u0161nje evan\u0111elje ima jo\u0161 jednu poruku od iznimnog zna\u010denja. Ta poruka je vrijednost i va\u017enost rada u Gospodnjem vinogradu bez obzira na sat kad smo po\u010deli raditi i pla\u0107u koju \u0107emo za to dobiti.<\/span><\/p><p><span style=\"color: #000000;\"><em>Tomislav Petri\u0107, \u017eupnik<\/em><\/span><\/p>\t\t\t\t\t\t\t\t<\/div>\n\t\t\t\t<\/div>\n\t\t\t\t<div class=\"elementor-element elementor-element-4839e1d elementor-widget elementor-widget-text-editor\" data-id=\"4839e1d\" data-element_type=\"widget\" data-e-type=\"widget\" data-widget_type=\"text-editor.default\">\n\t\t\t\t<div class=\"elementor-widget-container\">\n\t\t\t\t\t\t\t\t\t<p><span style=\"color: #ff0000;\"><strong>\u017dUPNE OBAVIJESTI<\/strong><\/span><\/p><p><span style=\"color: #000000;\"><strong>KR\u0160TENJE:<\/strong><\/span><\/p><ul><li><span style=\"color: #000000;\">Iva Car &#8211; subota (30.9.2023.) u 11 h<\/span><\/li><li><span style=\"color: #000000;\">Val Kru\u017eljak &#8211; subota (30.9.2023.) u 15 h<\/span><\/li><li><span style=\"color: #000000;\">Iskra Hapavel &#8211; subota (30.9.2023.) u 16 h<\/span><\/li><\/ul><p><span style=\"color: #000000;\"><strong>VJEN\u010cANJE:<\/strong><\/span><\/p><ul><li><span style=\"color: #000000;\">Bojan Kru\u017eljak i Ivona Zidani\u0107 &#8211; subota (30.9.2023.) u 15 h<\/span><\/li><li><span style=\"color: #000000;\">Matija Hapavel i Klara Kozjak &#8211; subota (30.9.2023.) u 16 h<\/span><\/li><\/ul><p><span style=\"color: #000000;\"><strong>VJERONAUK:<\/strong><\/span><\/p><ul><li><span style=\"color: #000000;\">krizmanici &#8211; subota (30.9.) u 9 h<\/span><\/li><li><span style=\"color: #000000;\">prvopri\u010desnici &#8211; subota (30.9.) u 10 h<\/span><\/li><\/ul><p><span style=\"color: #000000;\"><strong>SUSRET MINISTRANATA:<\/strong><\/span><\/p><ul><li><span style=\"color: #000000;\">subota (30.9.) 11 h<\/span><\/li><\/ul><p><span style=\"color: #000000;\"><strong>PJEVANJE:<\/strong><\/span><\/p><ul><li><span style=\"color: #000000;\">veliki zbor &#8211; srijeda (27.9.2023.) u 18:30 h<\/span><\/li><li><span style=\"color: #000000;\">dje\u010dji zbor \u2013 petak (29.9.2023) u 19 h<\/span><\/li><li><span style=\"color: #000000;\">zbor mladih &#8211; nedjelja (1.10.2023.) u 17 h<\/span><\/li><\/ul><p><a href=\"https:\/\/zupasvnikolakc.hr\/wp-content\/uploads\/2023\/09\/25.-N.-K.-G.-LISTIC-2023.pdf\" target=\"_blank\" rel=\"noopener\"><span style=\"color: #ff0000;\">\u017dUPNI LISTI\u0106<\/span><\/a><\/p>\t\t\t\t\t\t\t\t<\/div>\n\t\t\t\t<\/div>\n\t\t\t\t\t<\/div>\n\t\t<\/div>\n\t\t\t\t\t<\/div>\n\t\t<\/section>\n\t\t\t\t<\/div>\n\t\t","protected":false},"excerpt":{"rendered":"<p>Dana\u0161nja nedjelja nam donosi za nas vjernike pomalo zbunjuju\u0107u prispodobu. Ako ju promatramo samo kroz materijalnu stvarnost onda ona u nama budi osje\u0107aj nepravednosti, kao i u radnicima cijelog dana iz prispodobe, no Isus \u017eeli da njegovi suvremenici, a onda slijedom toga i mi dana\u0161nji vjernici promatramo na njegovu prispodobu kroz duhovnu stvarnost. U materijalnoj [&hellip;]<\/p>\n","protected":false},"author":1,"featured_media":7580,"comment_status":"closed","ping_status":"closed","sticky":false,"template":"","format":"standard","meta":{"ocean_post_layout":"","ocean_both_sidebars_style":"","ocean_both_sidebars_content_width":0,"ocean_both_sidebars_sidebars_width":0,"ocean_sidebar":"","ocean_second_sidebar":"","ocean_disable_margins":"enable","ocean_add_body_class":"","ocean_shortcode_before_top_bar":"","ocean_shortcode_after_top_bar":"","ocean_shortcode_before_header":"","ocean_shortcode_after_header":"","ocean_has_shortcode":"","ocean_shortcode_after_title":"","ocean_shortcode_before_footer_widgets":"","ocean_shortcode_after_footer_widgets":"","ocean_shortcode_before_footer_bottom":"","ocean_shortcode_after_footer_bottom":"","ocean_display_top_bar":"default","ocean_display_header":"default","ocean_header_style":"","ocean_center_header_left_menu":"","ocean_custom_header_template":"","ocean_custom_logo":0,"ocean_custom_retina_logo":0,"ocean_custom_logo_max_width":0,"ocean_custom_logo_tablet_max_width":0,"ocean_custom_logo_mobile_max_width":0,"ocean_custom_logo_max_height":0,"ocean_custom_logo_tablet_max_height":0,"ocean_custom_logo_mobile_max_height":0,"ocean_header_custom_menu":"","ocean_menu_typo_font_family":"","ocean_menu_typo_font_subset":"","ocean_menu_typo_font_size":0,"ocean_menu_typo_font_size_tablet":0,"ocean_menu_typo_font_size_mobile":0,"ocean_menu_typo_font_size_unit":"px","ocean_menu_typo_font_weight":"","ocean_menu_typo_font_weight_tablet":"","ocean_menu_typo_font_weight_mobile":"","ocean_menu_typo_transform":"","ocean_menu_typo_transform_tablet":"","ocean_menu_typo_transform_mobile":"","ocean_menu_typo_line_height":0,"ocean_menu_typo_line_height_tablet":0,"ocean_menu_typo_line_height_mobile":0,"ocean_menu_typo_line_height_unit":"","ocean_menu_typo_spacing":0,"ocean_menu_typo_spacing_tablet":0,"ocean_menu_typo_spacing_mobile":0,"ocean_menu_typo_spacing_unit":"","ocean_menu_link_color":"","ocean_menu_link_color_hover":"","ocean_menu_link_color_active":"","ocean_menu_link_background":"","ocean_menu_link_hover_background":"","ocean_menu_link_active_background":"","ocean_menu_social_links_bg":"","ocean_menu_social_hover_links_bg":"","ocean_menu_social_links_color":"","ocean_menu_social_hover_links_color":"","ocean_disable_title":"default","ocean_disable_heading":"default","ocean_post_title":"","ocean_post_subheading":"","ocean_post_title_style":"","ocean_post_title_background_color":"","ocean_post_title_background":0,"ocean_post_title_bg_image_position":"","ocean_post_title_bg_image_attachment":"","ocean_post_title_bg_image_repeat":"","ocean_post_title_bg_image_size":"","ocean_post_title_height":0,"ocean_post_title_bg_overlay":0.5,"ocean_post_title_bg_overlay_color":"","ocean_disable_breadcrumbs":"default","ocean_breadcrumbs_color":"","ocean_breadcrumbs_separator_color":"","ocean_breadcrumbs_links_color":"","ocean_breadcrumbs_links_hover_color":"","ocean_display_footer_widgets":"default","ocean_display_footer_bottom":"default","ocean_custom_footer_template":"","ocean_post_oembed":"","ocean_post_self_hosted_media":"","ocean_post_video_embed":"","ocean_link_format":"","ocean_link_format_target":"self","ocean_quote_format":"","ocean_quote_format_link":"post","ocean_gallery_link_images":"on","ocean_gallery_id":[],"footnotes":""},"categories":[16],"tags":[],"class_list":["post-7579","post","type-post","status-publish","format-standard","has-post-thumbnail","hentry","category-vijesti","entry","has-media"],"views":915,"_links":{"self":[{"href":"https:\/\/zupasvnikolakc.hr\/index.php?rest_route=\/wp\/v2\/posts\/7579","targetHints":{"allow":["GET"]}}],"collection":[{"href":"https:\/\/zupasvnikolakc.hr\/index.php?rest_route=\/wp\/v2\/posts"}],"about":[{"href":"https:\/\/zupasvnikolakc.hr\/index.php?rest_route=\/wp\/v2\/types\/post"}],"author":[{"embeddable":true,"href":"https:\/\/zupasvnikolakc.hr\/index.php?rest_route=\/wp\/v2\/users\/1"}],"replies":[{"embeddable":true,"href":"https:\/\/zupasvnikolakc.hr\/index.php?rest_route=%2Fwp%2Fv2%2Fcomments&post=7579"}],"version-history":[{"count":4,"href":"https:\/\/zupasvnikolakc.hr\/index.php?rest_route=\/wp\/v2\/posts\/7579\/revisions"}],"predecessor-version":[{"id":7585,"href":"https:\/\/zupasvnikolakc.hr\/index.php?rest_route=\/wp\/v2\/posts\/7579\/revisions\/7585"}],"wp:featuredmedia":[{"embeddable":true,"href":"https:\/\/zupasvnikolakc.hr\/index.php?rest_route=\/wp\/v2\/media\/7580"}],"wp:attachment":[{"href":"https:\/\/zupasvnikolakc.hr\/index.php?rest_route=%2Fwp%2Fv2%2Fmedia&parent=7579"}],"wp:term":[{"taxonomy":"category","embeddable":true,"href":"https:\/\/zupasvnikolakc.hr\/index.php?rest_route=%2Fwp%2Fv2%2Fcategories&post=7579"},{"taxonomy":"post_tag","embeddable":true,"href":"https:\/\/zupasvnikolakc.hr\/index.php?rest_route=%2Fwp%2Fv2%2Ftags&post=7579"}],"curies":[{"name":"wp","href":"https:\/\/api.w.org\/{rel}","templated":true}]}}