{"id":7690,"date":"2023-10-21T19:00:00","date_gmt":"2023-10-21T17:00:00","guid":{"rendered":"https:\/\/zupasvnikolakc.hr\/?p=7690"},"modified":"2023-10-20T22:28:15","modified_gmt":"2023-10-20T20:28:15","slug":"29-nedjelja-kroz-godinu-4","status":"publish","type":"post","link":"https:\/\/zupasvnikolakc.hr\/?p=7690","title":{"rendered":"29. nedjelja kroz godinu"},"content":{"rendered":"\t\t<div data-elementor-type=\"wp-post\" data-elementor-id=\"7690\" class=\"elementor elementor-7690\" data-elementor-post-type=\"post\">\n\t\t\t\t\t\t<section class=\"elementor-section elementor-top-section elementor-element elementor-element-95c1fef elementor-section-boxed elementor-section-height-default elementor-section-height-default\" data-id=\"95c1fef\" data-element_type=\"section\" data-e-type=\"section\">\n\t\t\t\t\t\t<div class=\"elementor-container elementor-column-gap-default\">\n\t\t\t\t\t<div class=\"elementor-column elementor-col-100 elementor-top-column elementor-element elementor-element-09179a2\" data-id=\"09179a2\" data-element_type=\"column\" data-e-type=\"column\">\n\t\t\t<div class=\"elementor-widget-wrap elementor-element-populated\">\n\t\t\t\t\t\t<div class=\"elementor-element elementor-element-59b5a73 elementor-widget elementor-widget-text-editor\" data-id=\"59b5a73\" data-element_type=\"widget\" data-e-type=\"widget\" data-widget_type=\"text-editor.default\">\n\t\t\t\t<div class=\"elementor-widget-container\">\n\t\t\t\t\t\t\t\t\t<p><span style=\"color: #000000;\"><strong>Iz Poruke pape Franje za 97. Svjetski dan misija-<em>\u00bb\u017dar u srcu, noge na putu\u00ab (usp. Lk 24, 13-35)<\/em><\/strong><\/span><\/p><p><span style=\"color: #000000;\">\u00a0Draga bra\u0107o i sestre!<\/span><\/p><p><span style=\"color: #000000;\">Ove sam godine za Svjetski dan misija izabrao temu nadahnutu izvje\u0161\u0107em o u\u010denicima iz Emausa, iz Lukina Evan\u0111elja (usp. 24, 13-35): \u00bb\u017dar u srcu, noge na putu\u00ab. Ta su dva u\u010denika bila zbunjena i razo\u010darana, ali susret s Kristom u Rije\u010di i u razlomljenom Kruhu probudio je u njihovu srcu ushit da ponovno krenu put Jeruzalema i navijeste da je Gospodin doista uskrsnuo. U tom evan\u0111eoskom izvje\u0161\u0107u duboku promjenu kod u\u010denik\u00e2 vidimo iz nekih sugestivnih slika:\u00a0<em>\u017ear u srcu<\/em>\u00a0zbog Pisama koje je Isus tuma\u010dio,\u00a0<em>otvorene o\u010di<\/em>\u00a0kojima ga prepoznaju i, kao vrhunac,\u00a0<em>noge na putu<\/em>. Razmi\u0161ljaju\u0107i o ta tri vida, koji opisuju putovanje u\u010denik\u00e2 misionar\u00e2, mo\u017eemo obnoviti svoj \u017ear prema evangelizaciji u dana\u0161njemu svijetu.<\/span><\/p><ol><li><span style=\"color: #000000;\"><em>\u017dar u srcima \u00bbdok nam je otkrivao Pisma\u00ab. Bo\u017eja rije\u010d prosvjetljuje i preobra\u017eava srce u poslanju<\/em>.<\/span><\/li><\/ol><p><span style=\"color: #000000;\">Na putu iz Jeruzalema do Emausa, srca dvojice u\u010denika bila su obuzeta \u017ealo\u0161\u0107u \u2013 \u0161to se vidjelo na njihovim licima \u2013 zbog smrti Isusa, u kojega su povjerovali (usp. r. 17). Suo\u010deni s neuspjehom razapetog U\u010ditelja, njihova se nada da je On Mesija sru\u0161ila (usp. r. 21).<\/span><\/p><p><span style=\"color: #000000;\">I gle, \u00bbdok su tako razgovarali i raspravljali, pribli\u017ei im se Isus i po\u0111e s njima\u00ab (r. 15). I danas, kao i neko\u0107, Gospodin je blizu svojim u\u010denicima misionarima i hoda uz njih, posebno kad se osje\u0107aju izgubljenima, obeshrabrenima, prestra\u0161enima pred otajstvom bezakonja koje ih okru\u017euje i \u017eeli ih ugu\u0161iti. Stoga, \u00bbne dopustimo da nam se ukrade nada!\u00ab (Apost. pob.\u00a0<em>Evangelii gaudium<\/em>, 86). Gospodin je ve\u0107i od na\u0161ih problema, poglavito kad na njih nailazimo u navije\u0161tanju evan\u0111elja svijetu, zato \u0161to je to poslanje, u kona\u010dnici, njegovo, a mi smo samo njegovi ponizni suradnici, \u00bbbeskorisne sluge\u00ab (usp.\u00a0<em>Lk<\/em>\u00a017, 10).<\/span><\/p><p><span style=\"color: #000000;\">Izra\u017eavam svoju blizinu u Kristu svim misionarima i misionarkama u svijetu, posebno onima koji prolaze kroz te\u0161ke trenutke: predragi, uskrsli Gospodin je uvijek s vama i vidi va\u0161u \u0161irokogrudnost i \u017ertve koje \u010dinite u evangelizacijskom poslanju u dalekim krajevima. Nije svaki dan u \u017eivotu obasjan suncem, ali uvijek imajmo na pameti rije\u010di koje je Gospodin uputio svojim prijateljima prije muke: \u00bbU svijetu imate muku, ali hrabri budite \u2013 ja sam pobijedio svijet!\u00ab (<em>Iv<\/em>\u00a016, 33).<\/span><\/p><ol start=\"2\"><li><span style=\"color: #000000;\"><em> O\u010di koje \u00bbse otvori\u0161e te ga prepozna\u0161e\u00ab u lomljenju kruha. Isus u euharistiji je vrhunac i izvor poslanja.<\/em><\/span><\/li><\/ol><p><span style=\"color: #000000;\">Srca ra\u017earena Bo\u017ejom rije\u010dju nagnala su u\u010denike iz Emausa da zamole tajanstvenog Putnika da ostane s njima jer je ve\u0107 padala ve\u010der. I dok su bili za stolom, o\u010di su im se otvorile i prepoznali su ga kod lomljenja kruha. Ali upravo u \u010dasu u kojem prepoznaju Isusa u Onom koji lomi kruh \u00bbon im i\u0161\u010deznu s o\u010diju\u00ab (<em>Lk<\/em>\u00a024, 31). Ta nam \u010dinjenica poma\u017ee shvatiti bitnu stvarnost na\u0161e vjere: Krist koji lomi kruh postaje sad razlomljeni Kruh, koji se dijeli s u\u010denicima i koji oni zatim blaguju. Postao je nevidljiv, zato \u0161to je sada u\u0161ao u srca u\u010denik\u00e2 kako bi njihova srca usplamtjela jo\u0161 ve\u0107im \u017earom, potaknuv\u0161i ih da bez oklijevanja ponovno krenu na put kako bi sa svima podijelili jedinstveno iskustvo susreta s Uskrslim! Tako je uskrsli Krist Onaj koji lomi kruh i istodobno Kruh koji se lomi za nas. Svaki je u\u010denik misionar, dakle, pozvan postati, poput Isusa i u njemu, zahvaljuju\u0107i djelovanju Duha Svetoga, onaj koji lomi kruh i ujedno kruh koji se lomi za svijet.<\/span><\/p><ol start=\"3\"><li><span style=\"color: #000000;\"><em> Noge na putu, s rado\u0161\u0107u pri\u010danja o Kristu Uskrslom. Vje\u010dna mladost Crkve koja je uvijek u izlasku.<\/em><\/span><\/li><\/ol><p><span style=\"color: #000000;\">Nakon \u0161to im se otvori\u0161e o\u010di te prepozna\u0161e Isusa u \u00bblomljenju kruha\u00ab, u\u010denici \u00bbu isti se \u010das digo\u0161e i vrati\u0161e u Jeruzalem\u00ab (usp.\u00a0<em>Lk<\/em>\u00a024, 33). Ova hitnja da se ide s drugima podijeliti radost susreta s Gospodinom pokazuje da \u00bbradost evan\u0111elja ispunja srce i \u010ditav \u017eivot svakog onog koji susretne Isusa. Oni koji prihvate njegovu ponudu spasenja oslobo\u0111eni su od grijeha, \u017ealosti, duhovne praznine i usamljenosti. Sa Isusom Kristom radost se uvijek iznova ra\u0111a\u00ab (Apostolska pobudnica\u00a0<em>Evangelii gaudium<\/em>, 1). Nemogu\u0107e je istinski susresti uskrslog Isusa, a da se ne izgara od \u017eelje da se svima govori o tome. Stoga su prvo i glavno bogatstvo poslanja oni koji su, u Svetome pismu i u euharistiji, prepoznali Krista uskrslog i koji nose u srcu njegov plamen i u pogledu njegovo svjetlo. Oni mogu svjedo\u010diti o \u017eivotu koji nikad ne umire, pa i u najte\u017eim situacijama i u trenucima najve\u0107e tame.<\/span><\/p><p><span style=\"color: #000000;\">Krenimo, dakle, prosvijetljeni susretom s uskrslim Gospodinom i oduhovljeni njegovim Duhom! Krenimo sa \u017earom u srcu, otvorenih o\u010diju i s nogama na putu, da Bo\u017ejom rije\u010dju zapalimo srca drugih, da otvorimo njihove o\u010di Isusu Euharistijskom i pozovemo sve da zajedno kro\u010dimo putem mira i spasenja koje je Bog dao \u010dovje\u010danstvu u Kristu.<\/span><\/p><p><span style=\"color: #000000;\">Sveta Marijo od Puta, Majko Kristovih u\u010denika misionara i Kraljice misija, moli za nas!<\/span><\/p><p><span style=\"color: #000000;\"><em>Rim, Sveti Ivan Lateranski, 6. sije\u010dnja 2023., svetkovina Bogojavljenja. <\/em><\/span><\/p><p><span style=\"color: #000000;\"><em>PAPA <\/em>FRANJO<\/span><\/p>\t\t\t\t\t\t\t\t<\/div>\n\t\t\t\t<\/div>\n\t\t\t\t<div class=\"elementor-element elementor-element-50eb054 elementor-widget elementor-widget-text-editor\" data-id=\"50eb054\" data-element_type=\"widget\" data-e-type=\"widget\" data-widget_type=\"text-editor.default\">\n\t\t\t\t<div class=\"elementor-widget-container\">\n\t\t\t\t\t\t\t\t\t<p><span style=\"color: #ff0000;\"><strong>\u017dUPNE OBAVIJESTI<\/strong><\/span><\/p><p><span style=\"color: #000000;\"><strong>LISTOPADSKE POBO\u017dNOSTI:<\/strong><\/span><\/p><ul><li><span style=\"color: #000000;\">svakog dana pola sata prije svete mise<\/span><\/li><\/ul><p><span style=\"color: #000000;\"><strong>VJERONAUK:<\/strong><\/span><\/p><ul><li><span style=\"color: #000000;\">krizmanici &#8211; subota (28.10.2023.) u 9 h<\/span><\/li><li><span style=\"color: #000000;\">prvopri\u010desnici &#8211; subota (28.10.2023.) u 10 h<\/span><\/li><\/ul><p><span style=\"color: #000000;\"><strong>SUSRET MINISTRANATA:<\/strong><\/span><\/p><ul><li><span style=\"color: #000000;\">subota (28.10.2023.) u 11 h<\/span><\/li><\/ul><p><span style=\"color: #000000;\"><strong>PJEVANJE:<\/strong><\/span><\/p><ul><li><span style=\"color: #000000;\">Veliki zbor &#8211; srijedom u 18:30 h<\/span><\/li><li><span style=\"color: #000000;\">Dje\u010dji zbor &#8211; petkom u 19 h<\/span><\/li><li><span style=\"color: #000000;\">zbor mladih &#8211; nedjeljom u 17 h<\/span><\/li><\/ul><p><span style=\"color: #000000;\"><strong>VJEN\u010cANJE:<\/strong><\/span><\/p><ul><li><span style=\"color: #000000;\">Antun Vrbani\u0107 i Dora Vrtiprah &#8211; petak (27.10.2023.) u 16 h<\/span><\/li><\/ul><p><a href=\"https:\/\/zupasvnikolakc.hr\/wp-content\/uploads\/2023\/10\/29.N.K.G-LISTIC-2023.pdf\" target=\"_blank\" rel=\"noopener\"><span style=\"color: #ff0000;\">\u017dUPNI LISTI\u0106<\/span><\/a><\/p>\t\t\t\t\t\t\t\t<\/div>\n\t\t\t\t<\/div>\n\t\t\t\t\t<\/div>\n\t\t<\/div>\n\t\t\t\t\t<\/div>\n\t\t<\/section>\n\t\t\t\t<\/div>\n\t\t","protected":false},"excerpt":{"rendered":"<p>Iz Poruke pape Franje za 97. Svjetski dan misija-\u00bb\u017dar u srcu, noge na putu\u00ab (usp. Lk 24, 13-35) \u00a0Draga bra\u0107o i sestre! Ove sam godine za Svjetski dan misija izabrao temu nadahnutu izvje\u0161\u0107em o u\u010denicima iz Emausa, iz Lukina Evan\u0111elja (usp. 24, 13-35): \u00bb\u017dar u srcu, noge na putu\u00ab. Ta su dva u\u010denika bila zbunjena [&hellip;]<\/p>\n","protected":false},"author":1,"featured_media":7691,"comment_status":"closed","ping_status":"closed","sticky":false,"template":"","format":"standard","meta":{"ocean_post_layout":"","ocean_both_sidebars_style":"","ocean_both_sidebars_content_width":0,"ocean_both_sidebars_sidebars_width":0,"ocean_sidebar":"","ocean_second_sidebar":"","ocean_disable_margins":"enable","ocean_add_body_class":"","ocean_shortcode_before_top_bar":"","ocean_shortcode_after_top_bar":"","ocean_shortcode_before_header":"","ocean_shortcode_after_header":"","ocean_has_shortcode":"","ocean_shortcode_after_title":"","ocean_shortcode_before_footer_widgets":"","ocean_shortcode_after_footer_widgets":"","ocean_shortcode_before_footer_bottom":"","ocean_shortcode_after_footer_bottom":"","ocean_display_top_bar":"default","ocean_display_header":"default","ocean_header_style":"","ocean_center_header_left_menu":"","ocean_custom_header_template":"","ocean_custom_logo":0,"ocean_custom_retina_logo":0,"ocean_custom_logo_max_width":0,"ocean_custom_logo_tablet_max_width":0,"ocean_custom_logo_mobile_max_width":0,"ocean_custom_logo_max_height":0,"ocean_custom_logo_tablet_max_height":0,"ocean_custom_logo_mobile_max_height":0,"ocean_header_custom_menu":"","ocean_menu_typo_font_family":"","ocean_menu_typo_font_subset":"","ocean_menu_typo_font_size":0,"ocean_menu_typo_font_size_tablet":0,"ocean_menu_typo_font_size_mobile":0,"ocean_menu_typo_font_size_unit":"px","ocean_menu_typo_font_weight":"","ocean_menu_typo_font_weight_tablet":"","ocean_menu_typo_font_weight_mobile":"","ocean_menu_typo_transform":"","ocean_menu_typo_transform_tablet":"","ocean_menu_typo_transform_mobile":"","ocean_menu_typo_line_height":0,"ocean_menu_typo_line_height_tablet":0,"ocean_menu_typo_line_height_mobile":0,"ocean_menu_typo_line_height_unit":"","ocean_menu_typo_spacing":0,"ocean_menu_typo_spacing_tablet":0,"ocean_menu_typo_spacing_mobile":0,"ocean_menu_typo_spacing_unit":"","ocean_menu_link_color":"","ocean_menu_link_color_hover":"","ocean_menu_link_color_active":"","ocean_menu_link_background":"","ocean_menu_link_hover_background":"","ocean_menu_link_active_background":"","ocean_menu_social_links_bg":"","ocean_menu_social_hover_links_bg":"","ocean_menu_social_links_color":"","ocean_menu_social_hover_links_color":"","ocean_disable_title":"default","ocean_disable_heading":"default","ocean_post_title":"","ocean_post_subheading":"","ocean_post_title_style":"","ocean_post_title_background_color":"","ocean_post_title_background":0,"ocean_post_title_bg_image_position":"","ocean_post_title_bg_image_attachment":"","ocean_post_title_bg_image_repeat":"","ocean_post_title_bg_image_size":"","ocean_post_title_height":0,"ocean_post_title_bg_overlay":0.5,"ocean_post_title_bg_overlay_color":"","ocean_disable_breadcrumbs":"default","ocean_breadcrumbs_color":"","ocean_breadcrumbs_separator_color":"","ocean_breadcrumbs_links_color":"","ocean_breadcrumbs_links_hover_color":"","ocean_display_footer_widgets":"default","ocean_display_footer_bottom":"default","ocean_custom_footer_template":"","ocean_post_oembed":"","ocean_post_self_hosted_media":"","ocean_post_video_embed":"","ocean_link_format":"","ocean_link_format_target":"self","ocean_quote_format":"","ocean_quote_format_link":"post","ocean_gallery_link_images":"on","ocean_gallery_id":[],"footnotes":""},"categories":[16],"tags":[],"class_list":["post-7690","post","type-post","status-publish","format-standard","has-post-thumbnail","hentry","category-vijesti","entry","has-media"],"views":792,"_links":{"self":[{"href":"https:\/\/zupasvnikolakc.hr\/index.php?rest_route=\/wp\/v2\/posts\/7690","targetHints":{"allow":["GET"]}}],"collection":[{"href":"https:\/\/zupasvnikolakc.hr\/index.php?rest_route=\/wp\/v2\/posts"}],"about":[{"href":"https:\/\/zupasvnikolakc.hr\/index.php?rest_route=\/wp\/v2\/types\/post"}],"author":[{"embeddable":true,"href":"https:\/\/zupasvnikolakc.hr\/index.php?rest_route=\/wp\/v2\/users\/1"}],"replies":[{"embeddable":true,"href":"https:\/\/zupasvnikolakc.hr\/index.php?rest_route=%2Fwp%2Fv2%2Fcomments&post=7690"}],"version-history":[{"count":4,"href":"https:\/\/zupasvnikolakc.hr\/index.php?rest_route=\/wp\/v2\/posts\/7690\/revisions"}],"predecessor-version":[{"id":7696,"href":"https:\/\/zupasvnikolakc.hr\/index.php?rest_route=\/wp\/v2\/posts\/7690\/revisions\/7696"}],"wp:featuredmedia":[{"embeddable":true,"href":"https:\/\/zupasvnikolakc.hr\/index.php?rest_route=\/wp\/v2\/media\/7691"}],"wp:attachment":[{"href":"https:\/\/zupasvnikolakc.hr\/index.php?rest_route=%2Fwp%2Fv2%2Fmedia&parent=7690"}],"wp:term":[{"taxonomy":"category","embeddable":true,"href":"https:\/\/zupasvnikolakc.hr\/index.php?rest_route=%2Fwp%2Fv2%2Fcategories&post=7690"},{"taxonomy":"post_tag","embeddable":true,"href":"https:\/\/zupasvnikolakc.hr\/index.php?rest_route=%2Fwp%2Fv2%2Ftags&post=7690"}],"curies":[{"name":"wp","href":"https:\/\/api.w.org\/{rel}","templated":true}]}}