{"id":7764,"date":"2023-11-11T19:00:00","date_gmt":"2023-11-11T18:00:00","guid":{"rendered":"https:\/\/zupasvnikolakc.hr\/?p=7764"},"modified":"2023-11-10T17:56:05","modified_gmt":"2023-11-10T16:56:05","slug":"32-nedjelja-kroz-godinu-4","status":"publish","type":"post","link":"https:\/\/zupasvnikolakc.hr\/?p=7764","title":{"rendered":"32. nedjelja kroz godinu"},"content":{"rendered":"\t\t<div data-elementor-type=\"wp-post\" data-elementor-id=\"7764\" class=\"elementor elementor-7764\" data-elementor-post-type=\"post\">\n\t\t\t\t\t\t<section class=\"elementor-section elementor-top-section elementor-element elementor-element-d2e8511 elementor-section-boxed elementor-section-height-default elementor-section-height-default\" data-id=\"d2e8511\" data-element_type=\"section\" data-e-type=\"section\">\n\t\t\t\t\t\t<div class=\"elementor-container elementor-column-gap-default\">\n\t\t\t\t\t<div class=\"elementor-column elementor-col-100 elementor-top-column elementor-element elementor-element-28d9d0e\" data-id=\"28d9d0e\" data-element_type=\"column\" data-e-type=\"column\">\n\t\t\t<div class=\"elementor-widget-wrap elementor-element-populated\">\n\t\t\t\t\t\t<div class=\"elementor-element elementor-element-e005a45 elementor-widget elementor-widget-text-editor\" data-id=\"e005a45\" data-element_type=\"widget\" data-e-type=\"widget\" data-widget_type=\"text-editor.default\">\n\t\t\t\t<div class=\"elementor-widget-container\">\n\t\t\t\t\t\t\t\t\t<p><span style=\"color: #000000;\">Dragi vjernici, kako se pribli\u017eavamo koncu liturgijske godine, tako nas i sama nedjeljna \u010ditanja polako pripremaju na drugi Kristov dolazak i konac na\u0161eg osobnog \u017eivota, ali i svega \u010dovje\u010danstva. Dana\u0161nje evan\u0111elje nam to na slikovit na\u010din kroz ovu prispodobu o mudrim i ludim djevicama \u017eeli pribli\u017eiti. Zapravo Isus \u017eeli svoje suvremenike, ali i nas same upozoriti na kr\u0161\u0107ansko \u017eivljenje u vremenu izme\u0111u Njegova dva dolaska. To \u017eivljenje o\u010dituje se u onom prvom zanosu, budnosti u vjeri, koji su imali vjernici prvih stolje\u0107a kr\u0161\u0107anstva, a koji se o\u010dituje i u na\u0161em osobnom zanosu u vjeri, kada \u201epunim plu\u0107ima\u201c \u017eivimo svoju vjeru. No onda se pomalo kod prvih kr\u0161\u0107ana nakon dugog i\u0161\u010dekivanja ponovnog Kristova dolaska, pojavljuje zamor u vjeri. Mo\u017eemo re\u0107i da su \u201epozaspali\u201c poput ovih djevica iz prispodobe. Taj problem umora u vjeri imamo i mi, dana\u0161nja Crkva. Mnogi kr\u0161\u0107ani dr\u017ee svoje svjetiljke uga\u0161enima ili one tek tinjaju. Hodaju svijetom nesposobni shvatiti \u017eurnost trenutka. Imaju potrebu za uljem bo\u017eanske mudrosti koja \u0107e ih obnoviti i probuditi, ali ni\u0161ta konkretno ne poduzimaju. \u010cekaju ni ne znaju\u0107i da ve\u0107 sutra mo\u017ee biti kasno. Drugi \u017eive bez vjere i nade. Uronjeni su samo u sada\u0161njost. Novac. Mo\u0107. Materijalizam u svim svojim oblicima. Ako im se ponekad, u suo\u010davanju sa smr\u0107u bli\u017enjih ili uz dane sje\u0107anja na pokojne, nametne pitanje smrti i umiranja, glume kao da ih se to ne ti\u010de. I nastavljaju istim stilom. A kr\u0161\u0107ani koji ne vjeruju u \u017eivot i nakon smrti, koji ne vjeruju u uskrsnu\u0107e, nisu kr\u0161\u0107ani. <em>\u201eAko je Isus umro i uskrsnuo, onda \u0107e Bog i one koji usnu\u0161e u Isusu, privesti zajedno s njime.\u201c<\/em>, poru\u010duje nam sv. Pavao u Poslanici Solunjanima iz koje nam je ulomak ponu\u0111en kao drugo \u010ditanje. I dodaje: \u201e<em>Tje\u0161ite se uzajamno ovim rije\u010dima<\/em>.\u201c Onima koji nemaju vjere ovo su prazne rije\u010di. Ne donose utjehu. Ne ispunjaju njihove svjetiljke uljem unutarnje snage duha. \u0160to je s nama? U \u017eivotu svakog kr\u0161\u0107anina klju\u010dni trenutak je trenutak u kojemu je zapaljena krsna svije\u0107a. Ona simbolizira na\u0161u vjeru u uskrsnu\u0107e. Gori li jo\u0161 ta svije\u0107a? Ili samo tinja? \u017delimo li da gori, trebamo je neprestano hraniti ljubavlju i vjerno\u0161\u0107u svom kr\u0161\u0107anskom pozivu, da se ne bi dogodilo da u klju\u010dnom trenutku Gospodinova dolaska zaka\u017ee, ostane bez ulja. Da se to ne dogodi, trebamo se opskrbiti uljem Bo\u017eje milosti. Ne\u0107emo se opskrbiti tim uljem bez pretvaranja vjere u vjersku praksu, od koje se osobito isti\u010de osobna molitva i sudjelovanje na nedjeljnoj euharistiji.<\/span><\/p>\t\t\t\t\t\t\t\t<\/div>\n\t\t\t\t<\/div>\n\t\t\t\t<div class=\"elementor-element elementor-element-8b4988b elementor-widget elementor-widget-text-editor\" data-id=\"8b4988b\" data-element_type=\"widget\" data-e-type=\"widget\" data-widget_type=\"text-editor.default\">\n\t\t\t\t<div class=\"elementor-widget-container\">\n\t\t\t\t\t\t\t\t\t<p><span style=\"color: #ff0000;\"><strong>\u017dUPNE OBAVIJESTI<\/strong><\/span><\/p><p><span style=\"color: #000000;\"><strong>VJERONAUK:<\/strong><\/span><\/p><ul><li><span style=\"color: #000000;\">krizmanici &#8211; subota (18.11.2023.) u 9 h<\/span><\/li><li><span style=\"color: #000000;\">prvopri\u010desnici &#8211; subota (18.11.2023.) u 10 h<\/span><\/li><\/ul><p><span style=\"color: #000000;\"><strong>SUSRET MINISTRANATA:<\/strong><\/span><\/p><ul><li><span style=\"color: #000000;\">subota (18.11.2023.) u 11 h<\/span><\/li><\/ul><p><span style=\"color: #000000;\"><strong>PJEVANJE:<\/strong><\/span><\/p><ul><li><span style=\"color: #000000;\">Veliki zbor &#8211; srijedom u 18:30 h<\/span><\/li><li><span style=\"color: #000000;\">Dje\u010dji zbor &#8211; petkom u 19 h<\/span><\/li><li><span style=\"color: #000000;\">zbor mladih &#8211; nedjeljom u 17 h<\/span><\/li><\/ul><p><span style=\"color: #000000;\"><strong>SASTANAK EKONOMSKOG I PASTORALNOG VIJE\u0106A: <\/strong><\/span><\/p><ul><li><span style=\"color: #000000;\">petak (17.11.2023.) u 19 h u crkvi<\/span><\/li><\/ul><p><a href=\"https:\/\/zupasvnikolakc.hr\/wp-content\/uploads\/2023\/11\/32.-n.k.g-lsitic-2023.pdf\" target=\"_blank\" rel=\"noopener\"><span style=\"color: #ff0000;\">\u017dUPNI LISTI\u0106<\/span><\/a><\/p>\t\t\t\t\t\t\t\t<\/div>\n\t\t\t\t<\/div>\n\t\t\t\t<div class=\"elementor-element elementor-element-3fb5f42 elementor-widget elementor-widget-text-editor\" data-id=\"3fb5f42\" data-element_type=\"widget\" data-e-type=\"widget\" data-widget_type=\"text-editor.default\">\n\t\t\t\t<div class=\"elementor-widget-container\">\n\t\t\t\t\t\t\t\t\t<p><span style=\"color: #000000;\"><strong>DAROVATELJI ZA POTREBE CRKVE<\/strong><\/span><\/p><ol><li><span style=\"color: #000000;\">Katica Vrbo\u0161i\u0107, I. Me\u0161trovi\u0107a 28<\/span><\/li><li><span style=\"color: #000000;\">Dar jedne osobe<\/span><\/li><li><span style=\"color: #000000;\">Jelena Kili\u0107 Feren\u010dak, Obrtni\u010dka 9, Kri\u017eevci<\/span><\/li><li><span style=\"color: #000000;\">Daniel Pusti\u010dki, Glavna38, Prepu\u0161tovec<\/span><\/li><li><span style=\"color: #000000;\">Leon i Helena \u0110uraj, G. Banovec 7<\/span><\/li><li><span style=\"color: #000000;\">Obit. Franjo, G. Banovec 12<\/span><\/li><li><span style=\"color: #000000;\">Obit. Sarapa, F. Ga\u017eija 9<\/span><\/li><li><span style=\"color: #000000;\">Svjetlana Kostjuk, I. Me\u0161trovi\u0107a 23<\/span><\/li><li><span style=\"color: #000000;\">Dar jedne osobe<\/span><\/li><li><span style=\"color: #000000;\">Obit. Ore\u0161ek i \u0106ulumovi\u0107, B. Radi\u0107 11, K. Bregi<\/span><\/li><li><span style=\"color: #000000;\">Obit. Mesari\u0107, Trg. Podrav. heroja 6<\/span><\/li><li><span style=\"color: #000000;\">Obit. Novogradec, T. Prosenjaka 10<\/span><\/li><li><span style=\"color: #000000;\">Dar jedne osobe<\/span><\/li><li><span style=\"color: #000000;\">Obit. Kordina, Miklinovec 79<\/span><\/li><li><span style=\"color: #000000;\">Milica Smok, I. Me\u0161trovi\u0107a 10<\/span><\/li><li><span style=\"color: #000000;\">Obit. Pra\u0161talo, Omladinska 9 A<\/span><\/li><li><span style=\"color: #000000;\">Obit. Turk, Hercegova\u010dka 26<\/span><\/li><li><span style=\"color: #000000;\">Obit. Vazdar, Strossmayerova 2<\/span><\/li><li><span style=\"color: #000000;\">Obit. Perika, Peteranska c 70<\/span><\/li><li><span style=\"color: #000000;\">Ljubica Vrban, M. P. Mi\u0161kine 46 A<\/span><\/li><li><span style=\"color: #000000;\">Obit. Lon\u010dari\u0107, Marofska 2 B, Here\u0161in<\/span><\/li><li><span style=\"color: #000000;\">Dar jedne obitelji<\/span><\/li><li><span style=\"color: #000000;\">Obit. Kolari\u0107, \u0110. Basari\u010deka 23 A<\/span><\/li><li><span style=\"color: #000000;\">Obit. Kozjak, V. Nazora 16<\/span><\/li><li><span style=\"color: #000000;\">Josipa \u0160o\u0161, Trg Podrav. heroja 4<\/span><\/li><li><span style=\"color: #000000;\">Obit. Vugrinec, Hrv. dr\u017eavnosti 31<\/span><\/li><li><span style=\"color: #000000;\">Dar jedne osobe<\/span><\/li><li><span style=\"color: #000000;\">Anica Ni\u0161i\u0107, Kri\u017eeva\u010dka 36<\/span><\/li><li><span style=\"color: #000000;\">Ivka i Josip Pu\u017e, Trg kr. Zvonimira 27<\/span><\/li><li><span style=\"color: #000000;\">Obit. Sminderovac, K. Domagoja 3A<\/span><\/li><li><span style=\"color: #000000;\">Ivana Pokec, A. Hebranga 10, Virje<\/span><\/li><li><span style=\"color: #000000;\">Matija \u0160ikulec, Crnec 92, N. Virje<\/span><\/li><li><span style=\"color: #000000;\">Ru\u017eica Lau\u0161, M. Viriusa 27<\/span><\/li><li><span style=\"color: #000000;\">Obit. Rogi\u0107, Br. Radi\u0107 67 E<\/span><\/li><li><span style=\"color: #000000;\">Dar jedne osobe<\/span><\/li><li><span style=\"color: #000000;\">Obit. Podravec, I. Me\u0161trovi\u0107a 16 A<\/span><\/li><li><span style=\"color: #000000;\">Obit. Pintarec, M. Viriusa 39<\/span><\/li><li><span style=\"color: #000000;\">Obit. Ko\u0161ti\u0107, Hrv. branitelja 18<\/span><\/li><li><span style=\"color: #000000;\">Obit. Potro\u0161ko, F. Galovi\u0107a 22 A<\/span><\/li><li><span style=\"color: #000000;\">Bo\u017eica Bartolec, A. Nem\u010di\u0107a 4<\/span><\/li><li><span style=\"color: #000000;\">Mario Bartolec, A. Nem\u010di\u0107a 4<\/span><\/li><li><span style=\"color: #000000;\">Obit. Medenjak, Kri\u017eeva\u010dka 68 A<\/span><\/li><li><span style=\"color: #000000;\">Obit. Prv\u010di\u0107, Miklinovec 225<\/span><\/li><li><span style=\"color: #000000;\">Elizabeta Horvati\u0107, F. Galovi\u0107a 24<\/span><\/li><li><span style=\"color: #000000;\">Kre\u0161imir i Josipa Gal, Dalmatinska 3<\/span><\/li><li><span style=\"color: #000000;\">Dar jedne obitelji<\/span><\/li><li><span style=\"color: #000000;\">Miroslav \u0160vabek, M. P. Mi\u0161kine 31<\/span><\/li><li><span style=\"color: #000000;\">Tatjana Martinovi\u0107, Pemija 64 G, Drnje<\/span><\/li><li><span style=\"color: #000000;\">Obit. \u017daja, Kr. Jelene 18<\/span><\/li><li><span style=\"color: #000000;\">Obit. Franjo, G. Banovec 12<\/span><\/li><li><span style=\"color: #000000;\">Dragica Pa\u0161ica, Trg Podrav. heroja 4A<\/span><\/li><li><span style=\"color: #000000;\">Obit. Gregur, Miklinovec 111<\/span><\/li><li><span style=\"color: #000000;\">Zlatko Mesari\u0107, Trg Podrav. heroja 6<\/span><\/li><li><span style=\"color: #000000;\">Obit. Dragani\u0107, Podravska 29<\/span><\/li><li><span style=\"color: #000000;\">Dar jedne osobe<\/span><\/li><li><span style=\"color: #000000;\">Obit. Lohajner, Pavelinska 26<\/span><\/li><\/ol>\t\t\t\t\t\t\t\t<\/div>\n\t\t\t\t<\/div>\n\t\t\t\t\t<\/div>\n\t\t<\/div>\n\t\t\t\t\t<\/div>\n\t\t<\/section>\n\t\t\t\t<\/div>\n\t\t","protected":false},"excerpt":{"rendered":"<p>Dragi vjernici, kako se pribli\u017eavamo koncu liturgijske godine, tako nas i sama nedjeljna \u010ditanja polako pripremaju na drugi Kristov dolazak i konac na\u0161eg osobnog \u017eivota, ali i svega \u010dovje\u010danstva. Dana\u0161nje evan\u0111elje nam to na slikovit na\u010din kroz ovu prispodobu o mudrim i ludim djevicama \u017eeli pribli\u017eiti. Zapravo Isus \u017eeli svoje suvremenike, ali i nas same [&hellip;]<\/p>\n","protected":false},"author":1,"featured_media":7765,"comment_status":"closed","ping_status":"closed","sticky":false,"template":"","format":"standard","meta":{"ocean_post_layout":"","ocean_both_sidebars_style":"","ocean_both_sidebars_content_width":0,"ocean_both_sidebars_sidebars_width":0,"ocean_sidebar":"","ocean_second_sidebar":"","ocean_disable_margins":"enable","ocean_add_body_class":"","ocean_shortcode_before_top_bar":"","ocean_shortcode_after_top_bar":"","ocean_shortcode_before_header":"","ocean_shortcode_after_header":"","ocean_has_shortcode":"","ocean_shortcode_after_title":"","ocean_shortcode_before_footer_widgets":"","ocean_shortcode_after_footer_widgets":"","ocean_shortcode_before_footer_bottom":"","ocean_shortcode_after_footer_bottom":"","ocean_display_top_bar":"default","ocean_display_header":"default","ocean_header_style":"","ocean_center_header_left_menu":"","ocean_custom_header_template":"","ocean_custom_logo":0,"ocean_custom_retina_logo":0,"ocean_custom_logo_max_width":0,"ocean_custom_logo_tablet_max_width":0,"ocean_custom_logo_mobile_max_width":0,"ocean_custom_logo_max_height":0,"ocean_custom_logo_tablet_max_height":0,"ocean_custom_logo_mobile_max_height":0,"ocean_header_custom_menu":"","ocean_menu_typo_font_family":"","ocean_menu_typo_font_subset":"","ocean_menu_typo_font_size":0,"ocean_menu_typo_font_size_tablet":0,"ocean_menu_typo_font_size_mobile":0,"ocean_menu_typo_font_size_unit":"px","ocean_menu_typo_font_weight":"","ocean_menu_typo_font_weight_tablet":"","ocean_menu_typo_font_weight_mobile":"","ocean_menu_typo_transform":"","ocean_menu_typo_transform_tablet":"","ocean_menu_typo_transform_mobile":"","ocean_menu_typo_line_height":0,"ocean_menu_typo_line_height_tablet":0,"ocean_menu_typo_line_height_mobile":0,"ocean_menu_typo_line_height_unit":"","ocean_menu_typo_spacing":0,"ocean_menu_typo_spacing_tablet":0,"ocean_menu_typo_spacing_mobile":0,"ocean_menu_typo_spacing_unit":"","ocean_menu_link_color":"","ocean_menu_link_color_hover":"","ocean_menu_link_color_active":"","ocean_menu_link_background":"","ocean_menu_link_hover_background":"","ocean_menu_link_active_background":"","ocean_menu_social_links_bg":"","ocean_menu_social_hover_links_bg":"","ocean_menu_social_links_color":"","ocean_menu_social_hover_links_color":"","ocean_disable_title":"default","ocean_disable_heading":"default","ocean_post_title":"","ocean_post_subheading":"","ocean_post_title_style":"","ocean_post_title_background_color":"","ocean_post_title_background":0,"ocean_post_title_bg_image_position":"","ocean_post_title_bg_image_attachment":"","ocean_post_title_bg_image_repeat":"","ocean_post_title_bg_image_size":"","ocean_post_title_height":0,"ocean_post_title_bg_overlay":0.5,"ocean_post_title_bg_overlay_color":"","ocean_disable_breadcrumbs":"default","ocean_breadcrumbs_color":"","ocean_breadcrumbs_separator_color":"","ocean_breadcrumbs_links_color":"","ocean_breadcrumbs_links_hover_color":"","ocean_display_footer_widgets":"default","ocean_display_footer_bottom":"default","ocean_custom_footer_template":"","ocean_post_oembed":"","ocean_post_self_hosted_media":"","ocean_post_video_embed":"","ocean_link_format":"","ocean_link_format_target":"self","ocean_quote_format":"","ocean_quote_format_link":"post","ocean_gallery_link_images":"on","ocean_gallery_id":[],"footnotes":""},"categories":[16],"tags":[],"class_list":["post-7764","post","type-post","status-publish","format-standard","has-post-thumbnail","hentry","category-vijesti","entry","has-media"],"views":905,"_links":{"self":[{"href":"https:\/\/zupasvnikolakc.hr\/index.php?rest_route=\/wp\/v2\/posts\/7764","targetHints":{"allow":["GET"]}}],"collection":[{"href":"https:\/\/zupasvnikolakc.hr\/index.php?rest_route=\/wp\/v2\/posts"}],"about":[{"href":"https:\/\/zupasvnikolakc.hr\/index.php?rest_route=\/wp\/v2\/types\/post"}],"author":[{"embeddable":true,"href":"https:\/\/zupasvnikolakc.hr\/index.php?rest_route=\/wp\/v2\/users\/1"}],"replies":[{"embeddable":true,"href":"https:\/\/zupasvnikolakc.hr\/index.php?rest_route=%2Fwp%2Fv2%2Fcomments&post=7764"}],"version-history":[{"count":4,"href":"https:\/\/zupasvnikolakc.hr\/index.php?rest_route=\/wp\/v2\/posts\/7764\/revisions"}],"predecessor-version":[{"id":7771,"href":"https:\/\/zupasvnikolakc.hr\/index.php?rest_route=\/wp\/v2\/posts\/7764\/revisions\/7771"}],"wp:featuredmedia":[{"embeddable":true,"href":"https:\/\/zupasvnikolakc.hr\/index.php?rest_route=\/wp\/v2\/media\/7765"}],"wp:attachment":[{"href":"https:\/\/zupasvnikolakc.hr\/index.php?rest_route=%2Fwp%2Fv2%2Fmedia&parent=7764"}],"wp:term":[{"taxonomy":"category","embeddable":true,"href":"https:\/\/zupasvnikolakc.hr\/index.php?rest_route=%2Fwp%2Fv2%2Fcategories&post=7764"},{"taxonomy":"post_tag","embeddable":true,"href":"https:\/\/zupasvnikolakc.hr\/index.php?rest_route=%2Fwp%2Fv2%2Ftags&post=7764"}],"curies":[{"name":"wp","href":"https:\/\/api.w.org\/{rel}","templated":true}]}}