{"id":8012,"date":"2023-12-23T19:03:15","date_gmt":"2023-12-23T18:03:15","guid":{"rendered":"https:\/\/zupasvnikolakc.hr\/?p=8012"},"modified":"2023-12-23T19:04:34","modified_gmt":"2023-12-23T18:04:34","slug":"4-nedjelja-dosasca-4","status":"publish","type":"post","link":"https:\/\/zupasvnikolakc.hr\/?p=8012","title":{"rendered":"4. nedjelja do\u0161a\u0161\u0107a"},"content":{"rendered":"\t\t<div data-elementor-type=\"wp-post\" data-elementor-id=\"8012\" class=\"elementor elementor-8012\" data-elementor-post-type=\"post\">\n\t\t\t\t\t\t<section class=\"elementor-section elementor-top-section elementor-element elementor-element-359227c elementor-section-boxed elementor-section-height-default elementor-section-height-default\" data-id=\"359227c\" data-element_type=\"section\" data-e-type=\"section\">\n\t\t\t\t\t\t<div class=\"elementor-container elementor-column-gap-default\">\n\t\t\t\t\t<div class=\"elementor-column elementor-col-100 elementor-top-column elementor-element elementor-element-47dad5f\" data-id=\"47dad5f\" data-element_type=\"column\" data-e-type=\"column\">\n\t\t\t<div class=\"elementor-widget-wrap elementor-element-populated\">\n\t\t\t\t\t\t<div class=\"elementor-element elementor-element-a91c801 elementor-widget elementor-widget-text-editor\" data-id=\"a91c801\" data-element_type=\"widget\" data-e-type=\"widget\" data-widget_type=\"text-editor.default\">\n\t\t\t\t<div class=\"elementor-widget-container\">\n\t\t\t\t\t\t\t\t\t<p><span style=\"color: #000000;\">Dragi vjernici, dana\u0161nja \u010detvrta upaljena svije\u0107a na na\u0161im adventskim vijencima jasni nam je pokazatelj da smo nadomak cilju najve\u0107eg i najljep\u0161eg dara \u0161to ga je Bog u svom promislu darovao \u010dovje\u010danstvu, ro\u0111enje Sina na zemlji. Danas slavimo i Badnji dan, dan koji nas uvodi misom bdijenja i polno\u0107kom u otajstvo ro\u0111enja Sina Bo\u017ejega. To je konkretni dokaz O\u010deve stvoriteljske ljubavi prema svakom \u010dovjeku! U otajstvu Bo\u017ei\u0107a, ne slavimo samo njegov povijesni doga\u0111aj, onaj \u0161to se zbio u Betlehemskoj \u0161talici, nego i osobni susret sa svojim Bogom. Kristovo ro\u0111enje je otkrilo u nama smisao na\u0161ega ro\u0111enja, na\u0161eg postojanja i budu\u0107ega \u017eivota u vje\u010dnosti. Sveti papa Ivana Pavao II., u jednoj od svojih nastupnih propovijedi, poslao je sljede\u0107u poruku: \u201eOtvorite vrata Kristu, ne boj te se.\u201c Sveti Ivan Pavao II. ovog do\u0161a\u0161\u0107a i nas poziva da otvorimo vrata svoga srca novoro\u0111enom Bogu. Puno smo puta iskusili da se s Kristom ne mo\u017ee mjeriti ni\u0161ta \u0161to je isklju\u010divo ljudsko: nikakva vlast, niti politi\u010dki ili dru\u0161tveni utjecaj, a ni ekonomska mo\u0107 ili kapital. Svi ovi statusi su duboko ljudski, nesavr\u0161eni i kratkotrajni. Ljudska mo\u0107 je prolazna. Svaka vlast je vremenita, pa i bogatstvo bez du\u0161e, nije dar Mudrosti. Zato, sve one koji Krista zapostavljaju pozivamo da ga vrate u sredi\u0161te svoga \u017eivota, na prvo mjesto, ono koje Bogu i pripada! Krista se ne mo\u017ee pomicati nani\u017ee, niti ga se smije marginalizirati, a jo\u0161 manje skidati njegov simbol pobjede, kri\u017e, koji je oduvijek bio simbol vjere na\u0161eg naroda. \u010covjek mora \u017eivjeti svoju vjeru kako bi se ona mogla ostvariti u njemu i pokazati svoje rezultate. Svima koji su na bilo koji na\u010din ranjeni i prezreni, ostavljeni Isus svojim ro\u0111enjem poru\u010duje: ne bojte se! On je do\u0161ao na ovaj svijet kako bi pomogao \u010dovjeku, kako bi ljudima pokazao put u pravi &#8211; vje\u010dni \u017eivot.<\/span><\/p><p><span style=\"color: #000000;\">Neka ova \u010detvrta nedjelja do\u0161a\u0161\u0107a, Badnjak, ali i blagdan Bo\u017ei\u0107a budu svima nama putokaz koji vodi k sada\u0161njoj, ali vje\u010dnoj sre\u0107i.<\/span><\/p><p><span style=\"color: #000000;\">Sretan i blagoslovljen Bo\u017ei\u0107 \u017eele vam \u017eupnik Tomislav, vl\u010d. Josip Jagar\u010dec, sve\u0107enik u miru i \u0111akon Miljenko sa \u017eupnim suradnicima!<\/span><\/p><p><a href=\"https:\/\/zupasvnikolakc.hr\/wp-content\/uploads\/2023\/12\/4.-.n.-dosasca-listic-2023.pdf\" target=\"_blank\" rel=\"noopener\"><span style=\"color: #ff0000;\">\u017dUPNI LISTI\u0106<\/span><\/a><\/p>\t\t\t\t\t\t\t\t<\/div>\n\t\t\t\t<\/div>\n\t\t\t\t\t<\/div>\n\t\t<\/div>\n\t\t\t\t\t<\/div>\n\t\t<\/section>\n\t\t\t\t<\/div>\n\t\t","protected":false},"excerpt":{"rendered":"<p>Dragi vjernici, dana\u0161nja \u010detvrta upaljena svije\u0107a na na\u0161im adventskim vijencima jasni nam je pokazatelj da smo nadomak cilju najve\u0107eg i najljep\u0161eg dara \u0161to ga je Bog u svom promislu darovao \u010dovje\u010danstvu, ro\u0111enje Sina na zemlji. Danas slavimo i Badnji dan, dan koji nas uvodi misom bdijenja i polno\u0107kom u otajstvo ro\u0111enja Sina Bo\u017ejega. To je [&hellip;]<\/p>\n","protected":false},"author":1,"featured_media":8013,"comment_status":"closed","ping_status":"closed","sticky":false,"template":"","format":"standard","meta":{"ocean_post_layout":"","ocean_both_sidebars_style":"","ocean_both_sidebars_content_width":0,"ocean_both_sidebars_sidebars_width":0,"ocean_sidebar":"","ocean_second_sidebar":"","ocean_disable_margins":"enable","ocean_add_body_class":"","ocean_shortcode_before_top_bar":"","ocean_shortcode_after_top_bar":"","ocean_shortcode_before_header":"","ocean_shortcode_after_header":"","ocean_has_shortcode":"","ocean_shortcode_after_title":"","ocean_shortcode_before_footer_widgets":"","ocean_shortcode_after_footer_widgets":"","ocean_shortcode_before_footer_bottom":"","ocean_shortcode_after_footer_bottom":"","ocean_display_top_bar":"default","ocean_display_header":"default","ocean_header_style":"","ocean_center_header_left_menu":"","ocean_custom_header_template":"","ocean_custom_logo":0,"ocean_custom_retina_logo":0,"ocean_custom_logo_max_width":0,"ocean_custom_logo_tablet_max_width":0,"ocean_custom_logo_mobile_max_width":0,"ocean_custom_logo_max_height":0,"ocean_custom_logo_tablet_max_height":0,"ocean_custom_logo_mobile_max_height":0,"ocean_header_custom_menu":"","ocean_menu_typo_font_family":"","ocean_menu_typo_font_subset":"","ocean_menu_typo_font_size":0,"ocean_menu_typo_font_size_tablet":0,"ocean_menu_typo_font_size_mobile":0,"ocean_menu_typo_font_size_unit":"px","ocean_menu_typo_font_weight":"","ocean_menu_typo_font_weight_tablet":"","ocean_menu_typo_font_weight_mobile":"","ocean_menu_typo_transform":"","ocean_menu_typo_transform_tablet":"","ocean_menu_typo_transform_mobile":"","ocean_menu_typo_line_height":0,"ocean_menu_typo_line_height_tablet":0,"ocean_menu_typo_line_height_mobile":0,"ocean_menu_typo_line_height_unit":"","ocean_menu_typo_spacing":0,"ocean_menu_typo_spacing_tablet":0,"ocean_menu_typo_spacing_mobile":0,"ocean_menu_typo_spacing_unit":"","ocean_menu_link_color":"","ocean_menu_link_color_hover":"","ocean_menu_link_color_active":"","ocean_menu_link_background":"","ocean_menu_link_hover_background":"","ocean_menu_link_active_background":"","ocean_menu_social_links_bg":"","ocean_menu_social_hover_links_bg":"","ocean_menu_social_links_color":"","ocean_menu_social_hover_links_color":"","ocean_disable_title":"default","ocean_disable_heading":"default","ocean_post_title":"","ocean_post_subheading":"","ocean_post_title_style":"","ocean_post_title_background_color":"","ocean_post_title_background":0,"ocean_post_title_bg_image_position":"","ocean_post_title_bg_image_attachment":"","ocean_post_title_bg_image_repeat":"","ocean_post_title_bg_image_size":"","ocean_post_title_height":0,"ocean_post_title_bg_overlay":0.5,"ocean_post_title_bg_overlay_color":"","ocean_disable_breadcrumbs":"default","ocean_breadcrumbs_color":"","ocean_breadcrumbs_separator_color":"","ocean_breadcrumbs_links_color":"","ocean_breadcrumbs_links_hover_color":"","ocean_display_footer_widgets":"default","ocean_display_footer_bottom":"default","ocean_custom_footer_template":"","ocean_post_oembed":"","ocean_post_self_hosted_media":"","ocean_post_video_embed":"","ocean_link_format":"","ocean_link_format_target":"self","ocean_quote_format":"","ocean_quote_format_link":"post","ocean_gallery_link_images":"on","ocean_gallery_id":[],"footnotes":""},"categories":[16],"tags":[],"class_list":["post-8012","post","type-post","status-publish","format-standard","has-post-thumbnail","hentry","category-vijesti","entry","has-media"],"views":843,"_links":{"self":[{"href":"https:\/\/zupasvnikolakc.hr\/index.php?rest_route=\/wp\/v2\/posts\/8012","targetHints":{"allow":["GET"]}}],"collection":[{"href":"https:\/\/zupasvnikolakc.hr\/index.php?rest_route=\/wp\/v2\/posts"}],"about":[{"href":"https:\/\/zupasvnikolakc.hr\/index.php?rest_route=\/wp\/v2\/types\/post"}],"author":[{"embeddable":true,"href":"https:\/\/zupasvnikolakc.hr\/index.php?rest_route=\/wp\/v2\/users\/1"}],"replies":[{"embeddable":true,"href":"https:\/\/zupasvnikolakc.hr\/index.php?rest_route=%2Fwp%2Fv2%2Fcomments&post=8012"}],"version-history":[{"count":4,"href":"https:\/\/zupasvnikolakc.hr\/index.php?rest_route=\/wp\/v2\/posts\/8012\/revisions"}],"predecessor-version":[{"id":8018,"href":"https:\/\/zupasvnikolakc.hr\/index.php?rest_route=\/wp\/v2\/posts\/8012\/revisions\/8018"}],"wp:featuredmedia":[{"embeddable":true,"href":"https:\/\/zupasvnikolakc.hr\/index.php?rest_route=\/wp\/v2\/media\/8013"}],"wp:attachment":[{"href":"https:\/\/zupasvnikolakc.hr\/index.php?rest_route=%2Fwp%2Fv2%2Fmedia&parent=8012"}],"wp:term":[{"taxonomy":"category","embeddable":true,"href":"https:\/\/zupasvnikolakc.hr\/index.php?rest_route=%2Fwp%2Fv2%2Fcategories&post=8012"},{"taxonomy":"post_tag","embeddable":true,"href":"https:\/\/zupasvnikolakc.hr\/index.php?rest_route=%2Fwp%2Fv2%2Ftags&post=8012"}],"curies":[{"name":"wp","href":"https:\/\/api.w.org\/{rel}","templated":true}]}}